{"id":102412,"date":"2019-06-19T09:51:49","date_gmt":"2019-06-19T07:51:49","guid":{"rendered":"https:\/\/batijournal.com\/?p=102412"},"modified":"2019-07-15T11:14:30","modified_gmt":"2019-07-15T09:14:30","slug":"restauration-des-tapisseries-des-gobelins-de-la-cathedrale-saint-vincent-de-viviers-en-ardeche","status":"publish","type":"post","link":"https:\/\/batijournal.com\/index.php\/restauration-des-tapisseries-des-gobelins-de-la-cathedrale-saint-vincent-de-viviers-en-ardeche\/102412\/","title":{"rendered":"Restauration des tapisseries des Gobelins de la cath\u00e9drale Saint-Vincent de Viviers en Ard\u00e8che"},"content":{"rendered":"<p>Quatre tapisseries qui ornent la plus petite cath\u00e9drale de France partent en restauration pour quatre ans. Elles repr\u00e9sentent Le Bapt\u00eame du Christ, La P\u00eache miraculeuse, J\u00e9sus chassant les marchands du Temple, Le Lavement des pieds. Un march\u00e9 a \u00e9t\u00e9 pass\u00e9 par la DRAC Auvergne-Rh\u00f4ne-Alpes avec la manufacture royale De Wit \u00e0 Malines. Les tapisseries seront d\u2019abord d\u00e9contamin\u00e9es, les doublures et les syst\u00e8mes de suspension retir\u00e9s, puis un nettoyage par aspiration sera op\u00e9r\u00e9. Les op\u00e9rations de consolidation et de restauration proprement dites pourront ensuite intervenir. Une r\u00e9flexion sera ensuite conduite puisque les tapisseries ne pourront plus \u00eatre expos\u00e9es dans le ch\u0153ur de la cath\u00e9drale trop ensoleill\u00e9. Un projet d\u2019exposition dans la nef, conduisant n\u00e9cessairement \u00e0 un red\u00e9ploiement des tableaux dans l\u2019\u00e9difice, sera men\u00e9 en concertation avec l\u2019affectataire, avec l\u2019aide de la manufacture royale De Wit qui propose des modes d\u2019accrochage \u00e0 la fois respectueux des tapisseries et du monument qui les accueille.<\/p>\n<p>Co\u00fbt total de l\u2019op\u00e9ration : 234 660 \u20ac TTC<br \/>\nFinanc\u00e9e \u00e0 100% par l\u2019\u00c9tat\/minist\u00e8re de la Culture &#8211; DRAC Auvergne-Rh\u00f4ne-Alpes<\/p>\n<p>Photo : \u00a9 C.Niski, DRAC Auvergne-Rh\u00f4ne-Alpes<\/p>\n<p>&nbsp;<\/p>\n","protected":false},"excerpt":{"rendered":"<p>Quatre tapisseries qui ornent la plus petite cath\u00e9drale de France partent en restauration pour quatre ans. Elles repr\u00e9sentent Le Bapt\u00eame du Christ, La P\u00eache miraculeuse, J\u00e9sus chassant les marchands du Temple, Le Lavement des pieds. Un march\u00e9 a \u00e9t\u00e9 pass\u00e9 par la DRAC Auvergne-Rh\u00f4ne-Alpes avec la manufacture royale De Wit \u00e0 Malines. Les tapisseries seront [&hellip;]<\/p>\n","protected":false},"author":17,"featured_media":102413,"comment_status":"closed","ping_status":"closed","sticky":false,"template":"","format":"standard","meta":{"_et_pb_use_builder":"","_et_pb_old_content":"","_et_gb_content_width":"","footnotes":""},"categories":[10530,6340,10785,10787],"tags":[6758,12805],"class_list":["post-102412","post","type-post","status-publish","format-standard","has-post-thumbnail","hentry","category-actualites","category-architecture-conception","category-atrium","category-entreprises-et-chantiers","tag-cathedrale","tag-tapisseries"],"yoast_head":"<!-- This site is optimized with the Yoast SEO plugin v27.4 - https:\/\/yoast.com\/product\/yoast-seo-wordpress\/ -->\n<title>Restauration des tapisseries de la cath\u00e9drale en Ard\u00e8che<\/title>\n<meta name=\"description\" content=\"Quatre tapisseries qui ornent la plus petite cath\u00e9drale de France partent en restauration : Le Bapt\u00eame du Christ, La P\u00eache miraculeuse...\" \/>\n<meta name=\"robots\" content=\"index, follow, max-snippet:-1, max-image-preview:large, max-video-preview:-1\" \/>\n<link rel=\"canonical\" href=\"https:\/\/batijournal.com\/index.php\/restauration-des-tapisseries-des-gobelins-de-la-cathedrale-saint-vincent-de-viviers-en-ardeche\/102412\/\" \/>\n<meta property=\"og:locale\" content=\"fr_FR\" \/>\n<meta property=\"og:type\" content=\"article\" \/>\n<meta property=\"og:title\" content=\"Restauration des tapisseries de la cath\u00e9drale en Ard\u00e8che\" \/>\n<meta property=\"og:description\" content=\"Quatre tapisseries qui ornent la plus petite cath\u00e9drale de France partent en restauration : Le Bapt\u00eame du Christ, La P\u00eache miraculeuse...\" \/>\n<meta property=\"og:url\" content=\"https:\/\/batijournal.com\/index.php\/restauration-des-tapisseries-des-gobelins-de-la-cathedrale-saint-vincent-de-viviers-en-ardeche\/102412\/\" \/>\n<meta property=\"og:site_name\" content=\"Batijournal\" \/>\n<meta property=\"article:published_time\" content=\"2019-06-19T07:51:49+00:00\" \/>\n<meta property=\"article:modified_time\" content=\"2019-07-15T09:14:30+00:00\" \/>\n<meta property=\"og:image\" content=\"https:\/\/batijournal.com\/wp-content\/uploads\/2019\/06\/Cathedrale-de-Viviers-travaux-preparatoires-au-decrochage-des-tapisseries.jpg\" \/>\n\t<meta property=\"og:image:width\" content=\"603\" \/>\n\t<meta property=\"og:image:height\" content=\"342\" \/>\n\t<meta property=\"og:image:type\" content=\"image\/jpeg\" \/>\n<meta name=\"author\" content=\"St\u00e9phane Miget\" \/>\n<meta name=\"twitter:card\" content=\"summary_large_image\" \/>\n<meta name=\"twitter:creator\" content=\"@bati_journal\" \/>\n<meta name=\"twitter:site\" content=\"@bati_journal\" \/>\n<meta name=\"twitter:label1\" content=\"\u00c9crit par\" \/>\n\t<meta name=\"twitter:data1\" content=\"St\u00e9phane Miget\" \/>\n\t<meta name=\"twitter:label2\" content=\"Dur\u00e9e de lecture estim\u00e9e\" \/>\n\t<meta name=\"twitter:data2\" content=\"1 minute\" \/>\n<script type=\"application\/ld+json\" class=\"yoast-schema-graph\">{\"@context\":\"https:\\\/\\\/schema.org\",\"@graph\":[{\"@type\":\"Article\",\"@id\":\"https:\\\/\\\/batijournal.com\\\/index.php\\\/restauration-des-tapisseries-des-gobelins-de-la-cathedrale-saint-vincent-de-viviers-en-ardeche\\\/102412\\\/#article\",\"isPartOf\":{\"@id\":\"https:\\\/\\\/batijournal.com\\\/index.php\\\/restauration-des-tapisseries-des-gobelins-de-la-cathedrale-saint-vincent-de-viviers-en-ardeche\\\/102412\\\/\"},\"author\":{\"name\":\"St\u00e9phane Miget\",\"@id\":\"https:\\\/\\\/batijournal.com\\\/#\\\/schema\\\/person\\\/1dc96ec6957aa1ccb25ebe78bb19f100\"},\"headline\":\"Restauration des tapisseries des Gobelins de la cath\u00e9drale Saint-Vincent de Viviers en Ard\u00e8che\",\"datePublished\":\"2019-06-19T07:51:49+00:00\",\"dateModified\":\"2019-07-15T09:14:30+00:00\",\"mainEntityOfPage\":{\"@id\":\"https:\\\/\\\/batijournal.com\\\/index.php\\\/restauration-des-tapisseries-des-gobelins-de-la-cathedrale-saint-vincent-de-viviers-en-ardeche\\\/102412\\\/\"},\"wordCount\":216,\"image\":{\"@id\":\"https:\\\/\\\/batijournal.com\\\/index.php\\\/restauration-des-tapisseries-des-gobelins-de-la-cathedrale-saint-vincent-de-viviers-en-ardeche\\\/102412\\\/#primaryimage\"},\"thumbnailUrl\":\"https:\\\/\\\/batijournal.com\\\/wp-content\\\/uploads\\\/2019\\\/06\\\/Cathedrale-de-Viviers-travaux-preparatoires-au-decrochage-des-tapisseries.jpg\",\"keywords\":[\"cathedrale\",\"tapisseries\"],\"articleSection\":[\"Actualit\u00e9s\",\"Architecture &amp; Conception\",\"zz_Atrium Patrimoine\",\"zz_Entreprises et chantiers - AC\"],\"inLanguage\":\"fr-FR\"},{\"@type\":\"WebPage\",\"@id\":\"https:\\\/\\\/batijournal.com\\\/index.php\\\/restauration-des-tapisseries-des-gobelins-de-la-cathedrale-saint-vincent-de-viviers-en-ardeche\\\/102412\\\/\",\"url\":\"https:\\\/\\\/batijournal.com\\\/index.php\\\/restauration-des-tapisseries-des-gobelins-de-la-cathedrale-saint-vincent-de-viviers-en-ardeche\\\/102412\\\/\",\"name\":\"Restauration des tapisseries de la cath\u00e9drale en Ard\u00e8che\",\"isPartOf\":{\"@id\":\"https:\\\/\\\/batijournal.com\\\/#website\"},\"primaryImageOfPage\":{\"@id\":\"https:\\\/\\\/batijournal.com\\\/index.php\\\/restauration-des-tapisseries-des-gobelins-de-la-cathedrale-saint-vincent-de-viviers-en-ardeche\\\/102412\\\/#primaryimage\"},\"image\":{\"@id\":\"https:\\\/\\\/batijournal.com\\\/index.php\\\/restauration-des-tapisseries-des-gobelins-de-la-cathedrale-saint-vincent-de-viviers-en-ardeche\\\/102412\\\/#primaryimage\"},\"thumbnailUrl\":\"https:\\\/\\\/batijournal.com\\\/wp-content\\\/uploads\\\/2019\\\/06\\\/Cathedrale-de-Viviers-travaux-preparatoires-au-decrochage-des-tapisseries.jpg\",\"datePublished\":\"2019-06-19T07:51:49+00:00\",\"dateModified\":\"2019-07-15T09:14:30+00:00\",\"author\":{\"@id\":\"https:\\\/\\\/batijournal.com\\\/#\\\/schema\\\/person\\\/1dc96ec6957aa1ccb25ebe78bb19f100\"},\"description\":\"Quatre tapisseries qui ornent la plus petite cath\u00e9drale de France partent en restauration : Le Bapt\u00eame du Christ, La P\u00eache miraculeuse...\",\"breadcrumb\":{\"@id\":\"https:\\\/\\\/batijournal.com\\\/index.php\\\/restauration-des-tapisseries-des-gobelins-de-la-cathedrale-saint-vincent-de-viviers-en-ardeche\\\/102412\\\/#breadcrumb\"},\"inLanguage\":\"fr-FR\",\"potentialAction\":[{\"@type\":\"ReadAction\",\"target\":[\"https:\\\/\\\/batijournal.com\\\/index.php\\\/restauration-des-tapisseries-des-gobelins-de-la-cathedrale-saint-vincent-de-viviers-en-ardeche\\\/102412\\\/\"]}]},{\"@type\":\"ImageObject\",\"inLanguage\":\"fr-FR\",\"@id\":\"https:\\\/\\\/batijournal.com\\\/index.php\\\/restauration-des-tapisseries-des-gobelins-de-la-cathedrale-saint-vincent-de-viviers-en-ardeche\\\/102412\\\/#primaryimage\",\"url\":\"https:\\\/\\\/batijournal.com\\\/wp-content\\\/uploads\\\/2019\\\/06\\\/Cathedrale-de-Viviers-travaux-preparatoires-au-decrochage-des-tapisseries.jpg\",\"contentUrl\":\"https:\\\/\\\/batijournal.com\\\/wp-content\\\/uploads\\\/2019\\\/06\\\/Cathedrale-de-Viviers-travaux-preparatoires-au-decrochage-des-tapisseries.jpg\",\"width\":603,\"height\":342},{\"@type\":\"BreadcrumbList\",\"@id\":\"https:\\\/\\\/batijournal.com\\\/index.php\\\/restauration-des-tapisseries-des-gobelins-de-la-cathedrale-saint-vincent-de-viviers-en-ardeche\\\/102412\\\/#breadcrumb\",\"itemListElement\":[{\"@type\":\"ListItem\",\"position\":1,\"name\":\"Accueil\",\"item\":\"https:\\\/\\\/batijournal.com\\\/\"},{\"@type\":\"ListItem\",\"position\":2,\"name\":\"Actualit\u00e9s\",\"item\":\"https:\\\/\\\/batijournal.com\\\/index.php\\\/category\\\/actualites\\\/\"},{\"@type\":\"ListItem\",\"position\":3,\"name\":\"Restauration des tapisseries des Gobelins de la cath\u00e9drale Saint-Vincent de Viviers en Ard\u00e8che\"}]},{\"@type\":\"WebSite\",\"@id\":\"https:\\\/\\\/batijournal.com\\\/#website\",\"url\":\"https:\\\/\\\/batijournal.com\\\/\",\"name\":\"Batijournal\",\"description\":\"L&#039;actualit\u00e9 du b\u00e2timent\",\"potentialAction\":[{\"@type\":\"SearchAction\",\"target\":{\"@type\":\"EntryPoint\",\"urlTemplate\":\"https:\\\/\\\/batijournal.com\\\/?s={search_term_string}\"},\"query-input\":{\"@type\":\"PropertyValueSpecification\",\"valueRequired\":true,\"valueName\":\"search_term_string\"}}],\"inLanguage\":\"fr-FR\"},{\"@type\":\"Person\",\"@id\":\"https:\\\/\\\/batijournal.com\\\/#\\\/schema\\\/person\\\/1dc96ec6957aa1ccb25ebe78bb19f100\",\"name\":\"St\u00e9phane Miget\",\"image\":{\"@type\":\"ImageObject\",\"inLanguage\":\"fr-FR\",\"@id\":\"https:\\\/\\\/secure.gravatar.com\\\/avatar\\\/89915563d925342126b8ef0281b93d9d7fc337043e8df017f780908eb9644451?s=96&d=mm&r=g\",\"url\":\"https:\\\/\\\/secure.gravatar.com\\\/avatar\\\/89915563d925342126b8ef0281b93d9d7fc337043e8df017f780908eb9644451?s=96&d=mm&r=g\",\"contentUrl\":\"https:\\\/\\\/secure.gravatar.com\\\/avatar\\\/89915563d925342126b8ef0281b93d9d7fc337043e8df017f780908eb9644451?s=96&d=mm&r=g\",\"caption\":\"St\u00e9phane Miget\"},\"url\":\"https:\\\/\\\/batijournal.com\\\/index.php\\\/author\\\/stephane\\\/\"}]}<\/script>\n<!-- \/ Yoast SEO plugin. -->","yoast_head_json":{"title":"Restauration des tapisseries de la cath\u00e9drale en Ard\u00e8che","description":"Quatre tapisseries qui ornent la plus petite cath\u00e9drale de France partent en restauration : Le Bapt\u00eame du Christ, La P\u00eache miraculeuse...","robots":{"index":"index","follow":"follow","max-snippet":"max-snippet:-1","max-image-preview":"max-image-preview:large","max-video-preview":"max-video-preview:-1"},"canonical":"https:\/\/batijournal.com\/index.php\/restauration-des-tapisseries-des-gobelins-de-la-cathedrale-saint-vincent-de-viviers-en-ardeche\/102412\/","og_locale":"fr_FR","og_type":"article","og_title":"Restauration des tapisseries de la cath\u00e9drale en Ard\u00e8che","og_description":"Quatre tapisseries qui ornent la plus petite cath\u00e9drale de France partent en restauration : Le Bapt\u00eame du Christ, La P\u00eache miraculeuse...","og_url":"https:\/\/batijournal.com\/index.php\/restauration-des-tapisseries-des-gobelins-de-la-cathedrale-saint-vincent-de-viviers-en-ardeche\/102412\/","og_site_name":"Batijournal","article_published_time":"2019-06-19T07:51:49+00:00","article_modified_time":"2019-07-15T09:14:30+00:00","og_image":[{"width":603,"height":342,"url":"https:\/\/batijournal.com\/wp-content\/uploads\/2019\/06\/Cathedrale-de-Viviers-travaux-preparatoires-au-decrochage-des-tapisseries.jpg","type":"image\/jpeg"}],"author":"St\u00e9phane Miget","twitter_card":"summary_large_image","twitter_creator":"@bati_journal","twitter_site":"@bati_journal","twitter_misc":{"\u00c9crit par":"St\u00e9phane Miget","Dur\u00e9e de lecture estim\u00e9e":"1 minute"},"schema":{"@context":"https:\/\/schema.org","@graph":[{"@type":"Article","@id":"https:\/\/batijournal.com\/index.php\/restauration-des-tapisseries-des-gobelins-de-la-cathedrale-saint-vincent-de-viviers-en-ardeche\/102412\/#article","isPartOf":{"@id":"https:\/\/batijournal.com\/index.php\/restauration-des-tapisseries-des-gobelins-de-la-cathedrale-saint-vincent-de-viviers-en-ardeche\/102412\/"},"author":{"name":"St\u00e9phane Miget","@id":"https:\/\/batijournal.com\/#\/schema\/person\/1dc96ec6957aa1ccb25ebe78bb19f100"},"headline":"Restauration des tapisseries des Gobelins de la cath\u00e9drale Saint-Vincent de Viviers en Ard\u00e8che","datePublished":"2019-06-19T07:51:49+00:00","dateModified":"2019-07-15T09:14:30+00:00","mainEntityOfPage":{"@id":"https:\/\/batijournal.com\/index.php\/restauration-des-tapisseries-des-gobelins-de-la-cathedrale-saint-vincent-de-viviers-en-ardeche\/102412\/"},"wordCount":216,"image":{"@id":"https:\/\/batijournal.com\/index.php\/restauration-des-tapisseries-des-gobelins-de-la-cathedrale-saint-vincent-de-viviers-en-ardeche\/102412\/#primaryimage"},"thumbnailUrl":"https:\/\/batijournal.com\/wp-content\/uploads\/2019\/06\/Cathedrale-de-Viviers-travaux-preparatoires-au-decrochage-des-tapisseries.jpg","keywords":["cathedrale","tapisseries"],"articleSection":["Actualit\u00e9s","Architecture &amp; Conception","zz_Atrium Patrimoine","zz_Entreprises et chantiers - AC"],"inLanguage":"fr-FR"},{"@type":"WebPage","@id":"https:\/\/batijournal.com\/index.php\/restauration-des-tapisseries-des-gobelins-de-la-cathedrale-saint-vincent-de-viviers-en-ardeche\/102412\/","url":"https:\/\/batijournal.com\/index.php\/restauration-des-tapisseries-des-gobelins-de-la-cathedrale-saint-vincent-de-viviers-en-ardeche\/102412\/","name":"Restauration des tapisseries de la cath\u00e9drale en Ard\u00e8che","isPartOf":{"@id":"https:\/\/batijournal.com\/#website"},"primaryImageOfPage":{"@id":"https:\/\/batijournal.com\/index.php\/restauration-des-tapisseries-des-gobelins-de-la-cathedrale-saint-vincent-de-viviers-en-ardeche\/102412\/#primaryimage"},"image":{"@id":"https:\/\/batijournal.com\/index.php\/restauration-des-tapisseries-des-gobelins-de-la-cathedrale-saint-vincent-de-viviers-en-ardeche\/102412\/#primaryimage"},"thumbnailUrl":"https:\/\/batijournal.com\/wp-content\/uploads\/2019\/06\/Cathedrale-de-Viviers-travaux-preparatoires-au-decrochage-des-tapisseries.jpg","datePublished":"2019-06-19T07:51:49+00:00","dateModified":"2019-07-15T09:14:30+00:00","author":{"@id":"https:\/\/batijournal.com\/#\/schema\/person\/1dc96ec6957aa1ccb25ebe78bb19f100"},"description":"Quatre tapisseries qui ornent la plus petite cath\u00e9drale de France partent en restauration : Le Bapt\u00eame du Christ, La P\u00eache miraculeuse...","breadcrumb":{"@id":"https:\/\/batijournal.com\/index.php\/restauration-des-tapisseries-des-gobelins-de-la-cathedrale-saint-vincent-de-viviers-en-ardeche\/102412\/#breadcrumb"},"inLanguage":"fr-FR","potentialAction":[{"@type":"ReadAction","target":["https:\/\/batijournal.com\/index.php\/restauration-des-tapisseries-des-gobelins-de-la-cathedrale-saint-vincent-de-viviers-en-ardeche\/102412\/"]}]},{"@type":"ImageObject","inLanguage":"fr-FR","@id":"https:\/\/batijournal.com\/index.php\/restauration-des-tapisseries-des-gobelins-de-la-cathedrale-saint-vincent-de-viviers-en-ardeche\/102412\/#primaryimage","url":"https:\/\/batijournal.com\/wp-content\/uploads\/2019\/06\/Cathedrale-de-Viviers-travaux-preparatoires-au-decrochage-des-tapisseries.jpg","contentUrl":"https:\/\/batijournal.com\/wp-content\/uploads\/2019\/06\/Cathedrale-de-Viviers-travaux-preparatoires-au-decrochage-des-tapisseries.jpg","width":603,"height":342},{"@type":"BreadcrumbList","@id":"https:\/\/batijournal.com\/index.php\/restauration-des-tapisseries-des-gobelins-de-la-cathedrale-saint-vincent-de-viviers-en-ardeche\/102412\/#breadcrumb","itemListElement":[{"@type":"ListItem","position":1,"name":"Accueil","item":"https:\/\/batijournal.com\/"},{"@type":"ListItem","position":2,"name":"Actualit\u00e9s","item":"https:\/\/batijournal.com\/index.php\/category\/actualites\/"},{"@type":"ListItem","position":3,"name":"Restauration des tapisseries des Gobelins de la cath\u00e9drale Saint-Vincent de Viviers en Ard\u00e8che"}]},{"@type":"WebSite","@id":"https:\/\/batijournal.com\/#website","url":"https:\/\/batijournal.com\/","name":"Batijournal","description":"L&#039;actualit\u00e9 du b\u00e2timent","potentialAction":[{"@type":"SearchAction","target":{"@type":"EntryPoint","urlTemplate":"https:\/\/batijournal.com\/?s={search_term_string}"},"query-input":{"@type":"PropertyValueSpecification","valueRequired":true,"valueName":"search_term_string"}}],"inLanguage":"fr-FR"},{"@type":"Person","@id":"https:\/\/batijournal.com\/#\/schema\/person\/1dc96ec6957aa1ccb25ebe78bb19f100","name":"St\u00e9phane Miget","image":{"@type":"ImageObject","inLanguage":"fr-FR","@id":"https:\/\/secure.gravatar.com\/avatar\/89915563d925342126b8ef0281b93d9d7fc337043e8df017f780908eb9644451?s=96&d=mm&r=g","url":"https:\/\/secure.gravatar.com\/avatar\/89915563d925342126b8ef0281b93d9d7fc337043e8df017f780908eb9644451?s=96&d=mm&r=g","contentUrl":"https:\/\/secure.gravatar.com\/avatar\/89915563d925342126b8ef0281b93d9d7fc337043e8df017f780908eb9644451?s=96&d=mm&r=g","caption":"St\u00e9phane Miget"},"url":"https:\/\/batijournal.com\/index.php\/author\/stephane\/"}]}},"_links":{"self":[{"href":"https:\/\/batijournal.com\/index.php\/wp-json\/wp\/v2\/posts\/102412","targetHints":{"allow":["GET"]}}],"collection":[{"href":"https:\/\/batijournal.com\/index.php\/wp-json\/wp\/v2\/posts"}],"about":[{"href":"https:\/\/batijournal.com\/index.php\/wp-json\/wp\/v2\/types\/post"}],"author":[{"embeddable":true,"href":"https:\/\/batijournal.com\/index.php\/wp-json\/wp\/v2\/users\/17"}],"replies":[{"embeddable":true,"href":"https:\/\/batijournal.com\/index.php\/wp-json\/wp\/v2\/comments?post=102412"}],"version-history":[{"count":0,"href":"https:\/\/batijournal.com\/index.php\/wp-json\/wp\/v2\/posts\/102412\/revisions"}],"wp:featuredmedia":[{"embeddable":true,"href":"https:\/\/batijournal.com\/index.php\/wp-json\/wp\/v2\/media\/102413"}],"wp:attachment":[{"href":"https:\/\/batijournal.com\/index.php\/wp-json\/wp\/v2\/media?parent=102412"}],"wp:term":[{"taxonomy":"category","embeddable":true,"href":"https:\/\/batijournal.com\/index.php\/wp-json\/wp\/v2\/categories?post=102412"},{"taxonomy":"post_tag","embeddable":true,"href":"https:\/\/batijournal.com\/index.php\/wp-json\/wp\/v2\/tags?post=102412"}],"curies":[{"name":"wp","href":"https:\/\/api.w.org\/{rel}","templated":true}]}}