{"id":102423,"date":"2019-06-19T10:33:59","date_gmt":"2019-06-19T08:33:59","guid":{"rendered":"https:\/\/batijournal.com\/?p=102423"},"modified":"2019-07-15T11:14:30","modified_gmt":"2019-07-15T09:14:30","slug":"restauration-des-menuiseries-exterieures-du-palais-du-rhin","status":"publish","type":"post","link":"https:\/\/batijournal.com\/index.php\/restauration-des-menuiseries-exterieures-du-palais-du-rhin\/102423\/","title":{"rendered":"Restauration des menuiseries ext\u00e9rieures du Palais du Rhin"},"content":{"rendered":"<p>En 2017, l&rsquo;architecte en chef des monuments historiques M. Dufour, a \u00e9tabli une \u00e9tude diagnostic sur l&rsquo;\u00e9tat sanitaire des menuiseries du Palais du Rhin \u00e0 Strasbourg. Bon nombre d&rsquo;entre elles \u00e9taient dans un \u00e9tat m\u00e9diocre surtout sur la fa\u00e7ade Sud. La DRAC Grand Est a engag\u00e9 des travaux de restauration dont l\u2019objectif n\u2019est pas de retrouver des menuiseries neuves ou totalement \u00e9tanches thermiquement mais, dans un r\u00f4le d\u2019exemplarit\u00e9, de restaurer la substance ancienne authentique, de perp\u00e9tuer les savoirs faire anciens et de les am\u00e9liorer au maximum du confort qu\u2019elles peuvent apporter aux occupants. Une recherche stratigraphique a permis de montrer qu\u2019elles \u00e9taient brunes \u00e0 l\u2019origine. Les verres anciens \u00ab flout\u00e9s \u00bb seront remis au profit des verres industriels.<\/p>\n<p>Montant total de l&rsquo;op\u00e9ration<br \/>\n462 653 euros TTC. Financ\u00e9e par l\u2019\u00c9tat &#8211; DRAC Grand Est<\/p>\n","protected":false},"excerpt":{"rendered":"<p>En 2017, l&rsquo;architecte en chef des monuments historiques M. Dufour, a \u00e9tabli une \u00e9tude diagnostic sur l&rsquo;\u00e9tat sanitaire des menuiseries du Palais du Rhin \u00e0 Strasbourg. Bon nombre d&rsquo;entre elles \u00e9taient dans un \u00e9tat m\u00e9diocre surtout sur la fa\u00e7ade Sud. La DRAC Grand Est a engag\u00e9 des travaux de restauration dont l\u2019objectif n\u2019est pas de [&hellip;]<\/p>\n","protected":false},"author":17,"featured_media":102424,"comment_status":"closed","ping_status":"closed","sticky":false,"template":"","format":"standard","meta":{"_et_pb_use_builder":"","_et_pb_old_content":"","_et_gb_content_width":"","footnotes":""},"categories":[10530,6340,10785,10787],"tags":[6376],"class_list":["post-102423","post","type-post","status-publish","format-standard","has-post-thumbnail","hentry","category-actualites","category-architecture-conception","category-atrium","category-entreprises-et-chantiers","tag-monument-historique"],"yoast_head":"<!-- This site is optimized with the Yoast SEO plugin v27.4 - https:\/\/yoast.com\/product\/yoast-seo-wordpress\/ -->\n<title>Restauration des menuiseries ext\u00e9rieures du Palais du Rhin<\/title>\n<meta name=\"description\" content=\"En 2017, l&#039;architecte en chef des monuments historiques M. Dufour, a \u00e9tabli une \u00e9tude diagnostic sur l&#039;\u00e9tat des menuiseries du Palais du Rhin \u00e0 Strasbourg\" \/>\n<meta name=\"robots\" content=\"index, follow, max-snippet:-1, max-image-preview:large, max-video-preview:-1\" \/>\n<link rel=\"canonical\" href=\"https:\/\/batijournal.com\/index.php\/restauration-des-menuiseries-exterieures-du-palais-du-rhin\/102423\/\" \/>\n<meta property=\"og:locale\" content=\"fr_FR\" \/>\n<meta property=\"og:type\" content=\"article\" \/>\n<meta property=\"og:title\" content=\"Restauration des menuiseries ext\u00e9rieures du Palais du Rhin\" \/>\n<meta property=\"og:description\" content=\"En 2017, l&#039;architecte en chef des monuments historiques M. Dufour, a \u00e9tabli une \u00e9tude diagnostic sur l&#039;\u00e9tat des menuiseries du Palais du Rhin \u00e0 Strasbourg\" \/>\n<meta property=\"og:url\" content=\"https:\/\/batijournal.com\/index.php\/restauration-des-menuiseries-exterieures-du-palais-du-rhin\/102423\/\" \/>\n<meta property=\"og:site_name\" content=\"Batijournal\" \/>\n<meta property=\"article:published_time\" content=\"2019-06-19T08:33:59+00:00\" \/>\n<meta property=\"article:modified_time\" content=\"2019-07-15T09:14:30+00:00\" \/>\n<meta property=\"og:image\" content=\"https:\/\/batijournal.com\/wp-content\/uploads\/2019\/06\/Palais-du-Rhin.jpg\" \/>\n\t<meta property=\"og:image:width\" content=\"999\" \/>\n\t<meta property=\"og:image:height\" content=\"560\" \/>\n\t<meta property=\"og:image:type\" content=\"image\/jpeg\" \/>\n<meta name=\"author\" content=\"St\u00e9phane Miget\" \/>\n<meta name=\"twitter:card\" content=\"summary_large_image\" \/>\n<meta name=\"twitter:creator\" content=\"@bati_journal\" \/>\n<meta name=\"twitter:site\" content=\"@bati_journal\" \/>\n<meta name=\"twitter:label1\" content=\"\u00c9crit par\" \/>\n\t<meta name=\"twitter:data1\" content=\"St\u00e9phane Miget\" \/>\n\t<meta name=\"twitter:label2\" content=\"Dur\u00e9e de lecture estim\u00e9e\" \/>\n\t<meta name=\"twitter:data2\" content=\"1 minute\" \/>\n<script type=\"application\/ld+json\" class=\"yoast-schema-graph\">{\"@context\":\"https:\\\/\\\/schema.org\",\"@graph\":[{\"@type\":\"Article\",\"@id\":\"https:\\\/\\\/batijournal.com\\\/index.php\\\/restauration-des-menuiseries-exterieures-du-palais-du-rhin\\\/102423\\\/#article\",\"isPartOf\":{\"@id\":\"https:\\\/\\\/batijournal.com\\\/index.php\\\/restauration-des-menuiseries-exterieures-du-palais-du-rhin\\\/102423\\\/\"},\"author\":{\"name\":\"St\u00e9phane Miget\",\"@id\":\"https:\\\/\\\/batijournal.com\\\/#\\\/schema\\\/person\\\/1dc96ec6957aa1ccb25ebe78bb19f100\"},\"headline\":\"Restauration des menuiseries ext\u00e9rieures du Palais du Rhin\",\"datePublished\":\"2019-06-19T08:33:59+00:00\",\"dateModified\":\"2019-07-15T09:14:30+00:00\",\"mainEntityOfPage\":{\"@id\":\"https:\\\/\\\/batijournal.com\\\/index.php\\\/restauration-des-menuiseries-exterieures-du-palais-du-rhin\\\/102423\\\/\"},\"wordCount\":154,\"image\":{\"@id\":\"https:\\\/\\\/batijournal.com\\\/index.php\\\/restauration-des-menuiseries-exterieures-du-palais-du-rhin\\\/102423\\\/#primaryimage\"},\"thumbnailUrl\":\"https:\\\/\\\/batijournal.com\\\/wp-content\\\/uploads\\\/2019\\\/06\\\/Palais-du-Rhin.jpg\",\"keywords\":[\"monument historique\"],\"articleSection\":[\"Actualit\u00e9s\",\"Architecture &amp; Conception\",\"zz_Atrium Patrimoine\",\"zz_Entreprises et chantiers - AC\"],\"inLanguage\":\"fr-FR\"},{\"@type\":\"WebPage\",\"@id\":\"https:\\\/\\\/batijournal.com\\\/index.php\\\/restauration-des-menuiseries-exterieures-du-palais-du-rhin\\\/102423\\\/\",\"url\":\"https:\\\/\\\/batijournal.com\\\/index.php\\\/restauration-des-menuiseries-exterieures-du-palais-du-rhin\\\/102423\\\/\",\"name\":\"Restauration des menuiseries ext\u00e9rieures du Palais du Rhin\",\"isPartOf\":{\"@id\":\"https:\\\/\\\/batijournal.com\\\/#website\"},\"primaryImageOfPage\":{\"@id\":\"https:\\\/\\\/batijournal.com\\\/index.php\\\/restauration-des-menuiseries-exterieures-du-palais-du-rhin\\\/102423\\\/#primaryimage\"},\"image\":{\"@id\":\"https:\\\/\\\/batijournal.com\\\/index.php\\\/restauration-des-menuiseries-exterieures-du-palais-du-rhin\\\/102423\\\/#primaryimage\"},\"thumbnailUrl\":\"https:\\\/\\\/batijournal.com\\\/wp-content\\\/uploads\\\/2019\\\/06\\\/Palais-du-Rhin.jpg\",\"datePublished\":\"2019-06-19T08:33:59+00:00\",\"dateModified\":\"2019-07-15T09:14:30+00:00\",\"author\":{\"@id\":\"https:\\\/\\\/batijournal.com\\\/#\\\/schema\\\/person\\\/1dc96ec6957aa1ccb25ebe78bb19f100\"},\"description\":\"En 2017, l'architecte en chef des monuments historiques M. Dufour, a \u00e9tabli une \u00e9tude diagnostic sur l'\u00e9tat des menuiseries du Palais du Rhin \u00e0 Strasbourg\",\"breadcrumb\":{\"@id\":\"https:\\\/\\\/batijournal.com\\\/index.php\\\/restauration-des-menuiseries-exterieures-du-palais-du-rhin\\\/102423\\\/#breadcrumb\"},\"inLanguage\":\"fr-FR\",\"potentialAction\":[{\"@type\":\"ReadAction\",\"target\":[\"https:\\\/\\\/batijournal.com\\\/index.php\\\/restauration-des-menuiseries-exterieures-du-palais-du-rhin\\\/102423\\\/\"]}]},{\"@type\":\"ImageObject\",\"inLanguage\":\"fr-FR\",\"@id\":\"https:\\\/\\\/batijournal.com\\\/index.php\\\/restauration-des-menuiseries-exterieures-du-palais-du-rhin\\\/102423\\\/#primaryimage\",\"url\":\"https:\\\/\\\/batijournal.com\\\/wp-content\\\/uploads\\\/2019\\\/06\\\/Palais-du-Rhin.jpg\",\"contentUrl\":\"https:\\\/\\\/batijournal.com\\\/wp-content\\\/uploads\\\/2019\\\/06\\\/Palais-du-Rhin.jpg\",\"width\":999,\"height\":560},{\"@type\":\"BreadcrumbList\",\"@id\":\"https:\\\/\\\/batijournal.com\\\/index.php\\\/restauration-des-menuiseries-exterieures-du-palais-du-rhin\\\/102423\\\/#breadcrumb\",\"itemListElement\":[{\"@type\":\"ListItem\",\"position\":1,\"name\":\"Accueil\",\"item\":\"https:\\\/\\\/batijournal.com\\\/\"},{\"@type\":\"ListItem\",\"position\":2,\"name\":\"Actualit\u00e9s\",\"item\":\"https:\\\/\\\/batijournal.com\\\/index.php\\\/category\\\/actualites\\\/\"},{\"@type\":\"ListItem\",\"position\":3,\"name\":\"Restauration des menuiseries ext\u00e9rieures du Palais du Rhin\"}]},{\"@type\":\"WebSite\",\"@id\":\"https:\\\/\\\/batijournal.com\\\/#website\",\"url\":\"https:\\\/\\\/batijournal.com\\\/\",\"name\":\"Batijournal\",\"description\":\"L&#039;actualit\u00e9 du b\u00e2timent\",\"potentialAction\":[{\"@type\":\"SearchAction\",\"target\":{\"@type\":\"EntryPoint\",\"urlTemplate\":\"https:\\\/\\\/batijournal.com\\\/?s={search_term_string}\"},\"query-input\":{\"@type\":\"PropertyValueSpecification\",\"valueRequired\":true,\"valueName\":\"search_term_string\"}}],\"inLanguage\":\"fr-FR\"},{\"@type\":\"Person\",\"@id\":\"https:\\\/\\\/batijournal.com\\\/#\\\/schema\\\/person\\\/1dc96ec6957aa1ccb25ebe78bb19f100\",\"name\":\"St\u00e9phane Miget\",\"image\":{\"@type\":\"ImageObject\",\"inLanguage\":\"fr-FR\",\"@id\":\"https:\\\/\\\/secure.gravatar.com\\\/avatar\\\/89915563d925342126b8ef0281b93d9d7fc337043e8df017f780908eb9644451?s=96&d=mm&r=g\",\"url\":\"https:\\\/\\\/secure.gravatar.com\\\/avatar\\\/89915563d925342126b8ef0281b93d9d7fc337043e8df017f780908eb9644451?s=96&d=mm&r=g\",\"contentUrl\":\"https:\\\/\\\/secure.gravatar.com\\\/avatar\\\/89915563d925342126b8ef0281b93d9d7fc337043e8df017f780908eb9644451?s=96&d=mm&r=g\",\"caption\":\"St\u00e9phane Miget\"},\"url\":\"https:\\\/\\\/batijournal.com\\\/index.php\\\/author\\\/stephane\\\/\"}]}<\/script>\n<!-- \/ Yoast SEO plugin. -->","yoast_head_json":{"title":"Restauration des menuiseries ext\u00e9rieures du Palais du Rhin","description":"En 2017, l'architecte en chef des monuments historiques M. Dufour, a \u00e9tabli une \u00e9tude diagnostic sur l'\u00e9tat des menuiseries du Palais du Rhin \u00e0 Strasbourg","robots":{"index":"index","follow":"follow","max-snippet":"max-snippet:-1","max-image-preview":"max-image-preview:large","max-video-preview":"max-video-preview:-1"},"canonical":"https:\/\/batijournal.com\/index.php\/restauration-des-menuiseries-exterieures-du-palais-du-rhin\/102423\/","og_locale":"fr_FR","og_type":"article","og_title":"Restauration des menuiseries ext\u00e9rieures du Palais du Rhin","og_description":"En 2017, l'architecte en chef des monuments historiques M. Dufour, a \u00e9tabli une \u00e9tude diagnostic sur l'\u00e9tat des menuiseries du Palais du Rhin \u00e0 Strasbourg","og_url":"https:\/\/batijournal.com\/index.php\/restauration-des-menuiseries-exterieures-du-palais-du-rhin\/102423\/","og_site_name":"Batijournal","article_published_time":"2019-06-19T08:33:59+00:00","article_modified_time":"2019-07-15T09:14:30+00:00","og_image":[{"width":999,"height":560,"url":"https:\/\/batijournal.com\/wp-content\/uploads\/2019\/06\/Palais-du-Rhin.jpg","type":"image\/jpeg"}],"author":"St\u00e9phane Miget","twitter_card":"summary_large_image","twitter_creator":"@bati_journal","twitter_site":"@bati_journal","twitter_misc":{"\u00c9crit par":"St\u00e9phane Miget","Dur\u00e9e de lecture estim\u00e9e":"1 minute"},"schema":{"@context":"https:\/\/schema.org","@graph":[{"@type":"Article","@id":"https:\/\/batijournal.com\/index.php\/restauration-des-menuiseries-exterieures-du-palais-du-rhin\/102423\/#article","isPartOf":{"@id":"https:\/\/batijournal.com\/index.php\/restauration-des-menuiseries-exterieures-du-palais-du-rhin\/102423\/"},"author":{"name":"St\u00e9phane Miget","@id":"https:\/\/batijournal.com\/#\/schema\/person\/1dc96ec6957aa1ccb25ebe78bb19f100"},"headline":"Restauration des menuiseries ext\u00e9rieures du Palais du Rhin","datePublished":"2019-06-19T08:33:59+00:00","dateModified":"2019-07-15T09:14:30+00:00","mainEntityOfPage":{"@id":"https:\/\/batijournal.com\/index.php\/restauration-des-menuiseries-exterieures-du-palais-du-rhin\/102423\/"},"wordCount":154,"image":{"@id":"https:\/\/batijournal.com\/index.php\/restauration-des-menuiseries-exterieures-du-palais-du-rhin\/102423\/#primaryimage"},"thumbnailUrl":"https:\/\/batijournal.com\/wp-content\/uploads\/2019\/06\/Palais-du-Rhin.jpg","keywords":["monument historique"],"articleSection":["Actualit\u00e9s","Architecture &amp; Conception","zz_Atrium Patrimoine","zz_Entreprises et chantiers - AC"],"inLanguage":"fr-FR"},{"@type":"WebPage","@id":"https:\/\/batijournal.com\/index.php\/restauration-des-menuiseries-exterieures-du-palais-du-rhin\/102423\/","url":"https:\/\/batijournal.com\/index.php\/restauration-des-menuiseries-exterieures-du-palais-du-rhin\/102423\/","name":"Restauration des menuiseries ext\u00e9rieures du Palais du Rhin","isPartOf":{"@id":"https:\/\/batijournal.com\/#website"},"primaryImageOfPage":{"@id":"https:\/\/batijournal.com\/index.php\/restauration-des-menuiseries-exterieures-du-palais-du-rhin\/102423\/#primaryimage"},"image":{"@id":"https:\/\/batijournal.com\/index.php\/restauration-des-menuiseries-exterieures-du-palais-du-rhin\/102423\/#primaryimage"},"thumbnailUrl":"https:\/\/batijournal.com\/wp-content\/uploads\/2019\/06\/Palais-du-Rhin.jpg","datePublished":"2019-06-19T08:33:59+00:00","dateModified":"2019-07-15T09:14:30+00:00","author":{"@id":"https:\/\/batijournal.com\/#\/schema\/person\/1dc96ec6957aa1ccb25ebe78bb19f100"},"description":"En 2017, l'architecte en chef des monuments historiques M. Dufour, a \u00e9tabli une \u00e9tude diagnostic sur l'\u00e9tat des menuiseries du Palais du Rhin \u00e0 Strasbourg","breadcrumb":{"@id":"https:\/\/batijournal.com\/index.php\/restauration-des-menuiseries-exterieures-du-palais-du-rhin\/102423\/#breadcrumb"},"inLanguage":"fr-FR","potentialAction":[{"@type":"ReadAction","target":["https:\/\/batijournal.com\/index.php\/restauration-des-menuiseries-exterieures-du-palais-du-rhin\/102423\/"]}]},{"@type":"ImageObject","inLanguage":"fr-FR","@id":"https:\/\/batijournal.com\/index.php\/restauration-des-menuiseries-exterieures-du-palais-du-rhin\/102423\/#primaryimage","url":"https:\/\/batijournal.com\/wp-content\/uploads\/2019\/06\/Palais-du-Rhin.jpg","contentUrl":"https:\/\/batijournal.com\/wp-content\/uploads\/2019\/06\/Palais-du-Rhin.jpg","width":999,"height":560},{"@type":"BreadcrumbList","@id":"https:\/\/batijournal.com\/index.php\/restauration-des-menuiseries-exterieures-du-palais-du-rhin\/102423\/#breadcrumb","itemListElement":[{"@type":"ListItem","position":1,"name":"Accueil","item":"https:\/\/batijournal.com\/"},{"@type":"ListItem","position":2,"name":"Actualit\u00e9s","item":"https:\/\/batijournal.com\/index.php\/category\/actualites\/"},{"@type":"ListItem","position":3,"name":"Restauration des menuiseries ext\u00e9rieures du Palais du Rhin"}]},{"@type":"WebSite","@id":"https:\/\/batijournal.com\/#website","url":"https:\/\/batijournal.com\/","name":"Batijournal","description":"L&#039;actualit\u00e9 du b\u00e2timent","potentialAction":[{"@type":"SearchAction","target":{"@type":"EntryPoint","urlTemplate":"https:\/\/batijournal.com\/?s={search_term_string}"},"query-input":{"@type":"PropertyValueSpecification","valueRequired":true,"valueName":"search_term_string"}}],"inLanguage":"fr-FR"},{"@type":"Person","@id":"https:\/\/batijournal.com\/#\/schema\/person\/1dc96ec6957aa1ccb25ebe78bb19f100","name":"St\u00e9phane Miget","image":{"@type":"ImageObject","inLanguage":"fr-FR","@id":"https:\/\/secure.gravatar.com\/avatar\/89915563d925342126b8ef0281b93d9d7fc337043e8df017f780908eb9644451?s=96&d=mm&r=g","url":"https:\/\/secure.gravatar.com\/avatar\/89915563d925342126b8ef0281b93d9d7fc337043e8df017f780908eb9644451?s=96&d=mm&r=g","contentUrl":"https:\/\/secure.gravatar.com\/avatar\/89915563d925342126b8ef0281b93d9d7fc337043e8df017f780908eb9644451?s=96&d=mm&r=g","caption":"St\u00e9phane Miget"},"url":"https:\/\/batijournal.com\/index.php\/author\/stephane\/"}]}},"_links":{"self":[{"href":"https:\/\/batijournal.com\/index.php\/wp-json\/wp\/v2\/posts\/102423","targetHints":{"allow":["GET"]}}],"collection":[{"href":"https:\/\/batijournal.com\/index.php\/wp-json\/wp\/v2\/posts"}],"about":[{"href":"https:\/\/batijournal.com\/index.php\/wp-json\/wp\/v2\/types\/post"}],"author":[{"embeddable":true,"href":"https:\/\/batijournal.com\/index.php\/wp-json\/wp\/v2\/users\/17"}],"replies":[{"embeddable":true,"href":"https:\/\/batijournal.com\/index.php\/wp-json\/wp\/v2\/comments?post=102423"}],"version-history":[{"count":0,"href":"https:\/\/batijournal.com\/index.php\/wp-json\/wp\/v2\/posts\/102423\/revisions"}],"wp:featuredmedia":[{"embeddable":true,"href":"https:\/\/batijournal.com\/index.php\/wp-json\/wp\/v2\/media\/102424"}],"wp:attachment":[{"href":"https:\/\/batijournal.com\/index.php\/wp-json\/wp\/v2\/media?parent=102423"}],"wp:term":[{"taxonomy":"category","embeddable":true,"href":"https:\/\/batijournal.com\/index.php\/wp-json\/wp\/v2\/categories?post=102423"},{"taxonomy":"post_tag","embeddable":true,"href":"https:\/\/batijournal.com\/index.php\/wp-json\/wp\/v2\/tags?post=102423"}],"curies":[{"name":"wp","href":"https:\/\/api.w.org\/{rel}","templated":true}]}}