{"id":102443,"date":"2019-06-20T17:09:49","date_gmt":"2019-06-20T15:09:49","guid":{"rendered":"https:\/\/batijournal.com\/?p=102443"},"modified":"2019-07-15T11:14:30","modified_gmt":"2019-07-15T09:14:30","slug":"chartres-en-lumieres-16eme-edition-dart-et-de-culture","status":"publish","type":"post","link":"https:\/\/batijournal.com\/index.php\/chartres-en-lumieres-16eme-edition-dart-et-de-culture\/102443\/","title":{"rendered":"Chartres en lumi\u00e8res : 16\u00e8me \u00e9dition de la manifestation d\u2019art et de culture"},"content":{"rendered":"<p><b>La 16\u00e8me \u00e9dition de \u00ab\u00a0Chartres en lumi\u00e8res\u00a0\u00bb se d\u00e9roule du 27 avril au 12 octobre 2019. Cet \u00e9v\u00e9nement gratuit met en valeur le patrimoine de la ville de Chartres.<\/b><\/p>\n<p class=\"admania_entrytitle\"><img loading=\"lazy\" decoding=\"async\" class=\"aligncenter wp-image-102444\" src=\"https:\/\/batijournal.com\/wp-content\/uploads\/2019\/06\/Musee-des-Beaux-Arts-ville-de-Chartres-sce\u0301nographie-Camille-Gros-Olivier-Magermans.jpg\" alt=\"\" width=\"624\" height=\"320\" srcset=\"https:\/\/batijournal.com\/wp-content\/uploads\/2019\/06\/Musee-des-Beaux-Arts-ville-de-Chartres-sce\u0301nographie-Camille-Gros-Olivier-Magermans.jpg 1200w, https:\/\/batijournal.com\/wp-content\/uploads\/2019\/06\/Musee-des-Beaux-Arts-ville-de-Chartres-sce\u0301nographie-Camille-Gros-Olivier-Magermans-150x77.jpg 150w, https:\/\/batijournal.com\/wp-content\/uploads\/2019\/06\/Musee-des-Beaux-Arts-ville-de-Chartres-sce\u0301nographie-Camille-Gros-Olivier-Magermans-300x154.jpg 300w, https:\/\/batijournal.com\/wp-content\/uploads\/2019\/06\/Musee-des-Beaux-Arts-ville-de-Chartres-sce\u0301nographie-Camille-Gros-Olivier-Magermans-768x394.jpg 768w, https:\/\/batijournal.com\/wp-content\/uploads\/2019\/06\/Musee-des-Beaux-Arts-ville-de-Chartres-sce\u0301nographie-Camille-Gros-Olivier-Magermans-1024x525.jpg 1024w, https:\/\/batijournal.com\/wp-content\/uploads\/2019\/06\/Musee-des-Beaux-Arts-ville-de-Chartres-sce\u0301nographie-Camille-Gros-Olivier-Magermans-600x308.jpg 600w\" sizes=\"(max-width: 624px) 100vw, 624px\" \/><\/p>\n<p>\u00c0 la tomb\u00e9e de la nuit, 24 sites dans la ville de Chartres sont illumin\u00e9s 7j\/7 jusqu&rsquo;au 12 octobre. Il s&rsquo;agit d&rsquo;un spectacle de sons et lumi\u00e8res imagin\u00e9 par plusieurs sc\u00e9nographes. Le Groupe Lorillard, un des leaders fran\u00e7ais de la menuiserie industrielle et m\u00e9c\u00e8ne de cet \u00e9v\u00e9nement, veut prot\u00e9ger et valoriser le patrimoine de la ville.<\/p>\n<p>Le 21 septembre 2019 est le point culminant de Chartres en lumi\u00e8res puisqu&rsquo;il s&rsquo;agit de la f\u00eate de la lumi\u00e8re. \u00c0 l&rsquo;occasion de cette f\u00eate, de nombreuses animations sont organis\u00e9es en plus des illuminations habituelles.<\/p>\n<p>Site de l\u2019\u00e9v\u00e9nement : <a href=\"https:\/\/www.chartresenlumieres.com\/fr\/\" target=\"_blank\" rel=\"noopener noreferrer\">Chartres en lumi\u00e8res<\/a><\/p>\n","protected":false},"excerpt":{"rendered":"<p>La 16\u00e8me \u00e9dition de \u00ab\u00a0Chartres en lumi\u00e8res\u00a0\u00bb se d\u00e9roule du 27 avril au 12 octobre 2019. Cet \u00e9v\u00e9nement gratuit met en valeur le patrimoine de la ville de Chartres. \u00c0 la tomb\u00e9e de la nuit, 24 sites dans la ville de Chartres sont illumin\u00e9s 7j\/7 jusqu&rsquo;au 12 octobre. Il s&rsquo;agit d&rsquo;un spectacle de sons et [&hellip;]<\/p>\n","protected":false},"author":1,"featured_media":102445,"comment_status":"closed","ping_status":"closed","sticky":false,"template":"","format":"standard","meta":{"_et_pb_use_builder":"","_et_pb_old_content":"","_et_gb_content_width":"","footnotes":""},"categories":[10530,6340,9192,10789,10785],"tags":[6759,9197,12806,5399,11042,12807],"class_list":["post-102443","post","type-post","status-publish","format-standard","has-post-thumbnail","hentry","category-actualites","category-architecture-conception","category-evenements","category-publications-atrium","category-atrium","tag-chartres","tag-evenement","tag-lumieres","tag-monument","tag-patrimoine","tag-spectacles"],"yoast_head":"<!-- This site is optimized with the Yoast SEO plugin v27.4 - https:\/\/yoast.com\/product\/yoast-seo-wordpress\/ -->\n<title>Chartres en lumi\u00e8res : 16\u00e8me \u00e9dition de la manifestation d\u2019art et de culture<\/title>\n<meta name=\"description\" content=\"&quot;Chartres en lumi\u00e8res&quot; se d\u00e9roule du 27 avril au 12 octobre 2019. Cet \u00e9v\u00e9nement gratuit met en valeur le patrimoine de la ville de Chartres.\" \/>\n<meta name=\"robots\" content=\"index, follow, max-snippet:-1, max-image-preview:large, max-video-preview:-1\" \/>\n<link rel=\"canonical\" href=\"https:\/\/batijournal.com\/index.php\/chartres-en-lumieres-16eme-edition-dart-et-de-culture\/102443\/\" \/>\n<meta property=\"og:locale\" content=\"fr_FR\" \/>\n<meta property=\"og:type\" content=\"article\" \/>\n<meta property=\"og:title\" content=\"Chartres en lumi\u00e8res : 16\u00e8me \u00e9dition de la manifestation d\u2019art et de culture\" \/>\n<meta property=\"og:description\" content=\"&quot;Chartres en lumi\u00e8res&quot; se d\u00e9roule du 27 avril au 12 octobre 2019. Cet \u00e9v\u00e9nement gratuit met en valeur le patrimoine de la ville de Chartres.\" \/>\n<meta property=\"og:url\" content=\"https:\/\/batijournal.com\/index.php\/chartres-en-lumieres-16eme-edition-dart-et-de-culture\/102443\/\" \/>\n<meta property=\"og:site_name\" content=\"Batijournal\" \/>\n<meta property=\"article:published_time\" content=\"2019-06-20T15:09:49+00:00\" \/>\n<meta property=\"article:modified_time\" content=\"2019-07-15T09:14:30+00:00\" \/>\n<meta property=\"og:image\" content=\"https:\/\/batijournal.com\/wp-content\/uploads\/2019\/06\/Cathedrale-production-Ville-de-Chartres-scenographie-Spectaculaires-allumeurs.jpg\" \/>\n\t<meta property=\"og:image:width\" content=\"1200\" \/>\n\t<meta property=\"og:image:height\" content=\"801\" \/>\n\t<meta property=\"og:image:type\" content=\"image\/jpeg\" \/>\n<meta name=\"author\" content=\"Bati-journal\" \/>\n<meta name=\"twitter:card\" content=\"summary_large_image\" \/>\n<meta name=\"twitter:creator\" content=\"@bati_journal\" \/>\n<meta name=\"twitter:site\" content=\"@bati_journal\" \/>\n<meta name=\"twitter:label1\" content=\"\u00c9crit par\" \/>\n\t<meta name=\"twitter:data1\" content=\"Bati-journal\" \/>\n\t<meta name=\"twitter:label2\" content=\"Dur\u00e9e de lecture estim\u00e9e\" \/>\n\t<meta name=\"twitter:data2\" content=\"1 minute\" \/>\n<script type=\"application\/ld+json\" class=\"yoast-schema-graph\">{\"@context\":\"https:\\\/\\\/schema.org\",\"@graph\":[{\"@type\":\"Article\",\"@id\":\"https:\\\/\\\/batijournal.com\\\/index.php\\\/chartres-en-lumieres-16eme-edition-dart-et-de-culture\\\/102443\\\/#article\",\"isPartOf\":{\"@id\":\"https:\\\/\\\/batijournal.com\\\/index.php\\\/chartres-en-lumieres-16eme-edition-dart-et-de-culture\\\/102443\\\/\"},\"author\":{\"name\":\"Bati-journal\",\"@id\":\"https:\\\/\\\/batijournal.com\\\/#\\\/schema\\\/person\\\/6a657e8967569e1b299972574848aa76\"},\"headline\":\"Chartres en lumi\u00e8res : 16\u00e8me \u00e9dition de la manifestation d\u2019art et de culture\",\"datePublished\":\"2019-06-20T15:09:49+00:00\",\"dateModified\":\"2019-07-15T09:14:30+00:00\",\"mainEntityOfPage\":{\"@id\":\"https:\\\/\\\/batijournal.com\\\/index.php\\\/chartres-en-lumieres-16eme-edition-dart-et-de-culture\\\/102443\\\/\"},\"wordCount\":157,\"image\":{\"@id\":\"https:\\\/\\\/batijournal.com\\\/index.php\\\/chartres-en-lumieres-16eme-edition-dart-et-de-culture\\\/102443\\\/#primaryimage\"},\"thumbnailUrl\":\"https:\\\/\\\/batijournal.com\\\/wp-content\\\/uploads\\\/2019\\\/06\\\/Cathedrale-production-Ville-de-Chartres-scenographie-Spectaculaires-allumeurs.jpg\",\"keywords\":[\"chartres\",\"evenement\",\"lumieres\",\"monument\",\"patrimoine\",\"spectacles\"],\"articleSection\":[\"Actualit\u00e9s\",\"Architecture &amp; Conception\",\"\u00c9v\u00e9nements\",\"zz_Actualit\u00e9s - Atrium\",\"zz_Atrium Patrimoine\"],\"inLanguage\":\"fr-FR\"},{\"@type\":\"WebPage\",\"@id\":\"https:\\\/\\\/batijournal.com\\\/index.php\\\/chartres-en-lumieres-16eme-edition-dart-et-de-culture\\\/102443\\\/\",\"url\":\"https:\\\/\\\/batijournal.com\\\/index.php\\\/chartres-en-lumieres-16eme-edition-dart-et-de-culture\\\/102443\\\/\",\"name\":\"Chartres en lumi\u00e8res : 16\u00e8me \u00e9dition de la manifestation d\u2019art et de culture\",\"isPartOf\":{\"@id\":\"https:\\\/\\\/batijournal.com\\\/#website\"},\"primaryImageOfPage\":{\"@id\":\"https:\\\/\\\/batijournal.com\\\/index.php\\\/chartres-en-lumieres-16eme-edition-dart-et-de-culture\\\/102443\\\/#primaryimage\"},\"image\":{\"@id\":\"https:\\\/\\\/batijournal.com\\\/index.php\\\/chartres-en-lumieres-16eme-edition-dart-et-de-culture\\\/102443\\\/#primaryimage\"},\"thumbnailUrl\":\"https:\\\/\\\/batijournal.com\\\/wp-content\\\/uploads\\\/2019\\\/06\\\/Cathedrale-production-Ville-de-Chartres-scenographie-Spectaculaires-allumeurs.jpg\",\"datePublished\":\"2019-06-20T15:09:49+00:00\",\"dateModified\":\"2019-07-15T09:14:30+00:00\",\"author\":{\"@id\":\"https:\\\/\\\/batijournal.com\\\/#\\\/schema\\\/person\\\/6a657e8967569e1b299972574848aa76\"},\"description\":\"\\\"Chartres en lumi\u00e8res\\\" se d\u00e9roule du 27 avril au 12 octobre 2019. Cet \u00e9v\u00e9nement gratuit met en valeur le patrimoine de la ville de Chartres.\",\"breadcrumb\":{\"@id\":\"https:\\\/\\\/batijournal.com\\\/index.php\\\/chartres-en-lumieres-16eme-edition-dart-et-de-culture\\\/102443\\\/#breadcrumb\"},\"inLanguage\":\"fr-FR\",\"potentialAction\":[{\"@type\":\"ReadAction\",\"target\":[\"https:\\\/\\\/batijournal.com\\\/index.php\\\/chartres-en-lumieres-16eme-edition-dart-et-de-culture\\\/102443\\\/\"]}]},{\"@type\":\"ImageObject\",\"inLanguage\":\"fr-FR\",\"@id\":\"https:\\\/\\\/batijournal.com\\\/index.php\\\/chartres-en-lumieres-16eme-edition-dart-et-de-culture\\\/102443\\\/#primaryimage\",\"url\":\"https:\\\/\\\/batijournal.com\\\/wp-content\\\/uploads\\\/2019\\\/06\\\/Cathedrale-production-Ville-de-Chartres-scenographie-Spectaculaires-allumeurs.jpg\",\"contentUrl\":\"https:\\\/\\\/batijournal.com\\\/wp-content\\\/uploads\\\/2019\\\/06\\\/Cathedrale-production-Ville-de-Chartres-scenographie-Spectaculaires-allumeurs.jpg\",\"width\":1200,\"height\":801},{\"@type\":\"BreadcrumbList\",\"@id\":\"https:\\\/\\\/batijournal.com\\\/index.php\\\/chartres-en-lumieres-16eme-edition-dart-et-de-culture\\\/102443\\\/#breadcrumb\",\"itemListElement\":[{\"@type\":\"ListItem\",\"position\":1,\"name\":\"Accueil\",\"item\":\"https:\\\/\\\/batijournal.com\\\/\"},{\"@type\":\"ListItem\",\"position\":2,\"name\":\"Actualit\u00e9s\",\"item\":\"https:\\\/\\\/batijournal.com\\\/index.php\\\/category\\\/actualites\\\/\"},{\"@type\":\"ListItem\",\"position\":3,\"name\":\"Chartres en lumi\u00e8res : 16\u00e8me \u00e9dition de la manifestation d\u2019art et de culture\"}]},{\"@type\":\"WebSite\",\"@id\":\"https:\\\/\\\/batijournal.com\\\/#website\",\"url\":\"https:\\\/\\\/batijournal.com\\\/\",\"name\":\"Batijournal\",\"description\":\"L&#039;actualit\u00e9 du b\u00e2timent\",\"potentialAction\":[{\"@type\":\"SearchAction\",\"target\":{\"@type\":\"EntryPoint\",\"urlTemplate\":\"https:\\\/\\\/batijournal.com\\\/?s={search_term_string}\"},\"query-input\":{\"@type\":\"PropertyValueSpecification\",\"valueRequired\":true,\"valueName\":\"search_term_string\"}}],\"inLanguage\":\"fr-FR\"},{\"@type\":\"Person\",\"@id\":\"https:\\\/\\\/batijournal.com\\\/#\\\/schema\\\/person\\\/6a657e8967569e1b299972574848aa76\",\"name\":\"Bati-journal\",\"image\":{\"@type\":\"ImageObject\",\"inLanguage\":\"fr-FR\",\"@id\":\"https:\\\/\\\/secure.gravatar.com\\\/avatar\\\/a64364ea26392f9b4dd47e017ddaec74ff03aefc073b49e492e847201258f777?s=96&d=mm&r=g\",\"url\":\"https:\\\/\\\/secure.gravatar.com\\\/avatar\\\/a64364ea26392f9b4dd47e017ddaec74ff03aefc073b49e492e847201258f777?s=96&d=mm&r=g\",\"contentUrl\":\"https:\\\/\\\/secure.gravatar.com\\\/avatar\\\/a64364ea26392f9b4dd47e017ddaec74ff03aefc073b49e492e847201258f777?s=96&d=mm&r=g\",\"caption\":\"Bati-journal\"},\"url\":\"https:\\\/\\\/batijournal.com\\\/index.php\\\/author\\\/elodie\\\/\"}]}<\/script>\n<!-- \/ Yoast SEO plugin. -->","yoast_head_json":{"title":"Chartres en lumi\u00e8res : 16\u00e8me \u00e9dition de la manifestation d\u2019art et de culture","description":"\"Chartres en lumi\u00e8res\" se d\u00e9roule du 27 avril au 12 octobre 2019. Cet \u00e9v\u00e9nement gratuit met en valeur le patrimoine de la ville de Chartres.","robots":{"index":"index","follow":"follow","max-snippet":"max-snippet:-1","max-image-preview":"max-image-preview:large","max-video-preview":"max-video-preview:-1"},"canonical":"https:\/\/batijournal.com\/index.php\/chartres-en-lumieres-16eme-edition-dart-et-de-culture\/102443\/","og_locale":"fr_FR","og_type":"article","og_title":"Chartres en lumi\u00e8res : 16\u00e8me \u00e9dition de la manifestation d\u2019art et de culture","og_description":"\"Chartres en lumi\u00e8res\" se d\u00e9roule du 27 avril au 12 octobre 2019. Cet \u00e9v\u00e9nement gratuit met en valeur le patrimoine de la ville de Chartres.","og_url":"https:\/\/batijournal.com\/index.php\/chartres-en-lumieres-16eme-edition-dart-et-de-culture\/102443\/","og_site_name":"Batijournal","article_published_time":"2019-06-20T15:09:49+00:00","article_modified_time":"2019-07-15T09:14:30+00:00","og_image":[{"width":1200,"height":801,"url":"https:\/\/batijournal.com\/wp-content\/uploads\/2019\/06\/Cathedrale-production-Ville-de-Chartres-scenographie-Spectaculaires-allumeurs.jpg","type":"image\/jpeg"}],"author":"Bati-journal","twitter_card":"summary_large_image","twitter_creator":"@bati_journal","twitter_site":"@bati_journal","twitter_misc":{"\u00c9crit par":"Bati-journal","Dur\u00e9e de lecture estim\u00e9e":"1 minute"},"schema":{"@context":"https:\/\/schema.org","@graph":[{"@type":"Article","@id":"https:\/\/batijournal.com\/index.php\/chartres-en-lumieres-16eme-edition-dart-et-de-culture\/102443\/#article","isPartOf":{"@id":"https:\/\/batijournal.com\/index.php\/chartres-en-lumieres-16eme-edition-dart-et-de-culture\/102443\/"},"author":{"name":"Bati-journal","@id":"https:\/\/batijournal.com\/#\/schema\/person\/6a657e8967569e1b299972574848aa76"},"headline":"Chartres en lumi\u00e8res : 16\u00e8me \u00e9dition de la manifestation d\u2019art et de culture","datePublished":"2019-06-20T15:09:49+00:00","dateModified":"2019-07-15T09:14:30+00:00","mainEntityOfPage":{"@id":"https:\/\/batijournal.com\/index.php\/chartres-en-lumieres-16eme-edition-dart-et-de-culture\/102443\/"},"wordCount":157,"image":{"@id":"https:\/\/batijournal.com\/index.php\/chartres-en-lumieres-16eme-edition-dart-et-de-culture\/102443\/#primaryimage"},"thumbnailUrl":"https:\/\/batijournal.com\/wp-content\/uploads\/2019\/06\/Cathedrale-production-Ville-de-Chartres-scenographie-Spectaculaires-allumeurs.jpg","keywords":["chartres","evenement","lumieres","monument","patrimoine","spectacles"],"articleSection":["Actualit\u00e9s","Architecture &amp; Conception","\u00c9v\u00e9nements","zz_Actualit\u00e9s - Atrium","zz_Atrium Patrimoine"],"inLanguage":"fr-FR"},{"@type":"WebPage","@id":"https:\/\/batijournal.com\/index.php\/chartres-en-lumieres-16eme-edition-dart-et-de-culture\/102443\/","url":"https:\/\/batijournal.com\/index.php\/chartres-en-lumieres-16eme-edition-dart-et-de-culture\/102443\/","name":"Chartres en lumi\u00e8res : 16\u00e8me \u00e9dition de la manifestation d\u2019art et de culture","isPartOf":{"@id":"https:\/\/batijournal.com\/#website"},"primaryImageOfPage":{"@id":"https:\/\/batijournal.com\/index.php\/chartres-en-lumieres-16eme-edition-dart-et-de-culture\/102443\/#primaryimage"},"image":{"@id":"https:\/\/batijournal.com\/index.php\/chartres-en-lumieres-16eme-edition-dart-et-de-culture\/102443\/#primaryimage"},"thumbnailUrl":"https:\/\/batijournal.com\/wp-content\/uploads\/2019\/06\/Cathedrale-production-Ville-de-Chartres-scenographie-Spectaculaires-allumeurs.jpg","datePublished":"2019-06-20T15:09:49+00:00","dateModified":"2019-07-15T09:14:30+00:00","author":{"@id":"https:\/\/batijournal.com\/#\/schema\/person\/6a657e8967569e1b299972574848aa76"},"description":"\"Chartres en lumi\u00e8res\" se d\u00e9roule du 27 avril au 12 octobre 2019. Cet \u00e9v\u00e9nement gratuit met en valeur le patrimoine de la ville de Chartres.","breadcrumb":{"@id":"https:\/\/batijournal.com\/index.php\/chartres-en-lumieres-16eme-edition-dart-et-de-culture\/102443\/#breadcrumb"},"inLanguage":"fr-FR","potentialAction":[{"@type":"ReadAction","target":["https:\/\/batijournal.com\/index.php\/chartres-en-lumieres-16eme-edition-dart-et-de-culture\/102443\/"]}]},{"@type":"ImageObject","inLanguage":"fr-FR","@id":"https:\/\/batijournal.com\/index.php\/chartres-en-lumieres-16eme-edition-dart-et-de-culture\/102443\/#primaryimage","url":"https:\/\/batijournal.com\/wp-content\/uploads\/2019\/06\/Cathedrale-production-Ville-de-Chartres-scenographie-Spectaculaires-allumeurs.jpg","contentUrl":"https:\/\/batijournal.com\/wp-content\/uploads\/2019\/06\/Cathedrale-production-Ville-de-Chartres-scenographie-Spectaculaires-allumeurs.jpg","width":1200,"height":801},{"@type":"BreadcrumbList","@id":"https:\/\/batijournal.com\/index.php\/chartres-en-lumieres-16eme-edition-dart-et-de-culture\/102443\/#breadcrumb","itemListElement":[{"@type":"ListItem","position":1,"name":"Accueil","item":"https:\/\/batijournal.com\/"},{"@type":"ListItem","position":2,"name":"Actualit\u00e9s","item":"https:\/\/batijournal.com\/index.php\/category\/actualites\/"},{"@type":"ListItem","position":3,"name":"Chartres en lumi\u00e8res : 16\u00e8me \u00e9dition de la manifestation d\u2019art et de culture"}]},{"@type":"WebSite","@id":"https:\/\/batijournal.com\/#website","url":"https:\/\/batijournal.com\/","name":"Batijournal","description":"L&#039;actualit\u00e9 du b\u00e2timent","potentialAction":[{"@type":"SearchAction","target":{"@type":"EntryPoint","urlTemplate":"https:\/\/batijournal.com\/?s={search_term_string}"},"query-input":{"@type":"PropertyValueSpecification","valueRequired":true,"valueName":"search_term_string"}}],"inLanguage":"fr-FR"},{"@type":"Person","@id":"https:\/\/batijournal.com\/#\/schema\/person\/6a657e8967569e1b299972574848aa76","name":"Bati-journal","image":{"@type":"ImageObject","inLanguage":"fr-FR","@id":"https:\/\/secure.gravatar.com\/avatar\/a64364ea26392f9b4dd47e017ddaec74ff03aefc073b49e492e847201258f777?s=96&d=mm&r=g","url":"https:\/\/secure.gravatar.com\/avatar\/a64364ea26392f9b4dd47e017ddaec74ff03aefc073b49e492e847201258f777?s=96&d=mm&r=g","contentUrl":"https:\/\/secure.gravatar.com\/avatar\/a64364ea26392f9b4dd47e017ddaec74ff03aefc073b49e492e847201258f777?s=96&d=mm&r=g","caption":"Bati-journal"},"url":"https:\/\/batijournal.com\/index.php\/author\/elodie\/"}]}},"_links":{"self":[{"href":"https:\/\/batijournal.com\/index.php\/wp-json\/wp\/v2\/posts\/102443","targetHints":{"allow":["GET"]}}],"collection":[{"href":"https:\/\/batijournal.com\/index.php\/wp-json\/wp\/v2\/posts"}],"about":[{"href":"https:\/\/batijournal.com\/index.php\/wp-json\/wp\/v2\/types\/post"}],"author":[{"embeddable":true,"href":"https:\/\/batijournal.com\/index.php\/wp-json\/wp\/v2\/users\/1"}],"replies":[{"embeddable":true,"href":"https:\/\/batijournal.com\/index.php\/wp-json\/wp\/v2\/comments?post=102443"}],"version-history":[{"count":0,"href":"https:\/\/batijournal.com\/index.php\/wp-json\/wp\/v2\/posts\/102443\/revisions"}],"wp:featuredmedia":[{"embeddable":true,"href":"https:\/\/batijournal.com\/index.php\/wp-json\/wp\/v2\/media\/102445"}],"wp:attachment":[{"href":"https:\/\/batijournal.com\/index.php\/wp-json\/wp\/v2\/media?parent=102443"}],"wp:term":[{"taxonomy":"category","embeddable":true,"href":"https:\/\/batijournal.com\/index.php\/wp-json\/wp\/v2\/categories?post=102443"},{"taxonomy":"post_tag","embeddable":true,"href":"https:\/\/batijournal.com\/index.php\/wp-json\/wp\/v2\/tags?post=102443"}],"curies":[{"name":"wp","href":"https:\/\/api.w.org\/{rel}","templated":true}]}}