{"id":102471,"date":"2019-06-24T07:29:32","date_gmt":"2019-06-24T05:29:32","guid":{"rendered":"https:\/\/batijournal.com\/?p=102471"},"modified":"2019-06-27T11:57:59","modified_gmt":"2019-06-27T09:57:59","slug":"la-filiere-veut-ameliorer-la-gestion-des-dechets-du-batiment","status":"publish","type":"post","link":"https:\/\/batijournal.com\/index.php\/la-filiere-veut-ameliorer-la-gestion-des-dechets-du-batiment\/102471\/","title":{"rendered":"La fili\u00e8re veut am\u00e9liorer la gestion des d\u00e9chets du b\u00e2timent"},"content":{"rendered":"<p>[vc_row][vc_column][vc_column_text]Dans le cadre du projet de loi \u00c9conomie circulaire, quatorze organisations professionnelles repr\u00e9sentant les fili\u00e8res du b\u00e2timent et du d\u00e9chet (ma\u00eetrises d\u2019ouvrage, fabricants de mat\u00e9riaux, distributeurs, entreprises de travaux, entreprises de traitement des d\u00e9chets) se sont associ\u00e9es pour r\u00e9pondre collectivement \u00e0 l\u2019objectif d\u2019am\u00e9lioration de la collecte et de meilleure valorisation des d\u00e9chets du b\u00e2timent. Elles se sont fix\u00e9 quatre priorit\u00e9s : une meilleure tra\u00e7abilit\u00e9 des d\u00e9chets ; un maillage territorial des points de collecte plus efficient ; le d\u00e9veloppement des fili\u00e8res de recyclage et de valorisation et la r\u00e9duction des d\u00e9p\u00f4ts sauvages. Sur la base d\u2019un \u00e9tat des lieux approfondi, il appara\u00eet que la mise en place d\u2019une responsabilit\u00e9 \u00e9largie du producteur (REP) b\u00e2timent globale et d\u2019une gratuit\u00e9 de la reprise g\u00e9n\u00e9rale (mesure 33 de la FREC) ne constitue pas une r\u00e9ponse appropri\u00e9e \u00e0 la probl\u00e9matique. Elles recommandent une approche de la probl\u00e9matique plus fine que celle pr\u00e9conis\u00e9e par la mesure 33, reposant une identification pr\u00e9alable des flux et fili\u00e8res pour lesquels un accompagnement structurel est v\u00e9ritablement n\u00e9cessaire, une approche plus souple pour ceux qui proposent d\u2019ores et d\u00e9j\u00e0 des sch\u00e9mas pertinents de circularit\u00e9 et un recours plus syst\u00e9matique \u00e0 l\u2019exp\u00e9rimentation.<\/p>\n<p>La fili\u00e8re propose la mise en place avec l\u2019\u00c9tat d\u2019un contrat d\u2019engagement pour la croissance verte (ECV) portant sur l\u2019ensemble des d\u00e9chets du b\u00e2timent. Il permettra de mieux cibler les moyens, de mieux coordonner les actions et d\u2019introduire de nouveaux objectifs, notamment sur certains d\u00e9chets non dangereux tri\u00e9s.<br \/>\nExemples de mesures concr\u00e8tes qui seraient mises \u00e0 l\u2019agenda de cet ECV :<br \/>\n&#8211; la cr\u00e9ation d\u2019un syst\u00e8me de tra\u00e7abilit\u00e9 national centralis\u00e9 pour r\u00e9duire les d\u00e9p\u00f4ts sauvages ;<br \/>\n&#8211; la cr\u00e9ation de nouveaux points d\u2019apport dans les zones de carence en prenant en compte les contraintes pesant sur les entreprises ;<br \/>\n&#8211; une fiabilisation du diagnostic \u00ab d\u00e9chets \u00bb pour les chantiers concern\u00e9s ;<br \/>\n&#8211; la mise en place d\u2019outils de reporting d\u00e9taill\u00e9 sur la performance de gestion des d\u00e9chets de chantiers pour la ma\u00eetrise d\u2019ouvrage professionnelle ;<br \/>\n&#8211; l\u2019interdiction de prendre en compte la gestion des d\u00e9chets dans le compte prorata.<\/p>\n<p>Afin de lever les freins \u00e9conomiques de certaines fili\u00e8res de recyclage, les 14 organisations professionnelles proposent de travailler avec les pouvoirs publics \u00e0 la conception d\u2019un financement permettant d\u2019exp\u00e9rimenter la reprise sans frais des d\u00e9chets tri\u00e9s sur quelques familles de mat\u00e9riaux choisis pour leur potentiel de recyclabilit\u00e9. Cette approche permettrait de mesurer les cons\u00e9quences de la gratuit\u00e9 et la pertinence vis-\u00e0-vis des quatre enjeux identifi\u00e9s, ceci afin d\u2019adapter le dispositif voire de traiter de nouveaux d\u00e9chets.[\/vc_column_text][\/vc_column][\/vc_row][vc_row][vc_column][vc_single_image image=\u00a0\u00bb102472&Prime; img_size=\u00a0\u00bbfull\u00a0\u00bb alignment=\u00a0\u00bbcenter\u00a0\u00bb][\/vc_column][\/vc_row]<\/p>\n","protected":false},"excerpt":{"rendered":"<p>[vc_row][vc_column][vc_column_text]Dans le cadre du projet de loi \u00c9conomie circulaire, quatorze organisations professionnelles repr\u00e9sentant les fili\u00e8res du b\u00e2timent et du d\u00e9chet (ma\u00eetrises d\u2019ouvrage, fabricants de mat\u00e9riaux, distributeurs, entreprises de travaux, entreprises de traitement des d\u00e9chets) se sont associ\u00e9es pour r\u00e9pondre collectivement \u00e0 l\u2019objectif d\u2019am\u00e9lioration de la collecte et de meilleure valorisation des d\u00e9chets du b\u00e2timent. Elles [&hellip;]<\/p>\n","protected":false},"author":17,"featured_media":95563,"comment_status":"closed","ping_status":"closed","sticky":false,"template":"","format":"standard","meta":{"_et_pb_use_builder":"","_et_pb_old_content":"","_et_gb_content_width":"","footnotes":""},"categories":[10736,10530],"tags":[],"class_list":["post-102471","post","type-post","status-publish","format-standard","has-post-thumbnail","hentry","category-a-la-une","category-actualites"],"yoast_head":"<!-- This site is optimized with the Yoast SEO plugin v27.4 - https:\/\/yoast.com\/product\/yoast-seo-wordpress\/ -->\n<title>La fili\u00e8re veut am\u00e9liorer la gestion des d\u00e9chets du b\u00e2timent<\/title>\n<meta name=\"description\" content=\"Dans le cadre du projet de loi \u00c9conomie circulaire, quatorze organisations professionnelles repr\u00e9sentant les fili\u00e8res du b\u00e2timent et du d\u00e9chet\" \/>\n<meta name=\"robots\" content=\"index, follow, max-snippet:-1, max-image-preview:large, max-video-preview:-1\" \/>\n<link rel=\"canonical\" href=\"https:\/\/batijournal.com\/index.php\/la-filiere-veut-ameliorer-la-gestion-des-dechets-du-batiment\/102471\/\" \/>\n<meta property=\"og:locale\" content=\"fr_FR\" \/>\n<meta property=\"og:type\" content=\"article\" \/>\n<meta property=\"og:title\" content=\"La fili\u00e8re veut am\u00e9liorer la gestion des d\u00e9chets du b\u00e2timent\" \/>\n<meta property=\"og:description\" content=\"Dans le cadre du projet de loi \u00c9conomie circulaire, quatorze organisations professionnelles repr\u00e9sentant les fili\u00e8res du b\u00e2timent et du d\u00e9chet\" \/>\n<meta property=\"og:url\" content=\"https:\/\/batijournal.com\/index.php\/la-filiere-veut-ameliorer-la-gestion-des-dechets-du-batiment\/102471\/\" \/>\n<meta property=\"og:site_name\" content=\"Batijournal\" \/>\n<meta property=\"article:published_time\" content=\"2019-06-24T05:29:32+00:00\" \/>\n<meta property=\"article:modified_time\" content=\"2019-06-27T09:57:59+00:00\" \/>\n<meta property=\"og:image\" content=\"https:\/\/batijournal.com\/wp-content\/uploads\/2017\/03\/dechets-btp.jpg\" \/>\n\t<meta property=\"og:image:width\" content=\"1200\" \/>\n\t<meta property=\"og:image:height\" content=\"759\" \/>\n\t<meta property=\"og:image:type\" content=\"image\/jpeg\" \/>\n<meta name=\"author\" content=\"St\u00e9phane Miget\" \/>\n<meta name=\"twitter:card\" content=\"summary_large_image\" \/>\n<meta name=\"twitter:creator\" content=\"@bati_journal\" \/>\n<meta name=\"twitter:site\" content=\"@bati_journal\" \/>\n<meta name=\"twitter:label1\" content=\"\u00c9crit par\" \/>\n\t<meta name=\"twitter:data1\" content=\"St\u00e9phane Miget\" \/>\n\t<meta name=\"twitter:label2\" content=\"Dur\u00e9e de lecture estim\u00e9e\" \/>\n\t<meta name=\"twitter:data2\" content=\"3 minutes\" \/>\n<script type=\"application\/ld+json\" class=\"yoast-schema-graph\">{\"@context\":\"https:\\\/\\\/schema.org\",\"@graph\":[{\"@type\":\"Article\",\"@id\":\"https:\\\/\\\/batijournal.com\\\/index.php\\\/la-filiere-veut-ameliorer-la-gestion-des-dechets-du-batiment\\\/102471\\\/#article\",\"isPartOf\":{\"@id\":\"https:\\\/\\\/batijournal.com\\\/index.php\\\/la-filiere-veut-ameliorer-la-gestion-des-dechets-du-batiment\\\/102471\\\/\"},\"author\":{\"name\":\"St\u00e9phane Miget\",\"@id\":\"https:\\\/\\\/batijournal.com\\\/#\\\/schema\\\/person\\\/1dc96ec6957aa1ccb25ebe78bb19f100\"},\"headline\":\"La fili\u00e8re veut am\u00e9liorer la gestion des d\u00e9chets du b\u00e2timent\",\"datePublished\":\"2019-06-24T05:29:32+00:00\",\"dateModified\":\"2019-06-27T09:57:59+00:00\",\"mainEntityOfPage\":{\"@id\":\"https:\\\/\\\/batijournal.com\\\/index.php\\\/la-filiere-veut-ameliorer-la-gestion-des-dechets-du-batiment\\\/102471\\\/\"},\"wordCount\":532,\"image\":{\"@id\":\"https:\\\/\\\/batijournal.com\\\/index.php\\\/la-filiere-veut-ameliorer-la-gestion-des-dechets-du-batiment\\\/102471\\\/#primaryimage\"},\"thumbnailUrl\":\"https:\\\/\\\/batijournal.com\\\/wp-content\\\/uploads\\\/2017\\\/03\\\/dechets-btp.jpg\",\"articleSection\":[\"A la Une\",\"Actualit\u00e9s\"],\"inLanguage\":\"fr-FR\"},{\"@type\":\"WebPage\",\"@id\":\"https:\\\/\\\/batijournal.com\\\/index.php\\\/la-filiere-veut-ameliorer-la-gestion-des-dechets-du-batiment\\\/102471\\\/\",\"url\":\"https:\\\/\\\/batijournal.com\\\/index.php\\\/la-filiere-veut-ameliorer-la-gestion-des-dechets-du-batiment\\\/102471\\\/\",\"name\":\"La fili\u00e8re veut am\u00e9liorer la gestion des d\u00e9chets du b\u00e2timent\",\"isPartOf\":{\"@id\":\"https:\\\/\\\/batijournal.com\\\/#website\"},\"primaryImageOfPage\":{\"@id\":\"https:\\\/\\\/batijournal.com\\\/index.php\\\/la-filiere-veut-ameliorer-la-gestion-des-dechets-du-batiment\\\/102471\\\/#primaryimage\"},\"image\":{\"@id\":\"https:\\\/\\\/batijournal.com\\\/index.php\\\/la-filiere-veut-ameliorer-la-gestion-des-dechets-du-batiment\\\/102471\\\/#primaryimage\"},\"thumbnailUrl\":\"https:\\\/\\\/batijournal.com\\\/wp-content\\\/uploads\\\/2017\\\/03\\\/dechets-btp.jpg\",\"datePublished\":\"2019-06-24T05:29:32+00:00\",\"dateModified\":\"2019-06-27T09:57:59+00:00\",\"author\":{\"@id\":\"https:\\\/\\\/batijournal.com\\\/#\\\/schema\\\/person\\\/1dc96ec6957aa1ccb25ebe78bb19f100\"},\"description\":\"Dans le cadre du projet de loi \u00c9conomie circulaire, quatorze organisations professionnelles repr\u00e9sentant les fili\u00e8res du b\u00e2timent et du d\u00e9chet\",\"breadcrumb\":{\"@id\":\"https:\\\/\\\/batijournal.com\\\/index.php\\\/la-filiere-veut-ameliorer-la-gestion-des-dechets-du-batiment\\\/102471\\\/#breadcrumb\"},\"inLanguage\":\"fr-FR\",\"potentialAction\":[{\"@type\":\"ReadAction\",\"target\":[\"https:\\\/\\\/batijournal.com\\\/index.php\\\/la-filiere-veut-ameliorer-la-gestion-des-dechets-du-batiment\\\/102471\\\/\"]}]},{\"@type\":\"ImageObject\",\"inLanguage\":\"fr-FR\",\"@id\":\"https:\\\/\\\/batijournal.com\\\/index.php\\\/la-filiere-veut-ameliorer-la-gestion-des-dechets-du-batiment\\\/102471\\\/#primaryimage\",\"url\":\"https:\\\/\\\/batijournal.com\\\/wp-content\\\/uploads\\\/2017\\\/03\\\/dechets-btp.jpg\",\"contentUrl\":\"https:\\\/\\\/batijournal.com\\\/wp-content\\\/uploads\\\/2017\\\/03\\\/dechets-btp.jpg\",\"width\":1200,\"height\":759},{\"@type\":\"BreadcrumbList\",\"@id\":\"https:\\\/\\\/batijournal.com\\\/index.php\\\/la-filiere-veut-ameliorer-la-gestion-des-dechets-du-batiment\\\/102471\\\/#breadcrumb\",\"itemListElement\":[{\"@type\":\"ListItem\",\"position\":1,\"name\":\"Accueil\",\"item\":\"https:\\\/\\\/batijournal.com\\\/\"},{\"@type\":\"ListItem\",\"position\":2,\"name\":\"Actualit\u00e9s\",\"item\":\"https:\\\/\\\/batijournal.com\\\/index.php\\\/category\\\/actualites\\\/\"},{\"@type\":\"ListItem\",\"position\":3,\"name\":\"La fili\u00e8re veut am\u00e9liorer la gestion des d\u00e9chets du b\u00e2timent\"}]},{\"@type\":\"WebSite\",\"@id\":\"https:\\\/\\\/batijournal.com\\\/#website\",\"url\":\"https:\\\/\\\/batijournal.com\\\/\",\"name\":\"Batijournal\",\"description\":\"L&#039;actualit\u00e9 du b\u00e2timent\",\"potentialAction\":[{\"@type\":\"SearchAction\",\"target\":{\"@type\":\"EntryPoint\",\"urlTemplate\":\"https:\\\/\\\/batijournal.com\\\/?s={search_term_string}\"},\"query-input\":{\"@type\":\"PropertyValueSpecification\",\"valueRequired\":true,\"valueName\":\"search_term_string\"}}],\"inLanguage\":\"fr-FR\"},{\"@type\":\"Person\",\"@id\":\"https:\\\/\\\/batijournal.com\\\/#\\\/schema\\\/person\\\/1dc96ec6957aa1ccb25ebe78bb19f100\",\"name\":\"St\u00e9phane Miget\",\"image\":{\"@type\":\"ImageObject\",\"inLanguage\":\"fr-FR\",\"@id\":\"https:\\\/\\\/secure.gravatar.com\\\/avatar\\\/89915563d925342126b8ef0281b93d9d7fc337043e8df017f780908eb9644451?s=96&d=mm&r=g\",\"url\":\"https:\\\/\\\/secure.gravatar.com\\\/avatar\\\/89915563d925342126b8ef0281b93d9d7fc337043e8df017f780908eb9644451?s=96&d=mm&r=g\",\"contentUrl\":\"https:\\\/\\\/secure.gravatar.com\\\/avatar\\\/89915563d925342126b8ef0281b93d9d7fc337043e8df017f780908eb9644451?s=96&d=mm&r=g\",\"caption\":\"St\u00e9phane Miget\"},\"url\":\"https:\\\/\\\/batijournal.com\\\/index.php\\\/author\\\/stephane\\\/\"}]}<\/script>\n<!-- \/ Yoast SEO plugin. -->","yoast_head_json":{"title":"La fili\u00e8re veut am\u00e9liorer la gestion des d\u00e9chets du b\u00e2timent","description":"Dans le cadre du projet de loi \u00c9conomie circulaire, quatorze organisations professionnelles repr\u00e9sentant les fili\u00e8res du b\u00e2timent et du d\u00e9chet","robots":{"index":"index","follow":"follow","max-snippet":"max-snippet:-1","max-image-preview":"max-image-preview:large","max-video-preview":"max-video-preview:-1"},"canonical":"https:\/\/batijournal.com\/index.php\/la-filiere-veut-ameliorer-la-gestion-des-dechets-du-batiment\/102471\/","og_locale":"fr_FR","og_type":"article","og_title":"La fili\u00e8re veut am\u00e9liorer la gestion des d\u00e9chets du b\u00e2timent","og_description":"Dans le cadre du projet de loi \u00c9conomie circulaire, quatorze organisations professionnelles repr\u00e9sentant les fili\u00e8res du b\u00e2timent et du d\u00e9chet","og_url":"https:\/\/batijournal.com\/index.php\/la-filiere-veut-ameliorer-la-gestion-des-dechets-du-batiment\/102471\/","og_site_name":"Batijournal","article_published_time":"2019-06-24T05:29:32+00:00","article_modified_time":"2019-06-27T09:57:59+00:00","og_image":[{"width":1200,"height":759,"url":"https:\/\/batijournal.com\/wp-content\/uploads\/2017\/03\/dechets-btp.jpg","type":"image\/jpeg"}],"author":"St\u00e9phane Miget","twitter_card":"summary_large_image","twitter_creator":"@bati_journal","twitter_site":"@bati_journal","twitter_misc":{"\u00c9crit par":"St\u00e9phane Miget","Dur\u00e9e de lecture estim\u00e9e":"3 minutes"},"schema":{"@context":"https:\/\/schema.org","@graph":[{"@type":"Article","@id":"https:\/\/batijournal.com\/index.php\/la-filiere-veut-ameliorer-la-gestion-des-dechets-du-batiment\/102471\/#article","isPartOf":{"@id":"https:\/\/batijournal.com\/index.php\/la-filiere-veut-ameliorer-la-gestion-des-dechets-du-batiment\/102471\/"},"author":{"name":"St\u00e9phane Miget","@id":"https:\/\/batijournal.com\/#\/schema\/person\/1dc96ec6957aa1ccb25ebe78bb19f100"},"headline":"La fili\u00e8re veut am\u00e9liorer la gestion des d\u00e9chets du b\u00e2timent","datePublished":"2019-06-24T05:29:32+00:00","dateModified":"2019-06-27T09:57:59+00:00","mainEntityOfPage":{"@id":"https:\/\/batijournal.com\/index.php\/la-filiere-veut-ameliorer-la-gestion-des-dechets-du-batiment\/102471\/"},"wordCount":532,"image":{"@id":"https:\/\/batijournal.com\/index.php\/la-filiere-veut-ameliorer-la-gestion-des-dechets-du-batiment\/102471\/#primaryimage"},"thumbnailUrl":"https:\/\/batijournal.com\/wp-content\/uploads\/2017\/03\/dechets-btp.jpg","articleSection":["A la Une","Actualit\u00e9s"],"inLanguage":"fr-FR"},{"@type":"WebPage","@id":"https:\/\/batijournal.com\/index.php\/la-filiere-veut-ameliorer-la-gestion-des-dechets-du-batiment\/102471\/","url":"https:\/\/batijournal.com\/index.php\/la-filiere-veut-ameliorer-la-gestion-des-dechets-du-batiment\/102471\/","name":"La fili\u00e8re veut am\u00e9liorer la gestion des d\u00e9chets du b\u00e2timent","isPartOf":{"@id":"https:\/\/batijournal.com\/#website"},"primaryImageOfPage":{"@id":"https:\/\/batijournal.com\/index.php\/la-filiere-veut-ameliorer-la-gestion-des-dechets-du-batiment\/102471\/#primaryimage"},"image":{"@id":"https:\/\/batijournal.com\/index.php\/la-filiere-veut-ameliorer-la-gestion-des-dechets-du-batiment\/102471\/#primaryimage"},"thumbnailUrl":"https:\/\/batijournal.com\/wp-content\/uploads\/2017\/03\/dechets-btp.jpg","datePublished":"2019-06-24T05:29:32+00:00","dateModified":"2019-06-27T09:57:59+00:00","author":{"@id":"https:\/\/batijournal.com\/#\/schema\/person\/1dc96ec6957aa1ccb25ebe78bb19f100"},"description":"Dans le cadre du projet de loi \u00c9conomie circulaire, quatorze organisations professionnelles repr\u00e9sentant les fili\u00e8res du b\u00e2timent et du d\u00e9chet","breadcrumb":{"@id":"https:\/\/batijournal.com\/index.php\/la-filiere-veut-ameliorer-la-gestion-des-dechets-du-batiment\/102471\/#breadcrumb"},"inLanguage":"fr-FR","potentialAction":[{"@type":"ReadAction","target":["https:\/\/batijournal.com\/index.php\/la-filiere-veut-ameliorer-la-gestion-des-dechets-du-batiment\/102471\/"]}]},{"@type":"ImageObject","inLanguage":"fr-FR","@id":"https:\/\/batijournal.com\/index.php\/la-filiere-veut-ameliorer-la-gestion-des-dechets-du-batiment\/102471\/#primaryimage","url":"https:\/\/batijournal.com\/wp-content\/uploads\/2017\/03\/dechets-btp.jpg","contentUrl":"https:\/\/batijournal.com\/wp-content\/uploads\/2017\/03\/dechets-btp.jpg","width":1200,"height":759},{"@type":"BreadcrumbList","@id":"https:\/\/batijournal.com\/index.php\/la-filiere-veut-ameliorer-la-gestion-des-dechets-du-batiment\/102471\/#breadcrumb","itemListElement":[{"@type":"ListItem","position":1,"name":"Accueil","item":"https:\/\/batijournal.com\/"},{"@type":"ListItem","position":2,"name":"Actualit\u00e9s","item":"https:\/\/batijournal.com\/index.php\/category\/actualites\/"},{"@type":"ListItem","position":3,"name":"La fili\u00e8re veut am\u00e9liorer la gestion des d\u00e9chets du b\u00e2timent"}]},{"@type":"WebSite","@id":"https:\/\/batijournal.com\/#website","url":"https:\/\/batijournal.com\/","name":"Batijournal","description":"L&#039;actualit\u00e9 du b\u00e2timent","potentialAction":[{"@type":"SearchAction","target":{"@type":"EntryPoint","urlTemplate":"https:\/\/batijournal.com\/?s={search_term_string}"},"query-input":{"@type":"PropertyValueSpecification","valueRequired":true,"valueName":"search_term_string"}}],"inLanguage":"fr-FR"},{"@type":"Person","@id":"https:\/\/batijournal.com\/#\/schema\/person\/1dc96ec6957aa1ccb25ebe78bb19f100","name":"St\u00e9phane Miget","image":{"@type":"ImageObject","inLanguage":"fr-FR","@id":"https:\/\/secure.gravatar.com\/avatar\/89915563d925342126b8ef0281b93d9d7fc337043e8df017f780908eb9644451?s=96&d=mm&r=g","url":"https:\/\/secure.gravatar.com\/avatar\/89915563d925342126b8ef0281b93d9d7fc337043e8df017f780908eb9644451?s=96&d=mm&r=g","contentUrl":"https:\/\/secure.gravatar.com\/avatar\/89915563d925342126b8ef0281b93d9d7fc337043e8df017f780908eb9644451?s=96&d=mm&r=g","caption":"St\u00e9phane Miget"},"url":"https:\/\/batijournal.com\/index.php\/author\/stephane\/"}]}},"_links":{"self":[{"href":"https:\/\/batijournal.com\/index.php\/wp-json\/wp\/v2\/posts\/102471","targetHints":{"allow":["GET"]}}],"collection":[{"href":"https:\/\/batijournal.com\/index.php\/wp-json\/wp\/v2\/posts"}],"about":[{"href":"https:\/\/batijournal.com\/index.php\/wp-json\/wp\/v2\/types\/post"}],"author":[{"embeddable":true,"href":"https:\/\/batijournal.com\/index.php\/wp-json\/wp\/v2\/users\/17"}],"replies":[{"embeddable":true,"href":"https:\/\/batijournal.com\/index.php\/wp-json\/wp\/v2\/comments?post=102471"}],"version-history":[{"count":0,"href":"https:\/\/batijournal.com\/index.php\/wp-json\/wp\/v2\/posts\/102471\/revisions"}],"wp:featuredmedia":[{"embeddable":true,"href":"https:\/\/batijournal.com\/index.php\/wp-json\/wp\/v2\/media\/95563"}],"wp:attachment":[{"href":"https:\/\/batijournal.com\/index.php\/wp-json\/wp\/v2\/media?parent=102471"}],"wp:term":[{"taxonomy":"category","embeddable":true,"href":"https:\/\/batijournal.com\/index.php\/wp-json\/wp\/v2\/categories?post=102471"},{"taxonomy":"post_tag","embeddable":true,"href":"https:\/\/batijournal.com\/index.php\/wp-json\/wp\/v2\/tags?post=102471"}],"curies":[{"name":"wp","href":"https:\/\/api.w.org\/{rel}","templated":true}]}}