{"id":102473,"date":"2019-06-24T07:53:46","date_gmt":"2019-06-24T05:53:46","guid":{"rendered":"https:\/\/batijournal.com\/?p=102473"},"modified":"2019-07-15T11:03:38","modified_gmt":"2019-07-15T09:03:38","slug":"risques-dune-exposition-aux-champs-electromagnetiques-basses-frequences","status":"publish","type":"post","link":"https:\/\/batijournal.com\/index.php\/risques-dune-exposition-aux-champs-electromagnetiques-basses-frequences\/102473\/","title":{"rendered":"Risques d&rsquo;une exposition aux champs \u00e9lectromagn\u00e9tiques basses fr\u00e9quences"},"content":{"rendered":"<p>L\u2019Anses vient de publier une nouvelle expertise sur les effets sanitaires li\u00e9s \u00e0 l\u2019exposition aux champs \u00e9lectromagn\u00e9tiques basses fr\u00e9quences. Au regard des donn\u00e9es disponibles, l\u2019Agence r\u00e9it\u00e8re ses conclusions de 2010 sur l\u2019association possible entre l\u2019exposition aux champs \u00e9lectromagn\u00e9tiques basses fr\u00e9quences et le risque \u00e0 long terme de leuc\u00e9mie infantile. Elle recommande de ne pas installer ou am\u00e9nager de nouveaux \u00e9tablissements accueillant des personnes sensibles (h\u00f4pitaux, \u00e9coles\u2026) \u00e0 proximit\u00e9 imm\u00e9diate des lignes \u00e0 tr\u00e8s haute tension, ni d\u2019implanter de nouvelles lignes au-dessus de tels \u00e9tablissements. L\u2019Agence souligne par ailleurs, que la r\u00e9glementation actuelle en France encadre uniquement les niveaux d\u2019exposition \u00e0 proximit\u00e9 des lignes de transport et de distribution d\u2019\u00e9lectricit\u00e9, par le respect d\u2019une valeur limite d\u2019exposition. Elle recommande donc d\u2019\u00e9tendre cette disposition r\u00e9glementaire \u00e0 l\u2019ensemble des sources de champs \u00e9lectromagn\u00e9tiques exposant la population g\u00e9n\u00e9rale. Par ailleurs, elle souligne la n\u00e9cessit\u00e9 de mieux ma\u00eetriser l\u2019exposition en milieu de travail pour certains professionnels susceptibles d\u2019\u00eatre expos\u00e9s \u00e0 des niveaux \u00e9lev\u00e9s de champs \u00e9lectromagn\u00e9tiques, et parmi eux tout particuli\u00e8rement les femmes enceintes. Il apparait n\u00e9cessaire de poursuivre les recherches concernant le risque \u00e9ventuel de pathologies associ\u00e9es \u00e0 l\u2019exposition aux champs magn\u00e9tiques basses fr\u00e9quences. Par ailleurs, l\u2019Agence recommande qu\u2019une prochaine r\u00e9\u00e9valuation des valeurs limites d\u2019exposition prenne en compte les \u00e9l\u00e9ments scientifiques les plus r\u00e9cents.<\/p>\n","protected":false},"excerpt":{"rendered":"<p>L\u2019Anses vient de publier une nouvelle expertise sur les effets sanitaires li\u00e9s \u00e0 l\u2019exposition aux champs \u00e9lectromagn\u00e9tiques basses fr\u00e9quences. Au regard des donn\u00e9es disponibles, l\u2019Agence r\u00e9it\u00e8re ses conclusions de 2010 sur l\u2019association possible entre l\u2019exposition aux champs \u00e9lectromagn\u00e9tiques basses fr\u00e9quences et le risque \u00e0 long terme de leuc\u00e9mie infantile. Elle recommande de ne pas installer [&hellip;]<\/p>\n","protected":false},"author":17,"featured_media":102474,"comment_status":"closed","ping_status":"closed","sticky":false,"template":"","format":"standard","meta":{"_et_pb_use_builder":"","_et_pb_old_content":"","_et_gb_content_width":"","footnotes":""},"categories":[10530,6351],"tags":[382,2408],"class_list":["post-102473","post","type-post","status-publish","format-standard","has-post-thumbnail","hentry","category-actualites","category-energie-environnement","tag-electricite","tag-reseaux"],"yoast_head":"<!-- This site is optimized with the Yoast SEO plugin v27.4 - https:\/\/yoast.com\/product\/yoast-seo-wordpress\/ -->\n<title>Risques d&#039;une exposition aux champs \u00e9lectromagn\u00e9tiques<\/title>\n<meta name=\"description\" content=\"L\u2019Anses vient de publier une nouvelle expertise sur les effets sanitaires li\u00e9s \u00e0 l\u2019exposition aux champs \u00e9lectromagn\u00e9tiques basses fr\u00e9quences\" \/>\n<meta name=\"robots\" content=\"index, follow, max-snippet:-1, max-image-preview:large, max-video-preview:-1\" \/>\n<link rel=\"canonical\" href=\"https:\/\/batijournal.com\/index.php\/risques-dune-exposition-aux-champs-electromagnetiques-basses-frequences\/102473\/\" \/>\n<meta property=\"og:locale\" content=\"fr_FR\" \/>\n<meta property=\"og:type\" content=\"article\" \/>\n<meta property=\"og:title\" content=\"Risques d&#039;une exposition aux champs \u00e9lectromagn\u00e9tiques\" \/>\n<meta property=\"og:description\" content=\"L\u2019Anses vient de publier une nouvelle expertise sur les effets sanitaires li\u00e9s \u00e0 l\u2019exposition aux champs \u00e9lectromagn\u00e9tiques basses fr\u00e9quences\" \/>\n<meta property=\"og:url\" content=\"https:\/\/batijournal.com\/index.php\/risques-dune-exposition-aux-champs-electromagnetiques-basses-frequences\/102473\/\" \/>\n<meta property=\"og:site_name\" content=\"Batijournal\" \/>\n<meta property=\"article:published_time\" content=\"2019-06-24T05:53:46+00:00\" \/>\n<meta property=\"article:modified_time\" content=\"2019-07-15T09:03:38+00:00\" \/>\n<meta property=\"og:image\" content=\"https:\/\/batijournal.com\/wp-content\/uploads\/2019\/06\/pylone-electrique-reseau-electricite.jpg\" \/>\n\t<meta property=\"og:image:width\" content=\"1200\" \/>\n\t<meta property=\"og:image:height\" content=\"728\" \/>\n\t<meta property=\"og:image:type\" content=\"image\/jpeg\" \/>\n<meta name=\"author\" content=\"St\u00e9phane Miget\" \/>\n<meta name=\"twitter:card\" content=\"summary_large_image\" \/>\n<meta name=\"twitter:creator\" content=\"@bati_journal\" \/>\n<meta name=\"twitter:site\" content=\"@bati_journal\" \/>\n<meta name=\"twitter:label1\" content=\"\u00c9crit par\" \/>\n\t<meta name=\"twitter:data1\" content=\"St\u00e9phane Miget\" \/>\n\t<meta name=\"twitter:label2\" content=\"Dur\u00e9e de lecture estim\u00e9e\" \/>\n\t<meta name=\"twitter:data2\" content=\"1 minute\" \/>\n<script type=\"application\/ld+json\" class=\"yoast-schema-graph\">{\"@context\":\"https:\\\/\\\/schema.org\",\"@graph\":[{\"@type\":\"Article\",\"@id\":\"https:\\\/\\\/batijournal.com\\\/index.php\\\/risques-dune-exposition-aux-champs-electromagnetiques-basses-frequences\\\/102473\\\/#article\",\"isPartOf\":{\"@id\":\"https:\\\/\\\/batijournal.com\\\/index.php\\\/risques-dune-exposition-aux-champs-electromagnetiques-basses-frequences\\\/102473\\\/\"},\"author\":{\"name\":\"St\u00e9phane Miget\",\"@id\":\"https:\\\/\\\/batijournal.com\\\/#\\\/schema\\\/person\\\/1dc96ec6957aa1ccb25ebe78bb19f100\"},\"headline\":\"Risques d&rsquo;une exposition aux champs \u00e9lectromagn\u00e9tiques basses fr\u00e9quences\",\"datePublished\":\"2019-06-24T05:53:46+00:00\",\"dateModified\":\"2019-07-15T09:03:38+00:00\",\"mainEntityOfPage\":{\"@id\":\"https:\\\/\\\/batijournal.com\\\/index.php\\\/risques-dune-exposition-aux-champs-electromagnetiques-basses-frequences\\\/102473\\\/\"},\"wordCount\":262,\"image\":{\"@id\":\"https:\\\/\\\/batijournal.com\\\/index.php\\\/risques-dune-exposition-aux-champs-electromagnetiques-basses-frequences\\\/102473\\\/#primaryimage\"},\"thumbnailUrl\":\"https:\\\/\\\/batijournal.com\\\/wp-content\\\/uploads\\\/2019\\\/06\\\/pylone-electrique-reseau-electricite.jpg\",\"keywords\":[\"\u00e9lectricit\u00e9\",\"r\u00e9seaux\"],\"articleSection\":[\"Actualit\u00e9s\",\"\u00c9nergie &amp; Environnement\"],\"inLanguage\":\"fr-FR\"},{\"@type\":\"WebPage\",\"@id\":\"https:\\\/\\\/batijournal.com\\\/index.php\\\/risques-dune-exposition-aux-champs-electromagnetiques-basses-frequences\\\/102473\\\/\",\"url\":\"https:\\\/\\\/batijournal.com\\\/index.php\\\/risques-dune-exposition-aux-champs-electromagnetiques-basses-frequences\\\/102473\\\/\",\"name\":\"Risques d'une exposition aux champs \u00e9lectromagn\u00e9tiques\",\"isPartOf\":{\"@id\":\"https:\\\/\\\/batijournal.com\\\/#website\"},\"primaryImageOfPage\":{\"@id\":\"https:\\\/\\\/batijournal.com\\\/index.php\\\/risques-dune-exposition-aux-champs-electromagnetiques-basses-frequences\\\/102473\\\/#primaryimage\"},\"image\":{\"@id\":\"https:\\\/\\\/batijournal.com\\\/index.php\\\/risques-dune-exposition-aux-champs-electromagnetiques-basses-frequences\\\/102473\\\/#primaryimage\"},\"thumbnailUrl\":\"https:\\\/\\\/batijournal.com\\\/wp-content\\\/uploads\\\/2019\\\/06\\\/pylone-electrique-reseau-electricite.jpg\",\"datePublished\":\"2019-06-24T05:53:46+00:00\",\"dateModified\":\"2019-07-15T09:03:38+00:00\",\"author\":{\"@id\":\"https:\\\/\\\/batijournal.com\\\/#\\\/schema\\\/person\\\/1dc96ec6957aa1ccb25ebe78bb19f100\"},\"description\":\"L\u2019Anses vient de publier une nouvelle expertise sur les effets sanitaires li\u00e9s \u00e0 l\u2019exposition aux champs \u00e9lectromagn\u00e9tiques basses fr\u00e9quences\",\"breadcrumb\":{\"@id\":\"https:\\\/\\\/batijournal.com\\\/index.php\\\/risques-dune-exposition-aux-champs-electromagnetiques-basses-frequences\\\/102473\\\/#breadcrumb\"},\"inLanguage\":\"fr-FR\",\"potentialAction\":[{\"@type\":\"ReadAction\",\"target\":[\"https:\\\/\\\/batijournal.com\\\/index.php\\\/risques-dune-exposition-aux-champs-electromagnetiques-basses-frequences\\\/102473\\\/\"]}]},{\"@type\":\"ImageObject\",\"inLanguage\":\"fr-FR\",\"@id\":\"https:\\\/\\\/batijournal.com\\\/index.php\\\/risques-dune-exposition-aux-champs-electromagnetiques-basses-frequences\\\/102473\\\/#primaryimage\",\"url\":\"https:\\\/\\\/batijournal.com\\\/wp-content\\\/uploads\\\/2019\\\/06\\\/pylone-electrique-reseau-electricite.jpg\",\"contentUrl\":\"https:\\\/\\\/batijournal.com\\\/wp-content\\\/uploads\\\/2019\\\/06\\\/pylone-electrique-reseau-electricite.jpg\",\"width\":1200,\"height\":728},{\"@type\":\"BreadcrumbList\",\"@id\":\"https:\\\/\\\/batijournal.com\\\/index.php\\\/risques-dune-exposition-aux-champs-electromagnetiques-basses-frequences\\\/102473\\\/#breadcrumb\",\"itemListElement\":[{\"@type\":\"ListItem\",\"position\":1,\"name\":\"Accueil\",\"item\":\"https:\\\/\\\/batijournal.com\\\/\"},{\"@type\":\"ListItem\",\"position\":2,\"name\":\"Actualit\u00e9s\",\"item\":\"https:\\\/\\\/batijournal.com\\\/index.php\\\/category\\\/actualites\\\/\"},{\"@type\":\"ListItem\",\"position\":3,\"name\":\"Risques d&rsquo;une exposition aux champs \u00e9lectromagn\u00e9tiques basses fr\u00e9quences\"}]},{\"@type\":\"WebSite\",\"@id\":\"https:\\\/\\\/batijournal.com\\\/#website\",\"url\":\"https:\\\/\\\/batijournal.com\\\/\",\"name\":\"Batijournal\",\"description\":\"L&#039;actualit\u00e9 du b\u00e2timent\",\"potentialAction\":[{\"@type\":\"SearchAction\",\"target\":{\"@type\":\"EntryPoint\",\"urlTemplate\":\"https:\\\/\\\/batijournal.com\\\/?s={search_term_string}\"},\"query-input\":{\"@type\":\"PropertyValueSpecification\",\"valueRequired\":true,\"valueName\":\"search_term_string\"}}],\"inLanguage\":\"fr-FR\"},{\"@type\":\"Person\",\"@id\":\"https:\\\/\\\/batijournal.com\\\/#\\\/schema\\\/person\\\/1dc96ec6957aa1ccb25ebe78bb19f100\",\"name\":\"St\u00e9phane Miget\",\"image\":{\"@type\":\"ImageObject\",\"inLanguage\":\"fr-FR\",\"@id\":\"https:\\\/\\\/secure.gravatar.com\\\/avatar\\\/89915563d925342126b8ef0281b93d9d7fc337043e8df017f780908eb9644451?s=96&d=mm&r=g\",\"url\":\"https:\\\/\\\/secure.gravatar.com\\\/avatar\\\/89915563d925342126b8ef0281b93d9d7fc337043e8df017f780908eb9644451?s=96&d=mm&r=g\",\"contentUrl\":\"https:\\\/\\\/secure.gravatar.com\\\/avatar\\\/89915563d925342126b8ef0281b93d9d7fc337043e8df017f780908eb9644451?s=96&d=mm&r=g\",\"caption\":\"St\u00e9phane Miget\"},\"url\":\"https:\\\/\\\/batijournal.com\\\/index.php\\\/author\\\/stephane\\\/\"}]}<\/script>\n<!-- \/ Yoast SEO plugin. -->","yoast_head_json":{"title":"Risques d'une exposition aux champs \u00e9lectromagn\u00e9tiques","description":"L\u2019Anses vient de publier une nouvelle expertise sur les effets sanitaires li\u00e9s \u00e0 l\u2019exposition aux champs \u00e9lectromagn\u00e9tiques basses fr\u00e9quences","robots":{"index":"index","follow":"follow","max-snippet":"max-snippet:-1","max-image-preview":"max-image-preview:large","max-video-preview":"max-video-preview:-1"},"canonical":"https:\/\/batijournal.com\/index.php\/risques-dune-exposition-aux-champs-electromagnetiques-basses-frequences\/102473\/","og_locale":"fr_FR","og_type":"article","og_title":"Risques d'une exposition aux champs \u00e9lectromagn\u00e9tiques","og_description":"L\u2019Anses vient de publier une nouvelle expertise sur les effets sanitaires li\u00e9s \u00e0 l\u2019exposition aux champs \u00e9lectromagn\u00e9tiques basses fr\u00e9quences","og_url":"https:\/\/batijournal.com\/index.php\/risques-dune-exposition-aux-champs-electromagnetiques-basses-frequences\/102473\/","og_site_name":"Batijournal","article_published_time":"2019-06-24T05:53:46+00:00","article_modified_time":"2019-07-15T09:03:38+00:00","og_image":[{"width":1200,"height":728,"url":"https:\/\/batijournal.com\/wp-content\/uploads\/2019\/06\/pylone-electrique-reseau-electricite.jpg","type":"image\/jpeg"}],"author":"St\u00e9phane Miget","twitter_card":"summary_large_image","twitter_creator":"@bati_journal","twitter_site":"@bati_journal","twitter_misc":{"\u00c9crit par":"St\u00e9phane Miget","Dur\u00e9e de lecture estim\u00e9e":"1 minute"},"schema":{"@context":"https:\/\/schema.org","@graph":[{"@type":"Article","@id":"https:\/\/batijournal.com\/index.php\/risques-dune-exposition-aux-champs-electromagnetiques-basses-frequences\/102473\/#article","isPartOf":{"@id":"https:\/\/batijournal.com\/index.php\/risques-dune-exposition-aux-champs-electromagnetiques-basses-frequences\/102473\/"},"author":{"name":"St\u00e9phane Miget","@id":"https:\/\/batijournal.com\/#\/schema\/person\/1dc96ec6957aa1ccb25ebe78bb19f100"},"headline":"Risques d&rsquo;une exposition aux champs \u00e9lectromagn\u00e9tiques basses fr\u00e9quences","datePublished":"2019-06-24T05:53:46+00:00","dateModified":"2019-07-15T09:03:38+00:00","mainEntityOfPage":{"@id":"https:\/\/batijournal.com\/index.php\/risques-dune-exposition-aux-champs-electromagnetiques-basses-frequences\/102473\/"},"wordCount":262,"image":{"@id":"https:\/\/batijournal.com\/index.php\/risques-dune-exposition-aux-champs-electromagnetiques-basses-frequences\/102473\/#primaryimage"},"thumbnailUrl":"https:\/\/batijournal.com\/wp-content\/uploads\/2019\/06\/pylone-electrique-reseau-electricite.jpg","keywords":["\u00e9lectricit\u00e9","r\u00e9seaux"],"articleSection":["Actualit\u00e9s","\u00c9nergie &amp; Environnement"],"inLanguage":"fr-FR"},{"@type":"WebPage","@id":"https:\/\/batijournal.com\/index.php\/risques-dune-exposition-aux-champs-electromagnetiques-basses-frequences\/102473\/","url":"https:\/\/batijournal.com\/index.php\/risques-dune-exposition-aux-champs-electromagnetiques-basses-frequences\/102473\/","name":"Risques d'une exposition aux champs \u00e9lectromagn\u00e9tiques","isPartOf":{"@id":"https:\/\/batijournal.com\/#website"},"primaryImageOfPage":{"@id":"https:\/\/batijournal.com\/index.php\/risques-dune-exposition-aux-champs-electromagnetiques-basses-frequences\/102473\/#primaryimage"},"image":{"@id":"https:\/\/batijournal.com\/index.php\/risques-dune-exposition-aux-champs-electromagnetiques-basses-frequences\/102473\/#primaryimage"},"thumbnailUrl":"https:\/\/batijournal.com\/wp-content\/uploads\/2019\/06\/pylone-electrique-reseau-electricite.jpg","datePublished":"2019-06-24T05:53:46+00:00","dateModified":"2019-07-15T09:03:38+00:00","author":{"@id":"https:\/\/batijournal.com\/#\/schema\/person\/1dc96ec6957aa1ccb25ebe78bb19f100"},"description":"L\u2019Anses vient de publier une nouvelle expertise sur les effets sanitaires li\u00e9s \u00e0 l\u2019exposition aux champs \u00e9lectromagn\u00e9tiques basses fr\u00e9quences","breadcrumb":{"@id":"https:\/\/batijournal.com\/index.php\/risques-dune-exposition-aux-champs-electromagnetiques-basses-frequences\/102473\/#breadcrumb"},"inLanguage":"fr-FR","potentialAction":[{"@type":"ReadAction","target":["https:\/\/batijournal.com\/index.php\/risques-dune-exposition-aux-champs-electromagnetiques-basses-frequences\/102473\/"]}]},{"@type":"ImageObject","inLanguage":"fr-FR","@id":"https:\/\/batijournal.com\/index.php\/risques-dune-exposition-aux-champs-electromagnetiques-basses-frequences\/102473\/#primaryimage","url":"https:\/\/batijournal.com\/wp-content\/uploads\/2019\/06\/pylone-electrique-reseau-electricite.jpg","contentUrl":"https:\/\/batijournal.com\/wp-content\/uploads\/2019\/06\/pylone-electrique-reseau-electricite.jpg","width":1200,"height":728},{"@type":"BreadcrumbList","@id":"https:\/\/batijournal.com\/index.php\/risques-dune-exposition-aux-champs-electromagnetiques-basses-frequences\/102473\/#breadcrumb","itemListElement":[{"@type":"ListItem","position":1,"name":"Accueil","item":"https:\/\/batijournal.com\/"},{"@type":"ListItem","position":2,"name":"Actualit\u00e9s","item":"https:\/\/batijournal.com\/index.php\/category\/actualites\/"},{"@type":"ListItem","position":3,"name":"Risques d&rsquo;une exposition aux champs \u00e9lectromagn\u00e9tiques basses fr\u00e9quences"}]},{"@type":"WebSite","@id":"https:\/\/batijournal.com\/#website","url":"https:\/\/batijournal.com\/","name":"Batijournal","description":"L&#039;actualit\u00e9 du b\u00e2timent","potentialAction":[{"@type":"SearchAction","target":{"@type":"EntryPoint","urlTemplate":"https:\/\/batijournal.com\/?s={search_term_string}"},"query-input":{"@type":"PropertyValueSpecification","valueRequired":true,"valueName":"search_term_string"}}],"inLanguage":"fr-FR"},{"@type":"Person","@id":"https:\/\/batijournal.com\/#\/schema\/person\/1dc96ec6957aa1ccb25ebe78bb19f100","name":"St\u00e9phane Miget","image":{"@type":"ImageObject","inLanguage":"fr-FR","@id":"https:\/\/secure.gravatar.com\/avatar\/89915563d925342126b8ef0281b93d9d7fc337043e8df017f780908eb9644451?s=96&d=mm&r=g","url":"https:\/\/secure.gravatar.com\/avatar\/89915563d925342126b8ef0281b93d9d7fc337043e8df017f780908eb9644451?s=96&d=mm&r=g","contentUrl":"https:\/\/secure.gravatar.com\/avatar\/89915563d925342126b8ef0281b93d9d7fc337043e8df017f780908eb9644451?s=96&d=mm&r=g","caption":"St\u00e9phane Miget"},"url":"https:\/\/batijournal.com\/index.php\/author\/stephane\/"}]}},"_links":{"self":[{"href":"https:\/\/batijournal.com\/index.php\/wp-json\/wp\/v2\/posts\/102473","targetHints":{"allow":["GET"]}}],"collection":[{"href":"https:\/\/batijournal.com\/index.php\/wp-json\/wp\/v2\/posts"}],"about":[{"href":"https:\/\/batijournal.com\/index.php\/wp-json\/wp\/v2\/types\/post"}],"author":[{"embeddable":true,"href":"https:\/\/batijournal.com\/index.php\/wp-json\/wp\/v2\/users\/17"}],"replies":[{"embeddable":true,"href":"https:\/\/batijournal.com\/index.php\/wp-json\/wp\/v2\/comments?post=102473"}],"version-history":[{"count":0,"href":"https:\/\/batijournal.com\/index.php\/wp-json\/wp\/v2\/posts\/102473\/revisions"}],"wp:featuredmedia":[{"embeddable":true,"href":"https:\/\/batijournal.com\/index.php\/wp-json\/wp\/v2\/media\/102474"}],"wp:attachment":[{"href":"https:\/\/batijournal.com\/index.php\/wp-json\/wp\/v2\/media?parent=102473"}],"wp:term":[{"taxonomy":"category","embeddable":true,"href":"https:\/\/batijournal.com\/index.php\/wp-json\/wp\/v2\/categories?post=102473"},{"taxonomy":"post_tag","embeddable":true,"href":"https:\/\/batijournal.com\/index.php\/wp-json\/wp\/v2\/tags?post=102473"}],"curies":[{"name":"wp","href":"https:\/\/api.w.org\/{rel}","templated":true}]}}