{"id":102479,"date":"2019-06-24T17:44:26","date_gmt":"2019-06-24T15:44:26","guid":{"rendered":"https:\/\/batijournal.com\/?p=102479"},"modified":"2019-06-24T17:44:26","modified_gmt":"2019-06-24T15:44:26","slug":"un-incendie-a-dinan-a-ravage-une-maison-classee-monument-historique","status":"publish","type":"post","link":"https:\/\/batijournal.com\/index.php\/un-incendie-a-dinan-a-ravage-une-maison-classee-monument-historique\/102479\/","title":{"rendered":"Un incendie \u00e0 Dinan a ravag\u00e9 une maison class\u00e9e monument historique"},"content":{"rendered":"<p><strong>Dans la nuit du samedi 22 juin au dimanche 23 juin, un incendie a ravag\u00e9 la maison de la M\u00e8re Pourcel. Plus d&rsquo;une cinquantaine de pompiers se sont mobilis\u00e9s pour \u00e9teindre le feu. L&rsquo;incendie a dur\u00e9 jusqu&rsquo;\u00e0 7h du matin.<\/strong><\/p>\n<p>La \u00ab\u00a0Maison Pourcel\u00a0\u00bb a \u00e9t\u00e9 construite en 1458, place des Merciers et abritait un restaurant \u00ab\u00a0Chez la M\u00e8re Pourcel\u00a0\u00bb. Alfred et Virginie Pourcel sont les fondateurs du restaurant dans lequel ils ont \u00e9volu\u00e9 dans leur passion d&rsquo;aubergiste et de M\u00e8re Cuisini\u00e8re. La maison, quant \u00e0 elle, venait tout juste d&rsquo;\u00eatre dat\u00e9e gr\u00e2ce \u00e0 une m\u00e9thode qui permet de d\u00e9terminer l&rsquo;\u00e2ge du bois avec ses anneaux de croissance.<\/p>\n<p>C&rsquo;est dans la nuit du 22 au 23 juin que la restauratrice a donn\u00e9 l&rsquo;alerte apr\u00e8s avoir entendu l&rsquo;alarme incendie. Plus de cinquante pompiers sont intervenus, pour \u00e9teindre l&rsquo;incendie. Les pompiers ont secouru 3 personnes et un pompier a \u00e9t\u00e9 bless\u00e9. Le patrimoine de Dinan vient tout juste de perdre un monument embl\u00e9matique de sa ville.<\/p>\n","protected":false},"excerpt":{"rendered":"<p>Dans la nuit du samedi 22 juin au dimanche 23 juin, un incendie a ravag\u00e9 la maison de la M\u00e8re Pourcel. Plus d&rsquo;une cinquantaine de pompiers se sont mobilis\u00e9s pour \u00e9teindre le feu. L&rsquo;incendie a dur\u00e9 jusqu&rsquo;\u00e0 7h du matin. La \u00ab\u00a0Maison Pourcel\u00a0\u00bb a \u00e9t\u00e9 construite en 1458, place des Merciers et abritait un restaurant [&hellip;]<\/p>\n","protected":false},"author":1,"featured_media":102480,"comment_status":"closed","ping_status":"closed","sticky":false,"template":"","format":"standard","meta":{"_et_pb_use_builder":"","_et_pb_old_content":"","_et_gb_content_width":"","footnotes":""},"categories":[10530,10789,10785],"tags":[12808,3348,5399,11042],"class_list":["post-102479","post","type-post","status-publish","format-standard","has-post-thumbnail","hentry","category-actualites","category-publications-atrium","category-atrium","tag-dinan","tag-incendie","tag-monument","tag-patrimoine"],"yoast_head":"<!-- This site is optimized with the Yoast SEO plugin v27.4 - https:\/\/yoast.com\/product\/yoast-seo-wordpress\/ -->\n<title>Un incendie \u00e0 Dinan a ravag\u00e9 une maison class\u00e9e monument historique<\/title>\n<meta name=\"description\" content=\"Samedi 22 juin 2019, un incendie a ravag\u00e9 la maison de la M\u00e8re Pourcel. Plus d&#039;une cinquantaine de pompiers se sont mobilis\u00e9s pour \u00e9teindre le feu.\" \/>\n<meta name=\"robots\" content=\"index, follow, max-snippet:-1, max-image-preview:large, max-video-preview:-1\" \/>\n<link rel=\"canonical\" href=\"https:\/\/batijournal.com\/index.php\/un-incendie-a-dinan-a-ravage-une-maison-classee-monument-historique\/102479\/\" \/>\n<meta property=\"og:locale\" content=\"fr_FR\" \/>\n<meta property=\"og:type\" content=\"article\" \/>\n<meta property=\"og:title\" content=\"Un incendie \u00e0 Dinan a ravag\u00e9 une maison class\u00e9e monument historique\" \/>\n<meta property=\"og:description\" content=\"Samedi 22 juin 2019, un incendie a ravag\u00e9 la maison de la M\u00e8re Pourcel. Plus d&#039;une cinquantaine de pompiers se sont mobilis\u00e9s pour \u00e9teindre le feu.\" \/>\n<meta property=\"og:url\" content=\"https:\/\/batijournal.com\/index.php\/un-incendie-a-dinan-a-ravage-une-maison-classee-monument-historique\/102479\/\" \/>\n<meta property=\"og:site_name\" content=\"Batijournal\" \/>\n<meta property=\"article:published_time\" content=\"2019-06-24T15:44:26+00:00\" \/>\n<meta property=\"og:image\" content=\"https:\/\/batijournal.com\/wp-content\/uploads\/2019\/06\/incendie-a-dinan.jpg\" \/>\n\t<meta property=\"og:image:width\" content=\"1200\" \/>\n\t<meta property=\"og:image:height\" content=\"900\" \/>\n\t<meta property=\"og:image:type\" content=\"image\/jpeg\" \/>\n<meta name=\"author\" content=\"Bati-journal\" \/>\n<meta name=\"twitter:card\" content=\"summary_large_image\" \/>\n<meta name=\"twitter:creator\" content=\"@bati_journal\" \/>\n<meta name=\"twitter:site\" content=\"@bati_journal\" \/>\n<meta name=\"twitter:label1\" content=\"\u00c9crit par\" \/>\n\t<meta name=\"twitter:data1\" content=\"Bati-journal\" \/>\n\t<meta name=\"twitter:label2\" content=\"Dur\u00e9e de lecture estim\u00e9e\" \/>\n\t<meta name=\"twitter:data2\" content=\"1 minute\" \/>\n<script type=\"application\/ld+json\" class=\"yoast-schema-graph\">{\"@context\":\"https:\\\/\\\/schema.org\",\"@graph\":[{\"@type\":\"Article\",\"@id\":\"https:\\\/\\\/batijournal.com\\\/index.php\\\/un-incendie-a-dinan-a-ravage-une-maison-classee-monument-historique\\\/102479\\\/#article\",\"isPartOf\":{\"@id\":\"https:\\\/\\\/batijournal.com\\\/index.php\\\/un-incendie-a-dinan-a-ravage-une-maison-classee-monument-historique\\\/102479\\\/\"},\"author\":{\"name\":\"Bati-journal\",\"@id\":\"https:\\\/\\\/batijournal.com\\\/#\\\/schema\\\/person\\\/6a657e8967569e1b299972574848aa76\"},\"headline\":\"Un incendie \u00e0 Dinan a ravag\u00e9 une maison class\u00e9e monument historique\",\"datePublished\":\"2019-06-24T15:44:26+00:00\",\"mainEntityOfPage\":{\"@id\":\"https:\\\/\\\/batijournal.com\\\/index.php\\\/un-incendie-a-dinan-a-ravage-une-maison-classee-monument-historique\\\/102479\\\/\"},\"wordCount\":186,\"image\":{\"@id\":\"https:\\\/\\\/batijournal.com\\\/index.php\\\/un-incendie-a-dinan-a-ravage-une-maison-classee-monument-historique\\\/102479\\\/#primaryimage\"},\"thumbnailUrl\":\"https:\\\/\\\/batijournal.com\\\/wp-content\\\/uploads\\\/2019\\\/06\\\/incendie-a-dinan.jpg\",\"keywords\":[\"Dinan\",\"incendie\",\"monument\",\"patrimoine\"],\"articleSection\":[\"Actualit\u00e9s\",\"zz_Actualit\u00e9s - Atrium\",\"zz_Atrium Patrimoine\"],\"inLanguage\":\"fr-FR\"},{\"@type\":\"WebPage\",\"@id\":\"https:\\\/\\\/batijournal.com\\\/index.php\\\/un-incendie-a-dinan-a-ravage-une-maison-classee-monument-historique\\\/102479\\\/\",\"url\":\"https:\\\/\\\/batijournal.com\\\/index.php\\\/un-incendie-a-dinan-a-ravage-une-maison-classee-monument-historique\\\/102479\\\/\",\"name\":\"Un incendie \u00e0 Dinan a ravag\u00e9 une maison class\u00e9e monument historique\",\"isPartOf\":{\"@id\":\"https:\\\/\\\/batijournal.com\\\/#website\"},\"primaryImageOfPage\":{\"@id\":\"https:\\\/\\\/batijournal.com\\\/index.php\\\/un-incendie-a-dinan-a-ravage-une-maison-classee-monument-historique\\\/102479\\\/#primaryimage\"},\"image\":{\"@id\":\"https:\\\/\\\/batijournal.com\\\/index.php\\\/un-incendie-a-dinan-a-ravage-une-maison-classee-monument-historique\\\/102479\\\/#primaryimage\"},\"thumbnailUrl\":\"https:\\\/\\\/batijournal.com\\\/wp-content\\\/uploads\\\/2019\\\/06\\\/incendie-a-dinan.jpg\",\"datePublished\":\"2019-06-24T15:44:26+00:00\",\"author\":{\"@id\":\"https:\\\/\\\/batijournal.com\\\/#\\\/schema\\\/person\\\/6a657e8967569e1b299972574848aa76\"},\"description\":\"Samedi 22 juin 2019, un incendie a ravag\u00e9 la maison de la M\u00e8re Pourcel. Plus d'une cinquantaine de pompiers se sont mobilis\u00e9s pour \u00e9teindre le feu.\",\"breadcrumb\":{\"@id\":\"https:\\\/\\\/batijournal.com\\\/index.php\\\/un-incendie-a-dinan-a-ravage-une-maison-classee-monument-historique\\\/102479\\\/#breadcrumb\"},\"inLanguage\":\"fr-FR\",\"potentialAction\":[{\"@type\":\"ReadAction\",\"target\":[\"https:\\\/\\\/batijournal.com\\\/index.php\\\/un-incendie-a-dinan-a-ravage-une-maison-classee-monument-historique\\\/102479\\\/\"]}]},{\"@type\":\"ImageObject\",\"inLanguage\":\"fr-FR\",\"@id\":\"https:\\\/\\\/batijournal.com\\\/index.php\\\/un-incendie-a-dinan-a-ravage-une-maison-classee-monument-historique\\\/102479\\\/#primaryimage\",\"url\":\"https:\\\/\\\/batijournal.com\\\/wp-content\\\/uploads\\\/2019\\\/06\\\/incendie-a-dinan.jpg\",\"contentUrl\":\"https:\\\/\\\/batijournal.com\\\/wp-content\\\/uploads\\\/2019\\\/06\\\/incendie-a-dinan.jpg\",\"width\":1200,\"height\":900},{\"@type\":\"BreadcrumbList\",\"@id\":\"https:\\\/\\\/batijournal.com\\\/index.php\\\/un-incendie-a-dinan-a-ravage-une-maison-classee-monument-historique\\\/102479\\\/#breadcrumb\",\"itemListElement\":[{\"@type\":\"ListItem\",\"position\":1,\"name\":\"Accueil\",\"item\":\"https:\\\/\\\/batijournal.com\\\/\"},{\"@type\":\"ListItem\",\"position\":2,\"name\":\"Actualit\u00e9s\",\"item\":\"https:\\\/\\\/batijournal.com\\\/index.php\\\/category\\\/actualites\\\/\"},{\"@type\":\"ListItem\",\"position\":3,\"name\":\"Un incendie \u00e0 Dinan a ravag\u00e9 une maison class\u00e9e monument historique\"}]},{\"@type\":\"WebSite\",\"@id\":\"https:\\\/\\\/batijournal.com\\\/#website\",\"url\":\"https:\\\/\\\/batijournal.com\\\/\",\"name\":\"Batijournal\",\"description\":\"L&#039;actualit\u00e9 du b\u00e2timent\",\"potentialAction\":[{\"@type\":\"SearchAction\",\"target\":{\"@type\":\"EntryPoint\",\"urlTemplate\":\"https:\\\/\\\/batijournal.com\\\/?s={search_term_string}\"},\"query-input\":{\"@type\":\"PropertyValueSpecification\",\"valueRequired\":true,\"valueName\":\"search_term_string\"}}],\"inLanguage\":\"fr-FR\"},{\"@type\":\"Person\",\"@id\":\"https:\\\/\\\/batijournal.com\\\/#\\\/schema\\\/person\\\/6a657e8967569e1b299972574848aa76\",\"name\":\"Bati-journal\",\"image\":{\"@type\":\"ImageObject\",\"inLanguage\":\"fr-FR\",\"@id\":\"https:\\\/\\\/secure.gravatar.com\\\/avatar\\\/a64364ea26392f9b4dd47e017ddaec74ff03aefc073b49e492e847201258f777?s=96&d=mm&r=g\",\"url\":\"https:\\\/\\\/secure.gravatar.com\\\/avatar\\\/a64364ea26392f9b4dd47e017ddaec74ff03aefc073b49e492e847201258f777?s=96&d=mm&r=g\",\"contentUrl\":\"https:\\\/\\\/secure.gravatar.com\\\/avatar\\\/a64364ea26392f9b4dd47e017ddaec74ff03aefc073b49e492e847201258f777?s=96&d=mm&r=g\",\"caption\":\"Bati-journal\"},\"url\":\"https:\\\/\\\/batijournal.com\\\/index.php\\\/author\\\/elodie\\\/\"}]}<\/script>\n<!-- \/ Yoast SEO plugin. -->","yoast_head_json":{"title":"Un incendie \u00e0 Dinan a ravag\u00e9 une maison class\u00e9e monument historique","description":"Samedi 22 juin 2019, un incendie a ravag\u00e9 la maison de la M\u00e8re Pourcel. Plus d'une cinquantaine de pompiers se sont mobilis\u00e9s pour \u00e9teindre le feu.","robots":{"index":"index","follow":"follow","max-snippet":"max-snippet:-1","max-image-preview":"max-image-preview:large","max-video-preview":"max-video-preview:-1"},"canonical":"https:\/\/batijournal.com\/index.php\/un-incendie-a-dinan-a-ravage-une-maison-classee-monument-historique\/102479\/","og_locale":"fr_FR","og_type":"article","og_title":"Un incendie \u00e0 Dinan a ravag\u00e9 une maison class\u00e9e monument historique","og_description":"Samedi 22 juin 2019, un incendie a ravag\u00e9 la maison de la M\u00e8re Pourcel. Plus d'une cinquantaine de pompiers se sont mobilis\u00e9s pour \u00e9teindre le feu.","og_url":"https:\/\/batijournal.com\/index.php\/un-incendie-a-dinan-a-ravage-une-maison-classee-monument-historique\/102479\/","og_site_name":"Batijournal","article_published_time":"2019-06-24T15:44:26+00:00","og_image":[{"width":1200,"height":900,"url":"https:\/\/batijournal.com\/wp-content\/uploads\/2019\/06\/incendie-a-dinan.jpg","type":"image\/jpeg"}],"author":"Bati-journal","twitter_card":"summary_large_image","twitter_creator":"@bati_journal","twitter_site":"@bati_journal","twitter_misc":{"\u00c9crit par":"Bati-journal","Dur\u00e9e de lecture estim\u00e9e":"1 minute"},"schema":{"@context":"https:\/\/schema.org","@graph":[{"@type":"Article","@id":"https:\/\/batijournal.com\/index.php\/un-incendie-a-dinan-a-ravage-une-maison-classee-monument-historique\/102479\/#article","isPartOf":{"@id":"https:\/\/batijournal.com\/index.php\/un-incendie-a-dinan-a-ravage-une-maison-classee-monument-historique\/102479\/"},"author":{"name":"Bati-journal","@id":"https:\/\/batijournal.com\/#\/schema\/person\/6a657e8967569e1b299972574848aa76"},"headline":"Un incendie \u00e0 Dinan a ravag\u00e9 une maison class\u00e9e monument historique","datePublished":"2019-06-24T15:44:26+00:00","mainEntityOfPage":{"@id":"https:\/\/batijournal.com\/index.php\/un-incendie-a-dinan-a-ravage-une-maison-classee-monument-historique\/102479\/"},"wordCount":186,"image":{"@id":"https:\/\/batijournal.com\/index.php\/un-incendie-a-dinan-a-ravage-une-maison-classee-monument-historique\/102479\/#primaryimage"},"thumbnailUrl":"https:\/\/batijournal.com\/wp-content\/uploads\/2019\/06\/incendie-a-dinan.jpg","keywords":["Dinan","incendie","monument","patrimoine"],"articleSection":["Actualit\u00e9s","zz_Actualit\u00e9s - Atrium","zz_Atrium Patrimoine"],"inLanguage":"fr-FR"},{"@type":"WebPage","@id":"https:\/\/batijournal.com\/index.php\/un-incendie-a-dinan-a-ravage-une-maison-classee-monument-historique\/102479\/","url":"https:\/\/batijournal.com\/index.php\/un-incendie-a-dinan-a-ravage-une-maison-classee-monument-historique\/102479\/","name":"Un incendie \u00e0 Dinan a ravag\u00e9 une maison class\u00e9e monument historique","isPartOf":{"@id":"https:\/\/batijournal.com\/#website"},"primaryImageOfPage":{"@id":"https:\/\/batijournal.com\/index.php\/un-incendie-a-dinan-a-ravage-une-maison-classee-monument-historique\/102479\/#primaryimage"},"image":{"@id":"https:\/\/batijournal.com\/index.php\/un-incendie-a-dinan-a-ravage-une-maison-classee-monument-historique\/102479\/#primaryimage"},"thumbnailUrl":"https:\/\/batijournal.com\/wp-content\/uploads\/2019\/06\/incendie-a-dinan.jpg","datePublished":"2019-06-24T15:44:26+00:00","author":{"@id":"https:\/\/batijournal.com\/#\/schema\/person\/6a657e8967569e1b299972574848aa76"},"description":"Samedi 22 juin 2019, un incendie a ravag\u00e9 la maison de la M\u00e8re Pourcel. Plus d'une cinquantaine de pompiers se sont mobilis\u00e9s pour \u00e9teindre le feu.","breadcrumb":{"@id":"https:\/\/batijournal.com\/index.php\/un-incendie-a-dinan-a-ravage-une-maison-classee-monument-historique\/102479\/#breadcrumb"},"inLanguage":"fr-FR","potentialAction":[{"@type":"ReadAction","target":["https:\/\/batijournal.com\/index.php\/un-incendie-a-dinan-a-ravage-une-maison-classee-monument-historique\/102479\/"]}]},{"@type":"ImageObject","inLanguage":"fr-FR","@id":"https:\/\/batijournal.com\/index.php\/un-incendie-a-dinan-a-ravage-une-maison-classee-monument-historique\/102479\/#primaryimage","url":"https:\/\/batijournal.com\/wp-content\/uploads\/2019\/06\/incendie-a-dinan.jpg","contentUrl":"https:\/\/batijournal.com\/wp-content\/uploads\/2019\/06\/incendie-a-dinan.jpg","width":1200,"height":900},{"@type":"BreadcrumbList","@id":"https:\/\/batijournal.com\/index.php\/un-incendie-a-dinan-a-ravage-une-maison-classee-monument-historique\/102479\/#breadcrumb","itemListElement":[{"@type":"ListItem","position":1,"name":"Accueil","item":"https:\/\/batijournal.com\/"},{"@type":"ListItem","position":2,"name":"Actualit\u00e9s","item":"https:\/\/batijournal.com\/index.php\/category\/actualites\/"},{"@type":"ListItem","position":3,"name":"Un incendie \u00e0 Dinan a ravag\u00e9 une maison class\u00e9e monument historique"}]},{"@type":"WebSite","@id":"https:\/\/batijournal.com\/#website","url":"https:\/\/batijournal.com\/","name":"Batijournal","description":"L&#039;actualit\u00e9 du b\u00e2timent","potentialAction":[{"@type":"SearchAction","target":{"@type":"EntryPoint","urlTemplate":"https:\/\/batijournal.com\/?s={search_term_string}"},"query-input":{"@type":"PropertyValueSpecification","valueRequired":true,"valueName":"search_term_string"}}],"inLanguage":"fr-FR"},{"@type":"Person","@id":"https:\/\/batijournal.com\/#\/schema\/person\/6a657e8967569e1b299972574848aa76","name":"Bati-journal","image":{"@type":"ImageObject","inLanguage":"fr-FR","@id":"https:\/\/secure.gravatar.com\/avatar\/a64364ea26392f9b4dd47e017ddaec74ff03aefc073b49e492e847201258f777?s=96&d=mm&r=g","url":"https:\/\/secure.gravatar.com\/avatar\/a64364ea26392f9b4dd47e017ddaec74ff03aefc073b49e492e847201258f777?s=96&d=mm&r=g","contentUrl":"https:\/\/secure.gravatar.com\/avatar\/a64364ea26392f9b4dd47e017ddaec74ff03aefc073b49e492e847201258f777?s=96&d=mm&r=g","caption":"Bati-journal"},"url":"https:\/\/batijournal.com\/index.php\/author\/elodie\/"}]}},"_links":{"self":[{"href":"https:\/\/batijournal.com\/index.php\/wp-json\/wp\/v2\/posts\/102479","targetHints":{"allow":["GET"]}}],"collection":[{"href":"https:\/\/batijournal.com\/index.php\/wp-json\/wp\/v2\/posts"}],"about":[{"href":"https:\/\/batijournal.com\/index.php\/wp-json\/wp\/v2\/types\/post"}],"author":[{"embeddable":true,"href":"https:\/\/batijournal.com\/index.php\/wp-json\/wp\/v2\/users\/1"}],"replies":[{"embeddable":true,"href":"https:\/\/batijournal.com\/index.php\/wp-json\/wp\/v2\/comments?post=102479"}],"version-history":[{"count":0,"href":"https:\/\/batijournal.com\/index.php\/wp-json\/wp\/v2\/posts\/102479\/revisions"}],"wp:featuredmedia":[{"embeddable":true,"href":"https:\/\/batijournal.com\/index.php\/wp-json\/wp\/v2\/media\/102480"}],"wp:attachment":[{"href":"https:\/\/batijournal.com\/index.php\/wp-json\/wp\/v2\/media?parent=102479"}],"wp:term":[{"taxonomy":"category","embeddable":true,"href":"https:\/\/batijournal.com\/index.php\/wp-json\/wp\/v2\/categories?post=102479"},{"taxonomy":"post_tag","embeddable":true,"href":"https:\/\/batijournal.com\/index.php\/wp-json\/wp\/v2\/tags?post=102479"}],"curies":[{"name":"wp","href":"https:\/\/api.w.org\/{rel}","templated":true}]}}