{"id":102491,"date":"2019-06-26T06:26:56","date_gmt":"2019-06-26T04:26:56","guid":{"rendered":"https:\/\/batijournal.com\/?p=102491"},"modified":"2019-07-15T11:14:30","modified_gmt":"2019-07-15T09:14:30","slug":"des-vestiges-de-la-prehistoire-et-de-la-fin-du-moyen-age-en-loire-atlantique","status":"publish","type":"post","link":"https:\/\/batijournal.com\/index.php\/des-vestiges-de-la-prehistoire-et-de-la-fin-du-moyen-age-en-loire-atlantique\/102491\/","title":{"rendered":"Des vestiges de la pr\u00e9histoire et de la fin du moyen \u00e2ge en Loire-Atlantique"},"content":{"rendered":"<p><strong>Une \u00e9quipe de l\u2019Inrap explore un site de cinq hectares au lieu-dit La R\u00e9pennelais, \u00e0 Vritz (Loire-Atlantique), qui a connu plusieurs phases d\u2019occupation humaine, entre le N\u00e9olithique et la fin du Moyen \u00c2ge. Prescrite par le service r\u00e9gional de l\u2019arch\u00e9ologie (Drac Pays de la Loire), cette op\u00e9ration intervient dans le cadre de l\u2019autorisation d\u2019exploiter la sabli\u00e8re par le groupe LafargeHolcim.<\/strong><\/p>\n<p>Les tessons de c\u00e9ramiques les plus anciens qui ont \u00e9t\u00e9 d\u00e9couverts sur le site indiquent que ce dernier a \u00e9t\u00e9 fr\u00e9quent\u00e9 d\u00e8s la p\u00e9riode n\u00e9olithique, environ 4 500 ans avant notre \u00e8re. Une soixantaine de structures \u00e0 pierres chauff\u00e9es, \u00e9voquant des foyers \u00e0 vocation culinaire, t\u00e9moignent que le secteur a \u00e9t\u00e9 \u00e0 nouveau occup\u00e9 cinq cents ans plus tard. Quelques creusements sembleraient sugg\u00e9rer la pr\u00e9sence d&rsquo;un habitat contemporain de ces structures.<br \/>\nEnviron 3000 ans avant notre \u00e8re, l\u2019Homme s\u2019implante de nouveau, laissant comme traces plusieurs excavations et des vestiges mobiliers abondants : silex taill\u00e9s, meules en pierre et tessons de c\u00e9ramiques.<br \/>\nPlus proches de nous, quelques foss\u00e9s datant de la Protohistoire, et notamment de la p\u00e9riode gauloise (de -400 \u00e0 -52), ont aussi \u00e9t\u00e9 retrouv\u00e9s sur le site : ils laissent penser qu\u2019un habitat a pu se d\u00e9velopper non loin de l\u00e0, en dehors de l\u2019emprise de la fouille.<br \/>\nAux XIIe-XIIIe si\u00e8cles, le site, de nouveau occup\u00e9, est structur\u00e9 par un axe de cheminement est-ouest qui suit le fond de la vall\u00e9e et qui s\u2019est maintenu jusqu\u2019\u00e0 des p\u00e9riodes r\u00e9centes. De part et d\u2019autre de cet axe, un syst\u00e8me complexe de parcelles d\u00e9limit\u00e9es par des foss\u00e9s prend place. Au sud du chemin, trois p\u00f4les d\u2019habitats, espac\u00e9s d\u2019environ 80 m\u00e8tres les uns des autres et bord\u00e9s au sud par le ruisseau du Mandit, sont cr\u00e9\u00e9s. Des constructions b\u00e2ties sur poteaux de bois, dont certaines se superposent, ont \u00e9t\u00e9 mises au jour ; plusieurs d\u2019entre elles sont dot\u00e9es de parois p\u00e9riph\u00e9riques en abside. Ces habitats perdurent jusqu\u2019\u00e0 la fin du XIIIe ou d\u00e9but du XIVe si\u00e8cle.<\/p>\n<p>Photo : Puits m\u00e9di\u00e9val \u00a9 Eleonore Rubington, Inrap<\/p>\n<p>&nbsp;<\/p>\n","protected":false},"excerpt":{"rendered":"<p>Une \u00e9quipe de l\u2019Inrap explore un site de cinq hectares au lieu-dit La R\u00e9pennelais, \u00e0 Vritz (Loire-Atlantique), qui a connu plusieurs phases d\u2019occupation humaine, entre le N\u00e9olithique et la fin du Moyen \u00c2ge. Prescrite par le service r\u00e9gional de l\u2019arch\u00e9ologie (Drac Pays de la Loire), cette op\u00e9ration intervient dans le cadre de l\u2019autorisation d\u2019exploiter la [&hellip;]<\/p>\n","protected":false},"author":17,"featured_media":102492,"comment_status":"closed","ping_status":"closed","sticky":false,"template":"","format":"standard","meta":{"_et_pb_use_builder":"","_et_pb_old_content":"","_et_gb_content_width":"","footnotes":""},"categories":[10530,6340,10789,10785],"tags":[6454],"class_list":["post-102491","post","type-post","status-publish","format-standard","has-post-thumbnail","hentry","category-actualites","category-architecture-conception","category-publications-atrium","category-atrium","tag-inrap"],"yoast_head":"<!-- This site is optimized with the Yoast SEO plugin v27.4 - https:\/\/yoast.com\/product\/yoast-seo-wordpress\/ -->\n<title>Des vestiges de la pr\u00e9histoire et de la fin du moyen \u00e2ge en Loire-Atlantique<\/title>\n<meta name=\"description\" content=\"L\u2019Inrap explore un site de cinq hectares au lieu-dit La R\u00e9pennelais, \u00e0 Vritz, plusieurs phases d\u2019occupation entre N\u00e9olithique et fin du Moyen \u00c2ge\" \/>\n<meta name=\"robots\" content=\"index, follow, max-snippet:-1, max-image-preview:large, max-video-preview:-1\" \/>\n<link rel=\"canonical\" href=\"https:\/\/batijournal.com\/index.php\/des-vestiges-de-la-prehistoire-et-de-la-fin-du-moyen-age-en-loire-atlantique\/102491\/\" \/>\n<meta property=\"og:locale\" content=\"fr_FR\" \/>\n<meta property=\"og:type\" content=\"article\" \/>\n<meta property=\"og:title\" content=\"Des vestiges de la pr\u00e9histoire et de la fin du moyen \u00e2ge en Loire-Atlantique\" \/>\n<meta property=\"og:description\" content=\"L\u2019Inrap explore un site de cinq hectares au lieu-dit La R\u00e9pennelais, \u00e0 Vritz, plusieurs phases d\u2019occupation entre N\u00e9olithique et fin du Moyen \u00c2ge\" \/>\n<meta property=\"og:url\" content=\"https:\/\/batijournal.com\/index.php\/des-vestiges-de-la-prehistoire-et-de-la-fin-du-moyen-age-en-loire-atlantique\/102491\/\" \/>\n<meta property=\"og:site_name\" content=\"Batijournal\" \/>\n<meta property=\"article:published_time\" content=\"2019-06-26T04:26:56+00:00\" \/>\n<meta property=\"article:modified_time\" content=\"2019-07-15T09:14:30+00:00\" \/>\n<meta property=\"og:image\" content=\"https:\/\/batijournal.com\/wp-content\/uploads\/2019\/06\/vritz-puits.jpg\" \/>\n\t<meta property=\"og:image:width\" content=\"1920\" \/>\n\t<meta property=\"og:image:height\" content=\"1440\" \/>\n\t<meta property=\"og:image:type\" content=\"image\/jpeg\" \/>\n<meta name=\"author\" content=\"St\u00e9phane Miget\" \/>\n<meta name=\"twitter:card\" content=\"summary_large_image\" \/>\n<meta name=\"twitter:creator\" content=\"@bati_journal\" \/>\n<meta name=\"twitter:site\" content=\"@bati_journal\" \/>\n<meta name=\"twitter:label1\" content=\"\u00c9crit par\" \/>\n\t<meta name=\"twitter:data1\" content=\"St\u00e9phane Miget\" \/>\n\t<meta name=\"twitter:label2\" content=\"Dur\u00e9e de lecture estim\u00e9e\" \/>\n\t<meta name=\"twitter:data2\" content=\"2 minutes\" \/>\n<script type=\"application\/ld+json\" class=\"yoast-schema-graph\">{\"@context\":\"https:\\\/\\\/schema.org\",\"@graph\":[{\"@type\":\"Article\",\"@id\":\"https:\\\/\\\/batijournal.com\\\/index.php\\\/des-vestiges-de-la-prehistoire-et-de-la-fin-du-moyen-age-en-loire-atlantique\\\/102491\\\/#article\",\"isPartOf\":{\"@id\":\"https:\\\/\\\/batijournal.com\\\/index.php\\\/des-vestiges-de-la-prehistoire-et-de-la-fin-du-moyen-age-en-loire-atlantique\\\/102491\\\/\"},\"author\":{\"name\":\"St\u00e9phane Miget\",\"@id\":\"https:\\\/\\\/batijournal.com\\\/#\\\/schema\\\/person\\\/1dc96ec6957aa1ccb25ebe78bb19f100\"},\"headline\":\"Des vestiges de la pr\u00e9histoire et de la fin du moyen \u00e2ge en Loire-Atlantique\",\"datePublished\":\"2019-06-26T04:26:56+00:00\",\"dateModified\":\"2019-07-15T09:14:30+00:00\",\"mainEntityOfPage\":{\"@id\":\"https:\\\/\\\/batijournal.com\\\/index.php\\\/des-vestiges-de-la-prehistoire-et-de-la-fin-du-moyen-age-en-loire-atlantique\\\/102491\\\/\"},\"wordCount\":392,\"image\":{\"@id\":\"https:\\\/\\\/batijournal.com\\\/index.php\\\/des-vestiges-de-la-prehistoire-et-de-la-fin-du-moyen-age-en-loire-atlantique\\\/102491\\\/#primaryimage\"},\"thumbnailUrl\":\"https:\\\/\\\/batijournal.com\\\/wp-content\\\/uploads\\\/2019\\\/06\\\/vritz-puits.jpg\",\"keywords\":[\"inrap\"],\"articleSection\":[\"Actualit\u00e9s\",\"Architecture &amp; Conception\",\"zz_Actualit\u00e9s - Atrium\",\"zz_Atrium Patrimoine\"],\"inLanguage\":\"fr-FR\"},{\"@type\":\"WebPage\",\"@id\":\"https:\\\/\\\/batijournal.com\\\/index.php\\\/des-vestiges-de-la-prehistoire-et-de-la-fin-du-moyen-age-en-loire-atlantique\\\/102491\\\/\",\"url\":\"https:\\\/\\\/batijournal.com\\\/index.php\\\/des-vestiges-de-la-prehistoire-et-de-la-fin-du-moyen-age-en-loire-atlantique\\\/102491\\\/\",\"name\":\"Des vestiges de la pr\u00e9histoire et de la fin du moyen \u00e2ge en Loire-Atlantique\",\"isPartOf\":{\"@id\":\"https:\\\/\\\/batijournal.com\\\/#website\"},\"primaryImageOfPage\":{\"@id\":\"https:\\\/\\\/batijournal.com\\\/index.php\\\/des-vestiges-de-la-prehistoire-et-de-la-fin-du-moyen-age-en-loire-atlantique\\\/102491\\\/#primaryimage\"},\"image\":{\"@id\":\"https:\\\/\\\/batijournal.com\\\/index.php\\\/des-vestiges-de-la-prehistoire-et-de-la-fin-du-moyen-age-en-loire-atlantique\\\/102491\\\/#primaryimage\"},\"thumbnailUrl\":\"https:\\\/\\\/batijournal.com\\\/wp-content\\\/uploads\\\/2019\\\/06\\\/vritz-puits.jpg\",\"datePublished\":\"2019-06-26T04:26:56+00:00\",\"dateModified\":\"2019-07-15T09:14:30+00:00\",\"author\":{\"@id\":\"https:\\\/\\\/batijournal.com\\\/#\\\/schema\\\/person\\\/1dc96ec6957aa1ccb25ebe78bb19f100\"},\"description\":\"L\u2019Inrap explore un site de cinq hectares au lieu-dit La R\u00e9pennelais, \u00e0 Vritz, plusieurs phases d\u2019occupation entre N\u00e9olithique et fin du Moyen \u00c2ge\",\"breadcrumb\":{\"@id\":\"https:\\\/\\\/batijournal.com\\\/index.php\\\/des-vestiges-de-la-prehistoire-et-de-la-fin-du-moyen-age-en-loire-atlantique\\\/102491\\\/#breadcrumb\"},\"inLanguage\":\"fr-FR\",\"potentialAction\":[{\"@type\":\"ReadAction\",\"target\":[\"https:\\\/\\\/batijournal.com\\\/index.php\\\/des-vestiges-de-la-prehistoire-et-de-la-fin-du-moyen-age-en-loire-atlantique\\\/102491\\\/\"]}]},{\"@type\":\"ImageObject\",\"inLanguage\":\"fr-FR\",\"@id\":\"https:\\\/\\\/batijournal.com\\\/index.php\\\/des-vestiges-de-la-prehistoire-et-de-la-fin-du-moyen-age-en-loire-atlantique\\\/102491\\\/#primaryimage\",\"url\":\"https:\\\/\\\/batijournal.com\\\/wp-content\\\/uploads\\\/2019\\\/06\\\/vritz-puits.jpg\",\"contentUrl\":\"https:\\\/\\\/batijournal.com\\\/wp-content\\\/uploads\\\/2019\\\/06\\\/vritz-puits.jpg\",\"width\":1920,\"height\":1440},{\"@type\":\"BreadcrumbList\",\"@id\":\"https:\\\/\\\/batijournal.com\\\/index.php\\\/des-vestiges-de-la-prehistoire-et-de-la-fin-du-moyen-age-en-loire-atlantique\\\/102491\\\/#breadcrumb\",\"itemListElement\":[{\"@type\":\"ListItem\",\"position\":1,\"name\":\"Accueil\",\"item\":\"https:\\\/\\\/batijournal.com\\\/\"},{\"@type\":\"ListItem\",\"position\":2,\"name\":\"Actualit\u00e9s\",\"item\":\"https:\\\/\\\/batijournal.com\\\/index.php\\\/category\\\/actualites\\\/\"},{\"@type\":\"ListItem\",\"position\":3,\"name\":\"Des vestiges de la pr\u00e9histoire et de la fin du moyen \u00e2ge en Loire-Atlantique\"}]},{\"@type\":\"WebSite\",\"@id\":\"https:\\\/\\\/batijournal.com\\\/#website\",\"url\":\"https:\\\/\\\/batijournal.com\\\/\",\"name\":\"Batijournal\",\"description\":\"L&#039;actualit\u00e9 du b\u00e2timent\",\"potentialAction\":[{\"@type\":\"SearchAction\",\"target\":{\"@type\":\"EntryPoint\",\"urlTemplate\":\"https:\\\/\\\/batijournal.com\\\/?s={search_term_string}\"},\"query-input\":{\"@type\":\"PropertyValueSpecification\",\"valueRequired\":true,\"valueName\":\"search_term_string\"}}],\"inLanguage\":\"fr-FR\"},{\"@type\":\"Person\",\"@id\":\"https:\\\/\\\/batijournal.com\\\/#\\\/schema\\\/person\\\/1dc96ec6957aa1ccb25ebe78bb19f100\",\"name\":\"St\u00e9phane Miget\",\"image\":{\"@type\":\"ImageObject\",\"inLanguage\":\"fr-FR\",\"@id\":\"https:\\\/\\\/secure.gravatar.com\\\/avatar\\\/89915563d925342126b8ef0281b93d9d7fc337043e8df017f780908eb9644451?s=96&d=mm&r=g\",\"url\":\"https:\\\/\\\/secure.gravatar.com\\\/avatar\\\/89915563d925342126b8ef0281b93d9d7fc337043e8df017f780908eb9644451?s=96&d=mm&r=g\",\"contentUrl\":\"https:\\\/\\\/secure.gravatar.com\\\/avatar\\\/89915563d925342126b8ef0281b93d9d7fc337043e8df017f780908eb9644451?s=96&d=mm&r=g\",\"caption\":\"St\u00e9phane Miget\"},\"url\":\"https:\\\/\\\/batijournal.com\\\/index.php\\\/author\\\/stephane\\\/\"}]}<\/script>\n<!-- \/ Yoast SEO plugin. -->","yoast_head_json":{"title":"Des vestiges de la pr\u00e9histoire et de la fin du moyen \u00e2ge en Loire-Atlantique","description":"L\u2019Inrap explore un site de cinq hectares au lieu-dit La R\u00e9pennelais, \u00e0 Vritz, plusieurs phases d\u2019occupation entre N\u00e9olithique et fin du Moyen \u00c2ge","robots":{"index":"index","follow":"follow","max-snippet":"max-snippet:-1","max-image-preview":"max-image-preview:large","max-video-preview":"max-video-preview:-1"},"canonical":"https:\/\/batijournal.com\/index.php\/des-vestiges-de-la-prehistoire-et-de-la-fin-du-moyen-age-en-loire-atlantique\/102491\/","og_locale":"fr_FR","og_type":"article","og_title":"Des vestiges de la pr\u00e9histoire et de la fin du moyen \u00e2ge en Loire-Atlantique","og_description":"L\u2019Inrap explore un site de cinq hectares au lieu-dit La R\u00e9pennelais, \u00e0 Vritz, plusieurs phases d\u2019occupation entre N\u00e9olithique et fin du Moyen \u00c2ge","og_url":"https:\/\/batijournal.com\/index.php\/des-vestiges-de-la-prehistoire-et-de-la-fin-du-moyen-age-en-loire-atlantique\/102491\/","og_site_name":"Batijournal","article_published_time":"2019-06-26T04:26:56+00:00","article_modified_time":"2019-07-15T09:14:30+00:00","og_image":[{"width":1920,"height":1440,"url":"https:\/\/batijournal.com\/wp-content\/uploads\/2019\/06\/vritz-puits.jpg","type":"image\/jpeg"}],"author":"St\u00e9phane Miget","twitter_card":"summary_large_image","twitter_creator":"@bati_journal","twitter_site":"@bati_journal","twitter_misc":{"\u00c9crit par":"St\u00e9phane Miget","Dur\u00e9e de lecture estim\u00e9e":"2 minutes"},"schema":{"@context":"https:\/\/schema.org","@graph":[{"@type":"Article","@id":"https:\/\/batijournal.com\/index.php\/des-vestiges-de-la-prehistoire-et-de-la-fin-du-moyen-age-en-loire-atlantique\/102491\/#article","isPartOf":{"@id":"https:\/\/batijournal.com\/index.php\/des-vestiges-de-la-prehistoire-et-de-la-fin-du-moyen-age-en-loire-atlantique\/102491\/"},"author":{"name":"St\u00e9phane Miget","@id":"https:\/\/batijournal.com\/#\/schema\/person\/1dc96ec6957aa1ccb25ebe78bb19f100"},"headline":"Des vestiges de la pr\u00e9histoire et de la fin du moyen \u00e2ge en Loire-Atlantique","datePublished":"2019-06-26T04:26:56+00:00","dateModified":"2019-07-15T09:14:30+00:00","mainEntityOfPage":{"@id":"https:\/\/batijournal.com\/index.php\/des-vestiges-de-la-prehistoire-et-de-la-fin-du-moyen-age-en-loire-atlantique\/102491\/"},"wordCount":392,"image":{"@id":"https:\/\/batijournal.com\/index.php\/des-vestiges-de-la-prehistoire-et-de-la-fin-du-moyen-age-en-loire-atlantique\/102491\/#primaryimage"},"thumbnailUrl":"https:\/\/batijournal.com\/wp-content\/uploads\/2019\/06\/vritz-puits.jpg","keywords":["inrap"],"articleSection":["Actualit\u00e9s","Architecture &amp; Conception","zz_Actualit\u00e9s - Atrium","zz_Atrium Patrimoine"],"inLanguage":"fr-FR"},{"@type":"WebPage","@id":"https:\/\/batijournal.com\/index.php\/des-vestiges-de-la-prehistoire-et-de-la-fin-du-moyen-age-en-loire-atlantique\/102491\/","url":"https:\/\/batijournal.com\/index.php\/des-vestiges-de-la-prehistoire-et-de-la-fin-du-moyen-age-en-loire-atlantique\/102491\/","name":"Des vestiges de la pr\u00e9histoire et de la fin du moyen \u00e2ge en Loire-Atlantique","isPartOf":{"@id":"https:\/\/batijournal.com\/#website"},"primaryImageOfPage":{"@id":"https:\/\/batijournal.com\/index.php\/des-vestiges-de-la-prehistoire-et-de-la-fin-du-moyen-age-en-loire-atlantique\/102491\/#primaryimage"},"image":{"@id":"https:\/\/batijournal.com\/index.php\/des-vestiges-de-la-prehistoire-et-de-la-fin-du-moyen-age-en-loire-atlantique\/102491\/#primaryimage"},"thumbnailUrl":"https:\/\/batijournal.com\/wp-content\/uploads\/2019\/06\/vritz-puits.jpg","datePublished":"2019-06-26T04:26:56+00:00","dateModified":"2019-07-15T09:14:30+00:00","author":{"@id":"https:\/\/batijournal.com\/#\/schema\/person\/1dc96ec6957aa1ccb25ebe78bb19f100"},"description":"L\u2019Inrap explore un site de cinq hectares au lieu-dit La R\u00e9pennelais, \u00e0 Vritz, plusieurs phases d\u2019occupation entre N\u00e9olithique et fin du Moyen \u00c2ge","breadcrumb":{"@id":"https:\/\/batijournal.com\/index.php\/des-vestiges-de-la-prehistoire-et-de-la-fin-du-moyen-age-en-loire-atlantique\/102491\/#breadcrumb"},"inLanguage":"fr-FR","potentialAction":[{"@type":"ReadAction","target":["https:\/\/batijournal.com\/index.php\/des-vestiges-de-la-prehistoire-et-de-la-fin-du-moyen-age-en-loire-atlantique\/102491\/"]}]},{"@type":"ImageObject","inLanguage":"fr-FR","@id":"https:\/\/batijournal.com\/index.php\/des-vestiges-de-la-prehistoire-et-de-la-fin-du-moyen-age-en-loire-atlantique\/102491\/#primaryimage","url":"https:\/\/batijournal.com\/wp-content\/uploads\/2019\/06\/vritz-puits.jpg","contentUrl":"https:\/\/batijournal.com\/wp-content\/uploads\/2019\/06\/vritz-puits.jpg","width":1920,"height":1440},{"@type":"BreadcrumbList","@id":"https:\/\/batijournal.com\/index.php\/des-vestiges-de-la-prehistoire-et-de-la-fin-du-moyen-age-en-loire-atlantique\/102491\/#breadcrumb","itemListElement":[{"@type":"ListItem","position":1,"name":"Accueil","item":"https:\/\/batijournal.com\/"},{"@type":"ListItem","position":2,"name":"Actualit\u00e9s","item":"https:\/\/batijournal.com\/index.php\/category\/actualites\/"},{"@type":"ListItem","position":3,"name":"Des vestiges de la pr\u00e9histoire et de la fin du moyen \u00e2ge en Loire-Atlantique"}]},{"@type":"WebSite","@id":"https:\/\/batijournal.com\/#website","url":"https:\/\/batijournal.com\/","name":"Batijournal","description":"L&#039;actualit\u00e9 du b\u00e2timent","potentialAction":[{"@type":"SearchAction","target":{"@type":"EntryPoint","urlTemplate":"https:\/\/batijournal.com\/?s={search_term_string}"},"query-input":{"@type":"PropertyValueSpecification","valueRequired":true,"valueName":"search_term_string"}}],"inLanguage":"fr-FR"},{"@type":"Person","@id":"https:\/\/batijournal.com\/#\/schema\/person\/1dc96ec6957aa1ccb25ebe78bb19f100","name":"St\u00e9phane Miget","image":{"@type":"ImageObject","inLanguage":"fr-FR","@id":"https:\/\/secure.gravatar.com\/avatar\/89915563d925342126b8ef0281b93d9d7fc337043e8df017f780908eb9644451?s=96&d=mm&r=g","url":"https:\/\/secure.gravatar.com\/avatar\/89915563d925342126b8ef0281b93d9d7fc337043e8df017f780908eb9644451?s=96&d=mm&r=g","contentUrl":"https:\/\/secure.gravatar.com\/avatar\/89915563d925342126b8ef0281b93d9d7fc337043e8df017f780908eb9644451?s=96&d=mm&r=g","caption":"St\u00e9phane Miget"},"url":"https:\/\/batijournal.com\/index.php\/author\/stephane\/"}]}},"_links":{"self":[{"href":"https:\/\/batijournal.com\/index.php\/wp-json\/wp\/v2\/posts\/102491","targetHints":{"allow":["GET"]}}],"collection":[{"href":"https:\/\/batijournal.com\/index.php\/wp-json\/wp\/v2\/posts"}],"about":[{"href":"https:\/\/batijournal.com\/index.php\/wp-json\/wp\/v2\/types\/post"}],"author":[{"embeddable":true,"href":"https:\/\/batijournal.com\/index.php\/wp-json\/wp\/v2\/users\/17"}],"replies":[{"embeddable":true,"href":"https:\/\/batijournal.com\/index.php\/wp-json\/wp\/v2\/comments?post=102491"}],"version-history":[{"count":0,"href":"https:\/\/batijournal.com\/index.php\/wp-json\/wp\/v2\/posts\/102491\/revisions"}],"wp:featuredmedia":[{"embeddable":true,"href":"https:\/\/batijournal.com\/index.php\/wp-json\/wp\/v2\/media\/102492"}],"wp:attachment":[{"href":"https:\/\/batijournal.com\/index.php\/wp-json\/wp\/v2\/media?parent=102491"}],"wp:term":[{"taxonomy":"category","embeddable":true,"href":"https:\/\/batijournal.com\/index.php\/wp-json\/wp\/v2\/categories?post=102491"},{"taxonomy":"post_tag","embeddable":true,"href":"https:\/\/batijournal.com\/index.php\/wp-json\/wp\/v2\/tags?post=102491"}],"curies":[{"name":"wp","href":"https:\/\/api.w.org\/{rel}","templated":true}]}}