{"id":102496,"date":"2019-06-26T06:51:59","date_gmt":"2019-06-26T04:51:59","guid":{"rendered":"https:\/\/batijournal.com\/?p=102496"},"modified":"2019-07-15T11:14:29","modified_gmt":"2019-07-15T09:14:29","slug":"la-chapelle-daxe-de-la-cathedrale-saint-etienne-de-cahors-recemment-restauree","status":"publish","type":"post","link":"https:\/\/batijournal.com\/index.php\/la-chapelle-daxe-de-la-cathedrale-saint-etienne-de-cahors-recemment-restauree\/102496\/","title":{"rendered":"La chapelle d&rsquo;axe de la cath\u00e9drale Saint-\u00c9tienne de Cahors r\u00e9cemment restaur\u00e9e"},"content":{"rendered":"<p>La restauration de la chapelle d&rsquo;axe vient de s&rsquo;achever. Elle a \u00e9t\u00e9 rendue possible par la r\u00e9vision pr\u00e9alable des couvertures, achev\u00e9e en 2014. Apr\u00e8s un long temps d\u2019ass\u00e8chement, le d\u00e9cor et les peintures murales ont pu \u00eatre restaur\u00e9s. Les toiles maroufl\u00e9es histori\u00e9es, \u00e9galement restaur\u00e9es, ont \u00e9t\u00e9 r\u00e9install\u00e9es dans les niches pr\u00e9vues \u00e0 cet effet. L&rsquo;\u00e9clairage naturel a \u00e9t\u00e9 am\u00e9lior\u00e9 par le nettoyage de la verri\u00e8re, et l\u2019\u00e9clairage artificiel revu. La chapelle est maintenant cl\u00f4tur\u00e9e par une nouvelle grille, s\u2019inspirant de la table de communion du XIXe si\u00e8cle. Ce chantier prend tout son sens dans le cadre du 900e anniversaire de la cath\u00e9drale. L&rsquo;op\u00e9ration, d&rsquo;un montant de pr\u00e8s de 390 000 euros, enti\u00e8rement financ\u00e9e par l\u2019\u00c9tat, a \u00e9t\u00e9 r\u00e9alis\u00e9e sous la ma\u00eetrise d&rsquo;ouvrage de la Drac d\u2019Occitanie (CRMH) et dirig\u00e9e par Jean-Louis Rebi\u00e8re, architecte en chef des Monuments historiques.<\/p>\n<p>Les travaux ont \u00e9t\u00e9 ex\u00e9cut\u00e9s par une majorit\u00e9 d&rsquo;entreprises locales :<\/p>\n<p>charpente-couverture : groupement d&rsquo;entreprises Duplouy &#8211; Dubois (Laval-de-C\u00e8re, Lot) ;<br \/>\nvitraux : Queyrel (Montaigu-de-Quercy, Tarn-et-Garonne) ;<br \/>\nferronnerie : Malbrel (Capdenac, Lot) ;<br \/>\npeinture-d\u00e9cor : Marie-Lys de Castelbajac (Lot et Paris) ;<br \/>\narts du feu : De Chant-Viron (Asni\u00e8res-sur-Seine, Hauts-de-Seine) ;<br \/>\n\u00e9lectricit\u00e9-s\u00fbret\u00e9 : Montelec (Montauban, Tarn-et-Garonne)<\/p>\n<p>Source : Drac d\u2019Occitanie &#8211; Photo : La chapelle avant restauration &#8211; JF Peir\u00e9 &#8211; Drac d\u2019Occitanie<\/p>\n","protected":false},"excerpt":{"rendered":"<p>La restauration de la chapelle d&rsquo;axe vient de s&rsquo;achever. Elle a \u00e9t\u00e9 rendue possible par la r\u00e9vision pr\u00e9alable des couvertures, achev\u00e9e en 2014. Apr\u00e8s un long temps d\u2019ass\u00e8chement, le d\u00e9cor et les peintures murales ont pu \u00eatre restaur\u00e9s. Les toiles maroufl\u00e9es histori\u00e9es, \u00e9galement restaur\u00e9es, ont \u00e9t\u00e9 r\u00e9install\u00e9es dans les niches pr\u00e9vues \u00e0 cet effet. L&rsquo;\u00e9clairage [&hellip;]<\/p>\n","protected":false},"author":17,"featured_media":102495,"comment_status":"closed","ping_status":"closed","sticky":false,"template":"","format":"standard","meta":{"_et_pb_use_builder":"","_et_pb_old_content":"","_et_gb_content_width":"","footnotes":""},"categories":[10530,6340,10785,10787],"tags":[6376],"class_list":["post-102496","post","type-post","status-publish","format-standard","has-post-thumbnail","hentry","category-actualites","category-architecture-conception","category-atrium","category-entreprises-et-chantiers","tag-monument-historique"],"yoast_head":"<!-- This site is optimized with the Yoast SEO plugin v27.4 - https:\/\/yoast.com\/product\/yoast-seo-wordpress\/ -->\n<title>La chapelle d&#039;axe de la cath\u00e9drale Saint-\u00c9tienne r\u00e9cemment restaur\u00e9e<\/title>\n<meta name=\"description\" content=\"La restauration de la chapelle d&#039;axe vient de s&#039;achever. Elle a \u00e9t\u00e9 rendue possible par la r\u00e9vision pr\u00e9alable des couvertures, achev\u00e9e en 2014\" \/>\n<meta name=\"robots\" content=\"index, follow, max-snippet:-1, max-image-preview:large, max-video-preview:-1\" \/>\n<link rel=\"canonical\" href=\"https:\/\/batijournal.com\/index.php\/la-chapelle-daxe-de-la-cathedrale-saint-etienne-de-cahors-recemment-restauree\/102496\/\" \/>\n<meta property=\"og:locale\" content=\"fr_FR\" \/>\n<meta property=\"og:type\" content=\"article\" \/>\n<meta property=\"og:title\" content=\"La chapelle d&#039;axe de la cath\u00e9drale Saint-\u00c9tienne r\u00e9cemment restaur\u00e9e\" \/>\n<meta property=\"og:description\" content=\"La restauration de la chapelle d&#039;axe vient de s&#039;achever. Elle a \u00e9t\u00e9 rendue possible par la r\u00e9vision pr\u00e9alable des couvertures, achev\u00e9e en 2014\" \/>\n<meta property=\"og:url\" content=\"https:\/\/batijournal.com\/index.php\/la-chapelle-daxe-de-la-cathedrale-saint-etienne-de-cahors-recemment-restauree\/102496\/\" \/>\n<meta property=\"og:site_name\" content=\"Batijournal\" \/>\n<meta property=\"article:published_time\" content=\"2019-06-26T04:51:59+00:00\" \/>\n<meta property=\"article:modified_time\" content=\"2019-07-15T09:14:29+00:00\" \/>\n<meta property=\"og:image\" content=\"https:\/\/batijournal.com\/wp-content\/uploads\/2019\/06\/Chapelle-d-axe-avant-restauration.jpg\" \/>\n\t<meta property=\"og:image:width\" content=\"1600\" \/>\n\t<meta property=\"og:image:height\" content=\"899\" \/>\n\t<meta property=\"og:image:type\" content=\"image\/jpeg\" \/>\n<meta name=\"author\" content=\"St\u00e9phane Miget\" \/>\n<meta name=\"twitter:card\" content=\"summary_large_image\" \/>\n<meta name=\"twitter:creator\" content=\"@bati_journal\" \/>\n<meta name=\"twitter:site\" content=\"@bati_journal\" \/>\n<meta name=\"twitter:label1\" content=\"\u00c9crit par\" \/>\n\t<meta name=\"twitter:data1\" content=\"St\u00e9phane Miget\" \/>\n\t<meta name=\"twitter:label2\" content=\"Dur\u00e9e de lecture estim\u00e9e\" \/>\n\t<meta name=\"twitter:data2\" content=\"1 minute\" \/>\n<script type=\"application\/ld+json\" class=\"yoast-schema-graph\">{\"@context\":\"https:\\\/\\\/schema.org\",\"@graph\":[{\"@type\":\"Article\",\"@id\":\"https:\\\/\\\/batijournal.com\\\/index.php\\\/la-chapelle-daxe-de-la-cathedrale-saint-etienne-de-cahors-recemment-restauree\\\/102496\\\/#article\",\"isPartOf\":{\"@id\":\"https:\\\/\\\/batijournal.com\\\/index.php\\\/la-chapelle-daxe-de-la-cathedrale-saint-etienne-de-cahors-recemment-restauree\\\/102496\\\/\"},\"author\":{\"name\":\"St\u00e9phane Miget\",\"@id\":\"https:\\\/\\\/batijournal.com\\\/#\\\/schema\\\/person\\\/1dc96ec6957aa1ccb25ebe78bb19f100\"},\"headline\":\"La chapelle d&rsquo;axe de la cath\u00e9drale Saint-\u00c9tienne de Cahors r\u00e9cemment restaur\u00e9e\",\"datePublished\":\"2019-06-26T04:51:59+00:00\",\"dateModified\":\"2019-07-15T09:14:29+00:00\",\"mainEntityOfPage\":{\"@id\":\"https:\\\/\\\/batijournal.com\\\/index.php\\\/la-chapelle-daxe-de-la-cathedrale-saint-etienne-de-cahors-recemment-restauree\\\/102496\\\/\"},\"wordCount\":259,\"image\":{\"@id\":\"https:\\\/\\\/batijournal.com\\\/index.php\\\/la-chapelle-daxe-de-la-cathedrale-saint-etienne-de-cahors-recemment-restauree\\\/102496\\\/#primaryimage\"},\"thumbnailUrl\":\"https:\\\/\\\/batijournal.com\\\/wp-content\\\/uploads\\\/2019\\\/06\\\/Chapelle-d-axe-avant-restauration.jpg\",\"keywords\":[\"monument historique\"],\"articleSection\":[\"Actualit\u00e9s\",\"Architecture &amp; Conception\",\"zz_Atrium Patrimoine\",\"zz_Entreprises et chantiers - AC\"],\"inLanguage\":\"fr-FR\"},{\"@type\":\"WebPage\",\"@id\":\"https:\\\/\\\/batijournal.com\\\/index.php\\\/la-chapelle-daxe-de-la-cathedrale-saint-etienne-de-cahors-recemment-restauree\\\/102496\\\/\",\"url\":\"https:\\\/\\\/batijournal.com\\\/index.php\\\/la-chapelle-daxe-de-la-cathedrale-saint-etienne-de-cahors-recemment-restauree\\\/102496\\\/\",\"name\":\"La chapelle d'axe de la cath\u00e9drale Saint-\u00c9tienne r\u00e9cemment restaur\u00e9e\",\"isPartOf\":{\"@id\":\"https:\\\/\\\/batijournal.com\\\/#website\"},\"primaryImageOfPage\":{\"@id\":\"https:\\\/\\\/batijournal.com\\\/index.php\\\/la-chapelle-daxe-de-la-cathedrale-saint-etienne-de-cahors-recemment-restauree\\\/102496\\\/#primaryimage\"},\"image\":{\"@id\":\"https:\\\/\\\/batijournal.com\\\/index.php\\\/la-chapelle-daxe-de-la-cathedrale-saint-etienne-de-cahors-recemment-restauree\\\/102496\\\/#primaryimage\"},\"thumbnailUrl\":\"https:\\\/\\\/batijournal.com\\\/wp-content\\\/uploads\\\/2019\\\/06\\\/Chapelle-d-axe-avant-restauration.jpg\",\"datePublished\":\"2019-06-26T04:51:59+00:00\",\"dateModified\":\"2019-07-15T09:14:29+00:00\",\"author\":{\"@id\":\"https:\\\/\\\/batijournal.com\\\/#\\\/schema\\\/person\\\/1dc96ec6957aa1ccb25ebe78bb19f100\"},\"description\":\"La restauration de la chapelle d'axe vient de s'achever. Elle a \u00e9t\u00e9 rendue possible par la r\u00e9vision pr\u00e9alable des couvertures, achev\u00e9e en 2014\",\"breadcrumb\":{\"@id\":\"https:\\\/\\\/batijournal.com\\\/index.php\\\/la-chapelle-daxe-de-la-cathedrale-saint-etienne-de-cahors-recemment-restauree\\\/102496\\\/#breadcrumb\"},\"inLanguage\":\"fr-FR\",\"potentialAction\":[{\"@type\":\"ReadAction\",\"target\":[\"https:\\\/\\\/batijournal.com\\\/index.php\\\/la-chapelle-daxe-de-la-cathedrale-saint-etienne-de-cahors-recemment-restauree\\\/102496\\\/\"]}]},{\"@type\":\"ImageObject\",\"inLanguage\":\"fr-FR\",\"@id\":\"https:\\\/\\\/batijournal.com\\\/index.php\\\/la-chapelle-daxe-de-la-cathedrale-saint-etienne-de-cahors-recemment-restauree\\\/102496\\\/#primaryimage\",\"url\":\"https:\\\/\\\/batijournal.com\\\/wp-content\\\/uploads\\\/2019\\\/06\\\/Chapelle-d-axe-avant-restauration.jpg\",\"contentUrl\":\"https:\\\/\\\/batijournal.com\\\/wp-content\\\/uploads\\\/2019\\\/06\\\/Chapelle-d-axe-avant-restauration.jpg\",\"width\":1600,\"height\":899},{\"@type\":\"BreadcrumbList\",\"@id\":\"https:\\\/\\\/batijournal.com\\\/index.php\\\/la-chapelle-daxe-de-la-cathedrale-saint-etienne-de-cahors-recemment-restauree\\\/102496\\\/#breadcrumb\",\"itemListElement\":[{\"@type\":\"ListItem\",\"position\":1,\"name\":\"Accueil\",\"item\":\"https:\\\/\\\/batijournal.com\\\/\"},{\"@type\":\"ListItem\",\"position\":2,\"name\":\"Actualit\u00e9s\",\"item\":\"https:\\\/\\\/batijournal.com\\\/index.php\\\/category\\\/actualites\\\/\"},{\"@type\":\"ListItem\",\"position\":3,\"name\":\"La chapelle d&rsquo;axe de la cath\u00e9drale Saint-\u00c9tienne de Cahors r\u00e9cemment restaur\u00e9e\"}]},{\"@type\":\"WebSite\",\"@id\":\"https:\\\/\\\/batijournal.com\\\/#website\",\"url\":\"https:\\\/\\\/batijournal.com\\\/\",\"name\":\"Batijournal\",\"description\":\"L&#039;actualit\u00e9 du b\u00e2timent\",\"potentialAction\":[{\"@type\":\"SearchAction\",\"target\":{\"@type\":\"EntryPoint\",\"urlTemplate\":\"https:\\\/\\\/batijournal.com\\\/?s={search_term_string}\"},\"query-input\":{\"@type\":\"PropertyValueSpecification\",\"valueRequired\":true,\"valueName\":\"search_term_string\"}}],\"inLanguage\":\"fr-FR\"},{\"@type\":\"Person\",\"@id\":\"https:\\\/\\\/batijournal.com\\\/#\\\/schema\\\/person\\\/1dc96ec6957aa1ccb25ebe78bb19f100\",\"name\":\"St\u00e9phane Miget\",\"image\":{\"@type\":\"ImageObject\",\"inLanguage\":\"fr-FR\",\"@id\":\"https:\\\/\\\/secure.gravatar.com\\\/avatar\\\/89915563d925342126b8ef0281b93d9d7fc337043e8df017f780908eb9644451?s=96&d=mm&r=g\",\"url\":\"https:\\\/\\\/secure.gravatar.com\\\/avatar\\\/89915563d925342126b8ef0281b93d9d7fc337043e8df017f780908eb9644451?s=96&d=mm&r=g\",\"contentUrl\":\"https:\\\/\\\/secure.gravatar.com\\\/avatar\\\/89915563d925342126b8ef0281b93d9d7fc337043e8df017f780908eb9644451?s=96&d=mm&r=g\",\"caption\":\"St\u00e9phane Miget\"},\"url\":\"https:\\\/\\\/batijournal.com\\\/index.php\\\/author\\\/stephane\\\/\"}]}<\/script>\n<!-- \/ Yoast SEO plugin. -->","yoast_head_json":{"title":"La chapelle d'axe de la cath\u00e9drale Saint-\u00c9tienne r\u00e9cemment restaur\u00e9e","description":"La restauration de la chapelle d'axe vient de s'achever. Elle a \u00e9t\u00e9 rendue possible par la r\u00e9vision pr\u00e9alable des couvertures, achev\u00e9e en 2014","robots":{"index":"index","follow":"follow","max-snippet":"max-snippet:-1","max-image-preview":"max-image-preview:large","max-video-preview":"max-video-preview:-1"},"canonical":"https:\/\/batijournal.com\/index.php\/la-chapelle-daxe-de-la-cathedrale-saint-etienne-de-cahors-recemment-restauree\/102496\/","og_locale":"fr_FR","og_type":"article","og_title":"La chapelle d'axe de la cath\u00e9drale Saint-\u00c9tienne r\u00e9cemment restaur\u00e9e","og_description":"La restauration de la chapelle d'axe vient de s'achever. Elle a \u00e9t\u00e9 rendue possible par la r\u00e9vision pr\u00e9alable des couvertures, achev\u00e9e en 2014","og_url":"https:\/\/batijournal.com\/index.php\/la-chapelle-daxe-de-la-cathedrale-saint-etienne-de-cahors-recemment-restauree\/102496\/","og_site_name":"Batijournal","article_published_time":"2019-06-26T04:51:59+00:00","article_modified_time":"2019-07-15T09:14:29+00:00","og_image":[{"width":1600,"height":899,"url":"https:\/\/batijournal.com\/wp-content\/uploads\/2019\/06\/Chapelle-d-axe-avant-restauration.jpg","type":"image\/jpeg"}],"author":"St\u00e9phane Miget","twitter_card":"summary_large_image","twitter_creator":"@bati_journal","twitter_site":"@bati_journal","twitter_misc":{"\u00c9crit par":"St\u00e9phane Miget","Dur\u00e9e de lecture estim\u00e9e":"1 minute"},"schema":{"@context":"https:\/\/schema.org","@graph":[{"@type":"Article","@id":"https:\/\/batijournal.com\/index.php\/la-chapelle-daxe-de-la-cathedrale-saint-etienne-de-cahors-recemment-restauree\/102496\/#article","isPartOf":{"@id":"https:\/\/batijournal.com\/index.php\/la-chapelle-daxe-de-la-cathedrale-saint-etienne-de-cahors-recemment-restauree\/102496\/"},"author":{"name":"St\u00e9phane Miget","@id":"https:\/\/batijournal.com\/#\/schema\/person\/1dc96ec6957aa1ccb25ebe78bb19f100"},"headline":"La chapelle d&rsquo;axe de la cath\u00e9drale Saint-\u00c9tienne de Cahors r\u00e9cemment restaur\u00e9e","datePublished":"2019-06-26T04:51:59+00:00","dateModified":"2019-07-15T09:14:29+00:00","mainEntityOfPage":{"@id":"https:\/\/batijournal.com\/index.php\/la-chapelle-daxe-de-la-cathedrale-saint-etienne-de-cahors-recemment-restauree\/102496\/"},"wordCount":259,"image":{"@id":"https:\/\/batijournal.com\/index.php\/la-chapelle-daxe-de-la-cathedrale-saint-etienne-de-cahors-recemment-restauree\/102496\/#primaryimage"},"thumbnailUrl":"https:\/\/batijournal.com\/wp-content\/uploads\/2019\/06\/Chapelle-d-axe-avant-restauration.jpg","keywords":["monument historique"],"articleSection":["Actualit\u00e9s","Architecture &amp; Conception","zz_Atrium Patrimoine","zz_Entreprises et chantiers - AC"],"inLanguage":"fr-FR"},{"@type":"WebPage","@id":"https:\/\/batijournal.com\/index.php\/la-chapelle-daxe-de-la-cathedrale-saint-etienne-de-cahors-recemment-restauree\/102496\/","url":"https:\/\/batijournal.com\/index.php\/la-chapelle-daxe-de-la-cathedrale-saint-etienne-de-cahors-recemment-restauree\/102496\/","name":"La chapelle d'axe de la cath\u00e9drale Saint-\u00c9tienne r\u00e9cemment restaur\u00e9e","isPartOf":{"@id":"https:\/\/batijournal.com\/#website"},"primaryImageOfPage":{"@id":"https:\/\/batijournal.com\/index.php\/la-chapelle-daxe-de-la-cathedrale-saint-etienne-de-cahors-recemment-restauree\/102496\/#primaryimage"},"image":{"@id":"https:\/\/batijournal.com\/index.php\/la-chapelle-daxe-de-la-cathedrale-saint-etienne-de-cahors-recemment-restauree\/102496\/#primaryimage"},"thumbnailUrl":"https:\/\/batijournal.com\/wp-content\/uploads\/2019\/06\/Chapelle-d-axe-avant-restauration.jpg","datePublished":"2019-06-26T04:51:59+00:00","dateModified":"2019-07-15T09:14:29+00:00","author":{"@id":"https:\/\/batijournal.com\/#\/schema\/person\/1dc96ec6957aa1ccb25ebe78bb19f100"},"description":"La restauration de la chapelle d'axe vient de s'achever. Elle a \u00e9t\u00e9 rendue possible par la r\u00e9vision pr\u00e9alable des couvertures, achev\u00e9e en 2014","breadcrumb":{"@id":"https:\/\/batijournal.com\/index.php\/la-chapelle-daxe-de-la-cathedrale-saint-etienne-de-cahors-recemment-restauree\/102496\/#breadcrumb"},"inLanguage":"fr-FR","potentialAction":[{"@type":"ReadAction","target":["https:\/\/batijournal.com\/index.php\/la-chapelle-daxe-de-la-cathedrale-saint-etienne-de-cahors-recemment-restauree\/102496\/"]}]},{"@type":"ImageObject","inLanguage":"fr-FR","@id":"https:\/\/batijournal.com\/index.php\/la-chapelle-daxe-de-la-cathedrale-saint-etienne-de-cahors-recemment-restauree\/102496\/#primaryimage","url":"https:\/\/batijournal.com\/wp-content\/uploads\/2019\/06\/Chapelle-d-axe-avant-restauration.jpg","contentUrl":"https:\/\/batijournal.com\/wp-content\/uploads\/2019\/06\/Chapelle-d-axe-avant-restauration.jpg","width":1600,"height":899},{"@type":"BreadcrumbList","@id":"https:\/\/batijournal.com\/index.php\/la-chapelle-daxe-de-la-cathedrale-saint-etienne-de-cahors-recemment-restauree\/102496\/#breadcrumb","itemListElement":[{"@type":"ListItem","position":1,"name":"Accueil","item":"https:\/\/batijournal.com\/"},{"@type":"ListItem","position":2,"name":"Actualit\u00e9s","item":"https:\/\/batijournal.com\/index.php\/category\/actualites\/"},{"@type":"ListItem","position":3,"name":"La chapelle d&rsquo;axe de la cath\u00e9drale Saint-\u00c9tienne de Cahors r\u00e9cemment restaur\u00e9e"}]},{"@type":"WebSite","@id":"https:\/\/batijournal.com\/#website","url":"https:\/\/batijournal.com\/","name":"Batijournal","description":"L&#039;actualit\u00e9 du b\u00e2timent","potentialAction":[{"@type":"SearchAction","target":{"@type":"EntryPoint","urlTemplate":"https:\/\/batijournal.com\/?s={search_term_string}"},"query-input":{"@type":"PropertyValueSpecification","valueRequired":true,"valueName":"search_term_string"}}],"inLanguage":"fr-FR"},{"@type":"Person","@id":"https:\/\/batijournal.com\/#\/schema\/person\/1dc96ec6957aa1ccb25ebe78bb19f100","name":"St\u00e9phane Miget","image":{"@type":"ImageObject","inLanguage":"fr-FR","@id":"https:\/\/secure.gravatar.com\/avatar\/89915563d925342126b8ef0281b93d9d7fc337043e8df017f780908eb9644451?s=96&d=mm&r=g","url":"https:\/\/secure.gravatar.com\/avatar\/89915563d925342126b8ef0281b93d9d7fc337043e8df017f780908eb9644451?s=96&d=mm&r=g","contentUrl":"https:\/\/secure.gravatar.com\/avatar\/89915563d925342126b8ef0281b93d9d7fc337043e8df017f780908eb9644451?s=96&d=mm&r=g","caption":"St\u00e9phane Miget"},"url":"https:\/\/batijournal.com\/index.php\/author\/stephane\/"}]}},"_links":{"self":[{"href":"https:\/\/batijournal.com\/index.php\/wp-json\/wp\/v2\/posts\/102496","targetHints":{"allow":["GET"]}}],"collection":[{"href":"https:\/\/batijournal.com\/index.php\/wp-json\/wp\/v2\/posts"}],"about":[{"href":"https:\/\/batijournal.com\/index.php\/wp-json\/wp\/v2\/types\/post"}],"author":[{"embeddable":true,"href":"https:\/\/batijournal.com\/index.php\/wp-json\/wp\/v2\/users\/17"}],"replies":[{"embeddable":true,"href":"https:\/\/batijournal.com\/index.php\/wp-json\/wp\/v2\/comments?post=102496"}],"version-history":[{"count":0,"href":"https:\/\/batijournal.com\/index.php\/wp-json\/wp\/v2\/posts\/102496\/revisions"}],"wp:featuredmedia":[{"embeddable":true,"href":"https:\/\/batijournal.com\/index.php\/wp-json\/wp\/v2\/media\/102495"}],"wp:attachment":[{"href":"https:\/\/batijournal.com\/index.php\/wp-json\/wp\/v2\/media?parent=102496"}],"wp:term":[{"taxonomy":"category","embeddable":true,"href":"https:\/\/batijournal.com\/index.php\/wp-json\/wp\/v2\/categories?post=102496"},{"taxonomy":"post_tag","embeddable":true,"href":"https:\/\/batijournal.com\/index.php\/wp-json\/wp\/v2\/tags?post=102496"}],"curies":[{"name":"wp","href":"https:\/\/api.w.org\/{rel}","templated":true}]}}