{"id":102535,"date":"2019-07-01T05:39:29","date_gmt":"2019-07-01T03:39:29","guid":{"rendered":"https:\/\/batijournal.com\/?p=102535"},"modified":"2019-07-15T12:07:05","modified_gmt":"2019-07-15T10:07:05","slug":"la-ffb-defend-un-apprentissage-au-service-des-artisans-et-entrepreneurs","status":"publish","type":"post","link":"https:\/\/batijournal.com\/index.php\/la-ffb-defend-un-apprentissage-au-service-des-artisans-et-entrepreneurs\/102535\/","title":{"rendered":"La FFB d\u00e9fend un apprentissage au service des artisans et entrepreneurs"},"content":{"rendered":"<p>Le gouvernement a r\u00e9form\u00e9 le mod\u00e8le \u00e9conomique des centres de formation par l\u2019apprentissage (CFA). Il a revu de fond en comble son financement, instaur\u00e9 la concurrence entre les organismes de formation et simplifi\u00e9 certains dispositifs pour les entreprises. D\u00e8s 2018, la FFB s\u2019\u00e9tait \u00e9mue des risques que cette r\u00e9forme allait faire peser sur le r\u00e9seau des CFA du secteur.<\/p>\n<p>Elle propose de mettre en \u0153uvre une politique de formation professionnelle bas\u00e9e sur des principes de bon sens :<br \/>\n&#8211; faire confiance aux acteurs du terrain plut\u00f4t qu\u2019aux structures nationales, n\u00e9cessairement plus \u00e9loign\u00e9es d\u2019un service de proximit\u00e9 n\u00e9cessaire;<br \/>\n&#8211; maintenir l\u2019effort financier de la profession, mais en affectant les fonds aux besoins r\u00e9els des artisans, des entrepreneurs et des jeunes ;<br \/>\n&#8211; fournir des moyens aux r\u00e9seaux d\u2019apprentissage pour faire plus de proximit\u00e9, plus de qualit\u00e9, plus de num\u00e9rique ;<br \/>\n&#8211; communiquer plus et mieux pour attirer les talents ;<br \/>\n&#8211; clarifier les circuits financiers pour faire des \u00e9conomies.<\/p>\n<p>La volont\u00e9 de la FFB est de renforcer l\u2019apprentissage et d\u2019en faire une v\u00e9ritable fili\u00e8re d\u2019excellence. La politique qu\u2019elle propose permettra d\u2019assurer aux CFA du b\u00e2timent le financement de leur d\u00e9veloppement et leur adaptation aux d\u00e9fis de la r\u00e9forme, dans le respect de leur autonomie, tout en pr\u00e9servant une n\u00e9cessaire mutualisation.<\/p>\n<p>Source : FFB<\/p>\n<p>&nbsp;<\/p>\n","protected":false},"excerpt":{"rendered":"<p>Le gouvernement a r\u00e9form\u00e9 le mod\u00e8le \u00e9conomique des centres de formation par l\u2019apprentissage (CFA). Il a revu de fond en comble son financement, instaur\u00e9 la concurrence entre les organismes de formation et simplifi\u00e9 certains dispositifs pour les entreprises. D\u00e8s 2018, la FFB s\u2019\u00e9tait \u00e9mue des risques que cette r\u00e9forme allait faire peser sur le r\u00e9seau [&hellip;]<\/p>\n","protected":false},"author":17,"featured_media":87184,"comment_status":"closed","ping_status":"closed","sticky":false,"template":"","format":"standard","meta":{"_et_pb_use_builder":"","_et_pb_old_content":"","_et_gb_content_width":"","footnotes":""},"categories":[10530,6345],"tags":[373],"class_list":["post-102535","post","type-post","status-publish","format-standard","has-post-thumbnail","hentry","category-actualites","category-economie-marches","tag-ffb"],"yoast_head":"<!-- This site is optimized with the Yoast SEO plugin v27.4 - https:\/\/yoast.com\/product\/yoast-seo-wordpress\/ -->\n<title>La FFB d\u00e9fend un apprentissage au service des artisans et entrepreneurs<\/title>\n<meta name=\"description\" content=\"Le gouvernement a r\u00e9form\u00e9 le mod\u00e8le \u00e9conomique des centres de formation par l\u2019apprentissage. Il a revu de fond en comble son financement.\" \/>\n<meta name=\"robots\" content=\"index, follow, max-snippet:-1, max-image-preview:large, max-video-preview:-1\" \/>\n<link rel=\"canonical\" href=\"https:\/\/batijournal.com\/index.php\/la-ffb-defend-un-apprentissage-au-service-des-artisans-et-entrepreneurs\/102535\/\" \/>\n<meta property=\"og:locale\" content=\"fr_FR\" \/>\n<meta property=\"og:type\" content=\"article\" \/>\n<meta property=\"og:title\" content=\"La FFB d\u00e9fend un apprentissage au service des artisans et entrepreneurs\" \/>\n<meta property=\"og:description\" content=\"Le gouvernement a r\u00e9form\u00e9 le mod\u00e8le \u00e9conomique des centres de formation par l\u2019apprentissage. Il a revu de fond en comble son financement.\" \/>\n<meta property=\"og:url\" content=\"https:\/\/batijournal.com\/index.php\/la-ffb-defend-un-apprentissage-au-service-des-artisans-et-entrepreneurs\/102535\/\" \/>\n<meta property=\"og:site_name\" content=\"Batijournal\" \/>\n<meta property=\"article:published_time\" content=\"2019-07-01T03:39:29+00:00\" \/>\n<meta property=\"article:modified_time\" content=\"2019-07-15T10:07:05+00:00\" \/>\n<meta property=\"og:image\" content=\"https:\/\/batijournal.com\/wp-content\/uploads\/2015\/05\/99696222.jpg\" \/>\n\t<meta property=\"og:image:width\" content=\"600\" \/>\n\t<meta property=\"og:image:height\" content=\"400\" \/>\n\t<meta property=\"og:image:type\" content=\"image\/jpeg\" \/>\n<meta name=\"author\" content=\"St\u00e9phane Miget\" \/>\n<meta name=\"twitter:card\" content=\"summary_large_image\" \/>\n<meta name=\"twitter:creator\" content=\"@bati_journal\" \/>\n<meta name=\"twitter:site\" content=\"@bati_journal\" \/>\n<meta name=\"twitter:label1\" content=\"\u00c9crit par\" \/>\n\t<meta name=\"twitter:data1\" content=\"St\u00e9phane Miget\" \/>\n\t<meta name=\"twitter:label2\" content=\"Dur\u00e9e de lecture estim\u00e9e\" \/>\n\t<meta name=\"twitter:data2\" content=\"1 minute\" \/>\n<script type=\"application\/ld+json\" class=\"yoast-schema-graph\">{\"@context\":\"https:\\\/\\\/schema.org\",\"@graph\":[{\"@type\":\"Article\",\"@id\":\"https:\\\/\\\/batijournal.com\\\/index.php\\\/la-ffb-defend-un-apprentissage-au-service-des-artisans-et-entrepreneurs\\\/102535\\\/#article\",\"isPartOf\":{\"@id\":\"https:\\\/\\\/batijournal.com\\\/index.php\\\/la-ffb-defend-un-apprentissage-au-service-des-artisans-et-entrepreneurs\\\/102535\\\/\"},\"author\":{\"name\":\"St\u00e9phane Miget\",\"@id\":\"https:\\\/\\\/batijournal.com\\\/#\\\/schema\\\/person\\\/1dc96ec6957aa1ccb25ebe78bb19f100\"},\"headline\":\"La FFB d\u00e9fend un apprentissage au service des artisans et entrepreneurs\",\"datePublished\":\"2019-07-01T03:39:29+00:00\",\"dateModified\":\"2019-07-15T10:07:05+00:00\",\"mainEntityOfPage\":{\"@id\":\"https:\\\/\\\/batijournal.com\\\/index.php\\\/la-ffb-defend-un-apprentissage-au-service-des-artisans-et-entrepreneurs\\\/102535\\\/\"},\"wordCount\":251,\"image\":{\"@id\":\"https:\\\/\\\/batijournal.com\\\/index.php\\\/la-ffb-defend-un-apprentissage-au-service-des-artisans-et-entrepreneurs\\\/102535\\\/#primaryimage\"},\"thumbnailUrl\":\"https:\\\/\\\/batijournal.com\\\/wp-content\\\/uploads\\\/2015\\\/05\\\/99696222.jpg\",\"keywords\":[\"ffb\"],\"articleSection\":[\"Actualit\u00e9s\",\"\u00c9conomie &amp; March\u00e9s\"],\"inLanguage\":\"fr-FR\"},{\"@type\":\"WebPage\",\"@id\":\"https:\\\/\\\/batijournal.com\\\/index.php\\\/la-ffb-defend-un-apprentissage-au-service-des-artisans-et-entrepreneurs\\\/102535\\\/\",\"url\":\"https:\\\/\\\/batijournal.com\\\/index.php\\\/la-ffb-defend-un-apprentissage-au-service-des-artisans-et-entrepreneurs\\\/102535\\\/\",\"name\":\"La FFB d\u00e9fend un apprentissage au service des artisans et entrepreneurs\",\"isPartOf\":{\"@id\":\"https:\\\/\\\/batijournal.com\\\/#website\"},\"primaryImageOfPage\":{\"@id\":\"https:\\\/\\\/batijournal.com\\\/index.php\\\/la-ffb-defend-un-apprentissage-au-service-des-artisans-et-entrepreneurs\\\/102535\\\/#primaryimage\"},\"image\":{\"@id\":\"https:\\\/\\\/batijournal.com\\\/index.php\\\/la-ffb-defend-un-apprentissage-au-service-des-artisans-et-entrepreneurs\\\/102535\\\/#primaryimage\"},\"thumbnailUrl\":\"https:\\\/\\\/batijournal.com\\\/wp-content\\\/uploads\\\/2015\\\/05\\\/99696222.jpg\",\"datePublished\":\"2019-07-01T03:39:29+00:00\",\"dateModified\":\"2019-07-15T10:07:05+00:00\",\"author\":{\"@id\":\"https:\\\/\\\/batijournal.com\\\/#\\\/schema\\\/person\\\/1dc96ec6957aa1ccb25ebe78bb19f100\"},\"description\":\"Le gouvernement a r\u00e9form\u00e9 le mod\u00e8le \u00e9conomique des centres de formation par l\u2019apprentissage. Il a revu de fond en comble son financement.\",\"breadcrumb\":{\"@id\":\"https:\\\/\\\/batijournal.com\\\/index.php\\\/la-ffb-defend-un-apprentissage-au-service-des-artisans-et-entrepreneurs\\\/102535\\\/#breadcrumb\"},\"inLanguage\":\"fr-FR\",\"potentialAction\":[{\"@type\":\"ReadAction\",\"target\":[\"https:\\\/\\\/batijournal.com\\\/index.php\\\/la-ffb-defend-un-apprentissage-au-service-des-artisans-et-entrepreneurs\\\/102535\\\/\"]}]},{\"@type\":\"ImageObject\",\"inLanguage\":\"fr-FR\",\"@id\":\"https:\\\/\\\/batijournal.com\\\/index.php\\\/la-ffb-defend-un-apprentissage-au-service-des-artisans-et-entrepreneurs\\\/102535\\\/#primaryimage\",\"url\":\"https:\\\/\\\/batijournal.com\\\/wp-content\\\/uploads\\\/2015\\\/05\\\/99696222.jpg\",\"contentUrl\":\"https:\\\/\\\/batijournal.com\\\/wp-content\\\/uploads\\\/2015\\\/05\\\/99696222.jpg\",\"width\":600,\"height\":400,\"caption\":\"10Kverts-verdissement-des-formations\"},{\"@type\":\"BreadcrumbList\",\"@id\":\"https:\\\/\\\/batijournal.com\\\/index.php\\\/la-ffb-defend-un-apprentissage-au-service-des-artisans-et-entrepreneurs\\\/102535\\\/#breadcrumb\",\"itemListElement\":[{\"@type\":\"ListItem\",\"position\":1,\"name\":\"Accueil\",\"item\":\"https:\\\/\\\/batijournal.com\\\/\"},{\"@type\":\"ListItem\",\"position\":2,\"name\":\"Actualit\u00e9s\",\"item\":\"https:\\\/\\\/batijournal.com\\\/index.php\\\/category\\\/actualites\\\/\"},{\"@type\":\"ListItem\",\"position\":3,\"name\":\"La FFB d\u00e9fend un apprentissage au service des artisans et entrepreneurs\"}]},{\"@type\":\"WebSite\",\"@id\":\"https:\\\/\\\/batijournal.com\\\/#website\",\"url\":\"https:\\\/\\\/batijournal.com\\\/\",\"name\":\"Batijournal\",\"description\":\"L&#039;actualit\u00e9 du b\u00e2timent\",\"potentialAction\":[{\"@type\":\"SearchAction\",\"target\":{\"@type\":\"EntryPoint\",\"urlTemplate\":\"https:\\\/\\\/batijournal.com\\\/?s={search_term_string}\"},\"query-input\":{\"@type\":\"PropertyValueSpecification\",\"valueRequired\":true,\"valueName\":\"search_term_string\"}}],\"inLanguage\":\"fr-FR\"},{\"@type\":\"Person\",\"@id\":\"https:\\\/\\\/batijournal.com\\\/#\\\/schema\\\/person\\\/1dc96ec6957aa1ccb25ebe78bb19f100\",\"name\":\"St\u00e9phane Miget\",\"image\":{\"@type\":\"ImageObject\",\"inLanguage\":\"fr-FR\",\"@id\":\"https:\\\/\\\/secure.gravatar.com\\\/avatar\\\/89915563d925342126b8ef0281b93d9d7fc337043e8df017f780908eb9644451?s=96&d=mm&r=g\",\"url\":\"https:\\\/\\\/secure.gravatar.com\\\/avatar\\\/89915563d925342126b8ef0281b93d9d7fc337043e8df017f780908eb9644451?s=96&d=mm&r=g\",\"contentUrl\":\"https:\\\/\\\/secure.gravatar.com\\\/avatar\\\/89915563d925342126b8ef0281b93d9d7fc337043e8df017f780908eb9644451?s=96&d=mm&r=g\",\"caption\":\"St\u00e9phane Miget\"},\"url\":\"https:\\\/\\\/batijournal.com\\\/index.php\\\/author\\\/stephane\\\/\"}]}<\/script>\n<!-- \/ Yoast SEO plugin. -->","yoast_head_json":{"title":"La FFB d\u00e9fend un apprentissage au service des artisans et entrepreneurs","description":"Le gouvernement a r\u00e9form\u00e9 le mod\u00e8le \u00e9conomique des centres de formation par l\u2019apprentissage. Il a revu de fond en comble son financement.","robots":{"index":"index","follow":"follow","max-snippet":"max-snippet:-1","max-image-preview":"max-image-preview:large","max-video-preview":"max-video-preview:-1"},"canonical":"https:\/\/batijournal.com\/index.php\/la-ffb-defend-un-apprentissage-au-service-des-artisans-et-entrepreneurs\/102535\/","og_locale":"fr_FR","og_type":"article","og_title":"La FFB d\u00e9fend un apprentissage au service des artisans et entrepreneurs","og_description":"Le gouvernement a r\u00e9form\u00e9 le mod\u00e8le \u00e9conomique des centres de formation par l\u2019apprentissage. Il a revu de fond en comble son financement.","og_url":"https:\/\/batijournal.com\/index.php\/la-ffb-defend-un-apprentissage-au-service-des-artisans-et-entrepreneurs\/102535\/","og_site_name":"Batijournal","article_published_time":"2019-07-01T03:39:29+00:00","article_modified_time":"2019-07-15T10:07:05+00:00","og_image":[{"width":600,"height":400,"url":"https:\/\/batijournal.com\/wp-content\/uploads\/2015\/05\/99696222.jpg","type":"image\/jpeg"}],"author":"St\u00e9phane Miget","twitter_card":"summary_large_image","twitter_creator":"@bati_journal","twitter_site":"@bati_journal","twitter_misc":{"\u00c9crit par":"St\u00e9phane Miget","Dur\u00e9e de lecture estim\u00e9e":"1 minute"},"schema":{"@context":"https:\/\/schema.org","@graph":[{"@type":"Article","@id":"https:\/\/batijournal.com\/index.php\/la-ffb-defend-un-apprentissage-au-service-des-artisans-et-entrepreneurs\/102535\/#article","isPartOf":{"@id":"https:\/\/batijournal.com\/index.php\/la-ffb-defend-un-apprentissage-au-service-des-artisans-et-entrepreneurs\/102535\/"},"author":{"name":"St\u00e9phane Miget","@id":"https:\/\/batijournal.com\/#\/schema\/person\/1dc96ec6957aa1ccb25ebe78bb19f100"},"headline":"La FFB d\u00e9fend un apprentissage au service des artisans et entrepreneurs","datePublished":"2019-07-01T03:39:29+00:00","dateModified":"2019-07-15T10:07:05+00:00","mainEntityOfPage":{"@id":"https:\/\/batijournal.com\/index.php\/la-ffb-defend-un-apprentissage-au-service-des-artisans-et-entrepreneurs\/102535\/"},"wordCount":251,"image":{"@id":"https:\/\/batijournal.com\/index.php\/la-ffb-defend-un-apprentissage-au-service-des-artisans-et-entrepreneurs\/102535\/#primaryimage"},"thumbnailUrl":"https:\/\/batijournal.com\/wp-content\/uploads\/2015\/05\/99696222.jpg","keywords":["ffb"],"articleSection":["Actualit\u00e9s","\u00c9conomie &amp; March\u00e9s"],"inLanguage":"fr-FR"},{"@type":"WebPage","@id":"https:\/\/batijournal.com\/index.php\/la-ffb-defend-un-apprentissage-au-service-des-artisans-et-entrepreneurs\/102535\/","url":"https:\/\/batijournal.com\/index.php\/la-ffb-defend-un-apprentissage-au-service-des-artisans-et-entrepreneurs\/102535\/","name":"La FFB d\u00e9fend un apprentissage au service des artisans et entrepreneurs","isPartOf":{"@id":"https:\/\/batijournal.com\/#website"},"primaryImageOfPage":{"@id":"https:\/\/batijournal.com\/index.php\/la-ffb-defend-un-apprentissage-au-service-des-artisans-et-entrepreneurs\/102535\/#primaryimage"},"image":{"@id":"https:\/\/batijournal.com\/index.php\/la-ffb-defend-un-apprentissage-au-service-des-artisans-et-entrepreneurs\/102535\/#primaryimage"},"thumbnailUrl":"https:\/\/batijournal.com\/wp-content\/uploads\/2015\/05\/99696222.jpg","datePublished":"2019-07-01T03:39:29+00:00","dateModified":"2019-07-15T10:07:05+00:00","author":{"@id":"https:\/\/batijournal.com\/#\/schema\/person\/1dc96ec6957aa1ccb25ebe78bb19f100"},"description":"Le gouvernement a r\u00e9form\u00e9 le mod\u00e8le \u00e9conomique des centres de formation par l\u2019apprentissage. Il a revu de fond en comble son financement.","breadcrumb":{"@id":"https:\/\/batijournal.com\/index.php\/la-ffb-defend-un-apprentissage-au-service-des-artisans-et-entrepreneurs\/102535\/#breadcrumb"},"inLanguage":"fr-FR","potentialAction":[{"@type":"ReadAction","target":["https:\/\/batijournal.com\/index.php\/la-ffb-defend-un-apprentissage-au-service-des-artisans-et-entrepreneurs\/102535\/"]}]},{"@type":"ImageObject","inLanguage":"fr-FR","@id":"https:\/\/batijournal.com\/index.php\/la-ffb-defend-un-apprentissage-au-service-des-artisans-et-entrepreneurs\/102535\/#primaryimage","url":"https:\/\/batijournal.com\/wp-content\/uploads\/2015\/05\/99696222.jpg","contentUrl":"https:\/\/batijournal.com\/wp-content\/uploads\/2015\/05\/99696222.jpg","width":600,"height":400,"caption":"10Kverts-verdissement-des-formations"},{"@type":"BreadcrumbList","@id":"https:\/\/batijournal.com\/index.php\/la-ffb-defend-un-apprentissage-au-service-des-artisans-et-entrepreneurs\/102535\/#breadcrumb","itemListElement":[{"@type":"ListItem","position":1,"name":"Accueil","item":"https:\/\/batijournal.com\/"},{"@type":"ListItem","position":2,"name":"Actualit\u00e9s","item":"https:\/\/batijournal.com\/index.php\/category\/actualites\/"},{"@type":"ListItem","position":3,"name":"La FFB d\u00e9fend un apprentissage au service des artisans et entrepreneurs"}]},{"@type":"WebSite","@id":"https:\/\/batijournal.com\/#website","url":"https:\/\/batijournal.com\/","name":"Batijournal","description":"L&#039;actualit\u00e9 du b\u00e2timent","potentialAction":[{"@type":"SearchAction","target":{"@type":"EntryPoint","urlTemplate":"https:\/\/batijournal.com\/?s={search_term_string}"},"query-input":{"@type":"PropertyValueSpecification","valueRequired":true,"valueName":"search_term_string"}}],"inLanguage":"fr-FR"},{"@type":"Person","@id":"https:\/\/batijournal.com\/#\/schema\/person\/1dc96ec6957aa1ccb25ebe78bb19f100","name":"St\u00e9phane Miget","image":{"@type":"ImageObject","inLanguage":"fr-FR","@id":"https:\/\/secure.gravatar.com\/avatar\/89915563d925342126b8ef0281b93d9d7fc337043e8df017f780908eb9644451?s=96&d=mm&r=g","url":"https:\/\/secure.gravatar.com\/avatar\/89915563d925342126b8ef0281b93d9d7fc337043e8df017f780908eb9644451?s=96&d=mm&r=g","contentUrl":"https:\/\/secure.gravatar.com\/avatar\/89915563d925342126b8ef0281b93d9d7fc337043e8df017f780908eb9644451?s=96&d=mm&r=g","caption":"St\u00e9phane Miget"},"url":"https:\/\/batijournal.com\/index.php\/author\/stephane\/"}]}},"_links":{"self":[{"href":"https:\/\/batijournal.com\/index.php\/wp-json\/wp\/v2\/posts\/102535","targetHints":{"allow":["GET"]}}],"collection":[{"href":"https:\/\/batijournal.com\/index.php\/wp-json\/wp\/v2\/posts"}],"about":[{"href":"https:\/\/batijournal.com\/index.php\/wp-json\/wp\/v2\/types\/post"}],"author":[{"embeddable":true,"href":"https:\/\/batijournal.com\/index.php\/wp-json\/wp\/v2\/users\/17"}],"replies":[{"embeddable":true,"href":"https:\/\/batijournal.com\/index.php\/wp-json\/wp\/v2\/comments?post=102535"}],"version-history":[{"count":0,"href":"https:\/\/batijournal.com\/index.php\/wp-json\/wp\/v2\/posts\/102535\/revisions"}],"wp:featuredmedia":[{"embeddable":true,"href":"https:\/\/batijournal.com\/index.php\/wp-json\/wp\/v2\/media\/87184"}],"wp:attachment":[{"href":"https:\/\/batijournal.com\/index.php\/wp-json\/wp\/v2\/media?parent=102535"}],"wp:term":[{"taxonomy":"category","embeddable":true,"href":"https:\/\/batijournal.com\/index.php\/wp-json\/wp\/v2\/categories?post=102535"},{"taxonomy":"post_tag","embeddable":true,"href":"https:\/\/batijournal.com\/index.php\/wp-json\/wp\/v2\/tags?post=102535"}],"curies":[{"name":"wp","href":"https:\/\/api.w.org\/{rel}","templated":true}]}}