{"id":102550,"date":"2019-07-02T14:20:02","date_gmt":"2019-07-02T12:20:02","guid":{"rendered":"https:\/\/batijournal.com\/?p=102550"},"modified":"2019-07-15T12:10:36","modified_gmt":"2019-07-15T10:10:36","slug":"loi-energie-climat-en-finir-avec-les-passoires-thermiques","status":"publish","type":"post","link":"https:\/\/batijournal.com\/index.php\/loi-energie-climat-en-finir-avec-les-passoires-thermiques\/102550\/","title":{"rendered":"Loi \u00e9nergie-climat : en finir avec les passoires thermiques"},"content":{"rendered":"<p><strong>La r\u00e9novation \u00e9nerg\u00e9tique des b\u00e2timents constitue un enjeu majeur de la lutte contre le r\u00e9chauffement climatique. Le Gouvernement veut en finir avec les passoires thermiques en accompagnant les Fran\u00e7ais, notamment les plus modestes. Le Gouvernement et la majorit\u00e9 ont souhait\u00e9 faire du projet de loi relatif \u00e0 l\u2019\u00e9nergie et au climat une cl\u00e9 de vo\u00fbte de cette ambition, et le d\u00e9bat parlementaire a permis de compl\u00e9ter le texte par un bloc complet et coh\u00e9rent de mesures d\u00e9di\u00e9es.<\/strong><\/p>\n<p>Avec l\u2019adoption des articles additionnels \u00e0 l\u2019article 3, le Gouvernement franchit une nouvelle \u00e9tape dans la lutte contre les passoires thermiques, en mettant en place une action en trois phases.<\/p>\n<p><strong>Une premi\u00e8re, tr\u00e8s incitative, ajoute aux aides existantes, qui seront remises \u00e0 plat, un nouvel arsenal de mesures d\u2019information et d\u2019incitation adopt\u00e9 par l\u2019Assembl\u00e9e nationale :<\/strong><\/p>\n<p>&#8211; L\u2019obligation, \u00e0 partir de 2022, de r\u00e9alisation d\u2019un audit \u00e9nerg\u00e9tique en cas de mise en vente ou en location d\u2019une passoire thermique, qui contiendra des propositions de travaux adapt\u00e9s au logement, ainsi que leur co\u00fbt estim\u00e9 ;<br \/>\n&#8211; L\u2019obligation, \u00e0 partir de 2022, d\u2019informer un acqu\u00e9reur ou locataire sur ses futures d\u00e9penses d\u2019\u00e9nergie, lors de la vente ou location d\u2019un bien immobilier (dans l\u2019annonce immobili\u00e8re, et l\u2019acte de vente ou le bail locatif par exemple) ;<br \/>\n&#8211; L\u2019interdiction, \u00e0 partir de 2021, pour le propri\u00e9taire d\u2019une passoire thermique d\u2019augmenter librement le loyer entre deux locataires sans l\u2019avoir r\u00e9nov\u00e9e ;<br \/>\n&#8211; D\u00e8s 2023 les logements extr\u00eamement consommateurs d\u2019\u00e9nergies, avec un seuil \u00e0 d\u00e9terminer, seront qualifi\u00e9s de \u00ab logements ind\u00e9cents \u00bb, contraignant ainsi les propri\u00e9taires \u00e0 les r\u00e9nover ou ne plus les louer, au m\u00eame titre que les logements qui ne respectent pas des normes de s\u00e9curit\u00e9 ou de confort minimal ou ceux de trop petite surface.<\/p>\n<p><strong>Une seconde phase, d\u2019obligation de travaux, consiste \u00e0 introduire une obligation pour tous les propri\u00e9taires d\u2019une passoire thermique, d\u2019avoir r\u00e9alis\u00e9 en 2028 des travaux d\u2019am\u00e9lioration de la performance \u00e9nerg\u00e9tique de leur logement, permettant d\u2019atteindre une classe au moins E<\/strong> (sauf exceptions li\u00e9es aux contraintes techniques, architecturales, ou co\u00fbt disproportionn\u00e9 par rapport \u00e0 la valeur du bien).<\/p>\n<p><strong>Dans une troisi\u00e8me phase, des m\u00e9canismes contraignants pourront \u00eatre mis en place<\/strong> :<\/p>\n<p>&#8211; Le projet de loi \u00e9nergie-climat introduit l\u2019obligation, \u00e0 partir de 2028, pour le propri\u00e9taire qui souhaite vendre ou louer son bien sans avoir r\u00e9alis\u00e9 les travaux n\u00e9cessaires, de mentionner le non-respect de cette obligation de travaux dans les informations et publicit\u00e9s relatives \u00e0 la vente ou la location de son logement (dans l\u2019annonce immobili\u00e8re, et l\u2019acte de vente ou le bail locatif par exemple) ;<br \/>\n&#8211; Les autres cons\u00e9quences du non-respect de l\u2019obligation de travaux seront d\u00e9finies par le Parlement en 2023, dans le cadre de la programmation quinquennale de l\u2019\u00e9nergie cr\u00e9\u00e9e par la loi \u00e9nergie-climat. Elles devront tenir compte de la diversit\u00e9 des situations (viser prioritairement les propri\u00e9taires bailleurs, tenir compte du cas particulier des copropri\u00e9t\u00e9s, etc.) ;<br \/>\n&#8211; La convention citoyenne pour la transition \u00e9cologique pourra \u00e9galement identifier les types de cons\u00e9quences du non-respect de cette obligation qui pourraient \u00eatre socialement acceptables.<\/p>\n","protected":false},"excerpt":{"rendered":"<p>La r\u00e9novation \u00e9nerg\u00e9tique des b\u00e2timents constitue un enjeu majeur de la lutte contre le r\u00e9chauffement climatique. Le Gouvernement veut en finir avec les passoires thermiques en accompagnant les Fran\u00e7ais, notamment les plus modestes. Le Gouvernement et la majorit\u00e9 ont souhait\u00e9 faire du projet de loi relatif \u00e0 l\u2019\u00e9nergie et au climat une cl\u00e9 de vo\u00fbte [&hellip;]<\/p>\n","protected":false},"author":17,"featured_media":98496,"comment_status":"closed","ping_status":"closed","sticky":false,"template":"","format":"standard","meta":{"_et_pb_use_builder":"","_et_pb_old_content":"","_et_gb_content_width":"","footnotes":""},"categories":[10736,10530,6340,12820,10781,10778],"tags":[12119,1683],"class_list":["post-102550","post","type-post","status-publish","format-standard","has-post-thumbnail","hentry","category-a-la-une","category-actualites","category-architecture-conception","category-renovation","category-publications-planete","category-planete","tag-passoires-thermiques","tag-renovation-energetique"],"yoast_head":"<!-- This site is optimized with the Yoast SEO plugin v27.4 - https:\/\/yoast.com\/product\/yoast-seo-wordpress\/ -->\n<title>Loi \u00e9nergie-climat : en finir avec les passoires thermiques<\/title>\n<meta name=\"description\" content=\"La r\u00e9novation \u00e9nerg\u00e9tique des b\u00e2timents constitue un enjeu majeur contre le r\u00e9chauffement climatique, une nouvelle \u00e9tape contre les passoires thermiques\" \/>\n<meta name=\"robots\" content=\"index, follow, max-snippet:-1, max-image-preview:large, max-video-preview:-1\" \/>\n<link rel=\"canonical\" href=\"https:\/\/batijournal.com\/index.php\/loi-energie-climat-en-finir-avec-les-passoires-thermiques\/102550\/\" \/>\n<meta property=\"og:locale\" content=\"fr_FR\" \/>\n<meta property=\"og:type\" content=\"article\" \/>\n<meta property=\"og:title\" content=\"Loi \u00e9nergie-climat : en finir avec les passoires thermiques\" \/>\n<meta property=\"og:description\" content=\"La r\u00e9novation \u00e9nerg\u00e9tique des b\u00e2timents constitue un enjeu majeur contre le r\u00e9chauffement climatique, une nouvelle \u00e9tape contre les passoires thermiques\" \/>\n<meta property=\"og:url\" content=\"https:\/\/batijournal.com\/index.php\/loi-energie-climat-en-finir-avec-les-passoires-thermiques\/102550\/\" \/>\n<meta property=\"og:site_name\" content=\"Batijournal\" \/>\n<meta property=\"article:published_time\" content=\"2019-07-02T12:20:02+00:00\" \/>\n<meta property=\"article:modified_time\" content=\"2019-07-15T10:10:36+00:00\" \/>\n<meta property=\"og:image\" content=\"https:\/\/batijournal.com\/wp-content\/uploads\/2018\/02\/ite.jpg\" \/>\n\t<meta property=\"og:image:width\" content=\"1200\" \/>\n\t<meta property=\"og:image:height\" content=\"779\" \/>\n\t<meta property=\"og:image:type\" content=\"image\/jpeg\" \/>\n<meta name=\"author\" content=\"St\u00e9phane Miget\" \/>\n<meta name=\"twitter:card\" content=\"summary_large_image\" \/>\n<meta name=\"twitter:creator\" content=\"@bati_journal\" \/>\n<meta name=\"twitter:site\" content=\"@bati_journal\" \/>\n<meta name=\"twitter:label1\" content=\"\u00c9crit par\" \/>\n\t<meta name=\"twitter:data1\" content=\"St\u00e9phane Miget\" \/>\n\t<meta name=\"twitter:label2\" content=\"Dur\u00e9e de lecture estim\u00e9e\" \/>\n\t<meta name=\"twitter:data2\" content=\"3 minutes\" \/>\n<script type=\"application\/ld+json\" class=\"yoast-schema-graph\">{\"@context\":\"https:\\\/\\\/schema.org\",\"@graph\":[{\"@type\":\"Article\",\"@id\":\"https:\\\/\\\/batijournal.com\\\/index.php\\\/loi-energie-climat-en-finir-avec-les-passoires-thermiques\\\/102550\\\/#article\",\"isPartOf\":{\"@id\":\"https:\\\/\\\/batijournal.com\\\/index.php\\\/loi-energie-climat-en-finir-avec-les-passoires-thermiques\\\/102550\\\/\"},\"author\":{\"name\":\"St\u00e9phane Miget\",\"@id\":\"https:\\\/\\\/batijournal.com\\\/#\\\/schema\\\/person\\\/1dc96ec6957aa1ccb25ebe78bb19f100\"},\"headline\":\"Loi \u00e9nergie-climat : en finir avec les passoires thermiques\",\"datePublished\":\"2019-07-02T12:20:02+00:00\",\"dateModified\":\"2019-07-15T10:10:36+00:00\",\"mainEntityOfPage\":{\"@id\":\"https:\\\/\\\/batijournal.com\\\/index.php\\\/loi-energie-climat-en-finir-avec-les-passoires-thermiques\\\/102550\\\/\"},\"wordCount\":565,\"image\":{\"@id\":\"https:\\\/\\\/batijournal.com\\\/index.php\\\/loi-energie-climat-en-finir-avec-les-passoires-thermiques\\\/102550\\\/#primaryimage\"},\"thumbnailUrl\":\"https:\\\/\\\/batijournal.com\\\/wp-content\\\/uploads\\\/2018\\\/02\\\/ite.jpg\",\"keywords\":[\"passoires thermiques\",\"renovation energetique\"],\"articleSection\":[\"A la Une\",\"Actualit\u00e9s\",\"Architecture &amp; Conception\",\"R\u00e9novation\",\"zz_Actualit\u00e9s - Plan\u00e8te\",\"zz_Plan\u00e8te B\u00e2timent\"],\"inLanguage\":\"fr-FR\"},{\"@type\":\"WebPage\",\"@id\":\"https:\\\/\\\/batijournal.com\\\/index.php\\\/loi-energie-climat-en-finir-avec-les-passoires-thermiques\\\/102550\\\/\",\"url\":\"https:\\\/\\\/batijournal.com\\\/index.php\\\/loi-energie-climat-en-finir-avec-les-passoires-thermiques\\\/102550\\\/\",\"name\":\"Loi \u00e9nergie-climat : en finir avec les passoires thermiques\",\"isPartOf\":{\"@id\":\"https:\\\/\\\/batijournal.com\\\/#website\"},\"primaryImageOfPage\":{\"@id\":\"https:\\\/\\\/batijournal.com\\\/index.php\\\/loi-energie-climat-en-finir-avec-les-passoires-thermiques\\\/102550\\\/#primaryimage\"},\"image\":{\"@id\":\"https:\\\/\\\/batijournal.com\\\/index.php\\\/loi-energie-climat-en-finir-avec-les-passoires-thermiques\\\/102550\\\/#primaryimage\"},\"thumbnailUrl\":\"https:\\\/\\\/batijournal.com\\\/wp-content\\\/uploads\\\/2018\\\/02\\\/ite.jpg\",\"datePublished\":\"2019-07-02T12:20:02+00:00\",\"dateModified\":\"2019-07-15T10:10:36+00:00\",\"author\":{\"@id\":\"https:\\\/\\\/batijournal.com\\\/#\\\/schema\\\/person\\\/1dc96ec6957aa1ccb25ebe78bb19f100\"},\"description\":\"La r\u00e9novation \u00e9nerg\u00e9tique des b\u00e2timents constitue un enjeu majeur contre le r\u00e9chauffement climatique, une nouvelle \u00e9tape contre les passoires thermiques\",\"breadcrumb\":{\"@id\":\"https:\\\/\\\/batijournal.com\\\/index.php\\\/loi-energie-climat-en-finir-avec-les-passoires-thermiques\\\/102550\\\/#breadcrumb\"},\"inLanguage\":\"fr-FR\",\"potentialAction\":[{\"@type\":\"ReadAction\",\"target\":[\"https:\\\/\\\/batijournal.com\\\/index.php\\\/loi-energie-climat-en-finir-avec-les-passoires-thermiques\\\/102550\\\/\"]}]},{\"@type\":\"ImageObject\",\"inLanguage\":\"fr-FR\",\"@id\":\"https:\\\/\\\/batijournal.com\\\/index.php\\\/loi-energie-climat-en-finir-avec-les-passoires-thermiques\\\/102550\\\/#primaryimage\",\"url\":\"https:\\\/\\\/batijournal.com\\\/wp-content\\\/uploads\\\/2018\\\/02\\\/ite.jpg\",\"contentUrl\":\"https:\\\/\\\/batijournal.com\\\/wp-content\\\/uploads\\\/2018\\\/02\\\/ite.jpg\",\"width\":1200,\"height\":779,\"caption\":\"Energie-Climat ADEME\"},{\"@type\":\"BreadcrumbList\",\"@id\":\"https:\\\/\\\/batijournal.com\\\/index.php\\\/loi-energie-climat-en-finir-avec-les-passoires-thermiques\\\/102550\\\/#breadcrumb\",\"itemListElement\":[{\"@type\":\"ListItem\",\"position\":1,\"name\":\"Accueil\",\"item\":\"https:\\\/\\\/batijournal.com\\\/\"},{\"@type\":\"ListItem\",\"position\":2,\"name\":\"Actualit\u00e9s\",\"item\":\"https:\\\/\\\/batijournal.com\\\/index.php\\\/category\\\/actualites\\\/\"},{\"@type\":\"ListItem\",\"position\":3,\"name\":\"Loi \u00e9nergie-climat : en finir avec les passoires thermiques\"}]},{\"@type\":\"WebSite\",\"@id\":\"https:\\\/\\\/batijournal.com\\\/#website\",\"url\":\"https:\\\/\\\/batijournal.com\\\/\",\"name\":\"Batijournal\",\"description\":\"L&#039;actualit\u00e9 du b\u00e2timent\",\"potentialAction\":[{\"@type\":\"SearchAction\",\"target\":{\"@type\":\"EntryPoint\",\"urlTemplate\":\"https:\\\/\\\/batijournal.com\\\/?s={search_term_string}\"},\"query-input\":{\"@type\":\"PropertyValueSpecification\",\"valueRequired\":true,\"valueName\":\"search_term_string\"}}],\"inLanguage\":\"fr-FR\"},{\"@type\":\"Person\",\"@id\":\"https:\\\/\\\/batijournal.com\\\/#\\\/schema\\\/person\\\/1dc96ec6957aa1ccb25ebe78bb19f100\",\"name\":\"St\u00e9phane Miget\",\"image\":{\"@type\":\"ImageObject\",\"inLanguage\":\"fr-FR\",\"@id\":\"https:\\\/\\\/secure.gravatar.com\\\/avatar\\\/89915563d925342126b8ef0281b93d9d7fc337043e8df017f780908eb9644451?s=96&d=mm&r=g\",\"url\":\"https:\\\/\\\/secure.gravatar.com\\\/avatar\\\/89915563d925342126b8ef0281b93d9d7fc337043e8df017f780908eb9644451?s=96&d=mm&r=g\",\"contentUrl\":\"https:\\\/\\\/secure.gravatar.com\\\/avatar\\\/89915563d925342126b8ef0281b93d9d7fc337043e8df017f780908eb9644451?s=96&d=mm&r=g\",\"caption\":\"St\u00e9phane Miget\"},\"url\":\"https:\\\/\\\/batijournal.com\\\/index.php\\\/author\\\/stephane\\\/\"}]}<\/script>\n<!-- \/ Yoast SEO plugin. -->","yoast_head_json":{"title":"Loi \u00e9nergie-climat : en finir avec les passoires thermiques","description":"La r\u00e9novation \u00e9nerg\u00e9tique des b\u00e2timents constitue un enjeu majeur contre le r\u00e9chauffement climatique, une nouvelle \u00e9tape contre les passoires thermiques","robots":{"index":"index","follow":"follow","max-snippet":"max-snippet:-1","max-image-preview":"max-image-preview:large","max-video-preview":"max-video-preview:-1"},"canonical":"https:\/\/batijournal.com\/index.php\/loi-energie-climat-en-finir-avec-les-passoires-thermiques\/102550\/","og_locale":"fr_FR","og_type":"article","og_title":"Loi \u00e9nergie-climat : en finir avec les passoires thermiques","og_description":"La r\u00e9novation \u00e9nerg\u00e9tique des b\u00e2timents constitue un enjeu majeur contre le r\u00e9chauffement climatique, une nouvelle \u00e9tape contre les passoires thermiques","og_url":"https:\/\/batijournal.com\/index.php\/loi-energie-climat-en-finir-avec-les-passoires-thermiques\/102550\/","og_site_name":"Batijournal","article_published_time":"2019-07-02T12:20:02+00:00","article_modified_time":"2019-07-15T10:10:36+00:00","og_image":[{"width":1200,"height":779,"url":"https:\/\/batijournal.com\/wp-content\/uploads\/2018\/02\/ite.jpg","type":"image\/jpeg"}],"author":"St\u00e9phane Miget","twitter_card":"summary_large_image","twitter_creator":"@bati_journal","twitter_site":"@bati_journal","twitter_misc":{"\u00c9crit par":"St\u00e9phane Miget","Dur\u00e9e de lecture estim\u00e9e":"3 minutes"},"schema":{"@context":"https:\/\/schema.org","@graph":[{"@type":"Article","@id":"https:\/\/batijournal.com\/index.php\/loi-energie-climat-en-finir-avec-les-passoires-thermiques\/102550\/#article","isPartOf":{"@id":"https:\/\/batijournal.com\/index.php\/loi-energie-climat-en-finir-avec-les-passoires-thermiques\/102550\/"},"author":{"name":"St\u00e9phane Miget","@id":"https:\/\/batijournal.com\/#\/schema\/person\/1dc96ec6957aa1ccb25ebe78bb19f100"},"headline":"Loi \u00e9nergie-climat : en finir avec les passoires thermiques","datePublished":"2019-07-02T12:20:02+00:00","dateModified":"2019-07-15T10:10:36+00:00","mainEntityOfPage":{"@id":"https:\/\/batijournal.com\/index.php\/loi-energie-climat-en-finir-avec-les-passoires-thermiques\/102550\/"},"wordCount":565,"image":{"@id":"https:\/\/batijournal.com\/index.php\/loi-energie-climat-en-finir-avec-les-passoires-thermiques\/102550\/#primaryimage"},"thumbnailUrl":"https:\/\/batijournal.com\/wp-content\/uploads\/2018\/02\/ite.jpg","keywords":["passoires thermiques","renovation energetique"],"articleSection":["A la Une","Actualit\u00e9s","Architecture &amp; Conception","R\u00e9novation","zz_Actualit\u00e9s - Plan\u00e8te","zz_Plan\u00e8te B\u00e2timent"],"inLanguage":"fr-FR"},{"@type":"WebPage","@id":"https:\/\/batijournal.com\/index.php\/loi-energie-climat-en-finir-avec-les-passoires-thermiques\/102550\/","url":"https:\/\/batijournal.com\/index.php\/loi-energie-climat-en-finir-avec-les-passoires-thermiques\/102550\/","name":"Loi \u00e9nergie-climat : en finir avec les passoires thermiques","isPartOf":{"@id":"https:\/\/batijournal.com\/#website"},"primaryImageOfPage":{"@id":"https:\/\/batijournal.com\/index.php\/loi-energie-climat-en-finir-avec-les-passoires-thermiques\/102550\/#primaryimage"},"image":{"@id":"https:\/\/batijournal.com\/index.php\/loi-energie-climat-en-finir-avec-les-passoires-thermiques\/102550\/#primaryimage"},"thumbnailUrl":"https:\/\/batijournal.com\/wp-content\/uploads\/2018\/02\/ite.jpg","datePublished":"2019-07-02T12:20:02+00:00","dateModified":"2019-07-15T10:10:36+00:00","author":{"@id":"https:\/\/batijournal.com\/#\/schema\/person\/1dc96ec6957aa1ccb25ebe78bb19f100"},"description":"La r\u00e9novation \u00e9nerg\u00e9tique des b\u00e2timents constitue un enjeu majeur contre le r\u00e9chauffement climatique, une nouvelle \u00e9tape contre les passoires thermiques","breadcrumb":{"@id":"https:\/\/batijournal.com\/index.php\/loi-energie-climat-en-finir-avec-les-passoires-thermiques\/102550\/#breadcrumb"},"inLanguage":"fr-FR","potentialAction":[{"@type":"ReadAction","target":["https:\/\/batijournal.com\/index.php\/loi-energie-climat-en-finir-avec-les-passoires-thermiques\/102550\/"]}]},{"@type":"ImageObject","inLanguage":"fr-FR","@id":"https:\/\/batijournal.com\/index.php\/loi-energie-climat-en-finir-avec-les-passoires-thermiques\/102550\/#primaryimage","url":"https:\/\/batijournal.com\/wp-content\/uploads\/2018\/02\/ite.jpg","contentUrl":"https:\/\/batijournal.com\/wp-content\/uploads\/2018\/02\/ite.jpg","width":1200,"height":779,"caption":"Energie-Climat ADEME"},{"@type":"BreadcrumbList","@id":"https:\/\/batijournal.com\/index.php\/loi-energie-climat-en-finir-avec-les-passoires-thermiques\/102550\/#breadcrumb","itemListElement":[{"@type":"ListItem","position":1,"name":"Accueil","item":"https:\/\/batijournal.com\/"},{"@type":"ListItem","position":2,"name":"Actualit\u00e9s","item":"https:\/\/batijournal.com\/index.php\/category\/actualites\/"},{"@type":"ListItem","position":3,"name":"Loi \u00e9nergie-climat : en finir avec les passoires thermiques"}]},{"@type":"WebSite","@id":"https:\/\/batijournal.com\/#website","url":"https:\/\/batijournal.com\/","name":"Batijournal","description":"L&#039;actualit\u00e9 du b\u00e2timent","potentialAction":[{"@type":"SearchAction","target":{"@type":"EntryPoint","urlTemplate":"https:\/\/batijournal.com\/?s={search_term_string}"},"query-input":{"@type":"PropertyValueSpecification","valueRequired":true,"valueName":"search_term_string"}}],"inLanguage":"fr-FR"},{"@type":"Person","@id":"https:\/\/batijournal.com\/#\/schema\/person\/1dc96ec6957aa1ccb25ebe78bb19f100","name":"St\u00e9phane Miget","image":{"@type":"ImageObject","inLanguage":"fr-FR","@id":"https:\/\/secure.gravatar.com\/avatar\/89915563d925342126b8ef0281b93d9d7fc337043e8df017f780908eb9644451?s=96&d=mm&r=g","url":"https:\/\/secure.gravatar.com\/avatar\/89915563d925342126b8ef0281b93d9d7fc337043e8df017f780908eb9644451?s=96&d=mm&r=g","contentUrl":"https:\/\/secure.gravatar.com\/avatar\/89915563d925342126b8ef0281b93d9d7fc337043e8df017f780908eb9644451?s=96&d=mm&r=g","caption":"St\u00e9phane Miget"},"url":"https:\/\/batijournal.com\/index.php\/author\/stephane\/"}]}},"_links":{"self":[{"href":"https:\/\/batijournal.com\/index.php\/wp-json\/wp\/v2\/posts\/102550","targetHints":{"allow":["GET"]}}],"collection":[{"href":"https:\/\/batijournal.com\/index.php\/wp-json\/wp\/v2\/posts"}],"about":[{"href":"https:\/\/batijournal.com\/index.php\/wp-json\/wp\/v2\/types\/post"}],"author":[{"embeddable":true,"href":"https:\/\/batijournal.com\/index.php\/wp-json\/wp\/v2\/users\/17"}],"replies":[{"embeddable":true,"href":"https:\/\/batijournal.com\/index.php\/wp-json\/wp\/v2\/comments?post=102550"}],"version-history":[{"count":0,"href":"https:\/\/batijournal.com\/index.php\/wp-json\/wp\/v2\/posts\/102550\/revisions"}],"wp:featuredmedia":[{"embeddable":true,"href":"https:\/\/batijournal.com\/index.php\/wp-json\/wp\/v2\/media\/98496"}],"wp:attachment":[{"href":"https:\/\/batijournal.com\/index.php\/wp-json\/wp\/v2\/media?parent=102550"}],"wp:term":[{"taxonomy":"category","embeddable":true,"href":"https:\/\/batijournal.com\/index.php\/wp-json\/wp\/v2\/categories?post=102550"},{"taxonomy":"post_tag","embeddable":true,"href":"https:\/\/batijournal.com\/index.php\/wp-json\/wp\/v2\/tags?post=102550"}],"curies":[{"name":"wp","href":"https:\/\/api.w.org\/{rel}","templated":true}]}}