{"id":102551,"date":"2019-07-02T14:22:55","date_gmt":"2019-07-02T12:22:55","guid":{"rendered":"https:\/\/batijournal.com\/?p=102551"},"modified":"2019-07-15T12:21:48","modified_gmt":"2019-07-15T10:21:48","slug":"acceleration-du-deploiement-des-energies-renouvelables","status":"publish","type":"post","link":"https:\/\/batijournal.com\/index.php\/acceleration-du-deploiement-des-energies-renouvelables\/102551\/","title":{"rendered":"Acc\u00e9l\u00e9ration du d\u00e9ploiement des \u00e9nergies renouvelables ?"},"content":{"rendered":"<p><strong>L\u2019examen du projet de loi relatif \u00e0 l\u2019\u00e9nergie et au climat \u00e0 l\u2019Assembl\u00e9e nationale a permis l\u2019adoption de plusieurs mesures relatives \u00e0 l\u2019installation de projets d\u2019\u00e9nergies renouvelables :<\/strong><\/p>\n<p>&#8211; L\u2019article 6 du projet de loi dispose que les nouveaux entrep\u00f4ts et supermarch\u00e9s et les ombri\u00e8res de parcs de stationnement devront d\u00e9sormais int\u00e9grer, au moment de leur construction, 30% de leur surface de toiture en panneaux solaires, ou bien faisant l\u2019objet de v\u00e9g\u00e9talisation ;<\/p>\n<p>&#8211; L\u2019article 4 ter du projet de loi cr\u00e9e la possibilit\u00e9 d\u2019installer par d\u00e9rogation des panneaux photovolta\u00efques dans les zones de pr\u00e9vention des risques technologiques : ces zones inutilis\u00e9es pour les habitations pourront plus facilement devenir des zones de production d\u2019\u00e9nergie renouvelable ;<\/p>\n<p>&#8211; L\u2019article 4 permet \u00e9galement de s\u00e9curiser juridiquement les proc\u00e9dures environnementales d\u2019autorisation des projets d\u2019\u00e9nergies renouvelables (installation de photovolta\u00efque, projets de g\u00e9othermie ou hydro\u00e9lectricit\u00e9 de faible puissance) en clarifiant le r\u00e9gime juridique de l\u2019\u00e9valuation environnementale.<\/p>\n","protected":false},"excerpt":{"rendered":"<p>L\u2019examen du projet de loi relatif \u00e0 l\u2019\u00e9nergie et au climat \u00e0 l\u2019Assembl\u00e9e nationale a permis l\u2019adoption de plusieurs mesures relatives \u00e0 l\u2019installation de projets d\u2019\u00e9nergies renouvelables : &#8211; L\u2019article 6 du projet de loi dispose que les nouveaux entrep\u00f4ts et supermarch\u00e9s et les ombri\u00e8res de parcs de stationnement devront d\u00e9sormais int\u00e9grer, au moment de [&hellip;]<\/p>\n","protected":false},"author":17,"featured_media":96533,"comment_status":"closed","ping_status":"closed","sticky":false,"template":"","format":"standard","meta":{"_et_pb_use_builder":"","_et_pb_old_content":"","_et_gb_content_width":"","footnotes":""},"categories":[10530,6351,10781,10778],"tags":[1628],"class_list":["post-102551","post","type-post","status-publish","format-standard","has-post-thumbnail","hentry","category-actualites","category-energie-environnement","category-publications-planete","category-planete","tag-energies-renouvelables"],"yoast_head":"<!-- This site is optimized with the Yoast SEO plugin v27.4 - https:\/\/yoast.com\/product\/yoast-seo-wordpress\/ -->\n<title>Acc\u00e9l\u00e9ration du d\u00e9ploiement des \u00e9nergies renouvelables ?<\/title>\n<meta name=\"description\" content=\"Le projet de loi relatif \u00e0 l\u2019\u00e9nergie et au climat va permettre plusieurs mesures relatives \u00e0 l\u2019installation de projets d\u2019\u00e9nergies renouvelables\" \/>\n<meta name=\"robots\" content=\"index, follow, max-snippet:-1, max-image-preview:large, max-video-preview:-1\" \/>\n<link rel=\"canonical\" href=\"https:\/\/batijournal.com\/index.php\/acceleration-du-deploiement-des-energies-renouvelables\/102551\/\" \/>\n<meta property=\"og:locale\" content=\"fr_FR\" \/>\n<meta property=\"og:type\" content=\"article\" \/>\n<meta property=\"og:title\" content=\"Acc\u00e9l\u00e9ration du d\u00e9ploiement des \u00e9nergies renouvelables ?\" \/>\n<meta property=\"og:description\" content=\"Le projet de loi relatif \u00e0 l\u2019\u00e9nergie et au climat va permettre plusieurs mesures relatives \u00e0 l\u2019installation de projets d\u2019\u00e9nergies renouvelables\" \/>\n<meta property=\"og:url\" content=\"https:\/\/batijournal.com\/index.php\/acceleration-du-deploiement-des-energies-renouvelables\/102551\/\" \/>\n<meta property=\"og:site_name\" content=\"Batijournal\" \/>\n<meta property=\"article:published_time\" content=\"2019-07-02T12:22:55+00:00\" \/>\n<meta property=\"article:modified_time\" content=\"2019-07-15T10:21:48+00:00\" \/>\n<meta property=\"og:image\" content=\"https:\/\/batijournal.com\/wp-content\/uploads\/2017\/07\/eolienne.jpg\" \/>\n\t<meta property=\"og:image:width\" content=\"1200\" \/>\n\t<meta property=\"og:image:height\" content=\"703\" \/>\n\t<meta property=\"og:image:type\" content=\"image\/jpeg\" \/>\n<meta name=\"author\" content=\"St\u00e9phane Miget\" \/>\n<meta name=\"twitter:card\" content=\"summary_large_image\" \/>\n<meta name=\"twitter:creator\" content=\"@bati_journal\" \/>\n<meta name=\"twitter:site\" content=\"@bati_journal\" \/>\n<meta name=\"twitter:label1\" content=\"\u00c9crit par\" \/>\n\t<meta name=\"twitter:data1\" content=\"St\u00e9phane Miget\" \/>\n\t<meta name=\"twitter:label2\" content=\"Dur\u00e9e de lecture estim\u00e9e\" \/>\n\t<meta name=\"twitter:data2\" content=\"1 minute\" \/>\n<script type=\"application\/ld+json\" class=\"yoast-schema-graph\">{\"@context\":\"https:\\\/\\\/schema.org\",\"@graph\":[{\"@type\":\"Article\",\"@id\":\"https:\\\/\\\/batijournal.com\\\/index.php\\\/acceleration-du-deploiement-des-energies-renouvelables\\\/102551\\\/#article\",\"isPartOf\":{\"@id\":\"https:\\\/\\\/batijournal.com\\\/index.php\\\/acceleration-du-deploiement-des-energies-renouvelables\\\/102551\\\/\"},\"author\":{\"name\":\"St\u00e9phane Miget\",\"@id\":\"https:\\\/\\\/batijournal.com\\\/#\\\/schema\\\/person\\\/1dc96ec6957aa1ccb25ebe78bb19f100\"},\"headline\":\"Acc\u00e9l\u00e9ration du d\u00e9ploiement des \u00e9nergies renouvelables ?\",\"datePublished\":\"2019-07-02T12:22:55+00:00\",\"dateModified\":\"2019-07-15T10:21:48+00:00\",\"mainEntityOfPage\":{\"@id\":\"https:\\\/\\\/batijournal.com\\\/index.php\\\/acceleration-du-deploiement-des-energies-renouvelables\\\/102551\\\/\"},\"wordCount\":183,\"image\":{\"@id\":\"https:\\\/\\\/batijournal.com\\\/index.php\\\/acceleration-du-deploiement-des-energies-renouvelables\\\/102551\\\/#primaryimage\"},\"thumbnailUrl\":\"https:\\\/\\\/batijournal.com\\\/wp-content\\\/uploads\\\/2017\\\/07\\\/eolienne.jpg\",\"keywords\":[\"\u00e9nergies renouvelables\"],\"articleSection\":[\"Actualit\u00e9s\",\"\u00c9nergie &amp; Environnement\",\"zz_Actualit\u00e9s - Plan\u00e8te\",\"zz_Plan\u00e8te B\u00e2timent\"],\"inLanguage\":\"fr-FR\"},{\"@type\":\"WebPage\",\"@id\":\"https:\\\/\\\/batijournal.com\\\/index.php\\\/acceleration-du-deploiement-des-energies-renouvelables\\\/102551\\\/\",\"url\":\"https:\\\/\\\/batijournal.com\\\/index.php\\\/acceleration-du-deploiement-des-energies-renouvelables\\\/102551\\\/\",\"name\":\"Acc\u00e9l\u00e9ration du d\u00e9ploiement des \u00e9nergies renouvelables ?\",\"isPartOf\":{\"@id\":\"https:\\\/\\\/batijournal.com\\\/#website\"},\"primaryImageOfPage\":{\"@id\":\"https:\\\/\\\/batijournal.com\\\/index.php\\\/acceleration-du-deploiement-des-energies-renouvelables\\\/102551\\\/#primaryimage\"},\"image\":{\"@id\":\"https:\\\/\\\/batijournal.com\\\/index.php\\\/acceleration-du-deploiement-des-energies-renouvelables\\\/102551\\\/#primaryimage\"},\"thumbnailUrl\":\"https:\\\/\\\/batijournal.com\\\/wp-content\\\/uploads\\\/2017\\\/07\\\/eolienne.jpg\",\"datePublished\":\"2019-07-02T12:22:55+00:00\",\"dateModified\":\"2019-07-15T10:21:48+00:00\",\"author\":{\"@id\":\"https:\\\/\\\/batijournal.com\\\/#\\\/schema\\\/person\\\/1dc96ec6957aa1ccb25ebe78bb19f100\"},\"description\":\"Le projet de loi relatif \u00e0 l\u2019\u00e9nergie et au climat va permettre plusieurs mesures relatives \u00e0 l\u2019installation de projets d\u2019\u00e9nergies renouvelables\",\"breadcrumb\":{\"@id\":\"https:\\\/\\\/batijournal.com\\\/index.php\\\/acceleration-du-deploiement-des-energies-renouvelables\\\/102551\\\/#breadcrumb\"},\"inLanguage\":\"fr-FR\",\"potentialAction\":[{\"@type\":\"ReadAction\",\"target\":[\"https:\\\/\\\/batijournal.com\\\/index.php\\\/acceleration-du-deploiement-des-energies-renouvelables\\\/102551\\\/\"]}]},{\"@type\":\"ImageObject\",\"inLanguage\":\"fr-FR\",\"@id\":\"https:\\\/\\\/batijournal.com\\\/index.php\\\/acceleration-du-deploiement-des-energies-renouvelables\\\/102551\\\/#primaryimage\",\"url\":\"https:\\\/\\\/batijournal.com\\\/wp-content\\\/uploads\\\/2017\\\/07\\\/eolienne.jpg\",\"contentUrl\":\"https:\\\/\\\/batijournal.com\\\/wp-content\\\/uploads\\\/2017\\\/07\\\/eolienne.jpg\",\"width\":1200,\"height\":703},{\"@type\":\"BreadcrumbList\",\"@id\":\"https:\\\/\\\/batijournal.com\\\/index.php\\\/acceleration-du-deploiement-des-energies-renouvelables\\\/102551\\\/#breadcrumb\",\"itemListElement\":[{\"@type\":\"ListItem\",\"position\":1,\"name\":\"Accueil\",\"item\":\"https:\\\/\\\/batijournal.com\\\/\"},{\"@type\":\"ListItem\",\"position\":2,\"name\":\"Actualit\u00e9s\",\"item\":\"https:\\\/\\\/batijournal.com\\\/index.php\\\/category\\\/actualites\\\/\"},{\"@type\":\"ListItem\",\"position\":3,\"name\":\"Acc\u00e9l\u00e9ration du d\u00e9ploiement des \u00e9nergies renouvelables ?\"}]},{\"@type\":\"WebSite\",\"@id\":\"https:\\\/\\\/batijournal.com\\\/#website\",\"url\":\"https:\\\/\\\/batijournal.com\\\/\",\"name\":\"Batijournal\",\"description\":\"L&#039;actualit\u00e9 du b\u00e2timent\",\"potentialAction\":[{\"@type\":\"SearchAction\",\"target\":{\"@type\":\"EntryPoint\",\"urlTemplate\":\"https:\\\/\\\/batijournal.com\\\/?s={search_term_string}\"},\"query-input\":{\"@type\":\"PropertyValueSpecification\",\"valueRequired\":true,\"valueName\":\"search_term_string\"}}],\"inLanguage\":\"fr-FR\"},{\"@type\":\"Person\",\"@id\":\"https:\\\/\\\/batijournal.com\\\/#\\\/schema\\\/person\\\/1dc96ec6957aa1ccb25ebe78bb19f100\",\"name\":\"St\u00e9phane Miget\",\"image\":{\"@type\":\"ImageObject\",\"inLanguage\":\"fr-FR\",\"@id\":\"https:\\\/\\\/secure.gravatar.com\\\/avatar\\\/89915563d925342126b8ef0281b93d9d7fc337043e8df017f780908eb9644451?s=96&d=mm&r=g\",\"url\":\"https:\\\/\\\/secure.gravatar.com\\\/avatar\\\/89915563d925342126b8ef0281b93d9d7fc337043e8df017f780908eb9644451?s=96&d=mm&r=g\",\"contentUrl\":\"https:\\\/\\\/secure.gravatar.com\\\/avatar\\\/89915563d925342126b8ef0281b93d9d7fc337043e8df017f780908eb9644451?s=96&d=mm&r=g\",\"caption\":\"St\u00e9phane Miget\"},\"url\":\"https:\\\/\\\/batijournal.com\\\/index.php\\\/author\\\/stephane\\\/\"}]}<\/script>\n<!-- \/ Yoast SEO plugin. -->","yoast_head_json":{"title":"Acc\u00e9l\u00e9ration du d\u00e9ploiement des \u00e9nergies renouvelables ?","description":"Le projet de loi relatif \u00e0 l\u2019\u00e9nergie et au climat va permettre plusieurs mesures relatives \u00e0 l\u2019installation de projets d\u2019\u00e9nergies renouvelables","robots":{"index":"index","follow":"follow","max-snippet":"max-snippet:-1","max-image-preview":"max-image-preview:large","max-video-preview":"max-video-preview:-1"},"canonical":"https:\/\/batijournal.com\/index.php\/acceleration-du-deploiement-des-energies-renouvelables\/102551\/","og_locale":"fr_FR","og_type":"article","og_title":"Acc\u00e9l\u00e9ration du d\u00e9ploiement des \u00e9nergies renouvelables ?","og_description":"Le projet de loi relatif \u00e0 l\u2019\u00e9nergie et au climat va permettre plusieurs mesures relatives \u00e0 l\u2019installation de projets d\u2019\u00e9nergies renouvelables","og_url":"https:\/\/batijournal.com\/index.php\/acceleration-du-deploiement-des-energies-renouvelables\/102551\/","og_site_name":"Batijournal","article_published_time":"2019-07-02T12:22:55+00:00","article_modified_time":"2019-07-15T10:21:48+00:00","og_image":[{"width":1200,"height":703,"url":"https:\/\/batijournal.com\/wp-content\/uploads\/2017\/07\/eolienne.jpg","type":"image\/jpeg"}],"author":"St\u00e9phane Miget","twitter_card":"summary_large_image","twitter_creator":"@bati_journal","twitter_site":"@bati_journal","twitter_misc":{"\u00c9crit par":"St\u00e9phane Miget","Dur\u00e9e de lecture estim\u00e9e":"1 minute"},"schema":{"@context":"https:\/\/schema.org","@graph":[{"@type":"Article","@id":"https:\/\/batijournal.com\/index.php\/acceleration-du-deploiement-des-energies-renouvelables\/102551\/#article","isPartOf":{"@id":"https:\/\/batijournal.com\/index.php\/acceleration-du-deploiement-des-energies-renouvelables\/102551\/"},"author":{"name":"St\u00e9phane Miget","@id":"https:\/\/batijournal.com\/#\/schema\/person\/1dc96ec6957aa1ccb25ebe78bb19f100"},"headline":"Acc\u00e9l\u00e9ration du d\u00e9ploiement des \u00e9nergies renouvelables ?","datePublished":"2019-07-02T12:22:55+00:00","dateModified":"2019-07-15T10:21:48+00:00","mainEntityOfPage":{"@id":"https:\/\/batijournal.com\/index.php\/acceleration-du-deploiement-des-energies-renouvelables\/102551\/"},"wordCount":183,"image":{"@id":"https:\/\/batijournal.com\/index.php\/acceleration-du-deploiement-des-energies-renouvelables\/102551\/#primaryimage"},"thumbnailUrl":"https:\/\/batijournal.com\/wp-content\/uploads\/2017\/07\/eolienne.jpg","keywords":["\u00e9nergies renouvelables"],"articleSection":["Actualit\u00e9s","\u00c9nergie &amp; Environnement","zz_Actualit\u00e9s - Plan\u00e8te","zz_Plan\u00e8te B\u00e2timent"],"inLanguage":"fr-FR"},{"@type":"WebPage","@id":"https:\/\/batijournal.com\/index.php\/acceleration-du-deploiement-des-energies-renouvelables\/102551\/","url":"https:\/\/batijournal.com\/index.php\/acceleration-du-deploiement-des-energies-renouvelables\/102551\/","name":"Acc\u00e9l\u00e9ration du d\u00e9ploiement des \u00e9nergies renouvelables ?","isPartOf":{"@id":"https:\/\/batijournal.com\/#website"},"primaryImageOfPage":{"@id":"https:\/\/batijournal.com\/index.php\/acceleration-du-deploiement-des-energies-renouvelables\/102551\/#primaryimage"},"image":{"@id":"https:\/\/batijournal.com\/index.php\/acceleration-du-deploiement-des-energies-renouvelables\/102551\/#primaryimage"},"thumbnailUrl":"https:\/\/batijournal.com\/wp-content\/uploads\/2017\/07\/eolienne.jpg","datePublished":"2019-07-02T12:22:55+00:00","dateModified":"2019-07-15T10:21:48+00:00","author":{"@id":"https:\/\/batijournal.com\/#\/schema\/person\/1dc96ec6957aa1ccb25ebe78bb19f100"},"description":"Le projet de loi relatif \u00e0 l\u2019\u00e9nergie et au climat va permettre plusieurs mesures relatives \u00e0 l\u2019installation de projets d\u2019\u00e9nergies renouvelables","breadcrumb":{"@id":"https:\/\/batijournal.com\/index.php\/acceleration-du-deploiement-des-energies-renouvelables\/102551\/#breadcrumb"},"inLanguage":"fr-FR","potentialAction":[{"@type":"ReadAction","target":["https:\/\/batijournal.com\/index.php\/acceleration-du-deploiement-des-energies-renouvelables\/102551\/"]}]},{"@type":"ImageObject","inLanguage":"fr-FR","@id":"https:\/\/batijournal.com\/index.php\/acceleration-du-deploiement-des-energies-renouvelables\/102551\/#primaryimage","url":"https:\/\/batijournal.com\/wp-content\/uploads\/2017\/07\/eolienne.jpg","contentUrl":"https:\/\/batijournal.com\/wp-content\/uploads\/2017\/07\/eolienne.jpg","width":1200,"height":703},{"@type":"BreadcrumbList","@id":"https:\/\/batijournal.com\/index.php\/acceleration-du-deploiement-des-energies-renouvelables\/102551\/#breadcrumb","itemListElement":[{"@type":"ListItem","position":1,"name":"Accueil","item":"https:\/\/batijournal.com\/"},{"@type":"ListItem","position":2,"name":"Actualit\u00e9s","item":"https:\/\/batijournal.com\/index.php\/category\/actualites\/"},{"@type":"ListItem","position":3,"name":"Acc\u00e9l\u00e9ration du d\u00e9ploiement des \u00e9nergies renouvelables ?"}]},{"@type":"WebSite","@id":"https:\/\/batijournal.com\/#website","url":"https:\/\/batijournal.com\/","name":"Batijournal","description":"L&#039;actualit\u00e9 du b\u00e2timent","potentialAction":[{"@type":"SearchAction","target":{"@type":"EntryPoint","urlTemplate":"https:\/\/batijournal.com\/?s={search_term_string}"},"query-input":{"@type":"PropertyValueSpecification","valueRequired":true,"valueName":"search_term_string"}}],"inLanguage":"fr-FR"},{"@type":"Person","@id":"https:\/\/batijournal.com\/#\/schema\/person\/1dc96ec6957aa1ccb25ebe78bb19f100","name":"St\u00e9phane Miget","image":{"@type":"ImageObject","inLanguage":"fr-FR","@id":"https:\/\/secure.gravatar.com\/avatar\/89915563d925342126b8ef0281b93d9d7fc337043e8df017f780908eb9644451?s=96&d=mm&r=g","url":"https:\/\/secure.gravatar.com\/avatar\/89915563d925342126b8ef0281b93d9d7fc337043e8df017f780908eb9644451?s=96&d=mm&r=g","contentUrl":"https:\/\/secure.gravatar.com\/avatar\/89915563d925342126b8ef0281b93d9d7fc337043e8df017f780908eb9644451?s=96&d=mm&r=g","caption":"St\u00e9phane Miget"},"url":"https:\/\/batijournal.com\/index.php\/author\/stephane\/"}]}},"_links":{"self":[{"href":"https:\/\/batijournal.com\/index.php\/wp-json\/wp\/v2\/posts\/102551","targetHints":{"allow":["GET"]}}],"collection":[{"href":"https:\/\/batijournal.com\/index.php\/wp-json\/wp\/v2\/posts"}],"about":[{"href":"https:\/\/batijournal.com\/index.php\/wp-json\/wp\/v2\/types\/post"}],"author":[{"embeddable":true,"href":"https:\/\/batijournal.com\/index.php\/wp-json\/wp\/v2\/users\/17"}],"replies":[{"embeddable":true,"href":"https:\/\/batijournal.com\/index.php\/wp-json\/wp\/v2\/comments?post=102551"}],"version-history":[{"count":0,"href":"https:\/\/batijournal.com\/index.php\/wp-json\/wp\/v2\/posts\/102551\/revisions"}],"wp:featuredmedia":[{"embeddable":true,"href":"https:\/\/batijournal.com\/index.php\/wp-json\/wp\/v2\/media\/96533"}],"wp:attachment":[{"href":"https:\/\/batijournal.com\/index.php\/wp-json\/wp\/v2\/media?parent=102551"}],"wp:term":[{"taxonomy":"category","embeddable":true,"href":"https:\/\/batijournal.com\/index.php\/wp-json\/wp\/v2\/categories?post=102551"},{"taxonomy":"post_tag","embeddable":true,"href":"https:\/\/batijournal.com\/index.php\/wp-json\/wp\/v2\/tags?post=102551"}],"curies":[{"name":"wp","href":"https:\/\/api.w.org\/{rel}","templated":true}]}}