{"id":102565,"date":"2019-07-04T16:51:46","date_gmt":"2019-07-04T14:51:46","guid":{"rendered":"https:\/\/batijournal.com\/?p=102565"},"modified":"2019-07-15T11:26:40","modified_gmt":"2019-07-15T09:26:40","slug":"projet-bas-carbone-avec-aluminium-recycle-a-cote-de-marseille","status":"publish","type":"post","link":"https:\/\/batijournal.com\/index.php\/projet-bas-carbone-avec-aluminium-recycle-a-cote-de-marseille\/102565\/","title":{"rendered":"Projet bas carbone avec aluminium recycl\u00e9 \u00e0 c\u00f4t\u00e9 de Marseille"},"content":{"rendered":"<p>TECHNAL, marque du groupe HYDRO, et son fabricant-installateur SMMM viennent de signer le premier chantier r\u00e9alis\u00e9 avec des menuiseries en aluminium recycl\u00e9 CIRCAL 75R. Ce projet bas carbone, qui est une premi\u00e8re en France, va voir le jour en p\u00e9riph\u00e9rie de Marseille, dans la commune des Pennes-Mirabeau. Au total, 1 340 m2 de fa\u00e7ades SPINAL et GEODE seront mis en \u0153uvre entre l\u2019\u00e9t\u00e9 2019 et la fin d\u2019ann\u00e9e 2020. Ils habilleront l\u2019enveloppe de quatre \u00e9quipements publics imagin\u00e9s pour donner une nouvelle dynamique auquartier de la Gavotte : une m\u00e9diath\u00e8que de 3 000 m2, un restaurant interg\u00e9n\u00e9rationnel de 500 couverts, un groupe scolaire de 15 classes ainsi qu\u2019un p\u00f4le enfance int\u00e9grant une cr\u00e8che et un Relais Assistantes Maternelles.<\/p>\n<p>Le groupe HYDRO repousse les limites de l&rsquo;aluminium bas carbone. Il utilise des d\u00e9chets post-consommation pour d\u00e9velopper des alliages et des produits recycl\u00e9s, aidant ainsi ses clients \u00e0 r\u00e9duire leurs \u00e9missions de CO2. L\u2019aluminium REDUXA est certifi\u00e9 \u00e0 faible teneur en carbone avec une empreinte carbone maximale de 4,0 kg de CO2e\/kg d&rsquo;aluminium. L\u2019aluminium CIRCAL est un mat\u00e9riau de premi\u00e8re qualit\u00e9 compos\u00e9 d\u2019au moins 75 % de mati\u00e8res recycl\u00e9es post consommation.<\/p>\n<p>Photo : TECTONIQUES &#8211; TECHNAL<\/p>\n<p>&nbsp;<\/p>\n","protected":false},"excerpt":{"rendered":"<p>TECHNAL, marque du groupe HYDRO, et son fabricant-installateur SMMM viennent de signer le premier chantier r\u00e9alis\u00e9 avec des menuiseries en aluminium recycl\u00e9 CIRCAL 75R. Ce projet bas carbone, qui est une premi\u00e8re en France, va voir le jour en p\u00e9riph\u00e9rie de Marseille, dans la commune des Pennes-Mirabeau. Au total, 1 340 m2 de fa\u00e7ades SPINAL [&hellip;]<\/p>\n","protected":false},"author":17,"featured_media":102566,"comment_status":"closed","ping_status":"closed","sticky":false,"template":"","format":"standard","meta":{"_et_pb_use_builder":"","_et_pb_old_content":"","_et_gb_content_width":"","footnotes":""},"categories":[10530,6340,12818,10771,10775,10778,10780],"tags":[],"class_list":["post-102565","post","type-post","status-publish","format-standard","has-post-thumbnail","hentry","category-actualites","category-architecture-conception","category-construction","category-5facades","category-actualites-5facades","category-planete","category-produits-planete"],"yoast_head":"<!-- This site is optimized with the Yoast SEO plugin v27.4 - https:\/\/yoast.com\/product\/yoast-seo-wordpress\/ -->\n<title>Projet bas carbone avec aluminium recycl\u00e9 \u00e0 c\u00f4t\u00e9 de Marseille<\/title>\n<meta name=\"description\" content=\"TECHNAL vient de signer le premier chantier r\u00e9alis\u00e9 avec des menuiseries en aluminium recycl\u00e9 CIRCAL 75R \u00e0 c\u00f4t\u00e9 de Marseille\" \/>\n<meta name=\"robots\" content=\"index, follow, max-snippet:-1, max-image-preview:large, max-video-preview:-1\" \/>\n<link rel=\"canonical\" href=\"https:\/\/batijournal.com\/index.php\/projet-bas-carbone-avec-aluminium-recycle-a-cote-de-marseille\/102565\/\" \/>\n<meta property=\"og:locale\" content=\"fr_FR\" \/>\n<meta property=\"og:type\" content=\"article\" \/>\n<meta property=\"og:title\" content=\"Projet bas carbone avec aluminium recycl\u00e9 \u00e0 c\u00f4t\u00e9 de Marseille\" \/>\n<meta property=\"og:description\" content=\"TECHNAL vient de signer le premier chantier r\u00e9alis\u00e9 avec des menuiseries en aluminium recycl\u00e9 CIRCAL 75R \u00e0 c\u00f4t\u00e9 de Marseille\" \/>\n<meta property=\"og:url\" content=\"https:\/\/batijournal.com\/index.php\/projet-bas-carbone-avec-aluminium-recycle-a-cote-de-marseille\/102565\/\" \/>\n<meta property=\"og:site_name\" content=\"Batijournal\" \/>\n<meta property=\"article:published_time\" content=\"2019-07-04T14:51:46+00:00\" \/>\n<meta property=\"article:modified_time\" content=\"2019-07-15T09:26:40+00:00\" \/>\n<meta property=\"og:image\" content=\"https:\/\/batijournal.com\/wp-content\/uploads\/2019\/07\/technal-aluminium-recycle-mrseille.png\" \/>\n\t<meta property=\"og:image:width\" content=\"908\" \/>\n\t<meta property=\"og:image:height\" content=\"428\" \/>\n\t<meta property=\"og:image:type\" content=\"image\/png\" \/>\n<meta name=\"author\" content=\"St\u00e9phane Miget\" \/>\n<meta name=\"twitter:card\" content=\"summary_large_image\" \/>\n<meta name=\"twitter:creator\" content=\"@bati_journal\" \/>\n<meta name=\"twitter:site\" content=\"@bati_journal\" \/>\n<meta name=\"twitter:label1\" content=\"\u00c9crit par\" \/>\n\t<meta name=\"twitter:data1\" content=\"St\u00e9phane Miget\" \/>\n\t<meta name=\"twitter:label2\" content=\"Dur\u00e9e de lecture estim\u00e9e\" \/>\n\t<meta name=\"twitter:data2\" content=\"1 minute\" \/>\n<script type=\"application\/ld+json\" class=\"yoast-schema-graph\">{\"@context\":\"https:\\\/\\\/schema.org\",\"@graph\":[{\"@type\":\"Article\",\"@id\":\"https:\\\/\\\/batijournal.com\\\/index.php\\\/projet-bas-carbone-avec-aluminium-recycle-a-cote-de-marseille\\\/102565\\\/#article\",\"isPartOf\":{\"@id\":\"https:\\\/\\\/batijournal.com\\\/index.php\\\/projet-bas-carbone-avec-aluminium-recycle-a-cote-de-marseille\\\/102565\\\/\"},\"author\":{\"name\":\"St\u00e9phane Miget\",\"@id\":\"https:\\\/\\\/batijournal.com\\\/#\\\/schema\\\/person\\\/1dc96ec6957aa1ccb25ebe78bb19f100\"},\"headline\":\"Projet bas carbone avec aluminium recycl\u00e9 \u00e0 c\u00f4t\u00e9 de Marseille\",\"datePublished\":\"2019-07-04T14:51:46+00:00\",\"dateModified\":\"2019-07-15T09:26:40+00:00\",\"mainEntityOfPage\":{\"@id\":\"https:\\\/\\\/batijournal.com\\\/index.php\\\/projet-bas-carbone-avec-aluminium-recycle-a-cote-de-marseille\\\/102565\\\/\"},\"wordCount\":222,\"image\":{\"@id\":\"https:\\\/\\\/batijournal.com\\\/index.php\\\/projet-bas-carbone-avec-aluminium-recycle-a-cote-de-marseille\\\/102565\\\/#primaryimage\"},\"thumbnailUrl\":\"https:\\\/\\\/batijournal.com\\\/wp-content\\\/uploads\\\/2019\\\/07\\\/technal-aluminium-recycle-mrseille.png\",\"articleSection\":[\"Actualit\u00e9s\",\"Architecture &amp; Conception\",\"Construction\",\"zz_5fa\u00e7ades\",\"zz_Actualit\u00e9s - 5fa\u00e7ades\",\"zz_Plan\u00e8te B\u00e2timent\",\"zz_Produits - Plan\u00e8te\"],\"inLanguage\":\"fr-FR\"},{\"@type\":\"WebPage\",\"@id\":\"https:\\\/\\\/batijournal.com\\\/index.php\\\/projet-bas-carbone-avec-aluminium-recycle-a-cote-de-marseille\\\/102565\\\/\",\"url\":\"https:\\\/\\\/batijournal.com\\\/index.php\\\/projet-bas-carbone-avec-aluminium-recycle-a-cote-de-marseille\\\/102565\\\/\",\"name\":\"Projet bas carbone avec aluminium recycl\u00e9 \u00e0 c\u00f4t\u00e9 de Marseille\",\"isPartOf\":{\"@id\":\"https:\\\/\\\/batijournal.com\\\/#website\"},\"primaryImageOfPage\":{\"@id\":\"https:\\\/\\\/batijournal.com\\\/index.php\\\/projet-bas-carbone-avec-aluminium-recycle-a-cote-de-marseille\\\/102565\\\/#primaryimage\"},\"image\":{\"@id\":\"https:\\\/\\\/batijournal.com\\\/index.php\\\/projet-bas-carbone-avec-aluminium-recycle-a-cote-de-marseille\\\/102565\\\/#primaryimage\"},\"thumbnailUrl\":\"https:\\\/\\\/batijournal.com\\\/wp-content\\\/uploads\\\/2019\\\/07\\\/technal-aluminium-recycle-mrseille.png\",\"datePublished\":\"2019-07-04T14:51:46+00:00\",\"dateModified\":\"2019-07-15T09:26:40+00:00\",\"author\":{\"@id\":\"https:\\\/\\\/batijournal.com\\\/#\\\/schema\\\/person\\\/1dc96ec6957aa1ccb25ebe78bb19f100\"},\"description\":\"TECHNAL vient de signer le premier chantier r\u00e9alis\u00e9 avec des menuiseries en aluminium recycl\u00e9 CIRCAL 75R \u00e0 c\u00f4t\u00e9 de Marseille\",\"breadcrumb\":{\"@id\":\"https:\\\/\\\/batijournal.com\\\/index.php\\\/projet-bas-carbone-avec-aluminium-recycle-a-cote-de-marseille\\\/102565\\\/#breadcrumb\"},\"inLanguage\":\"fr-FR\",\"potentialAction\":[{\"@type\":\"ReadAction\",\"target\":[\"https:\\\/\\\/batijournal.com\\\/index.php\\\/projet-bas-carbone-avec-aluminium-recycle-a-cote-de-marseille\\\/102565\\\/\"]}]},{\"@type\":\"ImageObject\",\"inLanguage\":\"fr-FR\",\"@id\":\"https:\\\/\\\/batijournal.com\\\/index.php\\\/projet-bas-carbone-avec-aluminium-recycle-a-cote-de-marseille\\\/102565\\\/#primaryimage\",\"url\":\"https:\\\/\\\/batijournal.com\\\/wp-content\\\/uploads\\\/2019\\\/07\\\/technal-aluminium-recycle-mrseille.png\",\"contentUrl\":\"https:\\\/\\\/batijournal.com\\\/wp-content\\\/uploads\\\/2019\\\/07\\\/technal-aluminium-recycle-mrseille.png\",\"width\":908,\"height\":428},{\"@type\":\"BreadcrumbList\",\"@id\":\"https:\\\/\\\/batijournal.com\\\/index.php\\\/projet-bas-carbone-avec-aluminium-recycle-a-cote-de-marseille\\\/102565\\\/#breadcrumb\",\"itemListElement\":[{\"@type\":\"ListItem\",\"position\":1,\"name\":\"Accueil\",\"item\":\"https:\\\/\\\/batijournal.com\\\/\"},{\"@type\":\"ListItem\",\"position\":2,\"name\":\"Actualit\u00e9s\",\"item\":\"https:\\\/\\\/batijournal.com\\\/index.php\\\/category\\\/actualites\\\/\"},{\"@type\":\"ListItem\",\"position\":3,\"name\":\"Projet bas carbone avec aluminium recycl\u00e9 \u00e0 c\u00f4t\u00e9 de Marseille\"}]},{\"@type\":\"WebSite\",\"@id\":\"https:\\\/\\\/batijournal.com\\\/#website\",\"url\":\"https:\\\/\\\/batijournal.com\\\/\",\"name\":\"Batijournal\",\"description\":\"L&#039;actualit\u00e9 du b\u00e2timent\",\"potentialAction\":[{\"@type\":\"SearchAction\",\"target\":{\"@type\":\"EntryPoint\",\"urlTemplate\":\"https:\\\/\\\/batijournal.com\\\/?s={search_term_string}\"},\"query-input\":{\"@type\":\"PropertyValueSpecification\",\"valueRequired\":true,\"valueName\":\"search_term_string\"}}],\"inLanguage\":\"fr-FR\"},{\"@type\":\"Person\",\"@id\":\"https:\\\/\\\/batijournal.com\\\/#\\\/schema\\\/person\\\/1dc96ec6957aa1ccb25ebe78bb19f100\",\"name\":\"St\u00e9phane Miget\",\"image\":{\"@type\":\"ImageObject\",\"inLanguage\":\"fr-FR\",\"@id\":\"https:\\\/\\\/secure.gravatar.com\\\/avatar\\\/89915563d925342126b8ef0281b93d9d7fc337043e8df017f780908eb9644451?s=96&d=mm&r=g\",\"url\":\"https:\\\/\\\/secure.gravatar.com\\\/avatar\\\/89915563d925342126b8ef0281b93d9d7fc337043e8df017f780908eb9644451?s=96&d=mm&r=g\",\"contentUrl\":\"https:\\\/\\\/secure.gravatar.com\\\/avatar\\\/89915563d925342126b8ef0281b93d9d7fc337043e8df017f780908eb9644451?s=96&d=mm&r=g\",\"caption\":\"St\u00e9phane Miget\"},\"url\":\"https:\\\/\\\/batijournal.com\\\/index.php\\\/author\\\/stephane\\\/\"}]}<\/script>\n<!-- \/ Yoast SEO plugin. -->","yoast_head_json":{"title":"Projet bas carbone avec aluminium recycl\u00e9 \u00e0 c\u00f4t\u00e9 de Marseille","description":"TECHNAL vient de signer le premier chantier r\u00e9alis\u00e9 avec des menuiseries en aluminium recycl\u00e9 CIRCAL 75R \u00e0 c\u00f4t\u00e9 de Marseille","robots":{"index":"index","follow":"follow","max-snippet":"max-snippet:-1","max-image-preview":"max-image-preview:large","max-video-preview":"max-video-preview:-1"},"canonical":"https:\/\/batijournal.com\/index.php\/projet-bas-carbone-avec-aluminium-recycle-a-cote-de-marseille\/102565\/","og_locale":"fr_FR","og_type":"article","og_title":"Projet bas carbone avec aluminium recycl\u00e9 \u00e0 c\u00f4t\u00e9 de Marseille","og_description":"TECHNAL vient de signer le premier chantier r\u00e9alis\u00e9 avec des menuiseries en aluminium recycl\u00e9 CIRCAL 75R \u00e0 c\u00f4t\u00e9 de Marseille","og_url":"https:\/\/batijournal.com\/index.php\/projet-bas-carbone-avec-aluminium-recycle-a-cote-de-marseille\/102565\/","og_site_name":"Batijournal","article_published_time":"2019-07-04T14:51:46+00:00","article_modified_time":"2019-07-15T09:26:40+00:00","og_image":[{"width":908,"height":428,"url":"https:\/\/batijournal.com\/wp-content\/uploads\/2019\/07\/technal-aluminium-recycle-mrseille.png","type":"image\/png"}],"author":"St\u00e9phane Miget","twitter_card":"summary_large_image","twitter_creator":"@bati_journal","twitter_site":"@bati_journal","twitter_misc":{"\u00c9crit par":"St\u00e9phane Miget","Dur\u00e9e de lecture estim\u00e9e":"1 minute"},"schema":{"@context":"https:\/\/schema.org","@graph":[{"@type":"Article","@id":"https:\/\/batijournal.com\/index.php\/projet-bas-carbone-avec-aluminium-recycle-a-cote-de-marseille\/102565\/#article","isPartOf":{"@id":"https:\/\/batijournal.com\/index.php\/projet-bas-carbone-avec-aluminium-recycle-a-cote-de-marseille\/102565\/"},"author":{"name":"St\u00e9phane Miget","@id":"https:\/\/batijournal.com\/#\/schema\/person\/1dc96ec6957aa1ccb25ebe78bb19f100"},"headline":"Projet bas carbone avec aluminium recycl\u00e9 \u00e0 c\u00f4t\u00e9 de Marseille","datePublished":"2019-07-04T14:51:46+00:00","dateModified":"2019-07-15T09:26:40+00:00","mainEntityOfPage":{"@id":"https:\/\/batijournal.com\/index.php\/projet-bas-carbone-avec-aluminium-recycle-a-cote-de-marseille\/102565\/"},"wordCount":222,"image":{"@id":"https:\/\/batijournal.com\/index.php\/projet-bas-carbone-avec-aluminium-recycle-a-cote-de-marseille\/102565\/#primaryimage"},"thumbnailUrl":"https:\/\/batijournal.com\/wp-content\/uploads\/2019\/07\/technal-aluminium-recycle-mrseille.png","articleSection":["Actualit\u00e9s","Architecture &amp; Conception","Construction","zz_5fa\u00e7ades","zz_Actualit\u00e9s - 5fa\u00e7ades","zz_Plan\u00e8te B\u00e2timent","zz_Produits - Plan\u00e8te"],"inLanguage":"fr-FR"},{"@type":"WebPage","@id":"https:\/\/batijournal.com\/index.php\/projet-bas-carbone-avec-aluminium-recycle-a-cote-de-marseille\/102565\/","url":"https:\/\/batijournal.com\/index.php\/projet-bas-carbone-avec-aluminium-recycle-a-cote-de-marseille\/102565\/","name":"Projet bas carbone avec aluminium recycl\u00e9 \u00e0 c\u00f4t\u00e9 de Marseille","isPartOf":{"@id":"https:\/\/batijournal.com\/#website"},"primaryImageOfPage":{"@id":"https:\/\/batijournal.com\/index.php\/projet-bas-carbone-avec-aluminium-recycle-a-cote-de-marseille\/102565\/#primaryimage"},"image":{"@id":"https:\/\/batijournal.com\/index.php\/projet-bas-carbone-avec-aluminium-recycle-a-cote-de-marseille\/102565\/#primaryimage"},"thumbnailUrl":"https:\/\/batijournal.com\/wp-content\/uploads\/2019\/07\/technal-aluminium-recycle-mrseille.png","datePublished":"2019-07-04T14:51:46+00:00","dateModified":"2019-07-15T09:26:40+00:00","author":{"@id":"https:\/\/batijournal.com\/#\/schema\/person\/1dc96ec6957aa1ccb25ebe78bb19f100"},"description":"TECHNAL vient de signer le premier chantier r\u00e9alis\u00e9 avec des menuiseries en aluminium recycl\u00e9 CIRCAL 75R \u00e0 c\u00f4t\u00e9 de Marseille","breadcrumb":{"@id":"https:\/\/batijournal.com\/index.php\/projet-bas-carbone-avec-aluminium-recycle-a-cote-de-marseille\/102565\/#breadcrumb"},"inLanguage":"fr-FR","potentialAction":[{"@type":"ReadAction","target":["https:\/\/batijournal.com\/index.php\/projet-bas-carbone-avec-aluminium-recycle-a-cote-de-marseille\/102565\/"]}]},{"@type":"ImageObject","inLanguage":"fr-FR","@id":"https:\/\/batijournal.com\/index.php\/projet-bas-carbone-avec-aluminium-recycle-a-cote-de-marseille\/102565\/#primaryimage","url":"https:\/\/batijournal.com\/wp-content\/uploads\/2019\/07\/technal-aluminium-recycle-mrseille.png","contentUrl":"https:\/\/batijournal.com\/wp-content\/uploads\/2019\/07\/technal-aluminium-recycle-mrseille.png","width":908,"height":428},{"@type":"BreadcrumbList","@id":"https:\/\/batijournal.com\/index.php\/projet-bas-carbone-avec-aluminium-recycle-a-cote-de-marseille\/102565\/#breadcrumb","itemListElement":[{"@type":"ListItem","position":1,"name":"Accueil","item":"https:\/\/batijournal.com\/"},{"@type":"ListItem","position":2,"name":"Actualit\u00e9s","item":"https:\/\/batijournal.com\/index.php\/category\/actualites\/"},{"@type":"ListItem","position":3,"name":"Projet bas carbone avec aluminium recycl\u00e9 \u00e0 c\u00f4t\u00e9 de Marseille"}]},{"@type":"WebSite","@id":"https:\/\/batijournal.com\/#website","url":"https:\/\/batijournal.com\/","name":"Batijournal","description":"L&#039;actualit\u00e9 du b\u00e2timent","potentialAction":[{"@type":"SearchAction","target":{"@type":"EntryPoint","urlTemplate":"https:\/\/batijournal.com\/?s={search_term_string}"},"query-input":{"@type":"PropertyValueSpecification","valueRequired":true,"valueName":"search_term_string"}}],"inLanguage":"fr-FR"},{"@type":"Person","@id":"https:\/\/batijournal.com\/#\/schema\/person\/1dc96ec6957aa1ccb25ebe78bb19f100","name":"St\u00e9phane Miget","image":{"@type":"ImageObject","inLanguage":"fr-FR","@id":"https:\/\/secure.gravatar.com\/avatar\/89915563d925342126b8ef0281b93d9d7fc337043e8df017f780908eb9644451?s=96&d=mm&r=g","url":"https:\/\/secure.gravatar.com\/avatar\/89915563d925342126b8ef0281b93d9d7fc337043e8df017f780908eb9644451?s=96&d=mm&r=g","contentUrl":"https:\/\/secure.gravatar.com\/avatar\/89915563d925342126b8ef0281b93d9d7fc337043e8df017f780908eb9644451?s=96&d=mm&r=g","caption":"St\u00e9phane Miget"},"url":"https:\/\/batijournal.com\/index.php\/author\/stephane\/"}]}},"_links":{"self":[{"href":"https:\/\/batijournal.com\/index.php\/wp-json\/wp\/v2\/posts\/102565","targetHints":{"allow":["GET"]}}],"collection":[{"href":"https:\/\/batijournal.com\/index.php\/wp-json\/wp\/v2\/posts"}],"about":[{"href":"https:\/\/batijournal.com\/index.php\/wp-json\/wp\/v2\/types\/post"}],"author":[{"embeddable":true,"href":"https:\/\/batijournal.com\/index.php\/wp-json\/wp\/v2\/users\/17"}],"replies":[{"embeddable":true,"href":"https:\/\/batijournal.com\/index.php\/wp-json\/wp\/v2\/comments?post=102565"}],"version-history":[{"count":0,"href":"https:\/\/batijournal.com\/index.php\/wp-json\/wp\/v2\/posts\/102565\/revisions"}],"wp:featuredmedia":[{"embeddable":true,"href":"https:\/\/batijournal.com\/index.php\/wp-json\/wp\/v2\/media\/102566"}],"wp:attachment":[{"href":"https:\/\/batijournal.com\/index.php\/wp-json\/wp\/v2\/media?parent=102565"}],"wp:term":[{"taxonomy":"category","embeddable":true,"href":"https:\/\/batijournal.com\/index.php\/wp-json\/wp\/v2\/categories?post=102565"},{"taxonomy":"post_tag","embeddable":true,"href":"https:\/\/batijournal.com\/index.php\/wp-json\/wp\/v2\/tags?post=102565"}],"curies":[{"name":"wp","href":"https:\/\/api.w.org\/{rel}","templated":true}]}}