{"id":102569,"date":"2019-07-06T10:41:05","date_gmt":"2019-07-06T08:41:05","guid":{"rendered":"https:\/\/batijournal.com\/?p=102569"},"modified":"2019-07-15T11:21:32","modified_gmt":"2019-07-15T09:21:32","slug":"creation-du-booster-bois-biosources-en-ile-de-france","status":"publish","type":"post","link":"https:\/\/batijournal.com\/index.php\/creation-du-booster-bois-biosources-en-ile-de-france\/102569\/","title":{"rendered":"Cr\u00e9ation du Booster Bois Biosourc\u00e9s en Ile-de-France"},"content":{"rendered":"<p>La R\u00e9gion Ile-de-France et ses partenaires, l\u2019Institut technologique FCBA (For\u00eat Cellulose Bois construction Ameublement), l\u2019IFSTTAR (Institut Fran\u00e7ais des Sciences et Technologies de l\u2019Am\u00e9nagement et des R\u00e9seaux), l\u2019EpaMarne, Francilbois et l\u2019Universit\u00e9 Paris Est se sont r\u00e9unis le 28 juin 2019 \u00e0 l\u2019occasion de la remise du Prix national de la construction bois pour annoncer la cr\u00e9ation du Booster Bois Biosourc\u00e9s Ile-de-France. Les acteurs incontournables de l\u2019innovation dans le domaine du b\u00e2timent et des mat\u00e9riaux et produits de construction biosourc\u00e9s sont pr\u00e9sents en \u00cele-de-France et l\u2019EpaMarne totalise depuis 2015 pr\u00e8s de 4 500 logements engag\u00e9s en construction bois sur son territoire d\u2019intervention. La R\u00e9gion porte, \u00e0 travers la strat\u00e9gie r\u00e9gionale pour la for\u00eat et le bois adopt\u00e9e par le Conseil r\u00e9gional en novembre 2017, le projet d\u2019un cluster bois-biosourc\u00e9s pour faire de l\u2019innovation le fer de lance de la fili\u00e8re. Le premier projet issu du Booster sera City Zen Wood qui permettra d\u2019exp\u00e9rimenter gr\u00e2ce \u00e0 un \u2018living lab\u2019 d\u2019espaces d\u00e9di\u00e9s les impacts des int\u00e9rieurs en bois sur le confort et la sant\u00e9. L\u2019objectif final est de mettre sur le march\u00e9 des r\u00e9f\u00e9rentiels permettant aux promoteurs ou aux am\u00e9nageurs d\u2019int\u00e9grer facilement ces solutions dans leurs op\u00e9rations. Le projet City Zen Wood sera pr\u00e9sent\u00e9 sur un stand lors des \u00ab Future Days \u2013 Inventer la ville de demain \u00bb organis\u00e9s par l\u2019Universit\u00e9 Paris-Est les 27 et 28 novembre 2019.<\/p>\n<p>Source et photo : EpaMarne<\/p>\n","protected":false},"excerpt":{"rendered":"<p>La R\u00e9gion Ile-de-France et ses partenaires, l\u2019Institut technologique FCBA (For\u00eat Cellulose Bois construction Ameublement), l\u2019IFSTTAR (Institut Fran\u00e7ais des Sciences et Technologies de l\u2019Am\u00e9nagement et des R\u00e9seaux), l\u2019EpaMarne, Francilbois et l\u2019Universit\u00e9 Paris Est se sont r\u00e9unis le 28 juin 2019 \u00e0 l\u2019occasion de la remise du Prix national de la construction bois pour annoncer la cr\u00e9ation [&hellip;]<\/p>\n","protected":false},"author":17,"featured_media":102570,"comment_status":"closed","ping_status":"closed","sticky":false,"template":"","format":"standard","meta":{"_et_pb_use_builder":"","_et_pb_old_content":"","_et_gb_content_width":"","footnotes":""},"categories":[10530,6340,10781,10769,10778,10764],"tags":[374],"class_list":["post-102569","post","type-post","status-publish","format-standard","has-post-thumbnail","hentry","category-actualites","category-architecture-conception","category-publications-planete","category-publications","category-planete","category-woodsurfer","tag-construction-bois-2"],"yoast_head":"<!-- This site is optimized with the Yoast SEO plugin v27.4 - https:\/\/yoast.com\/product\/yoast-seo-wordpress\/ -->\n<title>Cr\u00e9ation du Booster Bois Biosourc\u00e9s en Ile-de-France<\/title>\n<meta name=\"description\" content=\"Le Booster Bois Biosourc\u00e9s Ile-de-France a \u00e9t\u00e9 annonc\u00e9 \u00e0 l\u2019occasion de la remise du Prix national de la construction bois\" \/>\n<meta name=\"robots\" content=\"index, follow, max-snippet:-1, max-image-preview:large, max-video-preview:-1\" \/>\n<link rel=\"canonical\" href=\"https:\/\/batijournal.com\/index.php\/creation-du-booster-bois-biosources-en-ile-de-france\/102569\/\" \/>\n<meta property=\"og:locale\" content=\"fr_FR\" \/>\n<meta property=\"og:type\" content=\"article\" \/>\n<meta property=\"og:title\" content=\"Cr\u00e9ation du Booster Bois Biosourc\u00e9s en Ile-de-France\" \/>\n<meta property=\"og:description\" content=\"Le Booster Bois Biosourc\u00e9s Ile-de-France a \u00e9t\u00e9 annonc\u00e9 \u00e0 l\u2019occasion de la remise du Prix national de la construction bois\" \/>\n<meta property=\"og:url\" content=\"https:\/\/batijournal.com\/index.php\/creation-du-booster-bois-biosources-en-ile-de-france\/102569\/\" \/>\n<meta property=\"og:site_name\" content=\"Batijournal\" \/>\n<meta property=\"article:published_time\" content=\"2019-07-06T08:41:05+00:00\" \/>\n<meta property=\"article:modified_time\" content=\"2019-07-15T09:21:32+00:00\" \/>\n<meta property=\"og:image\" content=\"https:\/\/batijournal.com\/wp-content\/uploads\/2019\/07\/Booster-Bois-Biosources-Ile-de-France.jpg\" \/>\n\t<meta property=\"og:image:width\" content=\"4032\" \/>\n\t<meta property=\"og:image:height\" content=\"3024\" \/>\n\t<meta property=\"og:image:type\" content=\"image\/jpeg\" \/>\n<meta name=\"author\" content=\"St\u00e9phane Miget\" \/>\n<meta name=\"twitter:card\" content=\"summary_large_image\" \/>\n<meta name=\"twitter:creator\" content=\"@bati_journal\" \/>\n<meta name=\"twitter:site\" content=\"@bati_journal\" \/>\n<meta name=\"twitter:label1\" content=\"\u00c9crit par\" \/>\n\t<meta name=\"twitter:data1\" content=\"St\u00e9phane Miget\" \/>\n\t<meta name=\"twitter:label2\" content=\"Dur\u00e9e de lecture estim\u00e9e\" \/>\n\t<meta name=\"twitter:data2\" content=\"1 minute\" \/>\n<script type=\"application\/ld+json\" class=\"yoast-schema-graph\">{\"@context\":\"https:\\\/\\\/schema.org\",\"@graph\":[{\"@type\":\"Article\",\"@id\":\"https:\\\/\\\/batijournal.com\\\/index.php\\\/creation-du-booster-bois-biosources-en-ile-de-france\\\/102569\\\/#article\",\"isPartOf\":{\"@id\":\"https:\\\/\\\/batijournal.com\\\/index.php\\\/creation-du-booster-bois-biosources-en-ile-de-france\\\/102569\\\/\"},\"author\":{\"name\":\"St\u00e9phane Miget\",\"@id\":\"https:\\\/\\\/batijournal.com\\\/#\\\/schema\\\/person\\\/1dc96ec6957aa1ccb25ebe78bb19f100\"},\"headline\":\"Cr\u00e9ation du Booster Bois Biosourc\u00e9s en Ile-de-France\",\"datePublished\":\"2019-07-06T08:41:05+00:00\",\"dateModified\":\"2019-07-15T09:21:32+00:00\",\"mainEntityOfPage\":{\"@id\":\"https:\\\/\\\/batijournal.com\\\/index.php\\\/creation-du-booster-bois-biosources-en-ile-de-france\\\/102569\\\/\"},\"wordCount\":273,\"image\":{\"@id\":\"https:\\\/\\\/batijournal.com\\\/index.php\\\/creation-du-booster-bois-biosources-en-ile-de-france\\\/102569\\\/#primaryimage\"},\"thumbnailUrl\":\"https:\\\/\\\/batijournal.com\\\/wp-content\\\/uploads\\\/2019\\\/07\\\/Booster-Bois-Biosources-Ile-de-France.jpg\",\"keywords\":[\"construction bois\"],\"articleSection\":[\"Actualit\u00e9s\",\"Architecture &amp; Conception\",\"zz_Actualit\u00e9s - Plan\u00e8te\",\"zz_Actualit\u00e9s - Woodsurfer\",\"zz_Plan\u00e8te B\u00e2timent\",\"zz_Woodsurfer\"],\"inLanguage\":\"fr-FR\"},{\"@type\":\"WebPage\",\"@id\":\"https:\\\/\\\/batijournal.com\\\/index.php\\\/creation-du-booster-bois-biosources-en-ile-de-france\\\/102569\\\/\",\"url\":\"https:\\\/\\\/batijournal.com\\\/index.php\\\/creation-du-booster-bois-biosources-en-ile-de-france\\\/102569\\\/\",\"name\":\"Cr\u00e9ation du Booster Bois Biosourc\u00e9s en Ile-de-France\",\"isPartOf\":{\"@id\":\"https:\\\/\\\/batijournal.com\\\/#website\"},\"primaryImageOfPage\":{\"@id\":\"https:\\\/\\\/batijournal.com\\\/index.php\\\/creation-du-booster-bois-biosources-en-ile-de-france\\\/102569\\\/#primaryimage\"},\"image\":{\"@id\":\"https:\\\/\\\/batijournal.com\\\/index.php\\\/creation-du-booster-bois-biosources-en-ile-de-france\\\/102569\\\/#primaryimage\"},\"thumbnailUrl\":\"https:\\\/\\\/batijournal.com\\\/wp-content\\\/uploads\\\/2019\\\/07\\\/Booster-Bois-Biosources-Ile-de-France.jpg\",\"datePublished\":\"2019-07-06T08:41:05+00:00\",\"dateModified\":\"2019-07-15T09:21:32+00:00\",\"author\":{\"@id\":\"https:\\\/\\\/batijournal.com\\\/#\\\/schema\\\/person\\\/1dc96ec6957aa1ccb25ebe78bb19f100\"},\"description\":\"Le Booster Bois Biosourc\u00e9s Ile-de-France a \u00e9t\u00e9 annonc\u00e9 \u00e0 l\u2019occasion de la remise du Prix national de la construction bois\",\"breadcrumb\":{\"@id\":\"https:\\\/\\\/batijournal.com\\\/index.php\\\/creation-du-booster-bois-biosources-en-ile-de-france\\\/102569\\\/#breadcrumb\"},\"inLanguage\":\"fr-FR\",\"potentialAction\":[{\"@type\":\"ReadAction\",\"target\":[\"https:\\\/\\\/batijournal.com\\\/index.php\\\/creation-du-booster-bois-biosources-en-ile-de-france\\\/102569\\\/\"]}]},{\"@type\":\"ImageObject\",\"inLanguage\":\"fr-FR\",\"@id\":\"https:\\\/\\\/batijournal.com\\\/index.php\\\/creation-du-booster-bois-biosources-en-ile-de-france\\\/102569\\\/#primaryimage\",\"url\":\"https:\\\/\\\/batijournal.com\\\/wp-content\\\/uploads\\\/2019\\\/07\\\/Booster-Bois-Biosources-Ile-de-France.jpg\",\"contentUrl\":\"https:\\\/\\\/batijournal.com\\\/wp-content\\\/uploads\\\/2019\\\/07\\\/Booster-Bois-Biosources-Ile-de-France.jpg\",\"width\":4032,\"height\":3024},{\"@type\":\"BreadcrumbList\",\"@id\":\"https:\\\/\\\/batijournal.com\\\/index.php\\\/creation-du-booster-bois-biosources-en-ile-de-france\\\/102569\\\/#breadcrumb\",\"itemListElement\":[{\"@type\":\"ListItem\",\"position\":1,\"name\":\"Accueil\",\"item\":\"https:\\\/\\\/batijournal.com\\\/\"},{\"@type\":\"ListItem\",\"position\":2,\"name\":\"Actualit\u00e9s\",\"item\":\"https:\\\/\\\/batijournal.com\\\/index.php\\\/category\\\/actualites\\\/\"},{\"@type\":\"ListItem\",\"position\":3,\"name\":\"Cr\u00e9ation du Booster Bois Biosourc\u00e9s en Ile-de-France\"}]},{\"@type\":\"WebSite\",\"@id\":\"https:\\\/\\\/batijournal.com\\\/#website\",\"url\":\"https:\\\/\\\/batijournal.com\\\/\",\"name\":\"Batijournal\",\"description\":\"L&#039;actualit\u00e9 du b\u00e2timent\",\"potentialAction\":[{\"@type\":\"SearchAction\",\"target\":{\"@type\":\"EntryPoint\",\"urlTemplate\":\"https:\\\/\\\/batijournal.com\\\/?s={search_term_string}\"},\"query-input\":{\"@type\":\"PropertyValueSpecification\",\"valueRequired\":true,\"valueName\":\"search_term_string\"}}],\"inLanguage\":\"fr-FR\"},{\"@type\":\"Person\",\"@id\":\"https:\\\/\\\/batijournal.com\\\/#\\\/schema\\\/person\\\/1dc96ec6957aa1ccb25ebe78bb19f100\",\"name\":\"St\u00e9phane Miget\",\"image\":{\"@type\":\"ImageObject\",\"inLanguage\":\"fr-FR\",\"@id\":\"https:\\\/\\\/secure.gravatar.com\\\/avatar\\\/89915563d925342126b8ef0281b93d9d7fc337043e8df017f780908eb9644451?s=96&d=mm&r=g\",\"url\":\"https:\\\/\\\/secure.gravatar.com\\\/avatar\\\/89915563d925342126b8ef0281b93d9d7fc337043e8df017f780908eb9644451?s=96&d=mm&r=g\",\"contentUrl\":\"https:\\\/\\\/secure.gravatar.com\\\/avatar\\\/89915563d925342126b8ef0281b93d9d7fc337043e8df017f780908eb9644451?s=96&d=mm&r=g\",\"caption\":\"St\u00e9phane Miget\"},\"url\":\"https:\\\/\\\/batijournal.com\\\/index.php\\\/author\\\/stephane\\\/\"}]}<\/script>\n<!-- \/ Yoast SEO plugin. -->","yoast_head_json":{"title":"Cr\u00e9ation du Booster Bois Biosourc\u00e9s en Ile-de-France","description":"Le Booster Bois Biosourc\u00e9s Ile-de-France a \u00e9t\u00e9 annonc\u00e9 \u00e0 l\u2019occasion de la remise du Prix national de la construction bois","robots":{"index":"index","follow":"follow","max-snippet":"max-snippet:-1","max-image-preview":"max-image-preview:large","max-video-preview":"max-video-preview:-1"},"canonical":"https:\/\/batijournal.com\/index.php\/creation-du-booster-bois-biosources-en-ile-de-france\/102569\/","og_locale":"fr_FR","og_type":"article","og_title":"Cr\u00e9ation du Booster Bois Biosourc\u00e9s en Ile-de-France","og_description":"Le Booster Bois Biosourc\u00e9s Ile-de-France a \u00e9t\u00e9 annonc\u00e9 \u00e0 l\u2019occasion de la remise du Prix national de la construction bois","og_url":"https:\/\/batijournal.com\/index.php\/creation-du-booster-bois-biosources-en-ile-de-france\/102569\/","og_site_name":"Batijournal","article_published_time":"2019-07-06T08:41:05+00:00","article_modified_time":"2019-07-15T09:21:32+00:00","og_image":[{"width":4032,"height":3024,"url":"https:\/\/batijournal.com\/wp-content\/uploads\/2019\/07\/Booster-Bois-Biosources-Ile-de-France.jpg","type":"image\/jpeg"}],"author":"St\u00e9phane Miget","twitter_card":"summary_large_image","twitter_creator":"@bati_journal","twitter_site":"@bati_journal","twitter_misc":{"\u00c9crit par":"St\u00e9phane Miget","Dur\u00e9e de lecture estim\u00e9e":"1 minute"},"schema":{"@context":"https:\/\/schema.org","@graph":[{"@type":"Article","@id":"https:\/\/batijournal.com\/index.php\/creation-du-booster-bois-biosources-en-ile-de-france\/102569\/#article","isPartOf":{"@id":"https:\/\/batijournal.com\/index.php\/creation-du-booster-bois-biosources-en-ile-de-france\/102569\/"},"author":{"name":"St\u00e9phane Miget","@id":"https:\/\/batijournal.com\/#\/schema\/person\/1dc96ec6957aa1ccb25ebe78bb19f100"},"headline":"Cr\u00e9ation du Booster Bois Biosourc\u00e9s en Ile-de-France","datePublished":"2019-07-06T08:41:05+00:00","dateModified":"2019-07-15T09:21:32+00:00","mainEntityOfPage":{"@id":"https:\/\/batijournal.com\/index.php\/creation-du-booster-bois-biosources-en-ile-de-france\/102569\/"},"wordCount":273,"image":{"@id":"https:\/\/batijournal.com\/index.php\/creation-du-booster-bois-biosources-en-ile-de-france\/102569\/#primaryimage"},"thumbnailUrl":"https:\/\/batijournal.com\/wp-content\/uploads\/2019\/07\/Booster-Bois-Biosources-Ile-de-France.jpg","keywords":["construction bois"],"articleSection":["Actualit\u00e9s","Architecture &amp; Conception","zz_Actualit\u00e9s - Plan\u00e8te","zz_Actualit\u00e9s - Woodsurfer","zz_Plan\u00e8te B\u00e2timent","zz_Woodsurfer"],"inLanguage":"fr-FR"},{"@type":"WebPage","@id":"https:\/\/batijournal.com\/index.php\/creation-du-booster-bois-biosources-en-ile-de-france\/102569\/","url":"https:\/\/batijournal.com\/index.php\/creation-du-booster-bois-biosources-en-ile-de-france\/102569\/","name":"Cr\u00e9ation du Booster Bois Biosourc\u00e9s en Ile-de-France","isPartOf":{"@id":"https:\/\/batijournal.com\/#website"},"primaryImageOfPage":{"@id":"https:\/\/batijournal.com\/index.php\/creation-du-booster-bois-biosources-en-ile-de-france\/102569\/#primaryimage"},"image":{"@id":"https:\/\/batijournal.com\/index.php\/creation-du-booster-bois-biosources-en-ile-de-france\/102569\/#primaryimage"},"thumbnailUrl":"https:\/\/batijournal.com\/wp-content\/uploads\/2019\/07\/Booster-Bois-Biosources-Ile-de-France.jpg","datePublished":"2019-07-06T08:41:05+00:00","dateModified":"2019-07-15T09:21:32+00:00","author":{"@id":"https:\/\/batijournal.com\/#\/schema\/person\/1dc96ec6957aa1ccb25ebe78bb19f100"},"description":"Le Booster Bois Biosourc\u00e9s Ile-de-France a \u00e9t\u00e9 annonc\u00e9 \u00e0 l\u2019occasion de la remise du Prix national de la construction bois","breadcrumb":{"@id":"https:\/\/batijournal.com\/index.php\/creation-du-booster-bois-biosources-en-ile-de-france\/102569\/#breadcrumb"},"inLanguage":"fr-FR","potentialAction":[{"@type":"ReadAction","target":["https:\/\/batijournal.com\/index.php\/creation-du-booster-bois-biosources-en-ile-de-france\/102569\/"]}]},{"@type":"ImageObject","inLanguage":"fr-FR","@id":"https:\/\/batijournal.com\/index.php\/creation-du-booster-bois-biosources-en-ile-de-france\/102569\/#primaryimage","url":"https:\/\/batijournal.com\/wp-content\/uploads\/2019\/07\/Booster-Bois-Biosources-Ile-de-France.jpg","contentUrl":"https:\/\/batijournal.com\/wp-content\/uploads\/2019\/07\/Booster-Bois-Biosources-Ile-de-France.jpg","width":4032,"height":3024},{"@type":"BreadcrumbList","@id":"https:\/\/batijournal.com\/index.php\/creation-du-booster-bois-biosources-en-ile-de-france\/102569\/#breadcrumb","itemListElement":[{"@type":"ListItem","position":1,"name":"Accueil","item":"https:\/\/batijournal.com\/"},{"@type":"ListItem","position":2,"name":"Actualit\u00e9s","item":"https:\/\/batijournal.com\/index.php\/category\/actualites\/"},{"@type":"ListItem","position":3,"name":"Cr\u00e9ation du Booster Bois Biosourc\u00e9s en Ile-de-France"}]},{"@type":"WebSite","@id":"https:\/\/batijournal.com\/#website","url":"https:\/\/batijournal.com\/","name":"Batijournal","description":"L&#039;actualit\u00e9 du b\u00e2timent","potentialAction":[{"@type":"SearchAction","target":{"@type":"EntryPoint","urlTemplate":"https:\/\/batijournal.com\/?s={search_term_string}"},"query-input":{"@type":"PropertyValueSpecification","valueRequired":true,"valueName":"search_term_string"}}],"inLanguage":"fr-FR"},{"@type":"Person","@id":"https:\/\/batijournal.com\/#\/schema\/person\/1dc96ec6957aa1ccb25ebe78bb19f100","name":"St\u00e9phane Miget","image":{"@type":"ImageObject","inLanguage":"fr-FR","@id":"https:\/\/secure.gravatar.com\/avatar\/89915563d925342126b8ef0281b93d9d7fc337043e8df017f780908eb9644451?s=96&d=mm&r=g","url":"https:\/\/secure.gravatar.com\/avatar\/89915563d925342126b8ef0281b93d9d7fc337043e8df017f780908eb9644451?s=96&d=mm&r=g","contentUrl":"https:\/\/secure.gravatar.com\/avatar\/89915563d925342126b8ef0281b93d9d7fc337043e8df017f780908eb9644451?s=96&d=mm&r=g","caption":"St\u00e9phane Miget"},"url":"https:\/\/batijournal.com\/index.php\/author\/stephane\/"}]}},"_links":{"self":[{"href":"https:\/\/batijournal.com\/index.php\/wp-json\/wp\/v2\/posts\/102569","targetHints":{"allow":["GET"]}}],"collection":[{"href":"https:\/\/batijournal.com\/index.php\/wp-json\/wp\/v2\/posts"}],"about":[{"href":"https:\/\/batijournal.com\/index.php\/wp-json\/wp\/v2\/types\/post"}],"author":[{"embeddable":true,"href":"https:\/\/batijournal.com\/index.php\/wp-json\/wp\/v2\/users\/17"}],"replies":[{"embeddable":true,"href":"https:\/\/batijournal.com\/index.php\/wp-json\/wp\/v2\/comments?post=102569"}],"version-history":[{"count":0,"href":"https:\/\/batijournal.com\/index.php\/wp-json\/wp\/v2\/posts\/102569\/revisions"}],"wp:featuredmedia":[{"embeddable":true,"href":"https:\/\/batijournal.com\/index.php\/wp-json\/wp\/v2\/media\/102570"}],"wp:attachment":[{"href":"https:\/\/batijournal.com\/index.php\/wp-json\/wp\/v2\/media?parent=102569"}],"wp:term":[{"taxonomy":"category","embeddable":true,"href":"https:\/\/batijournal.com\/index.php\/wp-json\/wp\/v2\/categories?post=102569"},{"taxonomy":"post_tag","embeddable":true,"href":"https:\/\/batijournal.com\/index.php\/wp-json\/wp\/v2\/tags?post=102569"}],"curies":[{"name":"wp","href":"https:\/\/api.w.org\/{rel}","templated":true}]}}