{"id":102604,"date":"2019-07-11T13:52:44","date_gmt":"2019-07-11T11:52:44","guid":{"rendered":"https:\/\/batijournal.com\/?p=102604"},"modified":"2019-07-15T11:14:28","modified_gmt":"2019-07-15T09:14:28","slug":"le-reseau-des-villes-et-pays-dart-et-dhistoire-setend","status":"publish","type":"post","link":"https:\/\/batijournal.com\/index.php\/le-reseau-des-villes-et-pays-dart-et-dhistoire-setend\/102604\/","title":{"rendered":"Le r\u00e9seau des Villes et Pays d\u2019art et d\u2019histoire s&rsquo;\u00e9tend"},"content":{"rendered":"<p><strong>Franck Riester, ministre de la Culture, sur proposition du Conseil national des Villes et Pays d&rsquo;art et d&rsquo;histoire, r\u00e9uni le 20 juin dernier, d\u00e9cide d&rsquo;attribuer le label Ville et Pays d\u2019art et d\u2019histoire \u00e0 un nouveau territoire et d\u2019\u00e9tendre le label \u00e0 deux territoires d\u00e9j\u00e0 labellis\u00e9s.<\/strong><\/p>\n<p>La convention Pays d\u2019art et d\u2019histoire de la Vall\u00e9e d\u2019Abondance (6 communes) a \u00e9t\u00e9 sign\u00e9e en 2003 et renouvel\u00e9e en 2014. <strong>L\u2019extension du Pays d\u2019art et d\u2019histoire \u00e0 la Communaut\u00e9 de communes Pays d\u2019Evian-vall\u00e9e d\u2019Abondance<\/strong> ouvre de nouveaux champs pour la m\u00e9diation de l\u2019architecture et du patrimoine, le territoire int\u00e9grant des paysages de montagne, des espaces lacustres (le lac L\u00e9man) et urbains (Evian les Bains).<\/p>\n<p><strong>L\u2019extension du Pays d\u2019art et d\u2019histoire du Haut-Allier<\/strong> qui concernait 26 communes pour en comprendre d\u00e9sormais 118 est un projet ambitieux qui devra b\u00e9n\u00e9ficier d\u2019un accompagnement renforc\u00e9 des services du minist\u00e8re de la Culture pour parvenir, notamment, \u00e0 d\u00e9velopper la qualit\u00e9 du cadre de vie sur l\u2019ensemble du territoire du Syndicat mixte d\u2019am\u00e9nagement du Haut-Allier.<\/p>\n<p><strong>Le label Ville d\u2019art et d\u2019histoire est attribu\u00e9 \u00e0 la ville de Nice<\/strong>, ville en mutation et candidate \u00e0 l\u2019inscription sur la liste du patrimoine mondial de l\u2019UNESCO. Le label permettra d\u2019accompagner la mutation du territoire (extension du r\u00e9seau du tram, v\u00e9g\u00e9talisation de la ville), de valoriser la richesse de son architecture et de son patrimoine, et d\u2019apporter un soutien aux habitants dans la transformation du b\u00e2ti quotidien.<\/p>\n<p>Le Conseil national a par ailleurs annonc\u00e9 le renouvellement des conventions des Villes d\u2019art et d\u2019histoire de Montauban (Occitanie), Perpignan (Occitanie), Vannes (Bretagne) et du Pays d\u2019art et d\u2019histoire de Provence Verte Verdon (PACA).<\/p>\n<p>Le r\u00e9seau des Villes et Pays d\u2019art et d\u2019histoire compte d\u00e9sormais 196 territoires : 124 Villes d\u2019art et d\u2019histoire et 72 Pays d\u2019art et d\u2019histoire.<\/p>\n<p>&nbsp;<\/p>\n<p>Photo : Ville de Nice \u00a9 JP Juigner<\/p>\n<p>&nbsp;<\/p>\n<p>&nbsp;<\/p>\n","protected":false},"excerpt":{"rendered":"<p>Franck Riester, ministre de la Culture, sur proposition du Conseil national des Villes et Pays d&rsquo;art et d&rsquo;histoire, r\u00e9uni le 20 juin dernier, d\u00e9cide d&rsquo;attribuer le label Ville et Pays d\u2019art et d\u2019histoire \u00e0 un nouveau territoire et d\u2019\u00e9tendre le label \u00e0 deux territoires d\u00e9j\u00e0 labellis\u00e9s. La convention Pays d\u2019art et d\u2019histoire de la Vall\u00e9e [&hellip;]<\/p>\n","protected":false},"author":17,"featured_media":102605,"comment_status":"closed","ping_status":"closed","sticky":false,"template":"","format":"standard","meta":{"_et_pb_use_builder":"","_et_pb_old_content":"","_et_gb_content_width":"","footnotes":""},"categories":[10530,6340,10789,10785],"tags":[8293],"class_list":["post-102604","post","type-post","status-publish","format-standard","has-post-thumbnail","hentry","category-actualites","category-architecture-conception","category-publications-atrium","category-atrium","tag-ville-dart-et-dhistoire"],"yoast_head":"<!-- This site is optimized with the Yoast SEO plugin v27.4 - https:\/\/yoast.com\/product\/yoast-seo-wordpress\/ -->\n<title>Le r\u00e9seau des Villes et Pays d\u2019art et d\u2019histoire s&#039;\u00e9tend<\/title>\n<meta name=\"description\" content=\"Le ministre de la Culture d\u00e9cide d&#039;attribuer le label Ville et Pays d\u2019art et d\u2019histoire \u00e0 un nouveau territoire et d\u2019\u00e9tendre.\" \/>\n<meta name=\"robots\" content=\"index, follow, max-snippet:-1, max-image-preview:large, max-video-preview:-1\" \/>\n<link rel=\"canonical\" href=\"https:\/\/batijournal.com\/index.php\/le-reseau-des-villes-et-pays-dart-et-dhistoire-setend\/102604\/\" \/>\n<meta property=\"og:locale\" content=\"fr_FR\" \/>\n<meta property=\"og:type\" content=\"article\" \/>\n<meta property=\"og:title\" content=\"Le r\u00e9seau des Villes et Pays d\u2019art et d\u2019histoire s&#039;\u00e9tend\" \/>\n<meta property=\"og:description\" content=\"Le ministre de la Culture d\u00e9cide d&#039;attribuer le label Ville et Pays d\u2019art et d\u2019histoire \u00e0 un nouveau territoire et d\u2019\u00e9tendre.\" \/>\n<meta property=\"og:url\" content=\"https:\/\/batijournal.com\/index.php\/le-reseau-des-villes-et-pays-dart-et-dhistoire-setend\/102604\/\" \/>\n<meta property=\"og:site_name\" content=\"Batijournal\" \/>\n<meta property=\"article:published_time\" content=\"2019-07-11T11:52:44+00:00\" \/>\n<meta property=\"article:modified_time\" content=\"2019-07-15T09:14:28+00:00\" \/>\n<meta property=\"og:image\" content=\"https:\/\/batijournal.com\/wp-content\/uploads\/2019\/07\/ville-de-nice.jpg\" \/>\n\t<meta property=\"og:image:width\" content=\"1200\" \/>\n\t<meta property=\"og:image:height\" content=\"737\" \/>\n\t<meta property=\"og:image:type\" content=\"image\/jpeg\" \/>\n<meta name=\"author\" content=\"St\u00e9phane Miget\" \/>\n<meta name=\"twitter:card\" content=\"summary_large_image\" \/>\n<meta name=\"twitter:creator\" content=\"@bati_journal\" \/>\n<meta name=\"twitter:site\" content=\"@bati_journal\" \/>\n<meta name=\"twitter:label1\" content=\"\u00c9crit par\" \/>\n\t<meta name=\"twitter:data1\" content=\"St\u00e9phane Miget\" \/>\n\t<meta name=\"twitter:label2\" content=\"Dur\u00e9e de lecture estim\u00e9e\" \/>\n\t<meta name=\"twitter:data2\" content=\"2 minutes\" \/>\n<script type=\"application\/ld+json\" class=\"yoast-schema-graph\">{\"@context\":\"https:\\\/\\\/schema.org\",\"@graph\":[{\"@type\":\"Article\",\"@id\":\"https:\\\/\\\/batijournal.com\\\/index.php\\\/le-reseau-des-villes-et-pays-dart-et-dhistoire-setend\\\/102604\\\/#article\",\"isPartOf\":{\"@id\":\"https:\\\/\\\/batijournal.com\\\/index.php\\\/le-reseau-des-villes-et-pays-dart-et-dhistoire-setend\\\/102604\\\/\"},\"author\":{\"name\":\"St\u00e9phane Miget\",\"@id\":\"https:\\\/\\\/batijournal.com\\\/#\\\/schema\\\/person\\\/1dc96ec6957aa1ccb25ebe78bb19f100\"},\"headline\":\"Le r\u00e9seau des Villes et Pays d\u2019art et d\u2019histoire s&rsquo;\u00e9tend\",\"datePublished\":\"2019-07-11T11:52:44+00:00\",\"dateModified\":\"2019-07-15T09:14:28+00:00\",\"mainEntityOfPage\":{\"@id\":\"https:\\\/\\\/batijournal.com\\\/index.php\\\/le-reseau-des-villes-et-pays-dart-et-dhistoire-setend\\\/102604\\\/\"},\"wordCount\":360,\"image\":{\"@id\":\"https:\\\/\\\/batijournal.com\\\/index.php\\\/le-reseau-des-villes-et-pays-dart-et-dhistoire-setend\\\/102604\\\/#primaryimage\"},\"thumbnailUrl\":\"https:\\\/\\\/batijournal.com\\\/wp-content\\\/uploads\\\/2019\\\/07\\\/ville-de-nice.jpg\",\"keywords\":[\"ville dart et dhistoire\"],\"articleSection\":[\"Actualit\u00e9s\",\"Architecture &amp; Conception\",\"zz_Actualit\u00e9s - Atrium\",\"zz_Atrium Patrimoine\"],\"inLanguage\":\"fr-FR\"},{\"@type\":\"WebPage\",\"@id\":\"https:\\\/\\\/batijournal.com\\\/index.php\\\/le-reseau-des-villes-et-pays-dart-et-dhistoire-setend\\\/102604\\\/\",\"url\":\"https:\\\/\\\/batijournal.com\\\/index.php\\\/le-reseau-des-villes-et-pays-dart-et-dhistoire-setend\\\/102604\\\/\",\"name\":\"Le r\u00e9seau des Villes et Pays d\u2019art et d\u2019histoire s'\u00e9tend\",\"isPartOf\":{\"@id\":\"https:\\\/\\\/batijournal.com\\\/#website\"},\"primaryImageOfPage\":{\"@id\":\"https:\\\/\\\/batijournal.com\\\/index.php\\\/le-reseau-des-villes-et-pays-dart-et-dhistoire-setend\\\/102604\\\/#primaryimage\"},\"image\":{\"@id\":\"https:\\\/\\\/batijournal.com\\\/index.php\\\/le-reseau-des-villes-et-pays-dart-et-dhistoire-setend\\\/102604\\\/#primaryimage\"},\"thumbnailUrl\":\"https:\\\/\\\/batijournal.com\\\/wp-content\\\/uploads\\\/2019\\\/07\\\/ville-de-nice.jpg\",\"datePublished\":\"2019-07-11T11:52:44+00:00\",\"dateModified\":\"2019-07-15T09:14:28+00:00\",\"author\":{\"@id\":\"https:\\\/\\\/batijournal.com\\\/#\\\/schema\\\/person\\\/1dc96ec6957aa1ccb25ebe78bb19f100\"},\"description\":\"Le ministre de la Culture d\u00e9cide d'attribuer le label Ville et Pays d\u2019art et d\u2019histoire \u00e0 un nouveau territoire et d\u2019\u00e9tendre.\",\"breadcrumb\":{\"@id\":\"https:\\\/\\\/batijournal.com\\\/index.php\\\/le-reseau-des-villes-et-pays-dart-et-dhistoire-setend\\\/102604\\\/#breadcrumb\"},\"inLanguage\":\"fr-FR\",\"potentialAction\":[{\"@type\":\"ReadAction\",\"target\":[\"https:\\\/\\\/batijournal.com\\\/index.php\\\/le-reseau-des-villes-et-pays-dart-et-dhistoire-setend\\\/102604\\\/\"]}]},{\"@type\":\"ImageObject\",\"inLanguage\":\"fr-FR\",\"@id\":\"https:\\\/\\\/batijournal.com\\\/index.php\\\/le-reseau-des-villes-et-pays-dart-et-dhistoire-setend\\\/102604\\\/#primaryimage\",\"url\":\"https:\\\/\\\/batijournal.com\\\/wp-content\\\/uploads\\\/2019\\\/07\\\/ville-de-nice.jpg\",\"contentUrl\":\"https:\\\/\\\/batijournal.com\\\/wp-content\\\/uploads\\\/2019\\\/07\\\/ville-de-nice.jpg\",\"width\":1200,\"height\":737},{\"@type\":\"BreadcrumbList\",\"@id\":\"https:\\\/\\\/batijournal.com\\\/index.php\\\/le-reseau-des-villes-et-pays-dart-et-dhistoire-setend\\\/102604\\\/#breadcrumb\",\"itemListElement\":[{\"@type\":\"ListItem\",\"position\":1,\"name\":\"Accueil\",\"item\":\"https:\\\/\\\/batijournal.com\\\/\"},{\"@type\":\"ListItem\",\"position\":2,\"name\":\"Actualit\u00e9s\",\"item\":\"https:\\\/\\\/batijournal.com\\\/index.php\\\/category\\\/actualites\\\/\"},{\"@type\":\"ListItem\",\"position\":3,\"name\":\"Le r\u00e9seau des Villes et Pays d\u2019art et d\u2019histoire s&rsquo;\u00e9tend\"}]},{\"@type\":\"WebSite\",\"@id\":\"https:\\\/\\\/batijournal.com\\\/#website\",\"url\":\"https:\\\/\\\/batijournal.com\\\/\",\"name\":\"Batijournal\",\"description\":\"L&#039;actualit\u00e9 du b\u00e2timent\",\"potentialAction\":[{\"@type\":\"SearchAction\",\"target\":{\"@type\":\"EntryPoint\",\"urlTemplate\":\"https:\\\/\\\/batijournal.com\\\/?s={search_term_string}\"},\"query-input\":{\"@type\":\"PropertyValueSpecification\",\"valueRequired\":true,\"valueName\":\"search_term_string\"}}],\"inLanguage\":\"fr-FR\"},{\"@type\":\"Person\",\"@id\":\"https:\\\/\\\/batijournal.com\\\/#\\\/schema\\\/person\\\/1dc96ec6957aa1ccb25ebe78bb19f100\",\"name\":\"St\u00e9phane Miget\",\"image\":{\"@type\":\"ImageObject\",\"inLanguage\":\"fr-FR\",\"@id\":\"https:\\\/\\\/secure.gravatar.com\\\/avatar\\\/89915563d925342126b8ef0281b93d9d7fc337043e8df017f780908eb9644451?s=96&d=mm&r=g\",\"url\":\"https:\\\/\\\/secure.gravatar.com\\\/avatar\\\/89915563d925342126b8ef0281b93d9d7fc337043e8df017f780908eb9644451?s=96&d=mm&r=g\",\"contentUrl\":\"https:\\\/\\\/secure.gravatar.com\\\/avatar\\\/89915563d925342126b8ef0281b93d9d7fc337043e8df017f780908eb9644451?s=96&d=mm&r=g\",\"caption\":\"St\u00e9phane Miget\"},\"url\":\"https:\\\/\\\/batijournal.com\\\/index.php\\\/author\\\/stephane\\\/\"}]}<\/script>\n<!-- \/ Yoast SEO plugin. -->","yoast_head_json":{"title":"Le r\u00e9seau des Villes et Pays d\u2019art et d\u2019histoire s'\u00e9tend","description":"Le ministre de la Culture d\u00e9cide d'attribuer le label Ville et Pays d\u2019art et d\u2019histoire \u00e0 un nouveau territoire et d\u2019\u00e9tendre.","robots":{"index":"index","follow":"follow","max-snippet":"max-snippet:-1","max-image-preview":"max-image-preview:large","max-video-preview":"max-video-preview:-1"},"canonical":"https:\/\/batijournal.com\/index.php\/le-reseau-des-villes-et-pays-dart-et-dhistoire-setend\/102604\/","og_locale":"fr_FR","og_type":"article","og_title":"Le r\u00e9seau des Villes et Pays d\u2019art et d\u2019histoire s'\u00e9tend","og_description":"Le ministre de la Culture d\u00e9cide d'attribuer le label Ville et Pays d\u2019art et d\u2019histoire \u00e0 un nouveau territoire et d\u2019\u00e9tendre.","og_url":"https:\/\/batijournal.com\/index.php\/le-reseau-des-villes-et-pays-dart-et-dhistoire-setend\/102604\/","og_site_name":"Batijournal","article_published_time":"2019-07-11T11:52:44+00:00","article_modified_time":"2019-07-15T09:14:28+00:00","og_image":[{"width":1200,"height":737,"url":"https:\/\/batijournal.com\/wp-content\/uploads\/2019\/07\/ville-de-nice.jpg","type":"image\/jpeg"}],"author":"St\u00e9phane Miget","twitter_card":"summary_large_image","twitter_creator":"@bati_journal","twitter_site":"@bati_journal","twitter_misc":{"\u00c9crit par":"St\u00e9phane Miget","Dur\u00e9e de lecture estim\u00e9e":"2 minutes"},"schema":{"@context":"https:\/\/schema.org","@graph":[{"@type":"Article","@id":"https:\/\/batijournal.com\/index.php\/le-reseau-des-villes-et-pays-dart-et-dhistoire-setend\/102604\/#article","isPartOf":{"@id":"https:\/\/batijournal.com\/index.php\/le-reseau-des-villes-et-pays-dart-et-dhistoire-setend\/102604\/"},"author":{"name":"St\u00e9phane Miget","@id":"https:\/\/batijournal.com\/#\/schema\/person\/1dc96ec6957aa1ccb25ebe78bb19f100"},"headline":"Le r\u00e9seau des Villes et Pays d\u2019art et d\u2019histoire s&rsquo;\u00e9tend","datePublished":"2019-07-11T11:52:44+00:00","dateModified":"2019-07-15T09:14:28+00:00","mainEntityOfPage":{"@id":"https:\/\/batijournal.com\/index.php\/le-reseau-des-villes-et-pays-dart-et-dhistoire-setend\/102604\/"},"wordCount":360,"image":{"@id":"https:\/\/batijournal.com\/index.php\/le-reseau-des-villes-et-pays-dart-et-dhistoire-setend\/102604\/#primaryimage"},"thumbnailUrl":"https:\/\/batijournal.com\/wp-content\/uploads\/2019\/07\/ville-de-nice.jpg","keywords":["ville dart et dhistoire"],"articleSection":["Actualit\u00e9s","Architecture &amp; Conception","zz_Actualit\u00e9s - Atrium","zz_Atrium Patrimoine"],"inLanguage":"fr-FR"},{"@type":"WebPage","@id":"https:\/\/batijournal.com\/index.php\/le-reseau-des-villes-et-pays-dart-et-dhistoire-setend\/102604\/","url":"https:\/\/batijournal.com\/index.php\/le-reseau-des-villes-et-pays-dart-et-dhistoire-setend\/102604\/","name":"Le r\u00e9seau des Villes et Pays d\u2019art et d\u2019histoire s'\u00e9tend","isPartOf":{"@id":"https:\/\/batijournal.com\/#website"},"primaryImageOfPage":{"@id":"https:\/\/batijournal.com\/index.php\/le-reseau-des-villes-et-pays-dart-et-dhistoire-setend\/102604\/#primaryimage"},"image":{"@id":"https:\/\/batijournal.com\/index.php\/le-reseau-des-villes-et-pays-dart-et-dhistoire-setend\/102604\/#primaryimage"},"thumbnailUrl":"https:\/\/batijournal.com\/wp-content\/uploads\/2019\/07\/ville-de-nice.jpg","datePublished":"2019-07-11T11:52:44+00:00","dateModified":"2019-07-15T09:14:28+00:00","author":{"@id":"https:\/\/batijournal.com\/#\/schema\/person\/1dc96ec6957aa1ccb25ebe78bb19f100"},"description":"Le ministre de la Culture d\u00e9cide d'attribuer le label Ville et Pays d\u2019art et d\u2019histoire \u00e0 un nouveau territoire et d\u2019\u00e9tendre.","breadcrumb":{"@id":"https:\/\/batijournal.com\/index.php\/le-reseau-des-villes-et-pays-dart-et-dhistoire-setend\/102604\/#breadcrumb"},"inLanguage":"fr-FR","potentialAction":[{"@type":"ReadAction","target":["https:\/\/batijournal.com\/index.php\/le-reseau-des-villes-et-pays-dart-et-dhistoire-setend\/102604\/"]}]},{"@type":"ImageObject","inLanguage":"fr-FR","@id":"https:\/\/batijournal.com\/index.php\/le-reseau-des-villes-et-pays-dart-et-dhistoire-setend\/102604\/#primaryimage","url":"https:\/\/batijournal.com\/wp-content\/uploads\/2019\/07\/ville-de-nice.jpg","contentUrl":"https:\/\/batijournal.com\/wp-content\/uploads\/2019\/07\/ville-de-nice.jpg","width":1200,"height":737},{"@type":"BreadcrumbList","@id":"https:\/\/batijournal.com\/index.php\/le-reseau-des-villes-et-pays-dart-et-dhistoire-setend\/102604\/#breadcrumb","itemListElement":[{"@type":"ListItem","position":1,"name":"Accueil","item":"https:\/\/batijournal.com\/"},{"@type":"ListItem","position":2,"name":"Actualit\u00e9s","item":"https:\/\/batijournal.com\/index.php\/category\/actualites\/"},{"@type":"ListItem","position":3,"name":"Le r\u00e9seau des Villes et Pays d\u2019art et d\u2019histoire s&rsquo;\u00e9tend"}]},{"@type":"WebSite","@id":"https:\/\/batijournal.com\/#website","url":"https:\/\/batijournal.com\/","name":"Batijournal","description":"L&#039;actualit\u00e9 du b\u00e2timent","potentialAction":[{"@type":"SearchAction","target":{"@type":"EntryPoint","urlTemplate":"https:\/\/batijournal.com\/?s={search_term_string}"},"query-input":{"@type":"PropertyValueSpecification","valueRequired":true,"valueName":"search_term_string"}}],"inLanguage":"fr-FR"},{"@type":"Person","@id":"https:\/\/batijournal.com\/#\/schema\/person\/1dc96ec6957aa1ccb25ebe78bb19f100","name":"St\u00e9phane Miget","image":{"@type":"ImageObject","inLanguage":"fr-FR","@id":"https:\/\/secure.gravatar.com\/avatar\/89915563d925342126b8ef0281b93d9d7fc337043e8df017f780908eb9644451?s=96&d=mm&r=g","url":"https:\/\/secure.gravatar.com\/avatar\/89915563d925342126b8ef0281b93d9d7fc337043e8df017f780908eb9644451?s=96&d=mm&r=g","contentUrl":"https:\/\/secure.gravatar.com\/avatar\/89915563d925342126b8ef0281b93d9d7fc337043e8df017f780908eb9644451?s=96&d=mm&r=g","caption":"St\u00e9phane Miget"},"url":"https:\/\/batijournal.com\/index.php\/author\/stephane\/"}]}},"_links":{"self":[{"href":"https:\/\/batijournal.com\/index.php\/wp-json\/wp\/v2\/posts\/102604","targetHints":{"allow":["GET"]}}],"collection":[{"href":"https:\/\/batijournal.com\/index.php\/wp-json\/wp\/v2\/posts"}],"about":[{"href":"https:\/\/batijournal.com\/index.php\/wp-json\/wp\/v2\/types\/post"}],"author":[{"embeddable":true,"href":"https:\/\/batijournal.com\/index.php\/wp-json\/wp\/v2\/users\/17"}],"replies":[{"embeddable":true,"href":"https:\/\/batijournal.com\/index.php\/wp-json\/wp\/v2\/comments?post=102604"}],"version-history":[{"count":0,"href":"https:\/\/batijournal.com\/index.php\/wp-json\/wp\/v2\/posts\/102604\/revisions"}],"wp:featuredmedia":[{"embeddable":true,"href":"https:\/\/batijournal.com\/index.php\/wp-json\/wp\/v2\/media\/102605"}],"wp:attachment":[{"href":"https:\/\/batijournal.com\/index.php\/wp-json\/wp\/v2\/media?parent=102604"}],"wp:term":[{"taxonomy":"category","embeddable":true,"href":"https:\/\/batijournal.com\/index.php\/wp-json\/wp\/v2\/categories?post=102604"},{"taxonomy":"post_tag","embeddable":true,"href":"https:\/\/batijournal.com\/index.php\/wp-json\/wp\/v2\/tags?post=102604"}],"curies":[{"name":"wp","href":"https:\/\/api.w.org\/{rel}","templated":true}]}}