{"id":102606,"date":"2019-07-12T14:45:50","date_gmt":"2019-07-12T12:45:50","guid":{"rendered":"https:\/\/batijournal.com\/?p=102606"},"modified":"2019-07-15T11:26:40","modified_gmt":"2019-07-15T09:26:40","slug":"renovation-entre-tradition-et-modernite-dans-le-vignoble-de-pomerol","status":"publish","type":"post","link":"https:\/\/batijournal.com\/index.php\/renovation-entre-tradition-et-modernite-dans-le-vignoble-de-pomerol\/102606\/","title":{"rendered":"R\u00e9novation entre tradition et modernit\u00e9 dans le vignoble de Pomerol"},"content":{"rendered":"<p>Le domaine viticole Ch\u00e2teau La Pointe dans le vignoble de Pomerol a r\u00e9cemment \u00e9t\u00e9 soumis \u00e0 des travaux d\u2019extension et de r\u00e9novation. B\u00e2ti au dix-neuvi\u00e8me si\u00e8cle, ce ch\u00e2teau historique fait partie des grandes propri\u00e9t\u00e9s du territoire Libournais. L\u2019aboutissement des travaux devait contribuer \u00e0 asseoir la renomm\u00e9e du prestigieux domaine. Les architectes d\u2019Archi Concept groupe FRANC de M\u00e9rignac ont recherch\u00e9, pour le rev\u00eatement des fa\u00e7ades, un mat\u00e9riau \u00e0 la fois \u00e9l\u00e9gant et r\u00e9sistant. Corian Exteriors, une solution de rev\u00eatement bas\u00e9e sur Corian Solid Surface, a permis de r\u00e9aliser une v\u00eature d\u00e9corative qui se distingue par une grande l\u00e9g\u00e8ret\u00e9 visuelle tout en \u00e9tant r\u00e9sistante et facile d\u2019entretien. Sur les deux fa\u00e7ades du b\u00e2timent principal, un motif d\u00e9coratif dans le coloris blanc Glacier White a \u00e9t\u00e9 appliqu\u00e9 sur les murs. Il s\u2019agit d\u2019une structure qui semble flotter \u00e0 quelques centim\u00e8tres de la fa\u00e7ade, appliqu\u00e9e au moyen de fixations sp\u00e9cialement \u00e9tudi\u00e9es pour ce projet, gr\u00e2ce auxquelles la vision cr\u00e9ative des architectes d\u2019Archi Concept groupe FRANC a \u00e9t\u00e9 respect\u00e9e : un effet volatil et l\u00e9ger o\u00f9 les points de support n\u2019encombrent pas la vue. Cette structure d\u00e9corative unique, r\u00e9alis\u00e9e enti\u00e8rement en Corian Exteriors d\u00e9coup\u00e9, s\u2019\u00e9tend sur toute la longueur et la hauteur des fa\u00e7ades. Elle repr\u00e9sente un motif v\u00e9g\u00e9tal et racinaire \u00e9voquant la vigne qui entoure le domaine Ch\u00e2teau La Pointe sur 23 hectares. La fa\u00e7ade c\u00f4t\u00e9 vignes, visible depuis la route de Pomerol, est \u00e9quip\u00e9e d\u2019un syst\u00e8me de r\u00e9tro\u00e9clairage.<\/p>\n<p>Photo : Eric Monneret<\/p>\n<p>&nbsp;<\/p>\n","protected":false},"excerpt":{"rendered":"<p>Le domaine viticole Ch\u00e2teau La Pointe dans le vignoble de Pomerol a r\u00e9cemment \u00e9t\u00e9 soumis \u00e0 des travaux d\u2019extension et de r\u00e9novation. B\u00e2ti au dix-neuvi\u00e8me si\u00e8cle, ce ch\u00e2teau historique fait partie des grandes propri\u00e9t\u00e9s du territoire Libournais. L\u2019aboutissement des travaux devait contribuer \u00e0 asseoir la renomm\u00e9e du prestigieux domaine. Les architectes d\u2019Archi Concept groupe FRANC [&hellip;]<\/p>\n","protected":false},"author":17,"featured_media":102607,"comment_status":"closed","ping_status":"closed","sticky":false,"template":"","format":"standard","meta":{"_et_pb_use_builder":"","_et_pb_old_content":"","_et_gb_content_width":"","footnotes":""},"categories":[10530,6340,10771,10775,10785,10787],"tags":[622],"class_list":["post-102606","post","type-post","status-publish","format-standard","has-post-thumbnail","hentry","category-actualites","category-architecture-conception","category-5facades","category-actualites-5facades","category-atrium","category-entreprises-et-chantiers","tag-extension"],"yoast_head":"<!-- This site is optimized with the Yoast SEO plugin v27.4 - https:\/\/yoast.com\/product\/yoast-seo-wordpress\/ -->\n<title>R\u00e9novation entre tradition et modernit\u00e9 dans le vignoble de Pomerol<\/title>\n<meta name=\"description\" content=\"Le domaine viticole Ch\u00e2teau La Pointe dans le vignoble de Pomerol a r\u00e9cemment \u00e9t\u00e9 soumis \u00e0 des travaux d\u2019extension et de r\u00e9novation\" \/>\n<meta name=\"robots\" content=\"index, follow, max-snippet:-1, max-image-preview:large, max-video-preview:-1\" \/>\n<link rel=\"canonical\" href=\"https:\/\/batijournal.com\/index.php\/renovation-entre-tradition-et-modernite-dans-le-vignoble-de-pomerol\/102606\/\" \/>\n<meta property=\"og:locale\" content=\"fr_FR\" \/>\n<meta property=\"og:type\" content=\"article\" \/>\n<meta property=\"og:title\" content=\"R\u00e9novation entre tradition et modernit\u00e9 dans le vignoble de Pomerol\" \/>\n<meta property=\"og:description\" content=\"Le domaine viticole Ch\u00e2teau La Pointe dans le vignoble de Pomerol a r\u00e9cemment \u00e9t\u00e9 soumis \u00e0 des travaux d\u2019extension et de r\u00e9novation\" \/>\n<meta property=\"og:url\" content=\"https:\/\/batijournal.com\/index.php\/renovation-entre-tradition-et-modernite-dans-le-vignoble-de-pomerol\/102606\/\" \/>\n<meta property=\"og:site_name\" content=\"Batijournal\" \/>\n<meta property=\"article:published_time\" content=\"2019-07-12T12:45:50+00:00\" \/>\n<meta property=\"article:modified_time\" content=\"2019-07-15T09:26:40+00:00\" \/>\n<meta property=\"og:image\" content=\"https:\/\/batijournal.com\/wp-content\/uploads\/2019\/07\/chateau-la-pointe.jpg\" \/>\n\t<meta property=\"og:image:width\" content=\"659\" \/>\n\t<meta property=\"og:image:height\" content=\"439\" \/>\n\t<meta property=\"og:image:type\" content=\"image\/jpeg\" \/>\n<meta name=\"author\" content=\"St\u00e9phane Miget\" \/>\n<meta name=\"twitter:card\" content=\"summary_large_image\" \/>\n<meta name=\"twitter:creator\" content=\"@bati_journal\" \/>\n<meta name=\"twitter:site\" content=\"@bati_journal\" \/>\n<meta name=\"twitter:label1\" content=\"\u00c9crit par\" \/>\n\t<meta name=\"twitter:data1\" content=\"St\u00e9phane Miget\" \/>\n\t<meta name=\"twitter:label2\" content=\"Dur\u00e9e de lecture estim\u00e9e\" \/>\n\t<meta name=\"twitter:data2\" content=\"1 minute\" \/>\n<script type=\"application\/ld+json\" class=\"yoast-schema-graph\">{\"@context\":\"https:\\\/\\\/schema.org\",\"@graph\":[{\"@type\":\"Article\",\"@id\":\"https:\\\/\\\/batijournal.com\\\/index.php\\\/renovation-entre-tradition-et-modernite-dans-le-vignoble-de-pomerol\\\/102606\\\/#article\",\"isPartOf\":{\"@id\":\"https:\\\/\\\/batijournal.com\\\/index.php\\\/renovation-entre-tradition-et-modernite-dans-le-vignoble-de-pomerol\\\/102606\\\/\"},\"author\":{\"name\":\"St\u00e9phane Miget\",\"@id\":\"https:\\\/\\\/batijournal.com\\\/#\\\/schema\\\/person\\\/1dc96ec6957aa1ccb25ebe78bb19f100\"},\"headline\":\"R\u00e9novation entre tradition et modernit\u00e9 dans le vignoble de Pomerol\",\"datePublished\":\"2019-07-12T12:45:50+00:00\",\"dateModified\":\"2019-07-15T09:26:40+00:00\",\"mainEntityOfPage\":{\"@id\":\"https:\\\/\\\/batijournal.com\\\/index.php\\\/renovation-entre-tradition-et-modernite-dans-le-vignoble-de-pomerol\\\/102606\\\/\"},\"wordCount\":306,\"image\":{\"@id\":\"https:\\\/\\\/batijournal.com\\\/index.php\\\/renovation-entre-tradition-et-modernite-dans-le-vignoble-de-pomerol\\\/102606\\\/#primaryimage\"},\"thumbnailUrl\":\"https:\\\/\\\/batijournal.com\\\/wp-content\\\/uploads\\\/2019\\\/07\\\/chateau-la-pointe.jpg\",\"keywords\":[\"extension\"],\"articleSection\":[\"Actualit\u00e9s\",\"Architecture &amp; Conception\",\"zz_5fa\u00e7ades\",\"zz_Actualit\u00e9s - 5fa\u00e7ades\",\"zz_Atrium Patrimoine\",\"zz_Entreprises et chantiers - AC\"],\"inLanguage\":\"fr-FR\"},{\"@type\":\"WebPage\",\"@id\":\"https:\\\/\\\/batijournal.com\\\/index.php\\\/renovation-entre-tradition-et-modernite-dans-le-vignoble-de-pomerol\\\/102606\\\/\",\"url\":\"https:\\\/\\\/batijournal.com\\\/index.php\\\/renovation-entre-tradition-et-modernite-dans-le-vignoble-de-pomerol\\\/102606\\\/\",\"name\":\"R\u00e9novation entre tradition et modernit\u00e9 dans le vignoble de Pomerol\",\"isPartOf\":{\"@id\":\"https:\\\/\\\/batijournal.com\\\/#website\"},\"primaryImageOfPage\":{\"@id\":\"https:\\\/\\\/batijournal.com\\\/index.php\\\/renovation-entre-tradition-et-modernite-dans-le-vignoble-de-pomerol\\\/102606\\\/#primaryimage\"},\"image\":{\"@id\":\"https:\\\/\\\/batijournal.com\\\/index.php\\\/renovation-entre-tradition-et-modernite-dans-le-vignoble-de-pomerol\\\/102606\\\/#primaryimage\"},\"thumbnailUrl\":\"https:\\\/\\\/batijournal.com\\\/wp-content\\\/uploads\\\/2019\\\/07\\\/chateau-la-pointe.jpg\",\"datePublished\":\"2019-07-12T12:45:50+00:00\",\"dateModified\":\"2019-07-15T09:26:40+00:00\",\"author\":{\"@id\":\"https:\\\/\\\/batijournal.com\\\/#\\\/schema\\\/person\\\/1dc96ec6957aa1ccb25ebe78bb19f100\"},\"description\":\"Le domaine viticole Ch\u00e2teau La Pointe dans le vignoble de Pomerol a r\u00e9cemment \u00e9t\u00e9 soumis \u00e0 des travaux d\u2019extension et de r\u00e9novation\",\"breadcrumb\":{\"@id\":\"https:\\\/\\\/batijournal.com\\\/index.php\\\/renovation-entre-tradition-et-modernite-dans-le-vignoble-de-pomerol\\\/102606\\\/#breadcrumb\"},\"inLanguage\":\"fr-FR\",\"potentialAction\":[{\"@type\":\"ReadAction\",\"target\":[\"https:\\\/\\\/batijournal.com\\\/index.php\\\/renovation-entre-tradition-et-modernite-dans-le-vignoble-de-pomerol\\\/102606\\\/\"]}]},{\"@type\":\"ImageObject\",\"inLanguage\":\"fr-FR\",\"@id\":\"https:\\\/\\\/batijournal.com\\\/index.php\\\/renovation-entre-tradition-et-modernite-dans-le-vignoble-de-pomerol\\\/102606\\\/#primaryimage\",\"url\":\"https:\\\/\\\/batijournal.com\\\/wp-content\\\/uploads\\\/2019\\\/07\\\/chateau-la-pointe.jpg\",\"contentUrl\":\"https:\\\/\\\/batijournal.com\\\/wp-content\\\/uploads\\\/2019\\\/07\\\/chateau-la-pointe.jpg\",\"width\":659,\"height\":439},{\"@type\":\"BreadcrumbList\",\"@id\":\"https:\\\/\\\/batijournal.com\\\/index.php\\\/renovation-entre-tradition-et-modernite-dans-le-vignoble-de-pomerol\\\/102606\\\/#breadcrumb\",\"itemListElement\":[{\"@type\":\"ListItem\",\"position\":1,\"name\":\"Accueil\",\"item\":\"https:\\\/\\\/batijournal.com\\\/\"},{\"@type\":\"ListItem\",\"position\":2,\"name\":\"Actualit\u00e9s\",\"item\":\"https:\\\/\\\/batijournal.com\\\/index.php\\\/category\\\/actualites\\\/\"},{\"@type\":\"ListItem\",\"position\":3,\"name\":\"R\u00e9novation entre tradition et modernit\u00e9 dans le vignoble de Pomerol\"}]},{\"@type\":\"WebSite\",\"@id\":\"https:\\\/\\\/batijournal.com\\\/#website\",\"url\":\"https:\\\/\\\/batijournal.com\\\/\",\"name\":\"Batijournal\",\"description\":\"L&#039;actualit\u00e9 du b\u00e2timent\",\"potentialAction\":[{\"@type\":\"SearchAction\",\"target\":{\"@type\":\"EntryPoint\",\"urlTemplate\":\"https:\\\/\\\/batijournal.com\\\/?s={search_term_string}\"},\"query-input\":{\"@type\":\"PropertyValueSpecification\",\"valueRequired\":true,\"valueName\":\"search_term_string\"}}],\"inLanguage\":\"fr-FR\"},{\"@type\":\"Person\",\"@id\":\"https:\\\/\\\/batijournal.com\\\/#\\\/schema\\\/person\\\/1dc96ec6957aa1ccb25ebe78bb19f100\",\"name\":\"St\u00e9phane Miget\",\"image\":{\"@type\":\"ImageObject\",\"inLanguage\":\"fr-FR\",\"@id\":\"https:\\\/\\\/secure.gravatar.com\\\/avatar\\\/89915563d925342126b8ef0281b93d9d7fc337043e8df017f780908eb9644451?s=96&d=mm&r=g\",\"url\":\"https:\\\/\\\/secure.gravatar.com\\\/avatar\\\/89915563d925342126b8ef0281b93d9d7fc337043e8df017f780908eb9644451?s=96&d=mm&r=g\",\"contentUrl\":\"https:\\\/\\\/secure.gravatar.com\\\/avatar\\\/89915563d925342126b8ef0281b93d9d7fc337043e8df017f780908eb9644451?s=96&d=mm&r=g\",\"caption\":\"St\u00e9phane Miget\"},\"url\":\"https:\\\/\\\/batijournal.com\\\/index.php\\\/author\\\/stephane\\\/\"}]}<\/script>\n<!-- \/ Yoast SEO plugin. -->","yoast_head_json":{"title":"R\u00e9novation entre tradition et modernit\u00e9 dans le vignoble de Pomerol","description":"Le domaine viticole Ch\u00e2teau La Pointe dans le vignoble de Pomerol a r\u00e9cemment \u00e9t\u00e9 soumis \u00e0 des travaux d\u2019extension et de r\u00e9novation","robots":{"index":"index","follow":"follow","max-snippet":"max-snippet:-1","max-image-preview":"max-image-preview:large","max-video-preview":"max-video-preview:-1"},"canonical":"https:\/\/batijournal.com\/index.php\/renovation-entre-tradition-et-modernite-dans-le-vignoble-de-pomerol\/102606\/","og_locale":"fr_FR","og_type":"article","og_title":"R\u00e9novation entre tradition et modernit\u00e9 dans le vignoble de Pomerol","og_description":"Le domaine viticole Ch\u00e2teau La Pointe dans le vignoble de Pomerol a r\u00e9cemment \u00e9t\u00e9 soumis \u00e0 des travaux d\u2019extension et de r\u00e9novation","og_url":"https:\/\/batijournal.com\/index.php\/renovation-entre-tradition-et-modernite-dans-le-vignoble-de-pomerol\/102606\/","og_site_name":"Batijournal","article_published_time":"2019-07-12T12:45:50+00:00","article_modified_time":"2019-07-15T09:26:40+00:00","og_image":[{"width":659,"height":439,"url":"https:\/\/batijournal.com\/wp-content\/uploads\/2019\/07\/chateau-la-pointe.jpg","type":"image\/jpeg"}],"author":"St\u00e9phane Miget","twitter_card":"summary_large_image","twitter_creator":"@bati_journal","twitter_site":"@bati_journal","twitter_misc":{"\u00c9crit par":"St\u00e9phane Miget","Dur\u00e9e de lecture estim\u00e9e":"1 minute"},"schema":{"@context":"https:\/\/schema.org","@graph":[{"@type":"Article","@id":"https:\/\/batijournal.com\/index.php\/renovation-entre-tradition-et-modernite-dans-le-vignoble-de-pomerol\/102606\/#article","isPartOf":{"@id":"https:\/\/batijournal.com\/index.php\/renovation-entre-tradition-et-modernite-dans-le-vignoble-de-pomerol\/102606\/"},"author":{"name":"St\u00e9phane Miget","@id":"https:\/\/batijournal.com\/#\/schema\/person\/1dc96ec6957aa1ccb25ebe78bb19f100"},"headline":"R\u00e9novation entre tradition et modernit\u00e9 dans le vignoble de Pomerol","datePublished":"2019-07-12T12:45:50+00:00","dateModified":"2019-07-15T09:26:40+00:00","mainEntityOfPage":{"@id":"https:\/\/batijournal.com\/index.php\/renovation-entre-tradition-et-modernite-dans-le-vignoble-de-pomerol\/102606\/"},"wordCount":306,"image":{"@id":"https:\/\/batijournal.com\/index.php\/renovation-entre-tradition-et-modernite-dans-le-vignoble-de-pomerol\/102606\/#primaryimage"},"thumbnailUrl":"https:\/\/batijournal.com\/wp-content\/uploads\/2019\/07\/chateau-la-pointe.jpg","keywords":["extension"],"articleSection":["Actualit\u00e9s","Architecture &amp; Conception","zz_5fa\u00e7ades","zz_Actualit\u00e9s - 5fa\u00e7ades","zz_Atrium Patrimoine","zz_Entreprises et chantiers - AC"],"inLanguage":"fr-FR"},{"@type":"WebPage","@id":"https:\/\/batijournal.com\/index.php\/renovation-entre-tradition-et-modernite-dans-le-vignoble-de-pomerol\/102606\/","url":"https:\/\/batijournal.com\/index.php\/renovation-entre-tradition-et-modernite-dans-le-vignoble-de-pomerol\/102606\/","name":"R\u00e9novation entre tradition et modernit\u00e9 dans le vignoble de Pomerol","isPartOf":{"@id":"https:\/\/batijournal.com\/#website"},"primaryImageOfPage":{"@id":"https:\/\/batijournal.com\/index.php\/renovation-entre-tradition-et-modernite-dans-le-vignoble-de-pomerol\/102606\/#primaryimage"},"image":{"@id":"https:\/\/batijournal.com\/index.php\/renovation-entre-tradition-et-modernite-dans-le-vignoble-de-pomerol\/102606\/#primaryimage"},"thumbnailUrl":"https:\/\/batijournal.com\/wp-content\/uploads\/2019\/07\/chateau-la-pointe.jpg","datePublished":"2019-07-12T12:45:50+00:00","dateModified":"2019-07-15T09:26:40+00:00","author":{"@id":"https:\/\/batijournal.com\/#\/schema\/person\/1dc96ec6957aa1ccb25ebe78bb19f100"},"description":"Le domaine viticole Ch\u00e2teau La Pointe dans le vignoble de Pomerol a r\u00e9cemment \u00e9t\u00e9 soumis \u00e0 des travaux d\u2019extension et de r\u00e9novation","breadcrumb":{"@id":"https:\/\/batijournal.com\/index.php\/renovation-entre-tradition-et-modernite-dans-le-vignoble-de-pomerol\/102606\/#breadcrumb"},"inLanguage":"fr-FR","potentialAction":[{"@type":"ReadAction","target":["https:\/\/batijournal.com\/index.php\/renovation-entre-tradition-et-modernite-dans-le-vignoble-de-pomerol\/102606\/"]}]},{"@type":"ImageObject","inLanguage":"fr-FR","@id":"https:\/\/batijournal.com\/index.php\/renovation-entre-tradition-et-modernite-dans-le-vignoble-de-pomerol\/102606\/#primaryimage","url":"https:\/\/batijournal.com\/wp-content\/uploads\/2019\/07\/chateau-la-pointe.jpg","contentUrl":"https:\/\/batijournal.com\/wp-content\/uploads\/2019\/07\/chateau-la-pointe.jpg","width":659,"height":439},{"@type":"BreadcrumbList","@id":"https:\/\/batijournal.com\/index.php\/renovation-entre-tradition-et-modernite-dans-le-vignoble-de-pomerol\/102606\/#breadcrumb","itemListElement":[{"@type":"ListItem","position":1,"name":"Accueil","item":"https:\/\/batijournal.com\/"},{"@type":"ListItem","position":2,"name":"Actualit\u00e9s","item":"https:\/\/batijournal.com\/index.php\/category\/actualites\/"},{"@type":"ListItem","position":3,"name":"R\u00e9novation entre tradition et modernit\u00e9 dans le vignoble de Pomerol"}]},{"@type":"WebSite","@id":"https:\/\/batijournal.com\/#website","url":"https:\/\/batijournal.com\/","name":"Batijournal","description":"L&#039;actualit\u00e9 du b\u00e2timent","potentialAction":[{"@type":"SearchAction","target":{"@type":"EntryPoint","urlTemplate":"https:\/\/batijournal.com\/?s={search_term_string}"},"query-input":{"@type":"PropertyValueSpecification","valueRequired":true,"valueName":"search_term_string"}}],"inLanguage":"fr-FR"},{"@type":"Person","@id":"https:\/\/batijournal.com\/#\/schema\/person\/1dc96ec6957aa1ccb25ebe78bb19f100","name":"St\u00e9phane Miget","image":{"@type":"ImageObject","inLanguage":"fr-FR","@id":"https:\/\/secure.gravatar.com\/avatar\/89915563d925342126b8ef0281b93d9d7fc337043e8df017f780908eb9644451?s=96&d=mm&r=g","url":"https:\/\/secure.gravatar.com\/avatar\/89915563d925342126b8ef0281b93d9d7fc337043e8df017f780908eb9644451?s=96&d=mm&r=g","contentUrl":"https:\/\/secure.gravatar.com\/avatar\/89915563d925342126b8ef0281b93d9d7fc337043e8df017f780908eb9644451?s=96&d=mm&r=g","caption":"St\u00e9phane Miget"},"url":"https:\/\/batijournal.com\/index.php\/author\/stephane\/"}]}},"_links":{"self":[{"href":"https:\/\/batijournal.com\/index.php\/wp-json\/wp\/v2\/posts\/102606","targetHints":{"allow":["GET"]}}],"collection":[{"href":"https:\/\/batijournal.com\/index.php\/wp-json\/wp\/v2\/posts"}],"about":[{"href":"https:\/\/batijournal.com\/index.php\/wp-json\/wp\/v2\/types\/post"}],"author":[{"embeddable":true,"href":"https:\/\/batijournal.com\/index.php\/wp-json\/wp\/v2\/users\/17"}],"replies":[{"embeddable":true,"href":"https:\/\/batijournal.com\/index.php\/wp-json\/wp\/v2\/comments?post=102606"}],"version-history":[{"count":0,"href":"https:\/\/batijournal.com\/index.php\/wp-json\/wp\/v2\/posts\/102606\/revisions"}],"wp:featuredmedia":[{"embeddable":true,"href":"https:\/\/batijournal.com\/index.php\/wp-json\/wp\/v2\/media\/102607"}],"wp:attachment":[{"href":"https:\/\/batijournal.com\/index.php\/wp-json\/wp\/v2\/media?parent=102606"}],"wp:term":[{"taxonomy":"category","embeddable":true,"href":"https:\/\/batijournal.com\/index.php\/wp-json\/wp\/v2\/categories?post=102606"},{"taxonomy":"post_tag","embeddable":true,"href":"https:\/\/batijournal.com\/index.php\/wp-json\/wp\/v2\/tags?post=102606"}],"curies":[{"name":"wp","href":"https:\/\/api.w.org\/{rel}","templated":true}]}}