{"id":102622,"date":"2019-07-15T05:08:43","date_gmt":"2019-07-15T03:08:43","guid":{"rendered":"https:\/\/batijournal.com\/?p=102622"},"modified":"2019-07-15T05:08:43","modified_gmt":"2019-07-15T03:08:43","slug":"point-sur-les-dechets-du-batiment","status":"publish","type":"post","link":"https:\/\/batijournal.com\/index.php\/point-sur-les-dechets-du-batiment\/102622\/","title":{"rendered":"Point sur les d\u00e9chets du b\u00e2timent"},"content":{"rendered":"<p><strong>A l\u2019occasion de l\u2019examen en Conseil des ministres de la loi anti-gaspillage et \u00e9conomie circulaire, la FFB a souhait\u00e9 rappeler la r\u00e9alit\u00e9 des chiffres et son engagement pour d\u00e9velopper le recyclage dans le secteur.\u00a0Les d\u00e9chets du b\u00e2timent et des travaux publics repr\u00e9sentent 70 % des d\u00e9chets en France, soit 228 millions de tonnes, mais 93 % d&rsquo;entre eux sont des d\u00e9chets inertes (gravats, terre non pollu\u00e9e, b\u00e9ton, enrob\u00e9, brique, tuile, etc.). Ils sont d\u00e9j\u00e0 valoris\u00e9s aux 2\/3, principalement en sous-couches routi\u00e8res et en remblais de carri\u00e8re.<\/strong><\/p>\n<p>L\u2019enjeu porte sur les d\u00e9chets du second \u0153uvre (bois, pl\u00e2tre, verre, isolants\u2026) qui ne repr\u00e9sentent que 10 millions de tonnes, soit 3 % des d\u00e9chets produits en France, bien loin des 70 % \u00e9voqu\u00e9s. Le m\u00e9tal est recycl\u00e9 \u00e0 90 %, le bois est valoris\u00e9 \u00e0 75% (recyclage et valorisation \u00e9nerg\u00e9tique) et augmenter son recyclage est \u00e0 ce jour difficile faute de d\u00e9bouch\u00e9s. Pour le pl\u00e2tre, le PVC rigide et le verre plat des fen\u00eatres, les proc\u00e9d\u00e9s techniques de recyclage sont op\u00e9rationnels ou en passe de l\u2019\u00eatre, mais la collecte des d\u00e9chets tri\u00e9s reste \u00e0 massifier. Pour d\u2019autres fili\u00e8res comme les isolants, les moquettes ou certains plastiques les fili\u00e8res de recyclage en sont aux pr\u00e9mices. 2 millions de tonnes sont des d\u00e9chets dangereux, dont l\u2019amiante issue des r\u00e9novations qui fait d\u00e9j\u00e0 l\u2019objet d\u2019une r\u00e9glementation pl\u00e9thorique.<\/p>\n<p>Derri\u00e8re ces chiffres, deux enjeux majeurs se dessinent. Il faut tout d\u2019abord am\u00e9liorer le recyclage de ces 10 millions de tonnes de d\u00e9chets du second \u0153uvre, mais \u00e9galement r\u00e9duire les d\u00e9p\u00f4ts sauvages, sympt\u00f4mes d\u2019une concurrence d\u00e9loyale dont souffrent en premier lieu les artisans du b\u00e2timent. La FFB souhaite un renforcement effectif des contr\u00f4les sur ce point.<\/p>\n<p>La FFB estime que la mise en place d\u2019une contribution pr\u00e9lev\u00e9e sur une assiette large de produits et mat\u00e9riaux (y compris ceux qui sont import\u00e9s ou vendus en GSB aux particuliers) constituerait une solution \u00e9quitable. Cette contribution servirait, sous le pilotage d\u2019une interprofession \u00e0 construire avec l\u2019ensemble des acteurs, \u00e0 financer d\u2019une part des actions cibl\u00e9es pour d\u00e9velopper le recyclage, d\u2019autre part \u00e0 renforcer le maillage territorial en points de collecte, publics ou priv\u00e9s.<\/p>\n<p>Ce second point reste la priorit\u00e9 pour lutter contre les d\u00e9p\u00f4ts sauvages. Pour cela, les d\u00e9ch\u00e8teries publiques se doivent d\u2019accueillir les d\u00e9chets des artisans. Mais, les horaires sont souvent inadapt\u00e9s, 20 % n\u2019accueillent pas les d\u00e9chets du secteur et de plus en plus leur ferment la porte. Une tarification et des horaires adapt\u00e9s aux professionnels doivent \u00eatre mis en place, au risque voir se d\u00e9velopper les d\u00e9p\u00f4ts sauvages.<\/p>\n","protected":false},"excerpt":{"rendered":"<p>A l\u2019occasion de l\u2019examen en Conseil des ministres de la loi anti-gaspillage et \u00e9conomie circulaire, la FFB a souhait\u00e9 rappeler la r\u00e9alit\u00e9 des chiffres et son engagement pour d\u00e9velopper le recyclage dans le secteur.\u00a0Les d\u00e9chets du b\u00e2timent et des travaux publics repr\u00e9sentent 70 % des d\u00e9chets en France, soit 228 millions de tonnes, mais 93 [&hellip;]<\/p>\n","protected":false},"author":17,"featured_media":95563,"comment_status":"closed","ping_status":"closed","sticky":false,"template":"","format":"standard","meta":{"_et_pb_use_builder":"","_et_pb_old_content":"","_et_gb_content_width":"","footnotes":""},"categories":[6345],"tags":[11430],"class_list":["post-102622","post","type-post","status-publish","format-standard","has-post-thumbnail","hentry","category-economie-marches","tag-economie-circulaire"],"yoast_head":"<!-- This site is optimized with the Yoast SEO plugin v27.4 - https:\/\/yoast.com\/product\/yoast-seo-wordpress\/ -->\n<title>Point sur les d\u00e9chets du b\u00e2timent<\/title>\n<meta name=\"description\" content=\"Loi anti-gaspillage et \u00e9conomie circulaire : la FFB a souhait\u00e9 rappeler la r\u00e9alit\u00e9 des chiffres et son engagement pour d\u00e9velopper le recyclage\" \/>\n<meta name=\"robots\" content=\"index, follow, max-snippet:-1, max-image-preview:large, max-video-preview:-1\" \/>\n<link rel=\"canonical\" href=\"https:\/\/batijournal.com\/index.php\/point-sur-les-dechets-du-batiment\/102622\/\" \/>\n<meta property=\"og:locale\" content=\"fr_FR\" \/>\n<meta property=\"og:type\" content=\"article\" \/>\n<meta property=\"og:title\" content=\"Point sur les d\u00e9chets du b\u00e2timent\" \/>\n<meta property=\"og:description\" content=\"Loi anti-gaspillage et \u00e9conomie circulaire : la FFB a souhait\u00e9 rappeler la r\u00e9alit\u00e9 des chiffres et son engagement pour d\u00e9velopper le recyclage\" \/>\n<meta property=\"og:url\" content=\"https:\/\/batijournal.com\/index.php\/point-sur-les-dechets-du-batiment\/102622\/\" \/>\n<meta property=\"og:site_name\" content=\"Batijournal\" \/>\n<meta property=\"article:published_time\" content=\"2019-07-15T03:08:43+00:00\" \/>\n<meta property=\"og:image\" content=\"https:\/\/batijournal.com\/wp-content\/uploads\/2017\/03\/dechets-btp.jpg\" \/>\n\t<meta property=\"og:image:width\" content=\"1200\" \/>\n\t<meta property=\"og:image:height\" content=\"759\" \/>\n\t<meta property=\"og:image:type\" content=\"image\/jpeg\" \/>\n<meta name=\"author\" content=\"St\u00e9phane Miget\" \/>\n<meta name=\"twitter:card\" content=\"summary_large_image\" \/>\n<meta name=\"twitter:creator\" content=\"@bati_journal\" \/>\n<meta name=\"twitter:site\" content=\"@bati_journal\" \/>\n<meta name=\"twitter:label1\" content=\"\u00c9crit par\" \/>\n\t<meta name=\"twitter:data1\" content=\"St\u00e9phane Miget\" \/>\n\t<meta name=\"twitter:label2\" content=\"Dur\u00e9e de lecture estim\u00e9e\" \/>\n\t<meta name=\"twitter:data2\" content=\"2 minutes\" \/>\n<script type=\"application\/ld+json\" class=\"yoast-schema-graph\">{\"@context\":\"https:\\\/\\\/schema.org\",\"@graph\":[{\"@type\":\"Article\",\"@id\":\"https:\\\/\\\/batijournal.com\\\/index.php\\\/point-sur-les-dechets-du-batiment\\\/102622\\\/#article\",\"isPartOf\":{\"@id\":\"https:\\\/\\\/batijournal.com\\\/index.php\\\/point-sur-les-dechets-du-batiment\\\/102622\\\/\"},\"author\":{\"name\":\"St\u00e9phane Miget\",\"@id\":\"https:\\\/\\\/batijournal.com\\\/#\\\/schema\\\/person\\\/1dc96ec6957aa1ccb25ebe78bb19f100\"},\"headline\":\"Point sur les d\u00e9chets du b\u00e2timent\",\"datePublished\":\"2019-07-15T03:08:43+00:00\",\"mainEntityOfPage\":{\"@id\":\"https:\\\/\\\/batijournal.com\\\/index.php\\\/point-sur-les-dechets-du-batiment\\\/102622\\\/\"},\"wordCount\":486,\"image\":{\"@id\":\"https:\\\/\\\/batijournal.com\\\/index.php\\\/point-sur-les-dechets-du-batiment\\\/102622\\\/#primaryimage\"},\"thumbnailUrl\":\"https:\\\/\\\/batijournal.com\\\/wp-content\\\/uploads\\\/2017\\\/03\\\/dechets-btp.jpg\",\"keywords\":[\"\u00e9conomie circulaire\"],\"articleSection\":[\"\u00c9conomie &amp; March\u00e9s\"],\"inLanguage\":\"fr-FR\"},{\"@type\":\"WebPage\",\"@id\":\"https:\\\/\\\/batijournal.com\\\/index.php\\\/point-sur-les-dechets-du-batiment\\\/102622\\\/\",\"url\":\"https:\\\/\\\/batijournal.com\\\/index.php\\\/point-sur-les-dechets-du-batiment\\\/102622\\\/\",\"name\":\"Point sur les d\u00e9chets du b\u00e2timent\",\"isPartOf\":{\"@id\":\"https:\\\/\\\/batijournal.com\\\/#website\"},\"primaryImageOfPage\":{\"@id\":\"https:\\\/\\\/batijournal.com\\\/index.php\\\/point-sur-les-dechets-du-batiment\\\/102622\\\/#primaryimage\"},\"image\":{\"@id\":\"https:\\\/\\\/batijournal.com\\\/index.php\\\/point-sur-les-dechets-du-batiment\\\/102622\\\/#primaryimage\"},\"thumbnailUrl\":\"https:\\\/\\\/batijournal.com\\\/wp-content\\\/uploads\\\/2017\\\/03\\\/dechets-btp.jpg\",\"datePublished\":\"2019-07-15T03:08:43+00:00\",\"author\":{\"@id\":\"https:\\\/\\\/batijournal.com\\\/#\\\/schema\\\/person\\\/1dc96ec6957aa1ccb25ebe78bb19f100\"},\"description\":\"Loi anti-gaspillage et \u00e9conomie circulaire : la FFB a souhait\u00e9 rappeler la r\u00e9alit\u00e9 des chiffres et son engagement pour d\u00e9velopper le recyclage\",\"breadcrumb\":{\"@id\":\"https:\\\/\\\/batijournal.com\\\/index.php\\\/point-sur-les-dechets-du-batiment\\\/102622\\\/#breadcrumb\"},\"inLanguage\":\"fr-FR\",\"potentialAction\":[{\"@type\":\"ReadAction\",\"target\":[\"https:\\\/\\\/batijournal.com\\\/index.php\\\/point-sur-les-dechets-du-batiment\\\/102622\\\/\"]}]},{\"@type\":\"ImageObject\",\"inLanguage\":\"fr-FR\",\"@id\":\"https:\\\/\\\/batijournal.com\\\/index.php\\\/point-sur-les-dechets-du-batiment\\\/102622\\\/#primaryimage\",\"url\":\"https:\\\/\\\/batijournal.com\\\/wp-content\\\/uploads\\\/2017\\\/03\\\/dechets-btp.jpg\",\"contentUrl\":\"https:\\\/\\\/batijournal.com\\\/wp-content\\\/uploads\\\/2017\\\/03\\\/dechets-btp.jpg\",\"width\":1200,\"height\":759},{\"@type\":\"BreadcrumbList\",\"@id\":\"https:\\\/\\\/batijournal.com\\\/index.php\\\/point-sur-les-dechets-du-batiment\\\/102622\\\/#breadcrumb\",\"itemListElement\":[{\"@type\":\"ListItem\",\"position\":1,\"name\":\"Accueil\",\"item\":\"https:\\\/\\\/batijournal.com\\\/\"},{\"@type\":\"ListItem\",\"position\":2,\"name\":\"Actualit\u00e9s\",\"item\":\"https:\\\/\\\/batijournal.com\\\/index.php\\\/category\\\/actualites\\\/\"},{\"@type\":\"ListItem\",\"position\":3,\"name\":\"\u00c9conomie &amp; March\u00e9s\",\"item\":\"https:\\\/\\\/batijournal.com\\\/index.php\\\/category\\\/actualites\\\/economie-marches\\\/\"},{\"@type\":\"ListItem\",\"position\":4,\"name\":\"Point sur les d\u00e9chets du b\u00e2timent\"}]},{\"@type\":\"WebSite\",\"@id\":\"https:\\\/\\\/batijournal.com\\\/#website\",\"url\":\"https:\\\/\\\/batijournal.com\\\/\",\"name\":\"Batijournal\",\"description\":\"L&#039;actualit\u00e9 du b\u00e2timent\",\"potentialAction\":[{\"@type\":\"SearchAction\",\"target\":{\"@type\":\"EntryPoint\",\"urlTemplate\":\"https:\\\/\\\/batijournal.com\\\/?s={search_term_string}\"},\"query-input\":{\"@type\":\"PropertyValueSpecification\",\"valueRequired\":true,\"valueName\":\"search_term_string\"}}],\"inLanguage\":\"fr-FR\"},{\"@type\":\"Person\",\"@id\":\"https:\\\/\\\/batijournal.com\\\/#\\\/schema\\\/person\\\/1dc96ec6957aa1ccb25ebe78bb19f100\",\"name\":\"St\u00e9phane Miget\",\"image\":{\"@type\":\"ImageObject\",\"inLanguage\":\"fr-FR\",\"@id\":\"https:\\\/\\\/secure.gravatar.com\\\/avatar\\\/89915563d925342126b8ef0281b93d9d7fc337043e8df017f780908eb9644451?s=96&d=mm&r=g\",\"url\":\"https:\\\/\\\/secure.gravatar.com\\\/avatar\\\/89915563d925342126b8ef0281b93d9d7fc337043e8df017f780908eb9644451?s=96&d=mm&r=g\",\"contentUrl\":\"https:\\\/\\\/secure.gravatar.com\\\/avatar\\\/89915563d925342126b8ef0281b93d9d7fc337043e8df017f780908eb9644451?s=96&d=mm&r=g\",\"caption\":\"St\u00e9phane Miget\"},\"url\":\"https:\\\/\\\/batijournal.com\\\/index.php\\\/author\\\/stephane\\\/\"}]}<\/script>\n<!-- \/ Yoast SEO plugin. -->","yoast_head_json":{"title":"Point sur les d\u00e9chets du b\u00e2timent","description":"Loi anti-gaspillage et \u00e9conomie circulaire : la FFB a souhait\u00e9 rappeler la r\u00e9alit\u00e9 des chiffres et son engagement pour d\u00e9velopper le recyclage","robots":{"index":"index","follow":"follow","max-snippet":"max-snippet:-1","max-image-preview":"max-image-preview:large","max-video-preview":"max-video-preview:-1"},"canonical":"https:\/\/batijournal.com\/index.php\/point-sur-les-dechets-du-batiment\/102622\/","og_locale":"fr_FR","og_type":"article","og_title":"Point sur les d\u00e9chets du b\u00e2timent","og_description":"Loi anti-gaspillage et \u00e9conomie circulaire : la FFB a souhait\u00e9 rappeler la r\u00e9alit\u00e9 des chiffres et son engagement pour d\u00e9velopper le recyclage","og_url":"https:\/\/batijournal.com\/index.php\/point-sur-les-dechets-du-batiment\/102622\/","og_site_name":"Batijournal","article_published_time":"2019-07-15T03:08:43+00:00","og_image":[{"width":1200,"height":759,"url":"https:\/\/batijournal.com\/wp-content\/uploads\/2017\/03\/dechets-btp.jpg","type":"image\/jpeg"}],"author":"St\u00e9phane Miget","twitter_card":"summary_large_image","twitter_creator":"@bati_journal","twitter_site":"@bati_journal","twitter_misc":{"\u00c9crit par":"St\u00e9phane Miget","Dur\u00e9e de lecture estim\u00e9e":"2 minutes"},"schema":{"@context":"https:\/\/schema.org","@graph":[{"@type":"Article","@id":"https:\/\/batijournal.com\/index.php\/point-sur-les-dechets-du-batiment\/102622\/#article","isPartOf":{"@id":"https:\/\/batijournal.com\/index.php\/point-sur-les-dechets-du-batiment\/102622\/"},"author":{"name":"St\u00e9phane Miget","@id":"https:\/\/batijournal.com\/#\/schema\/person\/1dc96ec6957aa1ccb25ebe78bb19f100"},"headline":"Point sur les d\u00e9chets du b\u00e2timent","datePublished":"2019-07-15T03:08:43+00:00","mainEntityOfPage":{"@id":"https:\/\/batijournal.com\/index.php\/point-sur-les-dechets-du-batiment\/102622\/"},"wordCount":486,"image":{"@id":"https:\/\/batijournal.com\/index.php\/point-sur-les-dechets-du-batiment\/102622\/#primaryimage"},"thumbnailUrl":"https:\/\/batijournal.com\/wp-content\/uploads\/2017\/03\/dechets-btp.jpg","keywords":["\u00e9conomie circulaire"],"articleSection":["\u00c9conomie &amp; March\u00e9s"],"inLanguage":"fr-FR"},{"@type":"WebPage","@id":"https:\/\/batijournal.com\/index.php\/point-sur-les-dechets-du-batiment\/102622\/","url":"https:\/\/batijournal.com\/index.php\/point-sur-les-dechets-du-batiment\/102622\/","name":"Point sur les d\u00e9chets du b\u00e2timent","isPartOf":{"@id":"https:\/\/batijournal.com\/#website"},"primaryImageOfPage":{"@id":"https:\/\/batijournal.com\/index.php\/point-sur-les-dechets-du-batiment\/102622\/#primaryimage"},"image":{"@id":"https:\/\/batijournal.com\/index.php\/point-sur-les-dechets-du-batiment\/102622\/#primaryimage"},"thumbnailUrl":"https:\/\/batijournal.com\/wp-content\/uploads\/2017\/03\/dechets-btp.jpg","datePublished":"2019-07-15T03:08:43+00:00","author":{"@id":"https:\/\/batijournal.com\/#\/schema\/person\/1dc96ec6957aa1ccb25ebe78bb19f100"},"description":"Loi anti-gaspillage et \u00e9conomie circulaire : la FFB a souhait\u00e9 rappeler la r\u00e9alit\u00e9 des chiffres et son engagement pour d\u00e9velopper le recyclage","breadcrumb":{"@id":"https:\/\/batijournal.com\/index.php\/point-sur-les-dechets-du-batiment\/102622\/#breadcrumb"},"inLanguage":"fr-FR","potentialAction":[{"@type":"ReadAction","target":["https:\/\/batijournal.com\/index.php\/point-sur-les-dechets-du-batiment\/102622\/"]}]},{"@type":"ImageObject","inLanguage":"fr-FR","@id":"https:\/\/batijournal.com\/index.php\/point-sur-les-dechets-du-batiment\/102622\/#primaryimage","url":"https:\/\/batijournal.com\/wp-content\/uploads\/2017\/03\/dechets-btp.jpg","contentUrl":"https:\/\/batijournal.com\/wp-content\/uploads\/2017\/03\/dechets-btp.jpg","width":1200,"height":759},{"@type":"BreadcrumbList","@id":"https:\/\/batijournal.com\/index.php\/point-sur-les-dechets-du-batiment\/102622\/#breadcrumb","itemListElement":[{"@type":"ListItem","position":1,"name":"Accueil","item":"https:\/\/batijournal.com\/"},{"@type":"ListItem","position":2,"name":"Actualit\u00e9s","item":"https:\/\/batijournal.com\/index.php\/category\/actualites\/"},{"@type":"ListItem","position":3,"name":"\u00c9conomie &amp; March\u00e9s","item":"https:\/\/batijournal.com\/index.php\/category\/actualites\/economie-marches\/"},{"@type":"ListItem","position":4,"name":"Point sur les d\u00e9chets du b\u00e2timent"}]},{"@type":"WebSite","@id":"https:\/\/batijournal.com\/#website","url":"https:\/\/batijournal.com\/","name":"Batijournal","description":"L&#039;actualit\u00e9 du b\u00e2timent","potentialAction":[{"@type":"SearchAction","target":{"@type":"EntryPoint","urlTemplate":"https:\/\/batijournal.com\/?s={search_term_string}"},"query-input":{"@type":"PropertyValueSpecification","valueRequired":true,"valueName":"search_term_string"}}],"inLanguage":"fr-FR"},{"@type":"Person","@id":"https:\/\/batijournal.com\/#\/schema\/person\/1dc96ec6957aa1ccb25ebe78bb19f100","name":"St\u00e9phane Miget","image":{"@type":"ImageObject","inLanguage":"fr-FR","@id":"https:\/\/secure.gravatar.com\/avatar\/89915563d925342126b8ef0281b93d9d7fc337043e8df017f780908eb9644451?s=96&d=mm&r=g","url":"https:\/\/secure.gravatar.com\/avatar\/89915563d925342126b8ef0281b93d9d7fc337043e8df017f780908eb9644451?s=96&d=mm&r=g","contentUrl":"https:\/\/secure.gravatar.com\/avatar\/89915563d925342126b8ef0281b93d9d7fc337043e8df017f780908eb9644451?s=96&d=mm&r=g","caption":"St\u00e9phane Miget"},"url":"https:\/\/batijournal.com\/index.php\/author\/stephane\/"}]}},"_links":{"self":[{"href":"https:\/\/batijournal.com\/index.php\/wp-json\/wp\/v2\/posts\/102622","targetHints":{"allow":["GET"]}}],"collection":[{"href":"https:\/\/batijournal.com\/index.php\/wp-json\/wp\/v2\/posts"}],"about":[{"href":"https:\/\/batijournal.com\/index.php\/wp-json\/wp\/v2\/types\/post"}],"author":[{"embeddable":true,"href":"https:\/\/batijournal.com\/index.php\/wp-json\/wp\/v2\/users\/17"}],"replies":[{"embeddable":true,"href":"https:\/\/batijournal.com\/index.php\/wp-json\/wp\/v2\/comments?post=102622"}],"version-history":[{"count":0,"href":"https:\/\/batijournal.com\/index.php\/wp-json\/wp\/v2\/posts\/102622\/revisions"}],"wp:featuredmedia":[{"embeddable":true,"href":"https:\/\/batijournal.com\/index.php\/wp-json\/wp\/v2\/media\/95563"}],"wp:attachment":[{"href":"https:\/\/batijournal.com\/index.php\/wp-json\/wp\/v2\/media?parent=102622"}],"wp:term":[{"taxonomy":"category","embeddable":true,"href":"https:\/\/batijournal.com\/index.php\/wp-json\/wp\/v2\/categories?post=102622"},{"taxonomy":"post_tag","embeddable":true,"href":"https:\/\/batijournal.com\/index.php\/wp-json\/wp\/v2\/tags?post=102622"}],"curies":[{"name":"wp","href":"https:\/\/api.w.org\/{rel}","templated":true}]}}