{"id":102623,"date":"2019-07-15T05:19:52","date_gmt":"2019-07-15T03:19:52","guid":{"rendered":"https:\/\/batijournal.com\/?p=102623"},"modified":"2019-07-15T05:19:52","modified_gmt":"2019-07-15T03:19:52","slug":"une-nouvelle-page-dhistoire-de-la-chocolaterie-menier","status":"publish","type":"post","link":"https:\/\/batijournal.com\/index.php\/une-nouvelle-page-dhistoire-de-la-chocolaterie-menier\/102623\/","title":{"rendered":"Une nouvelle page d&rsquo;histoire de la chocolaterie Menier"},"content":{"rendered":"<p><strong>La vision partag\u00e9e de la Chocolaterie Menier, projet urbain, touristique et \u00e9conomique projet\u00e9 pour 2024 sur les communes de Noisiel et de Torcy en Seine-et-Marne, est d\u00e9sormais en bonne voie. Ce site historique va se renouveler, s\u2019ouvrir pour la premi\u00e8re fois au grand public, tout en conservant et en valorisant son identit\u00e9 patrimoniale et paysag\u00e8re en bord de Marne.<\/strong><\/p>\n<p>La reconversion se traduit en un projet urbain ambitieux : une \u00ab Cit\u00e9 du Go\u00fbt \u00bb, une offre h\u00f4teli\u00e8re qualitative, une \u00ab Cit\u00e9 productive \u00bb, un parcours r\u00e9sidentiel. Reichen et Robert Associ\u00e9s, architectes-urbanistes du projet, orchestrent la coh\u00e9rence et la fonctionnalit\u00e9 du site en portant une attention particuli\u00e8re aux 6 hectares d\u2019espaces publics qui le jalonnent. Le projet contribue aussi fortement aux continuit\u00e9s \u00e9cologiques et \u00e0 la pr\u00e9servation de la biodiversit\u00e9, de la trame verte et bleue. La gestion du risque inondation est \u00e9galement int\u00e9gr\u00e9e, de mani\u00e8re exemplaire, dans les r\u00e9flexions urbaines.<\/p>\n<p>A l\u2019horizon 2024, la Chocolaterie se positionne, en tant que nouveau fer de lance du \u00ab parc de la Marne \u00bb, participant au rayonnement port\u00e9 par les JOP Paris 2024 et la base nautique olympique de cano\u00eb, kayak, aviron, de Vaires-sur-Marne. Sa r\u00e9cente inscription au sein du \u00ab Parcours de la Gastronomie en \u00cele-de-France \u00bb, d\u00e9marche port\u00e9e par la R\u00e9gion \u00cele-de-France constitue un v\u00e9ritable facteur d\u2019acc\u00e9l\u00e9ration, pour propulser la notori\u00e9t\u00e9 de \u00ab La Cit\u00e9 du go\u00fbt \u00bb, comme le haut-lieu de l\u2019histoire du chocolat et des savoir-faire qui y sont li\u00e9s.<\/p>\n<p>Visuel : Agence Reichen et Robert &amp; Associ\u00e9s<\/p>\n<p>&nbsp;<\/p>\n","protected":false},"excerpt":{"rendered":"<p>La vision partag\u00e9e de la Chocolaterie Menier, projet urbain, touristique et \u00e9conomique projet\u00e9 pour 2024 sur les communes de Noisiel et de Torcy en Seine-et-Marne, est d\u00e9sormais en bonne voie. Ce site historique va se renouveler, s\u2019ouvrir pour la premi\u00e8re fois au grand public, tout en conservant et en valorisant son identit\u00e9 patrimoniale et paysag\u00e8re [&hellip;]<\/p>\n","protected":false},"author":17,"featured_media":102624,"comment_status":"closed","ping_status":"closed","sticky":false,"template":"","format":"standard","meta":{"_et_pb_use_builder":"","_et_pb_old_content":"","_et_gb_content_width":"","footnotes":""},"categories":[6340],"tags":[11215,11042],"class_list":["post-102623","post","type-post","status-publish","format-standard","has-post-thumbnail","hentry","category-architecture-conception","tag-paris-2024","tag-patrimoine"],"yoast_head":"<!-- This site is optimized with the Yoast SEO plugin v27.4 - https:\/\/yoast.com\/product\/yoast-seo-wordpress\/ -->\n<title>Une nouvelle page d&#039;histoire de la chocolaterie Menier<\/title>\n<meta name=\"description\" content=\"La vision partag\u00e9e de la Chocolaterie Menier, projet urbain, touristique et \u00e9conomique sur les communes de Noisiel et de Torcy en Seine-et-Marne\" \/>\n<meta name=\"robots\" content=\"index, follow, max-snippet:-1, max-image-preview:large, max-video-preview:-1\" \/>\n<link rel=\"canonical\" href=\"https:\/\/batijournal.com\/index.php\/une-nouvelle-page-dhistoire-de-la-chocolaterie-menier\/102623\/\" \/>\n<meta property=\"og:locale\" content=\"fr_FR\" \/>\n<meta property=\"og:type\" content=\"article\" \/>\n<meta property=\"og:title\" content=\"Une nouvelle page d&#039;histoire de la chocolaterie Menier\" \/>\n<meta property=\"og:description\" content=\"La vision partag\u00e9e de la Chocolaterie Menier, projet urbain, touristique et \u00e9conomique sur les communes de Noisiel et de Torcy en Seine-et-Marne\" \/>\n<meta property=\"og:url\" content=\"https:\/\/batijournal.com\/index.php\/une-nouvelle-page-dhistoire-de-la-chocolaterie-menier\/102623\/\" \/>\n<meta property=\"og:site_name\" content=\"Batijournal\" \/>\n<meta property=\"article:published_time\" content=\"2019-07-15T03:19:52+00:00\" \/>\n<meta property=\"og:image\" content=\"https:\/\/batijournal.com\/wp-content\/uploads\/2019\/07\/La-Chocolaterie-Menier-vue-quai.jpg\" \/>\n\t<meta property=\"og:image:width\" content=\"1200\" \/>\n\t<meta property=\"og:image:height\" content=\"733\" \/>\n\t<meta property=\"og:image:type\" content=\"image\/jpeg\" \/>\n<meta name=\"author\" content=\"St\u00e9phane Miget\" \/>\n<meta name=\"twitter:card\" content=\"summary_large_image\" \/>\n<meta name=\"twitter:creator\" content=\"@bati_journal\" \/>\n<meta name=\"twitter:site\" content=\"@bati_journal\" \/>\n<meta name=\"twitter:label1\" content=\"\u00c9crit par\" \/>\n\t<meta name=\"twitter:data1\" content=\"St\u00e9phane Miget\" \/>\n\t<meta name=\"twitter:label2\" content=\"Dur\u00e9e de lecture estim\u00e9e\" \/>\n\t<meta name=\"twitter:data2\" content=\"1 minute\" \/>\n<script type=\"application\/ld+json\" class=\"yoast-schema-graph\">{\"@context\":\"https:\\\/\\\/schema.org\",\"@graph\":[{\"@type\":\"Article\",\"@id\":\"https:\\\/\\\/batijournal.com\\\/index.php\\\/une-nouvelle-page-dhistoire-de-la-chocolaterie-menier\\\/102623\\\/#article\",\"isPartOf\":{\"@id\":\"https:\\\/\\\/batijournal.com\\\/index.php\\\/une-nouvelle-page-dhistoire-de-la-chocolaterie-menier\\\/102623\\\/\"},\"author\":{\"name\":\"St\u00e9phane Miget\",\"@id\":\"https:\\\/\\\/batijournal.com\\\/#\\\/schema\\\/person\\\/1dc96ec6957aa1ccb25ebe78bb19f100\"},\"headline\":\"Une nouvelle page d&rsquo;histoire de la chocolaterie Menier\",\"datePublished\":\"2019-07-15T03:19:52+00:00\",\"mainEntityOfPage\":{\"@id\":\"https:\\\/\\\/batijournal.com\\\/index.php\\\/une-nouvelle-page-dhistoire-de-la-chocolaterie-menier\\\/102623\\\/\"},\"wordCount\":276,\"image\":{\"@id\":\"https:\\\/\\\/batijournal.com\\\/index.php\\\/une-nouvelle-page-dhistoire-de-la-chocolaterie-menier\\\/102623\\\/#primaryimage\"},\"thumbnailUrl\":\"https:\\\/\\\/batijournal.com\\\/wp-content\\\/uploads\\\/2019\\\/07\\\/La-Chocolaterie-Menier-vue-quai.jpg\",\"keywords\":[\"Paris 2024\",\"patrimoine\"],\"articleSection\":[\"Architecture &amp; Conception\"],\"inLanguage\":\"fr-FR\"},{\"@type\":\"WebPage\",\"@id\":\"https:\\\/\\\/batijournal.com\\\/index.php\\\/une-nouvelle-page-dhistoire-de-la-chocolaterie-menier\\\/102623\\\/\",\"url\":\"https:\\\/\\\/batijournal.com\\\/index.php\\\/une-nouvelle-page-dhistoire-de-la-chocolaterie-menier\\\/102623\\\/\",\"name\":\"Une nouvelle page d'histoire de la chocolaterie Menier\",\"isPartOf\":{\"@id\":\"https:\\\/\\\/batijournal.com\\\/#website\"},\"primaryImageOfPage\":{\"@id\":\"https:\\\/\\\/batijournal.com\\\/index.php\\\/une-nouvelle-page-dhistoire-de-la-chocolaterie-menier\\\/102623\\\/#primaryimage\"},\"image\":{\"@id\":\"https:\\\/\\\/batijournal.com\\\/index.php\\\/une-nouvelle-page-dhistoire-de-la-chocolaterie-menier\\\/102623\\\/#primaryimage\"},\"thumbnailUrl\":\"https:\\\/\\\/batijournal.com\\\/wp-content\\\/uploads\\\/2019\\\/07\\\/La-Chocolaterie-Menier-vue-quai.jpg\",\"datePublished\":\"2019-07-15T03:19:52+00:00\",\"author\":{\"@id\":\"https:\\\/\\\/batijournal.com\\\/#\\\/schema\\\/person\\\/1dc96ec6957aa1ccb25ebe78bb19f100\"},\"description\":\"La vision partag\u00e9e de la Chocolaterie Menier, projet urbain, touristique et \u00e9conomique sur les communes de Noisiel et de Torcy en Seine-et-Marne\",\"breadcrumb\":{\"@id\":\"https:\\\/\\\/batijournal.com\\\/index.php\\\/une-nouvelle-page-dhistoire-de-la-chocolaterie-menier\\\/102623\\\/#breadcrumb\"},\"inLanguage\":\"fr-FR\",\"potentialAction\":[{\"@type\":\"ReadAction\",\"target\":[\"https:\\\/\\\/batijournal.com\\\/index.php\\\/une-nouvelle-page-dhistoire-de-la-chocolaterie-menier\\\/102623\\\/\"]}]},{\"@type\":\"ImageObject\",\"inLanguage\":\"fr-FR\",\"@id\":\"https:\\\/\\\/batijournal.com\\\/index.php\\\/une-nouvelle-page-dhistoire-de-la-chocolaterie-menier\\\/102623\\\/#primaryimage\",\"url\":\"https:\\\/\\\/batijournal.com\\\/wp-content\\\/uploads\\\/2019\\\/07\\\/La-Chocolaterie-Menier-vue-quai.jpg\",\"contentUrl\":\"https:\\\/\\\/batijournal.com\\\/wp-content\\\/uploads\\\/2019\\\/07\\\/La-Chocolaterie-Menier-vue-quai.jpg\",\"width\":1200,\"height\":733},{\"@type\":\"BreadcrumbList\",\"@id\":\"https:\\\/\\\/batijournal.com\\\/index.php\\\/une-nouvelle-page-dhistoire-de-la-chocolaterie-menier\\\/102623\\\/#breadcrumb\",\"itemListElement\":[{\"@type\":\"ListItem\",\"position\":1,\"name\":\"Accueil\",\"item\":\"https:\\\/\\\/batijournal.com\\\/\"},{\"@type\":\"ListItem\",\"position\":2,\"name\":\"Actualit\u00e9s\",\"item\":\"https:\\\/\\\/batijournal.com\\\/index.php\\\/category\\\/actualites\\\/\"},{\"@type\":\"ListItem\",\"position\":3,\"name\":\"Architecture &amp; Conception\",\"item\":\"https:\\\/\\\/batijournal.com\\\/index.php\\\/category\\\/actualites\\\/architecture-conception\\\/\"},{\"@type\":\"ListItem\",\"position\":4,\"name\":\"Une nouvelle page d&rsquo;histoire de la chocolaterie Menier\"}]},{\"@type\":\"WebSite\",\"@id\":\"https:\\\/\\\/batijournal.com\\\/#website\",\"url\":\"https:\\\/\\\/batijournal.com\\\/\",\"name\":\"Batijournal\",\"description\":\"L&#039;actualit\u00e9 du b\u00e2timent\",\"potentialAction\":[{\"@type\":\"SearchAction\",\"target\":{\"@type\":\"EntryPoint\",\"urlTemplate\":\"https:\\\/\\\/batijournal.com\\\/?s={search_term_string}\"},\"query-input\":{\"@type\":\"PropertyValueSpecification\",\"valueRequired\":true,\"valueName\":\"search_term_string\"}}],\"inLanguage\":\"fr-FR\"},{\"@type\":\"Person\",\"@id\":\"https:\\\/\\\/batijournal.com\\\/#\\\/schema\\\/person\\\/1dc96ec6957aa1ccb25ebe78bb19f100\",\"name\":\"St\u00e9phane Miget\",\"image\":{\"@type\":\"ImageObject\",\"inLanguage\":\"fr-FR\",\"@id\":\"https:\\\/\\\/secure.gravatar.com\\\/avatar\\\/89915563d925342126b8ef0281b93d9d7fc337043e8df017f780908eb9644451?s=96&d=mm&r=g\",\"url\":\"https:\\\/\\\/secure.gravatar.com\\\/avatar\\\/89915563d925342126b8ef0281b93d9d7fc337043e8df017f780908eb9644451?s=96&d=mm&r=g\",\"contentUrl\":\"https:\\\/\\\/secure.gravatar.com\\\/avatar\\\/89915563d925342126b8ef0281b93d9d7fc337043e8df017f780908eb9644451?s=96&d=mm&r=g\",\"caption\":\"St\u00e9phane Miget\"},\"url\":\"https:\\\/\\\/batijournal.com\\\/index.php\\\/author\\\/stephane\\\/\"}]}<\/script>\n<!-- \/ Yoast SEO plugin. -->","yoast_head_json":{"title":"Une nouvelle page d'histoire de la chocolaterie Menier","description":"La vision partag\u00e9e de la Chocolaterie Menier, projet urbain, touristique et \u00e9conomique sur les communes de Noisiel et de Torcy en Seine-et-Marne","robots":{"index":"index","follow":"follow","max-snippet":"max-snippet:-1","max-image-preview":"max-image-preview:large","max-video-preview":"max-video-preview:-1"},"canonical":"https:\/\/batijournal.com\/index.php\/une-nouvelle-page-dhistoire-de-la-chocolaterie-menier\/102623\/","og_locale":"fr_FR","og_type":"article","og_title":"Une nouvelle page d'histoire de la chocolaterie Menier","og_description":"La vision partag\u00e9e de la Chocolaterie Menier, projet urbain, touristique et \u00e9conomique sur les communes de Noisiel et de Torcy en Seine-et-Marne","og_url":"https:\/\/batijournal.com\/index.php\/une-nouvelle-page-dhistoire-de-la-chocolaterie-menier\/102623\/","og_site_name":"Batijournal","article_published_time":"2019-07-15T03:19:52+00:00","og_image":[{"width":1200,"height":733,"url":"https:\/\/batijournal.com\/wp-content\/uploads\/2019\/07\/La-Chocolaterie-Menier-vue-quai.jpg","type":"image\/jpeg"}],"author":"St\u00e9phane Miget","twitter_card":"summary_large_image","twitter_creator":"@bati_journal","twitter_site":"@bati_journal","twitter_misc":{"\u00c9crit par":"St\u00e9phane Miget","Dur\u00e9e de lecture estim\u00e9e":"1 minute"},"schema":{"@context":"https:\/\/schema.org","@graph":[{"@type":"Article","@id":"https:\/\/batijournal.com\/index.php\/une-nouvelle-page-dhistoire-de-la-chocolaterie-menier\/102623\/#article","isPartOf":{"@id":"https:\/\/batijournal.com\/index.php\/une-nouvelle-page-dhistoire-de-la-chocolaterie-menier\/102623\/"},"author":{"name":"St\u00e9phane Miget","@id":"https:\/\/batijournal.com\/#\/schema\/person\/1dc96ec6957aa1ccb25ebe78bb19f100"},"headline":"Une nouvelle page d&rsquo;histoire de la chocolaterie Menier","datePublished":"2019-07-15T03:19:52+00:00","mainEntityOfPage":{"@id":"https:\/\/batijournal.com\/index.php\/une-nouvelle-page-dhistoire-de-la-chocolaterie-menier\/102623\/"},"wordCount":276,"image":{"@id":"https:\/\/batijournal.com\/index.php\/une-nouvelle-page-dhistoire-de-la-chocolaterie-menier\/102623\/#primaryimage"},"thumbnailUrl":"https:\/\/batijournal.com\/wp-content\/uploads\/2019\/07\/La-Chocolaterie-Menier-vue-quai.jpg","keywords":["Paris 2024","patrimoine"],"articleSection":["Architecture &amp; Conception"],"inLanguage":"fr-FR"},{"@type":"WebPage","@id":"https:\/\/batijournal.com\/index.php\/une-nouvelle-page-dhistoire-de-la-chocolaterie-menier\/102623\/","url":"https:\/\/batijournal.com\/index.php\/une-nouvelle-page-dhistoire-de-la-chocolaterie-menier\/102623\/","name":"Une nouvelle page d'histoire de la chocolaterie Menier","isPartOf":{"@id":"https:\/\/batijournal.com\/#website"},"primaryImageOfPage":{"@id":"https:\/\/batijournal.com\/index.php\/une-nouvelle-page-dhistoire-de-la-chocolaterie-menier\/102623\/#primaryimage"},"image":{"@id":"https:\/\/batijournal.com\/index.php\/une-nouvelle-page-dhistoire-de-la-chocolaterie-menier\/102623\/#primaryimage"},"thumbnailUrl":"https:\/\/batijournal.com\/wp-content\/uploads\/2019\/07\/La-Chocolaterie-Menier-vue-quai.jpg","datePublished":"2019-07-15T03:19:52+00:00","author":{"@id":"https:\/\/batijournal.com\/#\/schema\/person\/1dc96ec6957aa1ccb25ebe78bb19f100"},"description":"La vision partag\u00e9e de la Chocolaterie Menier, projet urbain, touristique et \u00e9conomique sur les communes de Noisiel et de Torcy en Seine-et-Marne","breadcrumb":{"@id":"https:\/\/batijournal.com\/index.php\/une-nouvelle-page-dhistoire-de-la-chocolaterie-menier\/102623\/#breadcrumb"},"inLanguage":"fr-FR","potentialAction":[{"@type":"ReadAction","target":["https:\/\/batijournal.com\/index.php\/une-nouvelle-page-dhistoire-de-la-chocolaterie-menier\/102623\/"]}]},{"@type":"ImageObject","inLanguage":"fr-FR","@id":"https:\/\/batijournal.com\/index.php\/une-nouvelle-page-dhistoire-de-la-chocolaterie-menier\/102623\/#primaryimage","url":"https:\/\/batijournal.com\/wp-content\/uploads\/2019\/07\/La-Chocolaterie-Menier-vue-quai.jpg","contentUrl":"https:\/\/batijournal.com\/wp-content\/uploads\/2019\/07\/La-Chocolaterie-Menier-vue-quai.jpg","width":1200,"height":733},{"@type":"BreadcrumbList","@id":"https:\/\/batijournal.com\/index.php\/une-nouvelle-page-dhistoire-de-la-chocolaterie-menier\/102623\/#breadcrumb","itemListElement":[{"@type":"ListItem","position":1,"name":"Accueil","item":"https:\/\/batijournal.com\/"},{"@type":"ListItem","position":2,"name":"Actualit\u00e9s","item":"https:\/\/batijournal.com\/index.php\/category\/actualites\/"},{"@type":"ListItem","position":3,"name":"Architecture &amp; Conception","item":"https:\/\/batijournal.com\/index.php\/category\/actualites\/architecture-conception\/"},{"@type":"ListItem","position":4,"name":"Une nouvelle page d&rsquo;histoire de la chocolaterie Menier"}]},{"@type":"WebSite","@id":"https:\/\/batijournal.com\/#website","url":"https:\/\/batijournal.com\/","name":"Batijournal","description":"L&#039;actualit\u00e9 du b\u00e2timent","potentialAction":[{"@type":"SearchAction","target":{"@type":"EntryPoint","urlTemplate":"https:\/\/batijournal.com\/?s={search_term_string}"},"query-input":{"@type":"PropertyValueSpecification","valueRequired":true,"valueName":"search_term_string"}}],"inLanguage":"fr-FR"},{"@type":"Person","@id":"https:\/\/batijournal.com\/#\/schema\/person\/1dc96ec6957aa1ccb25ebe78bb19f100","name":"St\u00e9phane Miget","image":{"@type":"ImageObject","inLanguage":"fr-FR","@id":"https:\/\/secure.gravatar.com\/avatar\/89915563d925342126b8ef0281b93d9d7fc337043e8df017f780908eb9644451?s=96&d=mm&r=g","url":"https:\/\/secure.gravatar.com\/avatar\/89915563d925342126b8ef0281b93d9d7fc337043e8df017f780908eb9644451?s=96&d=mm&r=g","contentUrl":"https:\/\/secure.gravatar.com\/avatar\/89915563d925342126b8ef0281b93d9d7fc337043e8df017f780908eb9644451?s=96&d=mm&r=g","caption":"St\u00e9phane Miget"},"url":"https:\/\/batijournal.com\/index.php\/author\/stephane\/"}]}},"_links":{"self":[{"href":"https:\/\/batijournal.com\/index.php\/wp-json\/wp\/v2\/posts\/102623","targetHints":{"allow":["GET"]}}],"collection":[{"href":"https:\/\/batijournal.com\/index.php\/wp-json\/wp\/v2\/posts"}],"about":[{"href":"https:\/\/batijournal.com\/index.php\/wp-json\/wp\/v2\/types\/post"}],"author":[{"embeddable":true,"href":"https:\/\/batijournal.com\/index.php\/wp-json\/wp\/v2\/users\/17"}],"replies":[{"embeddable":true,"href":"https:\/\/batijournal.com\/index.php\/wp-json\/wp\/v2\/comments?post=102623"}],"version-history":[{"count":0,"href":"https:\/\/batijournal.com\/index.php\/wp-json\/wp\/v2\/posts\/102623\/revisions"}],"wp:featuredmedia":[{"embeddable":true,"href":"https:\/\/batijournal.com\/index.php\/wp-json\/wp\/v2\/media\/102624"}],"wp:attachment":[{"href":"https:\/\/batijournal.com\/index.php\/wp-json\/wp\/v2\/media?parent=102623"}],"wp:term":[{"taxonomy":"category","embeddable":true,"href":"https:\/\/batijournal.com\/index.php\/wp-json\/wp\/v2\/categories?post=102623"},{"taxonomy":"post_tag","embeddable":true,"href":"https:\/\/batijournal.com\/index.php\/wp-json\/wp\/v2\/tags?post=102623"}],"curies":[{"name":"wp","href":"https:\/\/api.w.org\/{rel}","templated":true}]}}