{"id":102671,"date":"2019-07-16T07:38:06","date_gmt":"2019-07-16T05:38:06","guid":{"rendered":"https:\/\/batijournal.com\/?p=102671"},"modified":"2019-07-16T07:38:06","modified_gmt":"2019-07-16T05:38:06","slug":"lafargeholcim-une-demarche-pour-reduire-les-emissions-de-co2","status":"publish","type":"post","link":"https:\/\/batijournal.com\/index.php\/lafargeholcim-une-demarche-pour-reduire-les-emissions-de-co2\/102671\/","title":{"rendered":"LafargeHolcim : une d\u00e9marche pour r\u00e9duire les \u00e9missions de CO2"},"content":{"rendered":"<p>LafargeHolcim veut acc\u00e9l\u00e9rer sur le carbone et l\u2019\u00e9conomie circulaire en lan\u00e7ant Lafarge 360. Cette d\u00e9marche positionne les b\u00e9tons Lafarge en r\u00e9ponse aux enjeux E+C- et \u00e0 la future r\u00e9glementation RE2020. Le groupe propose \u00e0 ses clients un indicateur lisible et transparent pour conna\u00eetre l\u2019impact environnemental de ses produits. Not\u00e9 de A \u00e0 D, ce score renseigne sur le niveau de performance environnementale de chacune des formulations b\u00e9ton en croisant 2 crit\u00e8res : le taux de r\u00e9duction des \u00e9missions de CO2 par rapport \u00e0 la formule de r\u00e9f\u00e9rence de performance \u00e9quivalente (NF EN 206\/CN) et le taux de mat\u00e9riaux recycl\u00e9s, calcul\u00e9 en masse, dans la formule de b\u00e9ton : eaux recycl\u00e9es, granulats recycl\u00e9s, composants recycl\u00e9s dans le ciment. LafargeHolcim accompagne les ma\u00eetres d\u2019\u0153uvre et les ma\u00eetres d\u2019ouvrage en phase de concours, de projet, d\u2019appel d\u2019offres et de travaux, pour l\u2019\u00e9co-conception de leurs b\u00e2timents. Un simulateur en ligne permet de calculer l\u2019empreinte carbone du gros \u0153uvre d\u2019un b\u00e2timent et de la comparer avec celle de constructions similaires.<\/p>\n<p><a href=\"http:\/\/lafarge360design.fr\" target=\"_blank\" rel=\"noopener noreferrer\">http:\/\/lafarge360design.fr<\/a><\/p>\n","protected":false},"excerpt":{"rendered":"<p>LafargeHolcim veut acc\u00e9l\u00e9rer sur le carbone et l\u2019\u00e9conomie circulaire en lan\u00e7ant Lafarge 360. Cette d\u00e9marche positionne les b\u00e9tons Lafarge en r\u00e9ponse aux enjeux E+C- et \u00e0 la future r\u00e9glementation RE2020. Le groupe propose \u00e0 ses clients un indicateur lisible et transparent pour conna\u00eetre l\u2019impact environnemental de ses produits. Not\u00e9 de A \u00e0 D, ce score [&hellip;]<\/p>\n","protected":false},"author":17,"featured_media":102673,"comment_status":"closed","ping_status":"closed","sticky":false,"template":"","format":"standard","meta":{"_et_pb_use_builder":"","_et_pb_old_content":"","_et_gb_content_width":"","footnotes":""},"categories":[10530,6351,10781,10778],"tags":[1128],"class_list":["post-102671","post","type-post","status-publish","format-standard","has-post-thumbnail","hentry","category-actualites","category-energie-environnement","category-publications-planete","category-planete","tag-beton"],"yoast_head":"<!-- This site is optimized with the Yoast SEO plugin v27.4 - https:\/\/yoast.com\/product\/yoast-seo-wordpress\/ -->\n<title>LafargeHolcim : une d\u00e9marche pour r\u00e9duire les \u00e9missions de CO2<\/title>\n<meta name=\"description\" content=\"LafargeHolcim veut acc\u00e9l\u00e9rer sur le carbone et l\u2019\u00e9conomie circulaire en lan\u00e7ant Lafarge 360. Cette d\u00e9marche positionne les b\u00e9tons Lafarge en r\u00e9ponse\" \/>\n<meta name=\"robots\" content=\"index, follow, max-snippet:-1, max-image-preview:large, max-video-preview:-1\" \/>\n<link rel=\"canonical\" href=\"https:\/\/batijournal.com\/index.php\/lafargeholcim-une-demarche-pour-reduire-les-emissions-de-co2\/102671\/\" \/>\n<meta property=\"og:locale\" content=\"fr_FR\" \/>\n<meta property=\"og:type\" content=\"article\" \/>\n<meta property=\"og:title\" content=\"LafargeHolcim : une d\u00e9marche pour r\u00e9duire les \u00e9missions de CO2\" \/>\n<meta property=\"og:description\" content=\"LafargeHolcim veut acc\u00e9l\u00e9rer sur le carbone et l\u2019\u00e9conomie circulaire en lan\u00e7ant Lafarge 360. Cette d\u00e9marche positionne les b\u00e9tons Lafarge en r\u00e9ponse\" \/>\n<meta property=\"og:url\" content=\"https:\/\/batijournal.com\/index.php\/lafargeholcim-une-demarche-pour-reduire-les-emissions-de-co2\/102671\/\" \/>\n<meta property=\"og:site_name\" content=\"Batijournal\" \/>\n<meta property=\"article:published_time\" content=\"2019-07-16T05:38:06+00:00\" \/>\n<meta property=\"og:image\" content=\"https:\/\/batijournal.com\/wp-content\/uploads\/2019\/07\/lafargeholcim-360-beton-carbone.jpg\" \/>\n\t<meta property=\"og:image:width\" content=\"620\" \/>\n\t<meta property=\"og:image:height\" content=\"239\" \/>\n\t<meta property=\"og:image:type\" content=\"image\/jpeg\" \/>\n<meta name=\"author\" content=\"St\u00e9phane Miget\" \/>\n<meta name=\"twitter:card\" content=\"summary_large_image\" \/>\n<meta name=\"twitter:creator\" content=\"@bati_journal\" \/>\n<meta name=\"twitter:site\" content=\"@bati_journal\" \/>\n<meta name=\"twitter:label1\" content=\"\u00c9crit par\" \/>\n\t<meta name=\"twitter:data1\" content=\"St\u00e9phane Miget\" \/>\n\t<meta name=\"twitter:label2\" content=\"Dur\u00e9e de lecture estim\u00e9e\" \/>\n\t<meta name=\"twitter:data2\" content=\"1 minute\" \/>\n<script type=\"application\/ld+json\" class=\"yoast-schema-graph\">{\"@context\":\"https:\\\/\\\/schema.org\",\"@graph\":[{\"@type\":\"Article\",\"@id\":\"https:\\\/\\\/batijournal.com\\\/index.php\\\/lafargeholcim-une-demarche-pour-reduire-les-emissions-de-co2\\\/102671\\\/#article\",\"isPartOf\":{\"@id\":\"https:\\\/\\\/batijournal.com\\\/index.php\\\/lafargeholcim-une-demarche-pour-reduire-les-emissions-de-co2\\\/102671\\\/\"},\"author\":{\"name\":\"St\u00e9phane Miget\",\"@id\":\"https:\\\/\\\/batijournal.com\\\/#\\\/schema\\\/person\\\/1dc96ec6957aa1ccb25ebe78bb19f100\"},\"headline\":\"LafargeHolcim : une d\u00e9marche pour r\u00e9duire les \u00e9missions de CO2\",\"datePublished\":\"2019-07-16T05:38:06+00:00\",\"mainEntityOfPage\":{\"@id\":\"https:\\\/\\\/batijournal.com\\\/index.php\\\/lafargeholcim-une-demarche-pour-reduire-les-emissions-de-co2\\\/102671\\\/\"},\"wordCount\":205,\"image\":{\"@id\":\"https:\\\/\\\/batijournal.com\\\/index.php\\\/lafargeholcim-une-demarche-pour-reduire-les-emissions-de-co2\\\/102671\\\/#primaryimage\"},\"thumbnailUrl\":\"https:\\\/\\\/batijournal.com\\\/wp-content\\\/uploads\\\/2019\\\/07\\\/lafargeholcim-360-beton-carbone.jpg\",\"keywords\":[\"b\u00e9ton\"],\"articleSection\":[\"Actualit\u00e9s\",\"\u00c9nergie &amp; Environnement\",\"zz_Actualit\u00e9s - Plan\u00e8te\",\"zz_Plan\u00e8te B\u00e2timent\"],\"inLanguage\":\"fr-FR\"},{\"@type\":\"WebPage\",\"@id\":\"https:\\\/\\\/batijournal.com\\\/index.php\\\/lafargeholcim-une-demarche-pour-reduire-les-emissions-de-co2\\\/102671\\\/\",\"url\":\"https:\\\/\\\/batijournal.com\\\/index.php\\\/lafargeholcim-une-demarche-pour-reduire-les-emissions-de-co2\\\/102671\\\/\",\"name\":\"LafargeHolcim : une d\u00e9marche pour r\u00e9duire les \u00e9missions de CO2\",\"isPartOf\":{\"@id\":\"https:\\\/\\\/batijournal.com\\\/#website\"},\"primaryImageOfPage\":{\"@id\":\"https:\\\/\\\/batijournal.com\\\/index.php\\\/lafargeholcim-une-demarche-pour-reduire-les-emissions-de-co2\\\/102671\\\/#primaryimage\"},\"image\":{\"@id\":\"https:\\\/\\\/batijournal.com\\\/index.php\\\/lafargeholcim-une-demarche-pour-reduire-les-emissions-de-co2\\\/102671\\\/#primaryimage\"},\"thumbnailUrl\":\"https:\\\/\\\/batijournal.com\\\/wp-content\\\/uploads\\\/2019\\\/07\\\/lafargeholcim-360-beton-carbone.jpg\",\"datePublished\":\"2019-07-16T05:38:06+00:00\",\"author\":{\"@id\":\"https:\\\/\\\/batijournal.com\\\/#\\\/schema\\\/person\\\/1dc96ec6957aa1ccb25ebe78bb19f100\"},\"description\":\"LafargeHolcim veut acc\u00e9l\u00e9rer sur le carbone et l\u2019\u00e9conomie circulaire en lan\u00e7ant Lafarge 360. Cette d\u00e9marche positionne les b\u00e9tons Lafarge en r\u00e9ponse\",\"breadcrumb\":{\"@id\":\"https:\\\/\\\/batijournal.com\\\/index.php\\\/lafargeholcim-une-demarche-pour-reduire-les-emissions-de-co2\\\/102671\\\/#breadcrumb\"},\"inLanguage\":\"fr-FR\",\"potentialAction\":[{\"@type\":\"ReadAction\",\"target\":[\"https:\\\/\\\/batijournal.com\\\/index.php\\\/lafargeholcim-une-demarche-pour-reduire-les-emissions-de-co2\\\/102671\\\/\"]}]},{\"@type\":\"ImageObject\",\"inLanguage\":\"fr-FR\",\"@id\":\"https:\\\/\\\/batijournal.com\\\/index.php\\\/lafargeholcim-une-demarche-pour-reduire-les-emissions-de-co2\\\/102671\\\/#primaryimage\",\"url\":\"https:\\\/\\\/batijournal.com\\\/wp-content\\\/uploads\\\/2019\\\/07\\\/lafargeholcim-360-beton-carbone.jpg\",\"contentUrl\":\"https:\\\/\\\/batijournal.com\\\/wp-content\\\/uploads\\\/2019\\\/07\\\/lafargeholcim-360-beton-carbone.jpg\",\"width\":620,\"height\":239},{\"@type\":\"BreadcrumbList\",\"@id\":\"https:\\\/\\\/batijournal.com\\\/index.php\\\/lafargeholcim-une-demarche-pour-reduire-les-emissions-de-co2\\\/102671\\\/#breadcrumb\",\"itemListElement\":[{\"@type\":\"ListItem\",\"position\":1,\"name\":\"Accueil\",\"item\":\"https:\\\/\\\/batijournal.com\\\/\"},{\"@type\":\"ListItem\",\"position\":2,\"name\":\"Actualit\u00e9s\",\"item\":\"https:\\\/\\\/batijournal.com\\\/index.php\\\/category\\\/actualites\\\/\"},{\"@type\":\"ListItem\",\"position\":3,\"name\":\"LafargeHolcim : une d\u00e9marche pour r\u00e9duire les \u00e9missions de CO2\"}]},{\"@type\":\"WebSite\",\"@id\":\"https:\\\/\\\/batijournal.com\\\/#website\",\"url\":\"https:\\\/\\\/batijournal.com\\\/\",\"name\":\"Batijournal\",\"description\":\"L&#039;actualit\u00e9 du b\u00e2timent\",\"potentialAction\":[{\"@type\":\"SearchAction\",\"target\":{\"@type\":\"EntryPoint\",\"urlTemplate\":\"https:\\\/\\\/batijournal.com\\\/?s={search_term_string}\"},\"query-input\":{\"@type\":\"PropertyValueSpecification\",\"valueRequired\":true,\"valueName\":\"search_term_string\"}}],\"inLanguage\":\"fr-FR\"},{\"@type\":\"Person\",\"@id\":\"https:\\\/\\\/batijournal.com\\\/#\\\/schema\\\/person\\\/1dc96ec6957aa1ccb25ebe78bb19f100\",\"name\":\"St\u00e9phane Miget\",\"image\":{\"@type\":\"ImageObject\",\"inLanguage\":\"fr-FR\",\"@id\":\"https:\\\/\\\/secure.gravatar.com\\\/avatar\\\/89915563d925342126b8ef0281b93d9d7fc337043e8df017f780908eb9644451?s=96&d=mm&r=g\",\"url\":\"https:\\\/\\\/secure.gravatar.com\\\/avatar\\\/89915563d925342126b8ef0281b93d9d7fc337043e8df017f780908eb9644451?s=96&d=mm&r=g\",\"contentUrl\":\"https:\\\/\\\/secure.gravatar.com\\\/avatar\\\/89915563d925342126b8ef0281b93d9d7fc337043e8df017f780908eb9644451?s=96&d=mm&r=g\",\"caption\":\"St\u00e9phane Miget\"},\"url\":\"https:\\\/\\\/batijournal.com\\\/index.php\\\/author\\\/stephane\\\/\"}]}<\/script>\n<!-- \/ Yoast SEO plugin. -->","yoast_head_json":{"title":"LafargeHolcim : une d\u00e9marche pour r\u00e9duire les \u00e9missions de CO2","description":"LafargeHolcim veut acc\u00e9l\u00e9rer sur le carbone et l\u2019\u00e9conomie circulaire en lan\u00e7ant Lafarge 360. Cette d\u00e9marche positionne les b\u00e9tons Lafarge en r\u00e9ponse","robots":{"index":"index","follow":"follow","max-snippet":"max-snippet:-1","max-image-preview":"max-image-preview:large","max-video-preview":"max-video-preview:-1"},"canonical":"https:\/\/batijournal.com\/index.php\/lafargeholcim-une-demarche-pour-reduire-les-emissions-de-co2\/102671\/","og_locale":"fr_FR","og_type":"article","og_title":"LafargeHolcim : une d\u00e9marche pour r\u00e9duire les \u00e9missions de CO2","og_description":"LafargeHolcim veut acc\u00e9l\u00e9rer sur le carbone et l\u2019\u00e9conomie circulaire en lan\u00e7ant Lafarge 360. Cette d\u00e9marche positionne les b\u00e9tons Lafarge en r\u00e9ponse","og_url":"https:\/\/batijournal.com\/index.php\/lafargeholcim-une-demarche-pour-reduire-les-emissions-de-co2\/102671\/","og_site_name":"Batijournal","article_published_time":"2019-07-16T05:38:06+00:00","og_image":[{"width":620,"height":239,"url":"https:\/\/batijournal.com\/wp-content\/uploads\/2019\/07\/lafargeholcim-360-beton-carbone.jpg","type":"image\/jpeg"}],"author":"St\u00e9phane Miget","twitter_card":"summary_large_image","twitter_creator":"@bati_journal","twitter_site":"@bati_journal","twitter_misc":{"\u00c9crit par":"St\u00e9phane Miget","Dur\u00e9e de lecture estim\u00e9e":"1 minute"},"schema":{"@context":"https:\/\/schema.org","@graph":[{"@type":"Article","@id":"https:\/\/batijournal.com\/index.php\/lafargeholcim-une-demarche-pour-reduire-les-emissions-de-co2\/102671\/#article","isPartOf":{"@id":"https:\/\/batijournal.com\/index.php\/lafargeholcim-une-demarche-pour-reduire-les-emissions-de-co2\/102671\/"},"author":{"name":"St\u00e9phane Miget","@id":"https:\/\/batijournal.com\/#\/schema\/person\/1dc96ec6957aa1ccb25ebe78bb19f100"},"headline":"LafargeHolcim : une d\u00e9marche pour r\u00e9duire les \u00e9missions de CO2","datePublished":"2019-07-16T05:38:06+00:00","mainEntityOfPage":{"@id":"https:\/\/batijournal.com\/index.php\/lafargeholcim-une-demarche-pour-reduire-les-emissions-de-co2\/102671\/"},"wordCount":205,"image":{"@id":"https:\/\/batijournal.com\/index.php\/lafargeholcim-une-demarche-pour-reduire-les-emissions-de-co2\/102671\/#primaryimage"},"thumbnailUrl":"https:\/\/batijournal.com\/wp-content\/uploads\/2019\/07\/lafargeholcim-360-beton-carbone.jpg","keywords":["b\u00e9ton"],"articleSection":["Actualit\u00e9s","\u00c9nergie &amp; Environnement","zz_Actualit\u00e9s - Plan\u00e8te","zz_Plan\u00e8te B\u00e2timent"],"inLanguage":"fr-FR"},{"@type":"WebPage","@id":"https:\/\/batijournal.com\/index.php\/lafargeholcim-une-demarche-pour-reduire-les-emissions-de-co2\/102671\/","url":"https:\/\/batijournal.com\/index.php\/lafargeholcim-une-demarche-pour-reduire-les-emissions-de-co2\/102671\/","name":"LafargeHolcim : une d\u00e9marche pour r\u00e9duire les \u00e9missions de CO2","isPartOf":{"@id":"https:\/\/batijournal.com\/#website"},"primaryImageOfPage":{"@id":"https:\/\/batijournal.com\/index.php\/lafargeholcim-une-demarche-pour-reduire-les-emissions-de-co2\/102671\/#primaryimage"},"image":{"@id":"https:\/\/batijournal.com\/index.php\/lafargeholcim-une-demarche-pour-reduire-les-emissions-de-co2\/102671\/#primaryimage"},"thumbnailUrl":"https:\/\/batijournal.com\/wp-content\/uploads\/2019\/07\/lafargeholcim-360-beton-carbone.jpg","datePublished":"2019-07-16T05:38:06+00:00","author":{"@id":"https:\/\/batijournal.com\/#\/schema\/person\/1dc96ec6957aa1ccb25ebe78bb19f100"},"description":"LafargeHolcim veut acc\u00e9l\u00e9rer sur le carbone et l\u2019\u00e9conomie circulaire en lan\u00e7ant Lafarge 360. Cette d\u00e9marche positionne les b\u00e9tons Lafarge en r\u00e9ponse","breadcrumb":{"@id":"https:\/\/batijournal.com\/index.php\/lafargeholcim-une-demarche-pour-reduire-les-emissions-de-co2\/102671\/#breadcrumb"},"inLanguage":"fr-FR","potentialAction":[{"@type":"ReadAction","target":["https:\/\/batijournal.com\/index.php\/lafargeholcim-une-demarche-pour-reduire-les-emissions-de-co2\/102671\/"]}]},{"@type":"ImageObject","inLanguage":"fr-FR","@id":"https:\/\/batijournal.com\/index.php\/lafargeholcim-une-demarche-pour-reduire-les-emissions-de-co2\/102671\/#primaryimage","url":"https:\/\/batijournal.com\/wp-content\/uploads\/2019\/07\/lafargeholcim-360-beton-carbone.jpg","contentUrl":"https:\/\/batijournal.com\/wp-content\/uploads\/2019\/07\/lafargeholcim-360-beton-carbone.jpg","width":620,"height":239},{"@type":"BreadcrumbList","@id":"https:\/\/batijournal.com\/index.php\/lafargeholcim-une-demarche-pour-reduire-les-emissions-de-co2\/102671\/#breadcrumb","itemListElement":[{"@type":"ListItem","position":1,"name":"Accueil","item":"https:\/\/batijournal.com\/"},{"@type":"ListItem","position":2,"name":"Actualit\u00e9s","item":"https:\/\/batijournal.com\/index.php\/category\/actualites\/"},{"@type":"ListItem","position":3,"name":"LafargeHolcim : une d\u00e9marche pour r\u00e9duire les \u00e9missions de CO2"}]},{"@type":"WebSite","@id":"https:\/\/batijournal.com\/#website","url":"https:\/\/batijournal.com\/","name":"Batijournal","description":"L&#039;actualit\u00e9 du b\u00e2timent","potentialAction":[{"@type":"SearchAction","target":{"@type":"EntryPoint","urlTemplate":"https:\/\/batijournal.com\/?s={search_term_string}"},"query-input":{"@type":"PropertyValueSpecification","valueRequired":true,"valueName":"search_term_string"}}],"inLanguage":"fr-FR"},{"@type":"Person","@id":"https:\/\/batijournal.com\/#\/schema\/person\/1dc96ec6957aa1ccb25ebe78bb19f100","name":"St\u00e9phane Miget","image":{"@type":"ImageObject","inLanguage":"fr-FR","@id":"https:\/\/secure.gravatar.com\/avatar\/89915563d925342126b8ef0281b93d9d7fc337043e8df017f780908eb9644451?s=96&d=mm&r=g","url":"https:\/\/secure.gravatar.com\/avatar\/89915563d925342126b8ef0281b93d9d7fc337043e8df017f780908eb9644451?s=96&d=mm&r=g","contentUrl":"https:\/\/secure.gravatar.com\/avatar\/89915563d925342126b8ef0281b93d9d7fc337043e8df017f780908eb9644451?s=96&d=mm&r=g","caption":"St\u00e9phane Miget"},"url":"https:\/\/batijournal.com\/index.php\/author\/stephane\/"}]}},"_links":{"self":[{"href":"https:\/\/batijournal.com\/index.php\/wp-json\/wp\/v2\/posts\/102671","targetHints":{"allow":["GET"]}}],"collection":[{"href":"https:\/\/batijournal.com\/index.php\/wp-json\/wp\/v2\/posts"}],"about":[{"href":"https:\/\/batijournal.com\/index.php\/wp-json\/wp\/v2\/types\/post"}],"author":[{"embeddable":true,"href":"https:\/\/batijournal.com\/index.php\/wp-json\/wp\/v2\/users\/17"}],"replies":[{"embeddable":true,"href":"https:\/\/batijournal.com\/index.php\/wp-json\/wp\/v2\/comments?post=102671"}],"version-history":[{"count":0,"href":"https:\/\/batijournal.com\/index.php\/wp-json\/wp\/v2\/posts\/102671\/revisions"}],"wp:featuredmedia":[{"embeddable":true,"href":"https:\/\/batijournal.com\/index.php\/wp-json\/wp\/v2\/media\/102673"}],"wp:attachment":[{"href":"https:\/\/batijournal.com\/index.php\/wp-json\/wp\/v2\/media?parent=102671"}],"wp:term":[{"taxonomy":"category","embeddable":true,"href":"https:\/\/batijournal.com\/index.php\/wp-json\/wp\/v2\/categories?post=102671"},{"taxonomy":"post_tag","embeddable":true,"href":"https:\/\/batijournal.com\/index.php\/wp-json\/wp\/v2\/tags?post=102671"}],"curies":[{"name":"wp","href":"https:\/\/api.w.org\/{rel}","templated":true}]}}