{"id":102674,"date":"2019-07-16T07:47:22","date_gmt":"2019-07-16T05:47:22","guid":{"rendered":"https:\/\/batijournal.com\/?p=102674"},"modified":"2019-07-16T07:47:22","modified_gmt":"2019-07-16T05:47:22","slug":"charte-pour-le-recyclage-des-menuiseries-en-fin-de-vie","status":"publish","type":"post","link":"https:\/\/batijournal.com\/index.php\/charte-pour-le-recyclage-des-menuiseries-en-fin-de-vie\/102674\/","title":{"rendered":"Charte pour le recyclage des menuiseries en fin de vie"},"content":{"rendered":"<div><strong>L\u2019UFME vient de pr\u00e9senter sa charte d\u2019engagement volontaire pour le recyclage des menuiseries en fin de vie, visant \u00e0 promouvoir les bonnes pratiques n\u00e9cessaires \u00e0 la ma\u00eetrise de la qualit\u00e9 de collecte et de traitement des d\u00e9chets de menuiseries<\/strong>, et \u00e0 informer sur les moyens existants pour une valorisation la plus vertueuse possible. Port\u00e9e par ses adh\u00e9rents, cette charte est ouverte \u00e0 toute soci\u00e9t\u00e9 souhaitant s\u2019impliquer dans une d\u00e9marche vertueuse. La charte propose un socle commun d\u2019engagements partag\u00e9s par tous les signataires (fabricants de menuiseries, installateurs, professions associ\u00e9es et extrudeurs) et des engagements sp\u00e9cifiques par typologies de soci\u00e9t\u00e9s :<\/div>\n<div>&#8211; prendre connaissance de la qualit\u00e9 des d\u00e9chets de menuiseries et de leurs exutoires,<\/div>\n<div>&#8211; prendre connaissance et diffuser la liste des points de collecte des d\u00e9chets,<\/div>\n<div>&#8211; diffuser les bonnes pratiques n\u00e9cessaires au recyclage en boucle ferm\u00e9e (conditionnement des d\u00e9chets, pr\u00e9cautions de manutention et transport, tri),<\/div>\n<div>&#8211; am\u00e9liorer la tra\u00e7abilit\u00e9 des d\u00e9chets en fin de vie et le recyclage en boucle ferm\u00e9e (Verre et PVC),<\/div>\n<div>&#8211; prendre connaissance et diffuser les bonnes pratiques sur chantier de r\u00e9novation ou d\u00e9construction (interdiction de pose sur dormant PVC ou aluminium existant, collecte et traitement des d\u00e9chets de chantier).<\/div>\n<div><\/div>\n<div><strong>Engagements sp\u00e9cifiques par typologies d\u2019entreprises\u00a0<\/strong><\/div>\n<div><strong>Pour les fabricants de menuiseries :\u00a0<\/strong><\/div>\n<div>&#8211; communiquer \u00e0 leurs clients (installateurs et entreprises g\u00e9n\u00e9rales) les bonnes pratiques et points de collecte de d\u00e9chets,<\/div>\n<div>&#8211; privil\u00e9gier des produits int\u00e9grant des mati\u00e8res recycl\u00e9es dans leurs approvisionnements.<\/div>\n<div><\/div>\n<div><strong>Pour les installateurs et entreprises g\u00e9n\u00e9rales :<\/strong><\/div>\n<div>&#8211; communiquer \u00e0 leurs clients les conditions de collecte et traitement des d\u00e9chets de chantier,<\/div>\n<div>&#8211; pour le march\u00e9 diffus : ne pas d\u00e9poser les d\u00e9chets de menuiseries en d\u00e9charge publique et les confier \u00e0 un professionnel impliqu\u00e9 dans la valorisation de ces d\u00e9chets,<\/div>\n<div>&#8211; et en chantier : trier les d\u00e9chets sur chantier et respecter un conditionnement pour pr\u00e9server l\u2019int\u00e9grit\u00e9 des produits verriers.<\/div>\n<div><\/div>\n<div><strong>Pour les professions associ\u00e9es (fabricants de composants de menuiseries, de produits n\u00e9cessaires \u00e0 leur mise en \u0153uvre, \u00e9diteurs de logiciels, professionnels du recyclage, \u2026) :<\/strong><\/div>\n<div>&#8211; privil\u00e9gier des produits int\u00e9grant des mati\u00e8res recycl\u00e9es dans leurs approvisionnements,<\/div>\n<div>&#8211; relayer les bonnes pratiques \u00e0 leurs clients et partenaires.<\/div>\n<div><\/div>\n<div><strong>Pour les extrudeurs\u00a0<\/strong><\/div>\n<div>&#8211; \u00eatre impliqu\u00e9s dans la d\u00e9marche VinylPlus\u00ae avec un objectif quantitatif de taux de mati\u00e8re recycl\u00e9e entrante sup\u00e9rieur \u00e0 18 %,<\/div>\n<div>&#8211; et fournir une attestation aux fabricants de menuiseries sur le taux de mati\u00e8re recycl\u00e9e int\u00e9gr\u00e9e aux profil\u00e9s.<\/div>\n<div><\/div>\n<div>La charte est compl\u00e9t\u00e9e par 3 annexes :<\/div>\n<div>\u00ab Recommandations pour la collecte et le tri des d\u00e9chets de menuiseries en fin de vie \u00bb : apportant des pr\u00e9cisions sur le principe g\u00e9n\u00e9ral de la valorisation, la collecte, le tri et le stockage, le d\u00e9mant\u00e8lement, typologies de produits concern\u00e9s : bois, mati\u00e8res plastiques et m\u00e9taux.<\/div>\n<div>\u00ab Points de regroupement de verre plat B\u00e2timent \u00bb.<\/div>\n<div>\u00ab Cartographie des points de collecte \u00e0 jour en France, pour les produits verriers et pour la collecte du PVC \u00bb.<\/div>\n","protected":false},"excerpt":{"rendered":"<p>L\u2019UFME vient de pr\u00e9senter sa charte d\u2019engagement volontaire pour le recyclage des menuiseries en fin de vie, visant \u00e0 promouvoir les bonnes pratiques n\u00e9cessaires \u00e0 la ma\u00eetrise de la qualit\u00e9 de collecte et de traitement des d\u00e9chets de menuiseries, et \u00e0 informer sur les moyens existants pour une valorisation la plus vertueuse possible. Port\u00e9e par [&hellip;]<\/p>\n","protected":false},"author":17,"featured_media":102675,"comment_status":"closed","ping_status":"closed","sticky":false,"template":"","format":"standard","meta":{"_et_pb_use_builder":"","_et_pb_old_content":"","_et_gb_content_width":"","footnotes":""},"categories":[10530,6345,10771,10775,10781,10778],"tags":[11430],"class_list":["post-102674","post","type-post","status-publish","format-standard","has-post-thumbnail","hentry","category-actualites","category-economie-marches","category-5facades","category-actualites-5facades","category-publications-planete","category-planete","tag-economie-circulaire"],"yoast_head":"<!-- This site is optimized with the Yoast SEO plugin v27.4 - https:\/\/yoast.com\/product\/yoast-seo-wordpress\/ -->\n<title>Charte pour le recyclage des menuiseries en fin de vie<\/title>\n<meta name=\"description\" content=\"L\u2019UFME vient de pr\u00e9senter sa charte d\u2019engagement volontaire pour le recyclage des menuiseries en fin de vie\" \/>\n<meta name=\"robots\" content=\"index, follow, max-snippet:-1, max-image-preview:large, max-video-preview:-1\" \/>\n<link rel=\"canonical\" href=\"https:\/\/batijournal.com\/index.php\/charte-pour-le-recyclage-des-menuiseries-en-fin-de-vie\/102674\/\" \/>\n<meta property=\"og:locale\" content=\"fr_FR\" \/>\n<meta property=\"og:type\" content=\"article\" \/>\n<meta property=\"og:title\" content=\"Charte pour le recyclage des menuiseries en fin de vie\" \/>\n<meta property=\"og:description\" content=\"L\u2019UFME vient de pr\u00e9senter sa charte d\u2019engagement volontaire pour le recyclage des menuiseries en fin de vie\" \/>\n<meta property=\"og:url\" content=\"https:\/\/batijournal.com\/index.php\/charte-pour-le-recyclage-des-menuiseries-en-fin-de-vie\/102674\/\" \/>\n<meta property=\"og:site_name\" content=\"Batijournal\" \/>\n<meta property=\"article:published_time\" content=\"2019-07-16T05:47:22+00:00\" \/>\n<meta property=\"og:image\" content=\"https:\/\/batijournal.com\/wp-content\/uploads\/2019\/07\/carte-recyclage-verre-plat.png\" \/>\n\t<meta property=\"og:image:width\" content=\"694\" \/>\n\t<meta property=\"og:image:height\" content=\"708\" \/>\n\t<meta property=\"og:image:type\" content=\"image\/png\" \/>\n<meta name=\"author\" content=\"St\u00e9phane Miget\" \/>\n<meta name=\"twitter:card\" content=\"summary_large_image\" \/>\n<meta name=\"twitter:creator\" content=\"@bati_journal\" \/>\n<meta name=\"twitter:site\" content=\"@bati_journal\" \/>\n<meta name=\"twitter:label1\" content=\"\u00c9crit par\" \/>\n\t<meta name=\"twitter:data1\" content=\"St\u00e9phane Miget\" \/>\n\t<meta name=\"twitter:label2\" content=\"Dur\u00e9e de lecture estim\u00e9e\" \/>\n\t<meta name=\"twitter:data2\" content=\"3 minutes\" \/>\n<script type=\"application\/ld+json\" class=\"yoast-schema-graph\">{\"@context\":\"https:\\\/\\\/schema.org\",\"@graph\":[{\"@type\":\"Article\",\"@id\":\"https:\\\/\\\/batijournal.com\\\/index.php\\\/charte-pour-le-recyclage-des-menuiseries-en-fin-de-vie\\\/102674\\\/#article\",\"isPartOf\":{\"@id\":\"https:\\\/\\\/batijournal.com\\\/index.php\\\/charte-pour-le-recyclage-des-menuiseries-en-fin-de-vie\\\/102674\\\/\"},\"author\":{\"name\":\"St\u00e9phane Miget\",\"@id\":\"https:\\\/\\\/batijournal.com\\\/#\\\/schema\\\/person\\\/1dc96ec6957aa1ccb25ebe78bb19f100\"},\"headline\":\"Charte pour le recyclage des menuiseries en fin de vie\",\"datePublished\":\"2019-07-16T05:47:22+00:00\",\"mainEntityOfPage\":{\"@id\":\"https:\\\/\\\/batijournal.com\\\/index.php\\\/charte-pour-le-recyclage-des-menuiseries-en-fin-de-vie\\\/102674\\\/\"},\"wordCount\":537,\"image\":{\"@id\":\"https:\\\/\\\/batijournal.com\\\/index.php\\\/charte-pour-le-recyclage-des-menuiseries-en-fin-de-vie\\\/102674\\\/#primaryimage\"},\"thumbnailUrl\":\"https:\\\/\\\/batijournal.com\\\/wp-content\\\/uploads\\\/2019\\\/07\\\/carte-recyclage-verre-plat.png\",\"keywords\":[\"\u00e9conomie circulaire\"],\"articleSection\":[\"Actualit\u00e9s\",\"\u00c9conomie &amp; March\u00e9s\",\"zz_5fa\u00e7ades\",\"zz_Actualit\u00e9s - 5fa\u00e7ades\",\"zz_Actualit\u00e9s - Plan\u00e8te\",\"zz_Plan\u00e8te B\u00e2timent\"],\"inLanguage\":\"fr-FR\"},{\"@type\":\"WebPage\",\"@id\":\"https:\\\/\\\/batijournal.com\\\/index.php\\\/charte-pour-le-recyclage-des-menuiseries-en-fin-de-vie\\\/102674\\\/\",\"url\":\"https:\\\/\\\/batijournal.com\\\/index.php\\\/charte-pour-le-recyclage-des-menuiseries-en-fin-de-vie\\\/102674\\\/\",\"name\":\"Charte pour le recyclage des menuiseries en fin de vie\",\"isPartOf\":{\"@id\":\"https:\\\/\\\/batijournal.com\\\/#website\"},\"primaryImageOfPage\":{\"@id\":\"https:\\\/\\\/batijournal.com\\\/index.php\\\/charte-pour-le-recyclage-des-menuiseries-en-fin-de-vie\\\/102674\\\/#primaryimage\"},\"image\":{\"@id\":\"https:\\\/\\\/batijournal.com\\\/index.php\\\/charte-pour-le-recyclage-des-menuiseries-en-fin-de-vie\\\/102674\\\/#primaryimage\"},\"thumbnailUrl\":\"https:\\\/\\\/batijournal.com\\\/wp-content\\\/uploads\\\/2019\\\/07\\\/carte-recyclage-verre-plat.png\",\"datePublished\":\"2019-07-16T05:47:22+00:00\",\"author\":{\"@id\":\"https:\\\/\\\/batijournal.com\\\/#\\\/schema\\\/person\\\/1dc96ec6957aa1ccb25ebe78bb19f100\"},\"description\":\"L\u2019UFME vient de pr\u00e9senter sa charte d\u2019engagement volontaire pour le recyclage des menuiseries en fin de vie\",\"breadcrumb\":{\"@id\":\"https:\\\/\\\/batijournal.com\\\/index.php\\\/charte-pour-le-recyclage-des-menuiseries-en-fin-de-vie\\\/102674\\\/#breadcrumb\"},\"inLanguage\":\"fr-FR\",\"potentialAction\":[{\"@type\":\"ReadAction\",\"target\":[\"https:\\\/\\\/batijournal.com\\\/index.php\\\/charte-pour-le-recyclage-des-menuiseries-en-fin-de-vie\\\/102674\\\/\"]}]},{\"@type\":\"ImageObject\",\"inLanguage\":\"fr-FR\",\"@id\":\"https:\\\/\\\/batijournal.com\\\/index.php\\\/charte-pour-le-recyclage-des-menuiseries-en-fin-de-vie\\\/102674\\\/#primaryimage\",\"url\":\"https:\\\/\\\/batijournal.com\\\/wp-content\\\/uploads\\\/2019\\\/07\\\/carte-recyclage-verre-plat.png\",\"contentUrl\":\"https:\\\/\\\/batijournal.com\\\/wp-content\\\/uploads\\\/2019\\\/07\\\/carte-recyclage-verre-plat.png\",\"width\":694,\"height\":708},{\"@type\":\"BreadcrumbList\",\"@id\":\"https:\\\/\\\/batijournal.com\\\/index.php\\\/charte-pour-le-recyclage-des-menuiseries-en-fin-de-vie\\\/102674\\\/#breadcrumb\",\"itemListElement\":[{\"@type\":\"ListItem\",\"position\":1,\"name\":\"Accueil\",\"item\":\"https:\\\/\\\/batijournal.com\\\/\"},{\"@type\":\"ListItem\",\"position\":2,\"name\":\"Actualit\u00e9s\",\"item\":\"https:\\\/\\\/batijournal.com\\\/index.php\\\/category\\\/actualites\\\/\"},{\"@type\":\"ListItem\",\"position\":3,\"name\":\"Charte pour le recyclage des menuiseries en fin de vie\"}]},{\"@type\":\"WebSite\",\"@id\":\"https:\\\/\\\/batijournal.com\\\/#website\",\"url\":\"https:\\\/\\\/batijournal.com\\\/\",\"name\":\"Batijournal\",\"description\":\"L&#039;actualit\u00e9 du b\u00e2timent\",\"potentialAction\":[{\"@type\":\"SearchAction\",\"target\":{\"@type\":\"EntryPoint\",\"urlTemplate\":\"https:\\\/\\\/batijournal.com\\\/?s={search_term_string}\"},\"query-input\":{\"@type\":\"PropertyValueSpecification\",\"valueRequired\":true,\"valueName\":\"search_term_string\"}}],\"inLanguage\":\"fr-FR\"},{\"@type\":\"Person\",\"@id\":\"https:\\\/\\\/batijournal.com\\\/#\\\/schema\\\/person\\\/1dc96ec6957aa1ccb25ebe78bb19f100\",\"name\":\"St\u00e9phane Miget\",\"image\":{\"@type\":\"ImageObject\",\"inLanguage\":\"fr-FR\",\"@id\":\"https:\\\/\\\/secure.gravatar.com\\\/avatar\\\/89915563d925342126b8ef0281b93d9d7fc337043e8df017f780908eb9644451?s=96&d=mm&r=g\",\"url\":\"https:\\\/\\\/secure.gravatar.com\\\/avatar\\\/89915563d925342126b8ef0281b93d9d7fc337043e8df017f780908eb9644451?s=96&d=mm&r=g\",\"contentUrl\":\"https:\\\/\\\/secure.gravatar.com\\\/avatar\\\/89915563d925342126b8ef0281b93d9d7fc337043e8df017f780908eb9644451?s=96&d=mm&r=g\",\"caption\":\"St\u00e9phane Miget\"},\"url\":\"https:\\\/\\\/batijournal.com\\\/index.php\\\/author\\\/stephane\\\/\"}]}<\/script>\n<!-- \/ Yoast SEO plugin. -->","yoast_head_json":{"title":"Charte pour le recyclage des menuiseries en fin de vie","description":"L\u2019UFME vient de pr\u00e9senter sa charte d\u2019engagement volontaire pour le recyclage des menuiseries en fin de vie","robots":{"index":"index","follow":"follow","max-snippet":"max-snippet:-1","max-image-preview":"max-image-preview:large","max-video-preview":"max-video-preview:-1"},"canonical":"https:\/\/batijournal.com\/index.php\/charte-pour-le-recyclage-des-menuiseries-en-fin-de-vie\/102674\/","og_locale":"fr_FR","og_type":"article","og_title":"Charte pour le recyclage des menuiseries en fin de vie","og_description":"L\u2019UFME vient de pr\u00e9senter sa charte d\u2019engagement volontaire pour le recyclage des menuiseries en fin de vie","og_url":"https:\/\/batijournal.com\/index.php\/charte-pour-le-recyclage-des-menuiseries-en-fin-de-vie\/102674\/","og_site_name":"Batijournal","article_published_time":"2019-07-16T05:47:22+00:00","og_image":[{"width":694,"height":708,"url":"https:\/\/batijournal.com\/wp-content\/uploads\/2019\/07\/carte-recyclage-verre-plat.png","type":"image\/png"}],"author":"St\u00e9phane Miget","twitter_card":"summary_large_image","twitter_creator":"@bati_journal","twitter_site":"@bati_journal","twitter_misc":{"\u00c9crit par":"St\u00e9phane Miget","Dur\u00e9e de lecture estim\u00e9e":"3 minutes"},"schema":{"@context":"https:\/\/schema.org","@graph":[{"@type":"Article","@id":"https:\/\/batijournal.com\/index.php\/charte-pour-le-recyclage-des-menuiseries-en-fin-de-vie\/102674\/#article","isPartOf":{"@id":"https:\/\/batijournal.com\/index.php\/charte-pour-le-recyclage-des-menuiseries-en-fin-de-vie\/102674\/"},"author":{"name":"St\u00e9phane Miget","@id":"https:\/\/batijournal.com\/#\/schema\/person\/1dc96ec6957aa1ccb25ebe78bb19f100"},"headline":"Charte pour le recyclage des menuiseries en fin de vie","datePublished":"2019-07-16T05:47:22+00:00","mainEntityOfPage":{"@id":"https:\/\/batijournal.com\/index.php\/charte-pour-le-recyclage-des-menuiseries-en-fin-de-vie\/102674\/"},"wordCount":537,"image":{"@id":"https:\/\/batijournal.com\/index.php\/charte-pour-le-recyclage-des-menuiseries-en-fin-de-vie\/102674\/#primaryimage"},"thumbnailUrl":"https:\/\/batijournal.com\/wp-content\/uploads\/2019\/07\/carte-recyclage-verre-plat.png","keywords":["\u00e9conomie circulaire"],"articleSection":["Actualit\u00e9s","\u00c9conomie &amp; March\u00e9s","zz_5fa\u00e7ades","zz_Actualit\u00e9s - 5fa\u00e7ades","zz_Actualit\u00e9s - Plan\u00e8te","zz_Plan\u00e8te B\u00e2timent"],"inLanguage":"fr-FR"},{"@type":"WebPage","@id":"https:\/\/batijournal.com\/index.php\/charte-pour-le-recyclage-des-menuiseries-en-fin-de-vie\/102674\/","url":"https:\/\/batijournal.com\/index.php\/charte-pour-le-recyclage-des-menuiseries-en-fin-de-vie\/102674\/","name":"Charte pour le recyclage des menuiseries en fin de vie","isPartOf":{"@id":"https:\/\/batijournal.com\/#website"},"primaryImageOfPage":{"@id":"https:\/\/batijournal.com\/index.php\/charte-pour-le-recyclage-des-menuiseries-en-fin-de-vie\/102674\/#primaryimage"},"image":{"@id":"https:\/\/batijournal.com\/index.php\/charte-pour-le-recyclage-des-menuiseries-en-fin-de-vie\/102674\/#primaryimage"},"thumbnailUrl":"https:\/\/batijournal.com\/wp-content\/uploads\/2019\/07\/carte-recyclage-verre-plat.png","datePublished":"2019-07-16T05:47:22+00:00","author":{"@id":"https:\/\/batijournal.com\/#\/schema\/person\/1dc96ec6957aa1ccb25ebe78bb19f100"},"description":"L\u2019UFME vient de pr\u00e9senter sa charte d\u2019engagement volontaire pour le recyclage des menuiseries en fin de vie","breadcrumb":{"@id":"https:\/\/batijournal.com\/index.php\/charte-pour-le-recyclage-des-menuiseries-en-fin-de-vie\/102674\/#breadcrumb"},"inLanguage":"fr-FR","potentialAction":[{"@type":"ReadAction","target":["https:\/\/batijournal.com\/index.php\/charte-pour-le-recyclage-des-menuiseries-en-fin-de-vie\/102674\/"]}]},{"@type":"ImageObject","inLanguage":"fr-FR","@id":"https:\/\/batijournal.com\/index.php\/charte-pour-le-recyclage-des-menuiseries-en-fin-de-vie\/102674\/#primaryimage","url":"https:\/\/batijournal.com\/wp-content\/uploads\/2019\/07\/carte-recyclage-verre-plat.png","contentUrl":"https:\/\/batijournal.com\/wp-content\/uploads\/2019\/07\/carte-recyclage-verre-plat.png","width":694,"height":708},{"@type":"BreadcrumbList","@id":"https:\/\/batijournal.com\/index.php\/charte-pour-le-recyclage-des-menuiseries-en-fin-de-vie\/102674\/#breadcrumb","itemListElement":[{"@type":"ListItem","position":1,"name":"Accueil","item":"https:\/\/batijournal.com\/"},{"@type":"ListItem","position":2,"name":"Actualit\u00e9s","item":"https:\/\/batijournal.com\/index.php\/category\/actualites\/"},{"@type":"ListItem","position":3,"name":"Charte pour le recyclage des menuiseries en fin de vie"}]},{"@type":"WebSite","@id":"https:\/\/batijournal.com\/#website","url":"https:\/\/batijournal.com\/","name":"Batijournal","description":"L&#039;actualit\u00e9 du b\u00e2timent","potentialAction":[{"@type":"SearchAction","target":{"@type":"EntryPoint","urlTemplate":"https:\/\/batijournal.com\/?s={search_term_string}"},"query-input":{"@type":"PropertyValueSpecification","valueRequired":true,"valueName":"search_term_string"}}],"inLanguage":"fr-FR"},{"@type":"Person","@id":"https:\/\/batijournal.com\/#\/schema\/person\/1dc96ec6957aa1ccb25ebe78bb19f100","name":"St\u00e9phane Miget","image":{"@type":"ImageObject","inLanguage":"fr-FR","@id":"https:\/\/secure.gravatar.com\/avatar\/89915563d925342126b8ef0281b93d9d7fc337043e8df017f780908eb9644451?s=96&d=mm&r=g","url":"https:\/\/secure.gravatar.com\/avatar\/89915563d925342126b8ef0281b93d9d7fc337043e8df017f780908eb9644451?s=96&d=mm&r=g","contentUrl":"https:\/\/secure.gravatar.com\/avatar\/89915563d925342126b8ef0281b93d9d7fc337043e8df017f780908eb9644451?s=96&d=mm&r=g","caption":"St\u00e9phane Miget"},"url":"https:\/\/batijournal.com\/index.php\/author\/stephane\/"}]}},"_links":{"self":[{"href":"https:\/\/batijournal.com\/index.php\/wp-json\/wp\/v2\/posts\/102674","targetHints":{"allow":["GET"]}}],"collection":[{"href":"https:\/\/batijournal.com\/index.php\/wp-json\/wp\/v2\/posts"}],"about":[{"href":"https:\/\/batijournal.com\/index.php\/wp-json\/wp\/v2\/types\/post"}],"author":[{"embeddable":true,"href":"https:\/\/batijournal.com\/index.php\/wp-json\/wp\/v2\/users\/17"}],"replies":[{"embeddable":true,"href":"https:\/\/batijournal.com\/index.php\/wp-json\/wp\/v2\/comments?post=102674"}],"version-history":[{"count":0,"href":"https:\/\/batijournal.com\/index.php\/wp-json\/wp\/v2\/posts\/102674\/revisions"}],"wp:featuredmedia":[{"embeddable":true,"href":"https:\/\/batijournal.com\/index.php\/wp-json\/wp\/v2\/media\/102675"}],"wp:attachment":[{"href":"https:\/\/batijournal.com\/index.php\/wp-json\/wp\/v2\/media?parent=102674"}],"wp:term":[{"taxonomy":"category","embeddable":true,"href":"https:\/\/batijournal.com\/index.php\/wp-json\/wp\/v2\/categories?post=102674"},{"taxonomy":"post_tag","embeddable":true,"href":"https:\/\/batijournal.com\/index.php\/wp-json\/wp\/v2\/tags?post=102674"}],"curies":[{"name":"wp","href":"https:\/\/api.w.org\/{rel}","templated":true}]}}