{"id":102757,"date":"2019-07-22T07:44:20","date_gmt":"2019-07-22T05:44:20","guid":{"rendered":"https:\/\/batijournal.com\/?p=102757"},"modified":"2019-07-22T07:44:20","modified_gmt":"2019-07-22T05:44:20","slug":"reperage-de-lamiante-avant-travaux","status":"publish","type":"post","link":"https:\/\/batijournal.com\/index.php\/reperage-de-lamiante-avant-travaux\/102757\/","title":{"rendered":"Rep\u00e9rage de l&rsquo;amiante avant travaux"},"content":{"rendered":"<p>L\u2019arr\u00eat\u00e9 du 16 juillet 2019 \u00ab relatif au rep\u00e9rage de l\u2019amiante avant certaines op\u00e9rations r\u00e9alis\u00e9es dans les immeubles b\u00e2tis \u00bb vient de para\u00eetre. Attendu par les professionnels depuis plusieurs mois, il vient consolider le d\u00e9cret du 9 mai 2017 qui rendait effective l\u2019obligation de Rep\u00e9rage Amiante avant Travaux (RAT). L\u2019arr\u00eat\u00e9 pr\u00e9cise les modalit\u00e9s de r\u00e9alisation du rep\u00e9rage, le contenu du rapport, les mesures \u00e0 mettre en \u0153uvre en cas d\u2019impossibilit\u00e9 de r\u00e9aliser le rep\u00e9rage, les comp\u00e9tences de l\u2019op\u00e9rateur de rep\u00e9rage, etc. Fini le per\u00e7age, le pon\u00e7age ou le remplacement d\u2019une fa\u00efence sans conna\u00eetre la nature des mat\u00e9riaux pr\u00e9sents dans son habitation. D\u00e9sormais lors de travaux \u00e0 la maison, dans un immeuble d\u2019habitation collective, dans un b\u00e2timent tertiaire ou autre, le propri\u00e9taire, le ma\u00eetre d\u2019ouvrage ou le donneur d\u2019ordre devra faire r\u00e9aliser un RAT portant sur le p\u00e9rim\u00e8tre et le programme exact des travaux, et faire intervenir des entreprises qui respectent leurs obligations en mati\u00e8re de pr\u00e9vention du risque amiante (\u00ab Sous-section 4 \u00bb du Code du travail) et de protection de leurs collaborateurs. Dans ce contexte, AC Environnement, leader du diagnostic immobilier en France et du BIM accompagne les particuliers et les professionnels face \u00e0 leurs nouvelles obligations.<\/p>\n<p><a href=\"https:\/\/www.legifrance.gouv.fr\/affichTexte.do;jsessionid=1C9E19639A6CB53A3BF38D45A007ACF7.tplgfr24s_1?cidTexte=JORFTEXT000038777498&amp;dateTexte=&amp;oldAction=rechJO&amp;categorieLien=id&amp;idJO=JORFCONT000038777171\" target=\"_blank\" rel=\"noopener noreferrer\">Texte de l&rsquo;arr\u00eat\u00e9&#8230;<\/a><\/p>\n<p>&nbsp;<\/p>\n<p>&nbsp;<\/p>\n","protected":false},"excerpt":{"rendered":"<p>L\u2019arr\u00eat\u00e9 du 16 juillet 2019 \u00ab relatif au rep\u00e9rage de l\u2019amiante avant certaines op\u00e9rations r\u00e9alis\u00e9es dans les immeubles b\u00e2tis \u00bb vient de para\u00eetre. Attendu par les professionnels depuis plusieurs mois, il vient consolider le d\u00e9cret du 9 mai 2017 qui rendait effective l\u2019obligation de Rep\u00e9rage Amiante avant Travaux (RAT). L\u2019arr\u00eat\u00e9 pr\u00e9cise les modalit\u00e9s de r\u00e9alisation [&hellip;]<\/p>\n","protected":false},"author":17,"featured_media":94870,"comment_status":"closed","ping_status":"closed","sticky":false,"template":"","format":"standard","meta":{"_et_pb_use_builder":"","_et_pb_old_content":"","_et_gb_content_width":"","footnotes":""},"categories":[10530,6345],"tags":[],"class_list":["post-102757","post","type-post","status-publish","format-standard","has-post-thumbnail","hentry","category-actualites","category-economie-marches"],"yoast_head":"<!-- This site is optimized with the Yoast SEO plugin v27.4 - https:\/\/yoast.com\/product\/yoast-seo-wordpress\/ -->\n<title>Rep\u00e9rage de l&#039;amiante avant travaux<\/title>\n<meta name=\"description\" content=\"L\u2019arr\u00eat\u00e9 du 16 juillet 2019 \u00ab relatif au rep\u00e9rage de l\u2019amiante avant certaines op\u00e9rations r\u00e9alis\u00e9es dans les immeubles b\u00e2tis \u00bb vient de para\u00eetre\" \/>\n<meta name=\"robots\" content=\"index, follow, max-snippet:-1, max-image-preview:large, max-video-preview:-1\" \/>\n<link rel=\"canonical\" href=\"https:\/\/batijournal.com\/index.php\/reperage-de-lamiante-avant-travaux\/102757\/\" \/>\n<meta property=\"og:locale\" content=\"fr_FR\" \/>\n<meta property=\"og:type\" content=\"article\" \/>\n<meta property=\"og:title\" content=\"Rep\u00e9rage de l&#039;amiante avant travaux\" \/>\n<meta property=\"og:description\" content=\"L\u2019arr\u00eat\u00e9 du 16 juillet 2019 \u00ab relatif au rep\u00e9rage de l\u2019amiante avant certaines op\u00e9rations r\u00e9alis\u00e9es dans les immeubles b\u00e2tis \u00bb vient de para\u00eetre\" \/>\n<meta property=\"og:url\" content=\"https:\/\/batijournal.com\/index.php\/reperage-de-lamiante-avant-travaux\/102757\/\" \/>\n<meta property=\"og:site_name\" content=\"Batijournal\" \/>\n<meta property=\"article:published_time\" content=\"2019-07-22T05:44:20+00:00\" \/>\n<meta property=\"og:image\" content=\"https:\/\/batijournal.com\/wp-content\/uploads\/2017\/01\/amiante.jpg\" \/>\n\t<meta property=\"og:image:width\" content=\"2000\" \/>\n\t<meta property=\"og:image:height\" content=\"1246\" \/>\n\t<meta property=\"og:image:type\" content=\"image\/jpeg\" \/>\n<meta name=\"author\" content=\"St\u00e9phane Miget\" \/>\n<meta name=\"twitter:card\" content=\"summary_large_image\" \/>\n<meta name=\"twitter:creator\" content=\"@bati_journal\" \/>\n<meta name=\"twitter:site\" content=\"@bati_journal\" \/>\n<meta name=\"twitter:label1\" content=\"\u00c9crit par\" \/>\n\t<meta name=\"twitter:data1\" content=\"St\u00e9phane Miget\" \/>\n\t<meta name=\"twitter:label2\" content=\"Dur\u00e9e de lecture estim\u00e9e\" \/>\n\t<meta name=\"twitter:data2\" content=\"1 minute\" \/>\n<script type=\"application\/ld+json\" class=\"yoast-schema-graph\">{\"@context\":\"https:\\\/\\\/schema.org\",\"@graph\":[{\"@type\":\"Article\",\"@id\":\"https:\\\/\\\/batijournal.com\\\/index.php\\\/reperage-de-lamiante-avant-travaux\\\/102757\\\/#article\",\"isPartOf\":{\"@id\":\"https:\\\/\\\/batijournal.com\\\/index.php\\\/reperage-de-lamiante-avant-travaux\\\/102757\\\/\"},\"author\":{\"name\":\"St\u00e9phane Miget\",\"@id\":\"https:\\\/\\\/batijournal.com\\\/#\\\/schema\\\/person\\\/1dc96ec6957aa1ccb25ebe78bb19f100\"},\"headline\":\"Rep\u00e9rage de l&rsquo;amiante avant travaux\",\"datePublished\":\"2019-07-22T05:44:20+00:00\",\"mainEntityOfPage\":{\"@id\":\"https:\\\/\\\/batijournal.com\\\/index.php\\\/reperage-de-lamiante-avant-travaux\\\/102757\\\/\"},\"wordCount\":244,\"image\":{\"@id\":\"https:\\\/\\\/batijournal.com\\\/index.php\\\/reperage-de-lamiante-avant-travaux\\\/102757\\\/#primaryimage\"},\"thumbnailUrl\":\"https:\\\/\\\/batijournal.com\\\/wp-content\\\/uploads\\\/2017\\\/01\\\/amiante.jpg\",\"articleSection\":[\"Actualit\u00e9s\",\"\u00c9conomie &amp; March\u00e9s\"],\"inLanguage\":\"fr-FR\"},{\"@type\":\"WebPage\",\"@id\":\"https:\\\/\\\/batijournal.com\\\/index.php\\\/reperage-de-lamiante-avant-travaux\\\/102757\\\/\",\"url\":\"https:\\\/\\\/batijournal.com\\\/index.php\\\/reperage-de-lamiante-avant-travaux\\\/102757\\\/\",\"name\":\"Rep\u00e9rage de l'amiante avant travaux\",\"isPartOf\":{\"@id\":\"https:\\\/\\\/batijournal.com\\\/#website\"},\"primaryImageOfPage\":{\"@id\":\"https:\\\/\\\/batijournal.com\\\/index.php\\\/reperage-de-lamiante-avant-travaux\\\/102757\\\/#primaryimage\"},\"image\":{\"@id\":\"https:\\\/\\\/batijournal.com\\\/index.php\\\/reperage-de-lamiante-avant-travaux\\\/102757\\\/#primaryimage\"},\"thumbnailUrl\":\"https:\\\/\\\/batijournal.com\\\/wp-content\\\/uploads\\\/2017\\\/01\\\/amiante.jpg\",\"datePublished\":\"2019-07-22T05:44:20+00:00\",\"author\":{\"@id\":\"https:\\\/\\\/batijournal.com\\\/#\\\/schema\\\/person\\\/1dc96ec6957aa1ccb25ebe78bb19f100\"},\"description\":\"L\u2019arr\u00eat\u00e9 du 16 juillet 2019 \u00ab relatif au rep\u00e9rage de l\u2019amiante avant certaines op\u00e9rations r\u00e9alis\u00e9es dans les immeubles b\u00e2tis \u00bb vient de para\u00eetre\",\"breadcrumb\":{\"@id\":\"https:\\\/\\\/batijournal.com\\\/index.php\\\/reperage-de-lamiante-avant-travaux\\\/102757\\\/#breadcrumb\"},\"inLanguage\":\"fr-FR\",\"potentialAction\":[{\"@type\":\"ReadAction\",\"target\":[\"https:\\\/\\\/batijournal.com\\\/index.php\\\/reperage-de-lamiante-avant-travaux\\\/102757\\\/\"]}]},{\"@type\":\"ImageObject\",\"inLanguage\":\"fr-FR\",\"@id\":\"https:\\\/\\\/batijournal.com\\\/index.php\\\/reperage-de-lamiante-avant-travaux\\\/102757\\\/#primaryimage\",\"url\":\"https:\\\/\\\/batijournal.com\\\/wp-content\\\/uploads\\\/2017\\\/01\\\/amiante.jpg\",\"contentUrl\":\"https:\\\/\\\/batijournal.com\\\/wp-content\\\/uploads\\\/2017\\\/01\\\/amiante.jpg\",\"width\":2000,\"height\":1246},{\"@type\":\"BreadcrumbList\",\"@id\":\"https:\\\/\\\/batijournal.com\\\/index.php\\\/reperage-de-lamiante-avant-travaux\\\/102757\\\/#breadcrumb\",\"itemListElement\":[{\"@type\":\"ListItem\",\"position\":1,\"name\":\"Accueil\",\"item\":\"https:\\\/\\\/batijournal.com\\\/\"},{\"@type\":\"ListItem\",\"position\":2,\"name\":\"Actualit\u00e9s\",\"item\":\"https:\\\/\\\/batijournal.com\\\/index.php\\\/category\\\/actualites\\\/\"},{\"@type\":\"ListItem\",\"position\":3,\"name\":\"Rep\u00e9rage de l&rsquo;amiante avant travaux\"}]},{\"@type\":\"WebSite\",\"@id\":\"https:\\\/\\\/batijournal.com\\\/#website\",\"url\":\"https:\\\/\\\/batijournal.com\\\/\",\"name\":\"Batijournal\",\"description\":\"L&#039;actualit\u00e9 du b\u00e2timent\",\"potentialAction\":[{\"@type\":\"SearchAction\",\"target\":{\"@type\":\"EntryPoint\",\"urlTemplate\":\"https:\\\/\\\/batijournal.com\\\/?s={search_term_string}\"},\"query-input\":{\"@type\":\"PropertyValueSpecification\",\"valueRequired\":true,\"valueName\":\"search_term_string\"}}],\"inLanguage\":\"fr-FR\"},{\"@type\":\"Person\",\"@id\":\"https:\\\/\\\/batijournal.com\\\/#\\\/schema\\\/person\\\/1dc96ec6957aa1ccb25ebe78bb19f100\",\"name\":\"St\u00e9phane Miget\",\"image\":{\"@type\":\"ImageObject\",\"inLanguage\":\"fr-FR\",\"@id\":\"https:\\\/\\\/secure.gravatar.com\\\/avatar\\\/89915563d925342126b8ef0281b93d9d7fc337043e8df017f780908eb9644451?s=96&d=mm&r=g\",\"url\":\"https:\\\/\\\/secure.gravatar.com\\\/avatar\\\/89915563d925342126b8ef0281b93d9d7fc337043e8df017f780908eb9644451?s=96&d=mm&r=g\",\"contentUrl\":\"https:\\\/\\\/secure.gravatar.com\\\/avatar\\\/89915563d925342126b8ef0281b93d9d7fc337043e8df017f780908eb9644451?s=96&d=mm&r=g\",\"caption\":\"St\u00e9phane Miget\"},\"url\":\"https:\\\/\\\/batijournal.com\\\/index.php\\\/author\\\/stephane\\\/\"}]}<\/script>\n<!-- \/ Yoast SEO plugin. -->","yoast_head_json":{"title":"Rep\u00e9rage de l'amiante avant travaux","description":"L\u2019arr\u00eat\u00e9 du 16 juillet 2019 \u00ab relatif au rep\u00e9rage de l\u2019amiante avant certaines op\u00e9rations r\u00e9alis\u00e9es dans les immeubles b\u00e2tis \u00bb vient de para\u00eetre","robots":{"index":"index","follow":"follow","max-snippet":"max-snippet:-1","max-image-preview":"max-image-preview:large","max-video-preview":"max-video-preview:-1"},"canonical":"https:\/\/batijournal.com\/index.php\/reperage-de-lamiante-avant-travaux\/102757\/","og_locale":"fr_FR","og_type":"article","og_title":"Rep\u00e9rage de l'amiante avant travaux","og_description":"L\u2019arr\u00eat\u00e9 du 16 juillet 2019 \u00ab relatif au rep\u00e9rage de l\u2019amiante avant certaines op\u00e9rations r\u00e9alis\u00e9es dans les immeubles b\u00e2tis \u00bb vient de para\u00eetre","og_url":"https:\/\/batijournal.com\/index.php\/reperage-de-lamiante-avant-travaux\/102757\/","og_site_name":"Batijournal","article_published_time":"2019-07-22T05:44:20+00:00","og_image":[{"width":2000,"height":1246,"url":"https:\/\/batijournal.com\/wp-content\/uploads\/2017\/01\/amiante.jpg","type":"image\/jpeg"}],"author":"St\u00e9phane Miget","twitter_card":"summary_large_image","twitter_creator":"@bati_journal","twitter_site":"@bati_journal","twitter_misc":{"\u00c9crit par":"St\u00e9phane Miget","Dur\u00e9e de lecture estim\u00e9e":"1 minute"},"schema":{"@context":"https:\/\/schema.org","@graph":[{"@type":"Article","@id":"https:\/\/batijournal.com\/index.php\/reperage-de-lamiante-avant-travaux\/102757\/#article","isPartOf":{"@id":"https:\/\/batijournal.com\/index.php\/reperage-de-lamiante-avant-travaux\/102757\/"},"author":{"name":"St\u00e9phane Miget","@id":"https:\/\/batijournal.com\/#\/schema\/person\/1dc96ec6957aa1ccb25ebe78bb19f100"},"headline":"Rep\u00e9rage de l&rsquo;amiante avant travaux","datePublished":"2019-07-22T05:44:20+00:00","mainEntityOfPage":{"@id":"https:\/\/batijournal.com\/index.php\/reperage-de-lamiante-avant-travaux\/102757\/"},"wordCount":244,"image":{"@id":"https:\/\/batijournal.com\/index.php\/reperage-de-lamiante-avant-travaux\/102757\/#primaryimage"},"thumbnailUrl":"https:\/\/batijournal.com\/wp-content\/uploads\/2017\/01\/amiante.jpg","articleSection":["Actualit\u00e9s","\u00c9conomie &amp; March\u00e9s"],"inLanguage":"fr-FR"},{"@type":"WebPage","@id":"https:\/\/batijournal.com\/index.php\/reperage-de-lamiante-avant-travaux\/102757\/","url":"https:\/\/batijournal.com\/index.php\/reperage-de-lamiante-avant-travaux\/102757\/","name":"Rep\u00e9rage de l'amiante avant travaux","isPartOf":{"@id":"https:\/\/batijournal.com\/#website"},"primaryImageOfPage":{"@id":"https:\/\/batijournal.com\/index.php\/reperage-de-lamiante-avant-travaux\/102757\/#primaryimage"},"image":{"@id":"https:\/\/batijournal.com\/index.php\/reperage-de-lamiante-avant-travaux\/102757\/#primaryimage"},"thumbnailUrl":"https:\/\/batijournal.com\/wp-content\/uploads\/2017\/01\/amiante.jpg","datePublished":"2019-07-22T05:44:20+00:00","author":{"@id":"https:\/\/batijournal.com\/#\/schema\/person\/1dc96ec6957aa1ccb25ebe78bb19f100"},"description":"L\u2019arr\u00eat\u00e9 du 16 juillet 2019 \u00ab relatif au rep\u00e9rage de l\u2019amiante avant certaines op\u00e9rations r\u00e9alis\u00e9es dans les immeubles b\u00e2tis \u00bb vient de para\u00eetre","breadcrumb":{"@id":"https:\/\/batijournal.com\/index.php\/reperage-de-lamiante-avant-travaux\/102757\/#breadcrumb"},"inLanguage":"fr-FR","potentialAction":[{"@type":"ReadAction","target":["https:\/\/batijournal.com\/index.php\/reperage-de-lamiante-avant-travaux\/102757\/"]}]},{"@type":"ImageObject","inLanguage":"fr-FR","@id":"https:\/\/batijournal.com\/index.php\/reperage-de-lamiante-avant-travaux\/102757\/#primaryimage","url":"https:\/\/batijournal.com\/wp-content\/uploads\/2017\/01\/amiante.jpg","contentUrl":"https:\/\/batijournal.com\/wp-content\/uploads\/2017\/01\/amiante.jpg","width":2000,"height":1246},{"@type":"BreadcrumbList","@id":"https:\/\/batijournal.com\/index.php\/reperage-de-lamiante-avant-travaux\/102757\/#breadcrumb","itemListElement":[{"@type":"ListItem","position":1,"name":"Accueil","item":"https:\/\/batijournal.com\/"},{"@type":"ListItem","position":2,"name":"Actualit\u00e9s","item":"https:\/\/batijournal.com\/index.php\/category\/actualites\/"},{"@type":"ListItem","position":3,"name":"Rep\u00e9rage de l&rsquo;amiante avant travaux"}]},{"@type":"WebSite","@id":"https:\/\/batijournal.com\/#website","url":"https:\/\/batijournal.com\/","name":"Batijournal","description":"L&#039;actualit\u00e9 du b\u00e2timent","potentialAction":[{"@type":"SearchAction","target":{"@type":"EntryPoint","urlTemplate":"https:\/\/batijournal.com\/?s={search_term_string}"},"query-input":{"@type":"PropertyValueSpecification","valueRequired":true,"valueName":"search_term_string"}}],"inLanguage":"fr-FR"},{"@type":"Person","@id":"https:\/\/batijournal.com\/#\/schema\/person\/1dc96ec6957aa1ccb25ebe78bb19f100","name":"St\u00e9phane Miget","image":{"@type":"ImageObject","inLanguage":"fr-FR","@id":"https:\/\/secure.gravatar.com\/avatar\/89915563d925342126b8ef0281b93d9d7fc337043e8df017f780908eb9644451?s=96&d=mm&r=g","url":"https:\/\/secure.gravatar.com\/avatar\/89915563d925342126b8ef0281b93d9d7fc337043e8df017f780908eb9644451?s=96&d=mm&r=g","contentUrl":"https:\/\/secure.gravatar.com\/avatar\/89915563d925342126b8ef0281b93d9d7fc337043e8df017f780908eb9644451?s=96&d=mm&r=g","caption":"St\u00e9phane Miget"},"url":"https:\/\/batijournal.com\/index.php\/author\/stephane\/"}]}},"_links":{"self":[{"href":"https:\/\/batijournal.com\/index.php\/wp-json\/wp\/v2\/posts\/102757","targetHints":{"allow":["GET"]}}],"collection":[{"href":"https:\/\/batijournal.com\/index.php\/wp-json\/wp\/v2\/posts"}],"about":[{"href":"https:\/\/batijournal.com\/index.php\/wp-json\/wp\/v2\/types\/post"}],"author":[{"embeddable":true,"href":"https:\/\/batijournal.com\/index.php\/wp-json\/wp\/v2\/users\/17"}],"replies":[{"embeddable":true,"href":"https:\/\/batijournal.com\/index.php\/wp-json\/wp\/v2\/comments?post=102757"}],"version-history":[{"count":0,"href":"https:\/\/batijournal.com\/index.php\/wp-json\/wp\/v2\/posts\/102757\/revisions"}],"wp:featuredmedia":[{"embeddable":true,"href":"https:\/\/batijournal.com\/index.php\/wp-json\/wp\/v2\/media\/94870"}],"wp:attachment":[{"href":"https:\/\/batijournal.com\/index.php\/wp-json\/wp\/v2\/media?parent=102757"}],"wp:term":[{"taxonomy":"category","embeddable":true,"href":"https:\/\/batijournal.com\/index.php\/wp-json\/wp\/v2\/categories?post=102757"},{"taxonomy":"post_tag","embeddable":true,"href":"https:\/\/batijournal.com\/index.php\/wp-json\/wp\/v2\/tags?post=102757"}],"curies":[{"name":"wp","href":"https:\/\/api.w.org\/{rel}","templated":true}]}}