{"id":102787,"date":"2019-08-26T07:57:02","date_gmt":"2019-08-26T05:57:02","guid":{"rendered":"https:\/\/batijournal.com\/?p=102787"},"modified":"2019-08-26T07:57:02","modified_gmt":"2019-08-26T05:57:02","slug":"le-projet-francais-habiter2030-a-remporte-le-solar-decathlon-europe","status":"publish","type":"post","link":"https:\/\/batijournal.com\/index.php\/le-projet-francais-habiter2030-a-remporte-le-solar-decathlon-europe\/102787\/","title":{"rendered":"Le projet fran\u00e7ais Habiter2030 a remport\u00e9 le Solar Decathlon Europe"},"content":{"rendered":"<p><strong>Dimanche 28\u00a0juillet 2019, \u00e0 Szentendre, pr\u00e8s de Budapest, l\u2019\u00c9cole Nationale Sup\u00e9rieure d\u2019Architecture et de Paysage de Lille, les Compagnons du Devoir et du Tour de France de Villeneuve d\u2019Ascq, avec l\u2019association Habiter 2030 ont remport\u00e9 le Solar Decathlon Europe 2019. Sur les dix \u00e9preuves de cette comp\u00e9tition, H2030 s\u2019est distingu\u00e9e notamment sur trois crit\u00e8res\u00a0: circularit\u00e9 et soutenabilit\u00e9, int\u00e9gration urbaine et impact, et le bilan \u00e9nerg\u00e9tique.<\/strong><\/p>\n<p>L\u2019\u00e9quipe Habiter2030 s\u2019est attaqu\u00e9e \u00e0 la question des maisons de ville mitoyennes telle qu\u2019il en existe environ sept cent mille dans la r\u00e9gion des Hauts-de-France. Ces maisons g\u00e9n\u00e9ralement en brique, caract\u00e9ristiques de l\u2019\u00e9poque industrielle, souvent mal isol\u00e9es, n\u00e9cessitent aujourd\u2019hui une r\u00e9habilitation massive pour lutter activement contre le r\u00e9chauffement climatique. Pendant deux ans, deux cents \u00e9tudiants, architectes, ing\u00e9nieurs, designers, politistes et jeunes Compagnons ont construit une r\u00e9plique des maisons de ville en optimisant sa construction d\u2019un point de vue \u00e9nerg\u00e9tique. Ils ont projet\u00e9 une isolation privil\u00e9giant le sol et le toit avec des isolants \u00e9cologiques \u00e0 base de coton recycl\u00e9, dress\u00e9 des enduits \u00e0 base de chanvre, des rideaux pour moduler les espaces selon les usages et les saisons. Une serre permet d\u2019agrandir la maison sur le jardin. Les ing\u00e9nieurs des Mines de Douai, du FSA B\u00e9thune, de l\u2019Ensiame de Valenciennes, de Centrale, des Arts et M\u00e9tiers et de HEI \u00e0 Lille ont \u00e9quip\u00e9 la maison de technologies sophistiqu\u00e9es. Durant les deux semaines de comp\u00e9tition, les panneaux solaires et thermiques ont produit plus d\u2019\u00e9lectricit\u00e9 que la maison n\u2019en a consomm\u00e9e. Les Compagnons du Devoir et du Tour de France ont partag\u00e9 leurs savoir-faire avec les \u00e9tudiants pour construire ce prototype \u00e0 Villeneuve d\u2019Ascq avant de le d\u00e9monter, le faire voyager sur dix camions jusqu\u2019\u00e0 Budapest, et le remonter sur site pour la comp\u00e9tition.<\/p>\n<p>&nbsp;<\/p>\n<p>Photo : \u00a9ensapl<\/p>\n","protected":false},"excerpt":{"rendered":"<p>Dimanche 28\u00a0juillet 2019, \u00e0 Szentendre, pr\u00e8s de Budapest, l\u2019\u00c9cole Nationale Sup\u00e9rieure d\u2019Architecture et de Paysage de Lille, les Compagnons du Devoir et du Tour de France de Villeneuve d\u2019Ascq, avec l\u2019association Habiter 2030 ont remport\u00e9 le Solar Decathlon Europe 2019. Sur les dix \u00e9preuves de cette comp\u00e9tition, H2030 s\u2019est distingu\u00e9e notamment sur trois crit\u00e8res\u00a0: circularit\u00e9 [&hellip;]<\/p>\n","protected":false},"author":17,"featured_media":102788,"comment_status":"closed","ping_status":"closed","sticky":false,"template":"","format":"standard","meta":{"_et_pb_use_builder":"","_et_pb_old_content":"","_et_gb_content_width":"","footnotes":""},"categories":[10530,6340,6351,10781,10778],"tags":[8119],"class_list":["post-102787","post","type-post","status-publish","format-standard","has-post-thumbnail","hentry","category-actualites","category-architecture-conception","category-energie-environnement","category-publications-planete","category-planete","tag-solar-decathlon"],"yoast_head":"<!-- This site is optimized with the Yoast SEO plugin v27.4 - https:\/\/yoast.com\/product\/yoast-seo-wordpress\/ -->\n<title>Le projet fran\u00e7ais Habiter2030 a remport\u00e9 le Solar Decathlon Europe<\/title>\n<meta name=\"description\" content=\"l\u2019\u00c9cole Nationale Sup\u00e9rieure d\u2019Architecture et de Paysage de Lille, les Compagnons du Devoir, et Habiter 2030 ont remport\u00e9 le Solar Decathlon Europe 2019\" \/>\n<meta name=\"robots\" content=\"index, follow, max-snippet:-1, max-image-preview:large, max-video-preview:-1\" \/>\n<link rel=\"canonical\" href=\"https:\/\/batijournal.com\/index.php\/le-projet-francais-habiter2030-a-remporte-le-solar-decathlon-europe\/102787\/\" \/>\n<meta property=\"og:locale\" content=\"fr_FR\" \/>\n<meta property=\"og:type\" content=\"article\" \/>\n<meta property=\"og:title\" content=\"Le projet fran\u00e7ais Habiter2030 a remport\u00e9 le Solar Decathlon Europe\" \/>\n<meta property=\"og:description\" content=\"l\u2019\u00c9cole Nationale Sup\u00e9rieure d\u2019Architecture et de Paysage de Lille, les Compagnons du Devoir, et Habiter 2030 ont remport\u00e9 le Solar Decathlon Europe 2019\" \/>\n<meta property=\"og:url\" content=\"https:\/\/batijournal.com\/index.php\/le-projet-francais-habiter2030-a-remporte-le-solar-decathlon-europe\/102787\/\" \/>\n<meta property=\"og:site_name\" content=\"Batijournal\" \/>\n<meta property=\"article:published_time\" content=\"2019-08-26T05:57:02+00:00\" \/>\n<meta property=\"og:image\" content=\"https:\/\/batijournal.com\/wp-content\/uploads\/2019\/08\/Habiter2030-Solar-Decathlon-Europe.jpg\" \/>\n\t<meta property=\"og:image:width\" content=\"1200\" \/>\n\t<meta property=\"og:image:height\" content=\"805\" \/>\n\t<meta property=\"og:image:type\" content=\"image\/jpeg\" \/>\n<meta name=\"author\" content=\"St\u00e9phane Miget\" \/>\n<meta name=\"twitter:card\" content=\"summary_large_image\" \/>\n<meta name=\"twitter:creator\" content=\"@bati_journal\" \/>\n<meta name=\"twitter:site\" content=\"@bati_journal\" \/>\n<meta name=\"twitter:label1\" content=\"\u00c9crit par\" \/>\n\t<meta name=\"twitter:data1\" content=\"St\u00e9phane Miget\" \/>\n\t<meta name=\"twitter:label2\" content=\"Dur\u00e9e de lecture estim\u00e9e\" \/>\n\t<meta name=\"twitter:data2\" content=\"2 minutes\" \/>\n<script type=\"application\/ld+json\" class=\"yoast-schema-graph\">{\"@context\":\"https:\\\/\\\/schema.org\",\"@graph\":[{\"@type\":\"Article\",\"@id\":\"https:\\\/\\\/batijournal.com\\\/index.php\\\/le-projet-francais-habiter2030-a-remporte-le-solar-decathlon-europe\\\/102787\\\/#article\",\"isPartOf\":{\"@id\":\"https:\\\/\\\/batijournal.com\\\/index.php\\\/le-projet-francais-habiter2030-a-remporte-le-solar-decathlon-europe\\\/102787\\\/\"},\"author\":{\"name\":\"St\u00e9phane Miget\",\"@id\":\"https:\\\/\\\/batijournal.com\\\/#\\\/schema\\\/person\\\/1dc96ec6957aa1ccb25ebe78bb19f100\"},\"headline\":\"Le projet fran\u00e7ais Habiter2030 a remport\u00e9 le Solar Decathlon Europe\",\"datePublished\":\"2019-08-26T05:57:02+00:00\",\"mainEntityOfPage\":{\"@id\":\"https:\\\/\\\/batijournal.com\\\/index.php\\\/le-projet-francais-habiter2030-a-remporte-le-solar-decathlon-europe\\\/102787\\\/\"},\"wordCount\":336,\"image\":{\"@id\":\"https:\\\/\\\/batijournal.com\\\/index.php\\\/le-projet-francais-habiter2030-a-remporte-le-solar-decathlon-europe\\\/102787\\\/#primaryimage\"},\"thumbnailUrl\":\"https:\\\/\\\/batijournal.com\\\/wp-content\\\/uploads\\\/2019\\\/08\\\/Habiter2030-Solar-Decathlon-Europe.jpg\",\"keywords\":[\"solar decathlon\"],\"articleSection\":[\"Actualit\u00e9s\",\"Architecture &amp; Conception\",\"\u00c9nergie &amp; Environnement\",\"zz_Actualit\u00e9s - Plan\u00e8te\",\"zz_Plan\u00e8te B\u00e2timent\"],\"inLanguage\":\"fr-FR\"},{\"@type\":\"WebPage\",\"@id\":\"https:\\\/\\\/batijournal.com\\\/index.php\\\/le-projet-francais-habiter2030-a-remporte-le-solar-decathlon-europe\\\/102787\\\/\",\"url\":\"https:\\\/\\\/batijournal.com\\\/index.php\\\/le-projet-francais-habiter2030-a-remporte-le-solar-decathlon-europe\\\/102787\\\/\",\"name\":\"Le projet fran\u00e7ais Habiter2030 a remport\u00e9 le Solar Decathlon Europe\",\"isPartOf\":{\"@id\":\"https:\\\/\\\/batijournal.com\\\/#website\"},\"primaryImageOfPage\":{\"@id\":\"https:\\\/\\\/batijournal.com\\\/index.php\\\/le-projet-francais-habiter2030-a-remporte-le-solar-decathlon-europe\\\/102787\\\/#primaryimage\"},\"image\":{\"@id\":\"https:\\\/\\\/batijournal.com\\\/index.php\\\/le-projet-francais-habiter2030-a-remporte-le-solar-decathlon-europe\\\/102787\\\/#primaryimage\"},\"thumbnailUrl\":\"https:\\\/\\\/batijournal.com\\\/wp-content\\\/uploads\\\/2019\\\/08\\\/Habiter2030-Solar-Decathlon-Europe.jpg\",\"datePublished\":\"2019-08-26T05:57:02+00:00\",\"author\":{\"@id\":\"https:\\\/\\\/batijournal.com\\\/#\\\/schema\\\/person\\\/1dc96ec6957aa1ccb25ebe78bb19f100\"},\"description\":\"l\u2019\u00c9cole Nationale Sup\u00e9rieure d\u2019Architecture et de Paysage de Lille, les Compagnons du Devoir, et Habiter 2030 ont remport\u00e9 le Solar Decathlon Europe 2019\",\"breadcrumb\":{\"@id\":\"https:\\\/\\\/batijournal.com\\\/index.php\\\/le-projet-francais-habiter2030-a-remporte-le-solar-decathlon-europe\\\/102787\\\/#breadcrumb\"},\"inLanguage\":\"fr-FR\",\"potentialAction\":[{\"@type\":\"ReadAction\",\"target\":[\"https:\\\/\\\/batijournal.com\\\/index.php\\\/le-projet-francais-habiter2030-a-remporte-le-solar-decathlon-europe\\\/102787\\\/\"]}]},{\"@type\":\"ImageObject\",\"inLanguage\":\"fr-FR\",\"@id\":\"https:\\\/\\\/batijournal.com\\\/index.php\\\/le-projet-francais-habiter2030-a-remporte-le-solar-decathlon-europe\\\/102787\\\/#primaryimage\",\"url\":\"https:\\\/\\\/batijournal.com\\\/wp-content\\\/uploads\\\/2019\\\/08\\\/Habiter2030-Solar-Decathlon-Europe.jpg\",\"contentUrl\":\"https:\\\/\\\/batijournal.com\\\/wp-content\\\/uploads\\\/2019\\\/08\\\/Habiter2030-Solar-Decathlon-Europe.jpg\",\"width\":1200,\"height\":805},{\"@type\":\"BreadcrumbList\",\"@id\":\"https:\\\/\\\/batijournal.com\\\/index.php\\\/le-projet-francais-habiter2030-a-remporte-le-solar-decathlon-europe\\\/102787\\\/#breadcrumb\",\"itemListElement\":[{\"@type\":\"ListItem\",\"position\":1,\"name\":\"Accueil\",\"item\":\"https:\\\/\\\/batijournal.com\\\/\"},{\"@type\":\"ListItem\",\"position\":2,\"name\":\"Actualit\u00e9s\",\"item\":\"https:\\\/\\\/batijournal.com\\\/index.php\\\/category\\\/actualites\\\/\"},{\"@type\":\"ListItem\",\"position\":3,\"name\":\"Le projet fran\u00e7ais Habiter2030 a remport\u00e9 le Solar Decathlon Europe\"}]},{\"@type\":\"WebSite\",\"@id\":\"https:\\\/\\\/batijournal.com\\\/#website\",\"url\":\"https:\\\/\\\/batijournal.com\\\/\",\"name\":\"Batijournal\",\"description\":\"L&#039;actualit\u00e9 du b\u00e2timent\",\"potentialAction\":[{\"@type\":\"SearchAction\",\"target\":{\"@type\":\"EntryPoint\",\"urlTemplate\":\"https:\\\/\\\/batijournal.com\\\/?s={search_term_string}\"},\"query-input\":{\"@type\":\"PropertyValueSpecification\",\"valueRequired\":true,\"valueName\":\"search_term_string\"}}],\"inLanguage\":\"fr-FR\"},{\"@type\":\"Person\",\"@id\":\"https:\\\/\\\/batijournal.com\\\/#\\\/schema\\\/person\\\/1dc96ec6957aa1ccb25ebe78bb19f100\",\"name\":\"St\u00e9phane Miget\",\"image\":{\"@type\":\"ImageObject\",\"inLanguage\":\"fr-FR\",\"@id\":\"https:\\\/\\\/secure.gravatar.com\\\/avatar\\\/89915563d925342126b8ef0281b93d9d7fc337043e8df017f780908eb9644451?s=96&d=mm&r=g\",\"url\":\"https:\\\/\\\/secure.gravatar.com\\\/avatar\\\/89915563d925342126b8ef0281b93d9d7fc337043e8df017f780908eb9644451?s=96&d=mm&r=g\",\"contentUrl\":\"https:\\\/\\\/secure.gravatar.com\\\/avatar\\\/89915563d925342126b8ef0281b93d9d7fc337043e8df017f780908eb9644451?s=96&d=mm&r=g\",\"caption\":\"St\u00e9phane Miget\"},\"url\":\"https:\\\/\\\/batijournal.com\\\/index.php\\\/author\\\/stephane\\\/\"}]}<\/script>\n<!-- \/ Yoast SEO plugin. -->","yoast_head_json":{"title":"Le projet fran\u00e7ais Habiter2030 a remport\u00e9 le Solar Decathlon Europe","description":"l\u2019\u00c9cole Nationale Sup\u00e9rieure d\u2019Architecture et de Paysage de Lille, les Compagnons du Devoir, et Habiter 2030 ont remport\u00e9 le Solar Decathlon Europe 2019","robots":{"index":"index","follow":"follow","max-snippet":"max-snippet:-1","max-image-preview":"max-image-preview:large","max-video-preview":"max-video-preview:-1"},"canonical":"https:\/\/batijournal.com\/index.php\/le-projet-francais-habiter2030-a-remporte-le-solar-decathlon-europe\/102787\/","og_locale":"fr_FR","og_type":"article","og_title":"Le projet fran\u00e7ais Habiter2030 a remport\u00e9 le Solar Decathlon Europe","og_description":"l\u2019\u00c9cole Nationale Sup\u00e9rieure d\u2019Architecture et de Paysage de Lille, les Compagnons du Devoir, et Habiter 2030 ont remport\u00e9 le Solar Decathlon Europe 2019","og_url":"https:\/\/batijournal.com\/index.php\/le-projet-francais-habiter2030-a-remporte-le-solar-decathlon-europe\/102787\/","og_site_name":"Batijournal","article_published_time":"2019-08-26T05:57:02+00:00","og_image":[{"width":1200,"height":805,"url":"https:\/\/batijournal.com\/wp-content\/uploads\/2019\/08\/Habiter2030-Solar-Decathlon-Europe.jpg","type":"image\/jpeg"}],"author":"St\u00e9phane Miget","twitter_card":"summary_large_image","twitter_creator":"@bati_journal","twitter_site":"@bati_journal","twitter_misc":{"\u00c9crit par":"St\u00e9phane Miget","Dur\u00e9e de lecture estim\u00e9e":"2 minutes"},"schema":{"@context":"https:\/\/schema.org","@graph":[{"@type":"Article","@id":"https:\/\/batijournal.com\/index.php\/le-projet-francais-habiter2030-a-remporte-le-solar-decathlon-europe\/102787\/#article","isPartOf":{"@id":"https:\/\/batijournal.com\/index.php\/le-projet-francais-habiter2030-a-remporte-le-solar-decathlon-europe\/102787\/"},"author":{"name":"St\u00e9phane Miget","@id":"https:\/\/batijournal.com\/#\/schema\/person\/1dc96ec6957aa1ccb25ebe78bb19f100"},"headline":"Le projet fran\u00e7ais Habiter2030 a remport\u00e9 le Solar Decathlon Europe","datePublished":"2019-08-26T05:57:02+00:00","mainEntityOfPage":{"@id":"https:\/\/batijournal.com\/index.php\/le-projet-francais-habiter2030-a-remporte-le-solar-decathlon-europe\/102787\/"},"wordCount":336,"image":{"@id":"https:\/\/batijournal.com\/index.php\/le-projet-francais-habiter2030-a-remporte-le-solar-decathlon-europe\/102787\/#primaryimage"},"thumbnailUrl":"https:\/\/batijournal.com\/wp-content\/uploads\/2019\/08\/Habiter2030-Solar-Decathlon-Europe.jpg","keywords":["solar decathlon"],"articleSection":["Actualit\u00e9s","Architecture &amp; Conception","\u00c9nergie &amp; Environnement","zz_Actualit\u00e9s - Plan\u00e8te","zz_Plan\u00e8te B\u00e2timent"],"inLanguage":"fr-FR"},{"@type":"WebPage","@id":"https:\/\/batijournal.com\/index.php\/le-projet-francais-habiter2030-a-remporte-le-solar-decathlon-europe\/102787\/","url":"https:\/\/batijournal.com\/index.php\/le-projet-francais-habiter2030-a-remporte-le-solar-decathlon-europe\/102787\/","name":"Le projet fran\u00e7ais Habiter2030 a remport\u00e9 le Solar Decathlon Europe","isPartOf":{"@id":"https:\/\/batijournal.com\/#website"},"primaryImageOfPage":{"@id":"https:\/\/batijournal.com\/index.php\/le-projet-francais-habiter2030-a-remporte-le-solar-decathlon-europe\/102787\/#primaryimage"},"image":{"@id":"https:\/\/batijournal.com\/index.php\/le-projet-francais-habiter2030-a-remporte-le-solar-decathlon-europe\/102787\/#primaryimage"},"thumbnailUrl":"https:\/\/batijournal.com\/wp-content\/uploads\/2019\/08\/Habiter2030-Solar-Decathlon-Europe.jpg","datePublished":"2019-08-26T05:57:02+00:00","author":{"@id":"https:\/\/batijournal.com\/#\/schema\/person\/1dc96ec6957aa1ccb25ebe78bb19f100"},"description":"l\u2019\u00c9cole Nationale Sup\u00e9rieure d\u2019Architecture et de Paysage de Lille, les Compagnons du Devoir, et Habiter 2030 ont remport\u00e9 le Solar Decathlon Europe 2019","breadcrumb":{"@id":"https:\/\/batijournal.com\/index.php\/le-projet-francais-habiter2030-a-remporte-le-solar-decathlon-europe\/102787\/#breadcrumb"},"inLanguage":"fr-FR","potentialAction":[{"@type":"ReadAction","target":["https:\/\/batijournal.com\/index.php\/le-projet-francais-habiter2030-a-remporte-le-solar-decathlon-europe\/102787\/"]}]},{"@type":"ImageObject","inLanguage":"fr-FR","@id":"https:\/\/batijournal.com\/index.php\/le-projet-francais-habiter2030-a-remporte-le-solar-decathlon-europe\/102787\/#primaryimage","url":"https:\/\/batijournal.com\/wp-content\/uploads\/2019\/08\/Habiter2030-Solar-Decathlon-Europe.jpg","contentUrl":"https:\/\/batijournal.com\/wp-content\/uploads\/2019\/08\/Habiter2030-Solar-Decathlon-Europe.jpg","width":1200,"height":805},{"@type":"BreadcrumbList","@id":"https:\/\/batijournal.com\/index.php\/le-projet-francais-habiter2030-a-remporte-le-solar-decathlon-europe\/102787\/#breadcrumb","itemListElement":[{"@type":"ListItem","position":1,"name":"Accueil","item":"https:\/\/batijournal.com\/"},{"@type":"ListItem","position":2,"name":"Actualit\u00e9s","item":"https:\/\/batijournal.com\/index.php\/category\/actualites\/"},{"@type":"ListItem","position":3,"name":"Le projet fran\u00e7ais Habiter2030 a remport\u00e9 le Solar Decathlon Europe"}]},{"@type":"WebSite","@id":"https:\/\/batijournal.com\/#website","url":"https:\/\/batijournal.com\/","name":"Batijournal","description":"L&#039;actualit\u00e9 du b\u00e2timent","potentialAction":[{"@type":"SearchAction","target":{"@type":"EntryPoint","urlTemplate":"https:\/\/batijournal.com\/?s={search_term_string}"},"query-input":{"@type":"PropertyValueSpecification","valueRequired":true,"valueName":"search_term_string"}}],"inLanguage":"fr-FR"},{"@type":"Person","@id":"https:\/\/batijournal.com\/#\/schema\/person\/1dc96ec6957aa1ccb25ebe78bb19f100","name":"St\u00e9phane Miget","image":{"@type":"ImageObject","inLanguage":"fr-FR","@id":"https:\/\/secure.gravatar.com\/avatar\/89915563d925342126b8ef0281b93d9d7fc337043e8df017f780908eb9644451?s=96&d=mm&r=g","url":"https:\/\/secure.gravatar.com\/avatar\/89915563d925342126b8ef0281b93d9d7fc337043e8df017f780908eb9644451?s=96&d=mm&r=g","contentUrl":"https:\/\/secure.gravatar.com\/avatar\/89915563d925342126b8ef0281b93d9d7fc337043e8df017f780908eb9644451?s=96&d=mm&r=g","caption":"St\u00e9phane Miget"},"url":"https:\/\/batijournal.com\/index.php\/author\/stephane\/"}]}},"_links":{"self":[{"href":"https:\/\/batijournal.com\/index.php\/wp-json\/wp\/v2\/posts\/102787","targetHints":{"allow":["GET"]}}],"collection":[{"href":"https:\/\/batijournal.com\/index.php\/wp-json\/wp\/v2\/posts"}],"about":[{"href":"https:\/\/batijournal.com\/index.php\/wp-json\/wp\/v2\/types\/post"}],"author":[{"embeddable":true,"href":"https:\/\/batijournal.com\/index.php\/wp-json\/wp\/v2\/users\/17"}],"replies":[{"embeddable":true,"href":"https:\/\/batijournal.com\/index.php\/wp-json\/wp\/v2\/comments?post=102787"}],"version-history":[{"count":0,"href":"https:\/\/batijournal.com\/index.php\/wp-json\/wp\/v2\/posts\/102787\/revisions"}],"wp:featuredmedia":[{"embeddable":true,"href":"https:\/\/batijournal.com\/index.php\/wp-json\/wp\/v2\/media\/102788"}],"wp:attachment":[{"href":"https:\/\/batijournal.com\/index.php\/wp-json\/wp\/v2\/media?parent=102787"}],"wp:term":[{"taxonomy":"category","embeddable":true,"href":"https:\/\/batijournal.com\/index.php\/wp-json\/wp\/v2\/categories?post=102787"},{"taxonomy":"post_tag","embeddable":true,"href":"https:\/\/batijournal.com\/index.php\/wp-json\/wp\/v2\/tags?post=102787"}],"curies":[{"name":"wp","href":"https:\/\/api.w.org\/{rel}","templated":true}]}}