{"id":102789,"date":"2019-08-26T09:25:34","date_gmt":"2019-08-26T07:25:34","guid":{"rendered":"https:\/\/batijournal.com\/?p=102789"},"modified":"2019-08-26T09:25:34","modified_gmt":"2019-08-26T07:25:34","slug":"la-france-accueillera-la-competition-internationale-worldskills-a-lyon-en-2023","status":"publish","type":"post","link":"https:\/\/batijournal.com\/index.php\/la-france-accueillera-la-competition-internationale-worldskills-a-lyon-en-2023\/102789\/","title":{"rendered":"La France accueillera la comp\u00e9tition internationale Worldskills \u00e0 Lyon en 2023"},"content":{"rendered":"<p>L\u2018Assembl\u00e9e G\u00e9n\u00e9rale de l\u2019organisation mondiale WorldSkills r\u00e9unissant 82 pays membres dont environ 60 pays votants a choisi, face au Japon, la candidature fran\u00e7aise pour l\u2019organisation en 2023 \u00e0 Lyon des Finales de la comp\u00e9tition internationale WorldSkills. L&rsquo;Olympiades des M\u00e9tiers, organis\u00e9e tous les deux ans dans un pays diff\u00e9rent du monde, met en comp\u00e9tition des jeunes professionnels \u00e2g\u00e9s de moins de 23 ans dans plus d\u2019une cinquantaine de m\u00e9tiers techniques, technologiques, artisanaux et de services. Pour Muriel P\u00e9nicaud, Ministre du Travail : \u00ab\u00a0L\u2019organisation en France des Olympiades des M\u00e9tiers \u00e0 Lyon en 2023 est le symbole de la mobilisation sans pr\u00e9c\u00e9dent du Gouvernement en faveur de l\u2019enseignement professionnel et de l\u2019apprentissage des jeunes dans notre pays, voie d\u2019excellence, de passion et d&rsquo;avenir. Ces \u00ab\u00a0Jeux Olympiques des m\u00e9tiers\u00a0\u00bb seront la vitrine du talent de nos jeunes et de leurs secteurs. Ils contribueront \u00e0 l\u2019attractivit\u00e9 des m\u00e9tiers.\u00a0\u00bb<\/p>\n","protected":false},"excerpt":{"rendered":"<p>L\u2018Assembl\u00e9e G\u00e9n\u00e9rale de l\u2019organisation mondiale WorldSkills r\u00e9unissant 82 pays membres dont environ 60 pays votants a choisi, face au Japon, la candidature fran\u00e7aise pour l\u2019organisation en 2023 \u00e0 Lyon des Finales de la comp\u00e9tition internationale WorldSkills. L&rsquo;Olympiades des M\u00e9tiers, organis\u00e9e tous les deux ans dans un pays diff\u00e9rent du monde, met en comp\u00e9tition des jeunes [&hellip;]<\/p>\n","protected":false},"author":17,"featured_media":102790,"comment_status":"closed","ping_status":"closed","sticky":false,"template":"","format":"standard","meta":{"_et_pb_use_builder":"","_et_pb_old_content":"","_et_gb_content_width":"","footnotes":""},"categories":[10530,6345,10771,10775,10769,10764],"tags":[7180,7252],"class_list":["post-102789","post","type-post","status-publish","format-standard","has-post-thumbnail","hentry","category-actualites","category-economie-marches","category-5facades","category-actualites-5facades","category-publications","category-woodsurfer","tag-olympiades-des-metiers","tag-worldskills"],"yoast_head":"<!-- This site is optimized with the Yoast SEO plugin v27.4 - https:\/\/yoast.com\/product\/yoast-seo-wordpress\/ -->\n<title>La France accueillera la comp\u00e9tition internationale Worldskills \u00e0 Lyon en 2023<\/title>\n<meta name=\"description\" content=\"WorldSkills r\u00e9unissant 82 pays membres dont environ 60 pays votants a choisi, face au Japon, la candidature fran\u00e7aise de Lyon\" \/>\n<meta name=\"robots\" content=\"index, follow, max-snippet:-1, max-image-preview:large, max-video-preview:-1\" \/>\n<link rel=\"canonical\" href=\"https:\/\/batijournal.com\/index.php\/la-france-accueillera-la-competition-internationale-worldskills-a-lyon-en-2023\/102789\/\" \/>\n<meta property=\"og:locale\" content=\"fr_FR\" \/>\n<meta property=\"og:type\" content=\"article\" \/>\n<meta property=\"og:title\" content=\"La France accueillera la comp\u00e9tition internationale Worldskills \u00e0 Lyon en 2023\" \/>\n<meta property=\"og:description\" content=\"WorldSkills r\u00e9unissant 82 pays membres dont environ 60 pays votants a choisi, face au Japon, la candidature fran\u00e7aise de Lyon\" \/>\n<meta property=\"og:url\" content=\"https:\/\/batijournal.com\/index.php\/la-france-accueillera-la-competition-internationale-worldskills-a-lyon-en-2023\/102789\/\" \/>\n<meta property=\"og:site_name\" content=\"Batijournal\" \/>\n<meta property=\"article:published_time\" content=\"2019-08-26T07:25:34+00:00\" \/>\n<meta property=\"og:image\" content=\"https:\/\/batijournal.com\/wp-content\/uploads\/2019\/08\/Worldskills-a-Lyon-en-2023.png\" \/>\n\t<meta property=\"og:image:width\" content=\"1010\" \/>\n\t<meta property=\"og:image:height\" content=\"589\" \/>\n\t<meta property=\"og:image:type\" content=\"image\/png\" \/>\n<meta name=\"author\" content=\"St\u00e9phane Miget\" \/>\n<meta name=\"twitter:card\" content=\"summary_large_image\" \/>\n<meta name=\"twitter:creator\" content=\"@bati_journal\" \/>\n<meta name=\"twitter:site\" content=\"@bati_journal\" \/>\n<meta name=\"twitter:label1\" content=\"\u00c9crit par\" \/>\n\t<meta name=\"twitter:data1\" content=\"St\u00e9phane Miget\" \/>\n\t<meta name=\"twitter:label2\" content=\"Dur\u00e9e de lecture estim\u00e9e\" \/>\n\t<meta name=\"twitter:data2\" content=\"1 minute\" \/>\n<script type=\"application\/ld+json\" class=\"yoast-schema-graph\">{\"@context\":\"https:\\\/\\\/schema.org\",\"@graph\":[{\"@type\":\"Article\",\"@id\":\"https:\\\/\\\/batijournal.com\\\/index.php\\\/la-france-accueillera-la-competition-internationale-worldskills-a-lyon-en-2023\\\/102789\\\/#article\",\"isPartOf\":{\"@id\":\"https:\\\/\\\/batijournal.com\\\/index.php\\\/la-france-accueillera-la-competition-internationale-worldskills-a-lyon-en-2023\\\/102789\\\/\"},\"author\":{\"name\":\"St\u00e9phane Miget\",\"@id\":\"https:\\\/\\\/batijournal.com\\\/#\\\/schema\\\/person\\\/1dc96ec6957aa1ccb25ebe78bb19f100\"},\"headline\":\"La France accueillera la comp\u00e9tition internationale Worldskills \u00e0 Lyon en 2023\",\"datePublished\":\"2019-08-26T07:25:34+00:00\",\"mainEntityOfPage\":{\"@id\":\"https:\\\/\\\/batijournal.com\\\/index.php\\\/la-france-accueillera-la-competition-internationale-worldskills-a-lyon-en-2023\\\/102789\\\/\"},\"wordCount\":174,\"image\":{\"@id\":\"https:\\\/\\\/batijournal.com\\\/index.php\\\/la-france-accueillera-la-competition-internationale-worldskills-a-lyon-en-2023\\\/102789\\\/#primaryimage\"},\"thumbnailUrl\":\"https:\\\/\\\/batijournal.com\\\/wp-content\\\/uploads\\\/2019\\\/08\\\/Worldskills-a-Lyon-en-2023.png\",\"keywords\":[\"olympiades des metiers\",\"worldskills\"],\"articleSection\":[\"Actualit\u00e9s\",\"\u00c9conomie &amp; March\u00e9s\",\"zz_5fa\u00e7ades\",\"zz_Actualit\u00e9s - 5fa\u00e7ades\",\"zz_Actualit\u00e9s - Woodsurfer\",\"zz_Woodsurfer\"],\"inLanguage\":\"fr-FR\"},{\"@type\":\"WebPage\",\"@id\":\"https:\\\/\\\/batijournal.com\\\/index.php\\\/la-france-accueillera-la-competition-internationale-worldskills-a-lyon-en-2023\\\/102789\\\/\",\"url\":\"https:\\\/\\\/batijournal.com\\\/index.php\\\/la-france-accueillera-la-competition-internationale-worldskills-a-lyon-en-2023\\\/102789\\\/\",\"name\":\"La France accueillera la comp\u00e9tition internationale Worldskills \u00e0 Lyon en 2023\",\"isPartOf\":{\"@id\":\"https:\\\/\\\/batijournal.com\\\/#website\"},\"primaryImageOfPage\":{\"@id\":\"https:\\\/\\\/batijournal.com\\\/index.php\\\/la-france-accueillera-la-competition-internationale-worldskills-a-lyon-en-2023\\\/102789\\\/#primaryimage\"},\"image\":{\"@id\":\"https:\\\/\\\/batijournal.com\\\/index.php\\\/la-france-accueillera-la-competition-internationale-worldskills-a-lyon-en-2023\\\/102789\\\/#primaryimage\"},\"thumbnailUrl\":\"https:\\\/\\\/batijournal.com\\\/wp-content\\\/uploads\\\/2019\\\/08\\\/Worldskills-a-Lyon-en-2023.png\",\"datePublished\":\"2019-08-26T07:25:34+00:00\",\"author\":{\"@id\":\"https:\\\/\\\/batijournal.com\\\/#\\\/schema\\\/person\\\/1dc96ec6957aa1ccb25ebe78bb19f100\"},\"description\":\"WorldSkills r\u00e9unissant 82 pays membres dont environ 60 pays votants a choisi, face au Japon, la candidature fran\u00e7aise de Lyon\",\"breadcrumb\":{\"@id\":\"https:\\\/\\\/batijournal.com\\\/index.php\\\/la-france-accueillera-la-competition-internationale-worldskills-a-lyon-en-2023\\\/102789\\\/#breadcrumb\"},\"inLanguage\":\"fr-FR\",\"potentialAction\":[{\"@type\":\"ReadAction\",\"target\":[\"https:\\\/\\\/batijournal.com\\\/index.php\\\/la-france-accueillera-la-competition-internationale-worldskills-a-lyon-en-2023\\\/102789\\\/\"]}]},{\"@type\":\"ImageObject\",\"inLanguage\":\"fr-FR\",\"@id\":\"https:\\\/\\\/batijournal.com\\\/index.php\\\/la-france-accueillera-la-competition-internationale-worldskills-a-lyon-en-2023\\\/102789\\\/#primaryimage\",\"url\":\"https:\\\/\\\/batijournal.com\\\/wp-content\\\/uploads\\\/2019\\\/08\\\/Worldskills-a-Lyon-en-2023.png\",\"contentUrl\":\"https:\\\/\\\/batijournal.com\\\/wp-content\\\/uploads\\\/2019\\\/08\\\/Worldskills-a-Lyon-en-2023.png\",\"width\":1010,\"height\":589},{\"@type\":\"BreadcrumbList\",\"@id\":\"https:\\\/\\\/batijournal.com\\\/index.php\\\/la-france-accueillera-la-competition-internationale-worldskills-a-lyon-en-2023\\\/102789\\\/#breadcrumb\",\"itemListElement\":[{\"@type\":\"ListItem\",\"position\":1,\"name\":\"Accueil\",\"item\":\"https:\\\/\\\/batijournal.com\\\/\"},{\"@type\":\"ListItem\",\"position\":2,\"name\":\"Actualit\u00e9s\",\"item\":\"https:\\\/\\\/batijournal.com\\\/index.php\\\/category\\\/actualites\\\/\"},{\"@type\":\"ListItem\",\"position\":3,\"name\":\"La France accueillera la comp\u00e9tition internationale Worldskills \u00e0 Lyon en 2023\"}]},{\"@type\":\"WebSite\",\"@id\":\"https:\\\/\\\/batijournal.com\\\/#website\",\"url\":\"https:\\\/\\\/batijournal.com\\\/\",\"name\":\"Batijournal\",\"description\":\"L&#039;actualit\u00e9 du b\u00e2timent\",\"potentialAction\":[{\"@type\":\"SearchAction\",\"target\":{\"@type\":\"EntryPoint\",\"urlTemplate\":\"https:\\\/\\\/batijournal.com\\\/?s={search_term_string}\"},\"query-input\":{\"@type\":\"PropertyValueSpecification\",\"valueRequired\":true,\"valueName\":\"search_term_string\"}}],\"inLanguage\":\"fr-FR\"},{\"@type\":\"Person\",\"@id\":\"https:\\\/\\\/batijournal.com\\\/#\\\/schema\\\/person\\\/1dc96ec6957aa1ccb25ebe78bb19f100\",\"name\":\"St\u00e9phane Miget\",\"image\":{\"@type\":\"ImageObject\",\"inLanguage\":\"fr-FR\",\"@id\":\"https:\\\/\\\/secure.gravatar.com\\\/avatar\\\/89915563d925342126b8ef0281b93d9d7fc337043e8df017f780908eb9644451?s=96&d=mm&r=g\",\"url\":\"https:\\\/\\\/secure.gravatar.com\\\/avatar\\\/89915563d925342126b8ef0281b93d9d7fc337043e8df017f780908eb9644451?s=96&d=mm&r=g\",\"contentUrl\":\"https:\\\/\\\/secure.gravatar.com\\\/avatar\\\/89915563d925342126b8ef0281b93d9d7fc337043e8df017f780908eb9644451?s=96&d=mm&r=g\",\"caption\":\"St\u00e9phane Miget\"},\"url\":\"https:\\\/\\\/batijournal.com\\\/index.php\\\/author\\\/stephane\\\/\"}]}<\/script>\n<!-- \/ Yoast SEO plugin. -->","yoast_head_json":{"title":"La France accueillera la comp\u00e9tition internationale Worldskills \u00e0 Lyon en 2023","description":"WorldSkills r\u00e9unissant 82 pays membres dont environ 60 pays votants a choisi, face au Japon, la candidature fran\u00e7aise de Lyon","robots":{"index":"index","follow":"follow","max-snippet":"max-snippet:-1","max-image-preview":"max-image-preview:large","max-video-preview":"max-video-preview:-1"},"canonical":"https:\/\/batijournal.com\/index.php\/la-france-accueillera-la-competition-internationale-worldskills-a-lyon-en-2023\/102789\/","og_locale":"fr_FR","og_type":"article","og_title":"La France accueillera la comp\u00e9tition internationale Worldskills \u00e0 Lyon en 2023","og_description":"WorldSkills r\u00e9unissant 82 pays membres dont environ 60 pays votants a choisi, face au Japon, la candidature fran\u00e7aise de Lyon","og_url":"https:\/\/batijournal.com\/index.php\/la-france-accueillera-la-competition-internationale-worldskills-a-lyon-en-2023\/102789\/","og_site_name":"Batijournal","article_published_time":"2019-08-26T07:25:34+00:00","og_image":[{"width":1010,"height":589,"url":"https:\/\/batijournal.com\/wp-content\/uploads\/2019\/08\/Worldskills-a-Lyon-en-2023.png","type":"image\/png"}],"author":"St\u00e9phane Miget","twitter_card":"summary_large_image","twitter_creator":"@bati_journal","twitter_site":"@bati_journal","twitter_misc":{"\u00c9crit par":"St\u00e9phane Miget","Dur\u00e9e de lecture estim\u00e9e":"1 minute"},"schema":{"@context":"https:\/\/schema.org","@graph":[{"@type":"Article","@id":"https:\/\/batijournal.com\/index.php\/la-france-accueillera-la-competition-internationale-worldskills-a-lyon-en-2023\/102789\/#article","isPartOf":{"@id":"https:\/\/batijournal.com\/index.php\/la-france-accueillera-la-competition-internationale-worldskills-a-lyon-en-2023\/102789\/"},"author":{"name":"St\u00e9phane Miget","@id":"https:\/\/batijournal.com\/#\/schema\/person\/1dc96ec6957aa1ccb25ebe78bb19f100"},"headline":"La France accueillera la comp\u00e9tition internationale Worldskills \u00e0 Lyon en 2023","datePublished":"2019-08-26T07:25:34+00:00","mainEntityOfPage":{"@id":"https:\/\/batijournal.com\/index.php\/la-france-accueillera-la-competition-internationale-worldskills-a-lyon-en-2023\/102789\/"},"wordCount":174,"image":{"@id":"https:\/\/batijournal.com\/index.php\/la-france-accueillera-la-competition-internationale-worldskills-a-lyon-en-2023\/102789\/#primaryimage"},"thumbnailUrl":"https:\/\/batijournal.com\/wp-content\/uploads\/2019\/08\/Worldskills-a-Lyon-en-2023.png","keywords":["olympiades des metiers","worldskills"],"articleSection":["Actualit\u00e9s","\u00c9conomie &amp; March\u00e9s","zz_5fa\u00e7ades","zz_Actualit\u00e9s - 5fa\u00e7ades","zz_Actualit\u00e9s - Woodsurfer","zz_Woodsurfer"],"inLanguage":"fr-FR"},{"@type":"WebPage","@id":"https:\/\/batijournal.com\/index.php\/la-france-accueillera-la-competition-internationale-worldskills-a-lyon-en-2023\/102789\/","url":"https:\/\/batijournal.com\/index.php\/la-france-accueillera-la-competition-internationale-worldskills-a-lyon-en-2023\/102789\/","name":"La France accueillera la comp\u00e9tition internationale Worldskills \u00e0 Lyon en 2023","isPartOf":{"@id":"https:\/\/batijournal.com\/#website"},"primaryImageOfPage":{"@id":"https:\/\/batijournal.com\/index.php\/la-france-accueillera-la-competition-internationale-worldskills-a-lyon-en-2023\/102789\/#primaryimage"},"image":{"@id":"https:\/\/batijournal.com\/index.php\/la-france-accueillera-la-competition-internationale-worldskills-a-lyon-en-2023\/102789\/#primaryimage"},"thumbnailUrl":"https:\/\/batijournal.com\/wp-content\/uploads\/2019\/08\/Worldskills-a-Lyon-en-2023.png","datePublished":"2019-08-26T07:25:34+00:00","author":{"@id":"https:\/\/batijournal.com\/#\/schema\/person\/1dc96ec6957aa1ccb25ebe78bb19f100"},"description":"WorldSkills r\u00e9unissant 82 pays membres dont environ 60 pays votants a choisi, face au Japon, la candidature fran\u00e7aise de Lyon","breadcrumb":{"@id":"https:\/\/batijournal.com\/index.php\/la-france-accueillera-la-competition-internationale-worldskills-a-lyon-en-2023\/102789\/#breadcrumb"},"inLanguage":"fr-FR","potentialAction":[{"@type":"ReadAction","target":["https:\/\/batijournal.com\/index.php\/la-france-accueillera-la-competition-internationale-worldskills-a-lyon-en-2023\/102789\/"]}]},{"@type":"ImageObject","inLanguage":"fr-FR","@id":"https:\/\/batijournal.com\/index.php\/la-france-accueillera-la-competition-internationale-worldskills-a-lyon-en-2023\/102789\/#primaryimage","url":"https:\/\/batijournal.com\/wp-content\/uploads\/2019\/08\/Worldskills-a-Lyon-en-2023.png","contentUrl":"https:\/\/batijournal.com\/wp-content\/uploads\/2019\/08\/Worldskills-a-Lyon-en-2023.png","width":1010,"height":589},{"@type":"BreadcrumbList","@id":"https:\/\/batijournal.com\/index.php\/la-france-accueillera-la-competition-internationale-worldskills-a-lyon-en-2023\/102789\/#breadcrumb","itemListElement":[{"@type":"ListItem","position":1,"name":"Accueil","item":"https:\/\/batijournal.com\/"},{"@type":"ListItem","position":2,"name":"Actualit\u00e9s","item":"https:\/\/batijournal.com\/index.php\/category\/actualites\/"},{"@type":"ListItem","position":3,"name":"La France accueillera la comp\u00e9tition internationale Worldskills \u00e0 Lyon en 2023"}]},{"@type":"WebSite","@id":"https:\/\/batijournal.com\/#website","url":"https:\/\/batijournal.com\/","name":"Batijournal","description":"L&#039;actualit\u00e9 du b\u00e2timent","potentialAction":[{"@type":"SearchAction","target":{"@type":"EntryPoint","urlTemplate":"https:\/\/batijournal.com\/?s={search_term_string}"},"query-input":{"@type":"PropertyValueSpecification","valueRequired":true,"valueName":"search_term_string"}}],"inLanguage":"fr-FR"},{"@type":"Person","@id":"https:\/\/batijournal.com\/#\/schema\/person\/1dc96ec6957aa1ccb25ebe78bb19f100","name":"St\u00e9phane Miget","image":{"@type":"ImageObject","inLanguage":"fr-FR","@id":"https:\/\/secure.gravatar.com\/avatar\/89915563d925342126b8ef0281b93d9d7fc337043e8df017f780908eb9644451?s=96&d=mm&r=g","url":"https:\/\/secure.gravatar.com\/avatar\/89915563d925342126b8ef0281b93d9d7fc337043e8df017f780908eb9644451?s=96&d=mm&r=g","contentUrl":"https:\/\/secure.gravatar.com\/avatar\/89915563d925342126b8ef0281b93d9d7fc337043e8df017f780908eb9644451?s=96&d=mm&r=g","caption":"St\u00e9phane Miget"},"url":"https:\/\/batijournal.com\/index.php\/author\/stephane\/"}]}},"_links":{"self":[{"href":"https:\/\/batijournal.com\/index.php\/wp-json\/wp\/v2\/posts\/102789","targetHints":{"allow":["GET"]}}],"collection":[{"href":"https:\/\/batijournal.com\/index.php\/wp-json\/wp\/v2\/posts"}],"about":[{"href":"https:\/\/batijournal.com\/index.php\/wp-json\/wp\/v2\/types\/post"}],"author":[{"embeddable":true,"href":"https:\/\/batijournal.com\/index.php\/wp-json\/wp\/v2\/users\/17"}],"replies":[{"embeddable":true,"href":"https:\/\/batijournal.com\/index.php\/wp-json\/wp\/v2\/comments?post=102789"}],"version-history":[{"count":0,"href":"https:\/\/batijournal.com\/index.php\/wp-json\/wp\/v2\/posts\/102789\/revisions"}],"wp:featuredmedia":[{"embeddable":true,"href":"https:\/\/batijournal.com\/index.php\/wp-json\/wp\/v2\/media\/102790"}],"wp:attachment":[{"href":"https:\/\/batijournal.com\/index.php\/wp-json\/wp\/v2\/media?parent=102789"}],"wp:term":[{"taxonomy":"category","embeddable":true,"href":"https:\/\/batijournal.com\/index.php\/wp-json\/wp\/v2\/categories?post=102789"},{"taxonomy":"post_tag","embeddable":true,"href":"https:\/\/batijournal.com\/index.php\/wp-json\/wp\/v2\/tags?post=102789"}],"curies":[{"name":"wp","href":"https:\/\/api.w.org\/{rel}","templated":true}]}}