{"id":102794,"date":"2019-08-27T08:32:46","date_gmt":"2019-08-27T06:32:46","guid":{"rendered":"https:\/\/batijournal.com\/?p=102794"},"modified":"2019-08-27T08:32:46","modified_gmt":"2019-08-27T06:32:46","slug":"smartbuilding-social-a-lyon","status":"publish","type":"post","link":"https:\/\/batijournal.com\/index.php\/smartbuilding-social-a-lyon\/102794\/","title":{"rendered":"\u00ab smartbuilding social \u00bb \u00e0 Lyon"},"content":{"rendered":"<p>Au c\u0153ur du 8e arrondissement de Lyon, la R\u00e9sidence sociale Monplaisir, un b\u00e2timent connect\u00e9 g\u00e9r\u00e9 par la Fondation ARALIS, va accueillir d\u00e9but 2020 des r\u00e9sidents aux profils vari\u00e9s : personnes isol\u00e9es, en difficult\u00e9 d&rsquo;acc\u00e8s au logement ou en mobilit\u00e9 dans la r\u00e9gion. Les 182 logements vont permettre \u00e0 ARALIS de poursuivre sa mission m\u00ealant logement et lien social. Par l&rsquo;habitat, la fondation permet \u00e0 ces r\u00e9sidents de reprendre confiance et d&rsquo;entamer ou poursuivre leur r\u00e9insertion. Pour cela, durant leur passage, elle les guide dans la gestion de leurs consommations du quotidien afin qu&rsquo;ils adoptent les bonnes habitudes \u00e0 avoir dans un logement de droit commun o\u00f9 ils seront responsables de leurs factures et de leurs charges.<\/p>\n<p>C&rsquo;est ARALIS qui a sp\u00e9cifi\u00e9 directement \u00e0 Lyon M\u00e9tropole Habitat qu&rsquo;elle souhaitait \u00e9quiper ses logements des solutions OGGA apr\u00e8s l&rsquo;avoir d\u00e9j\u00e0 fait sur deux projets r\u00e9cents : les r\u00e9sidences lyonnaises Eug\u00e8ne Pons (24 logements) et Saint Simon (32 logements). Chaque appartement, connect\u00e9 par Eco-Touch, poss\u00e8de un syst\u00e8me centralis\u00e9 de gestion des consommations de chauffage, d&rsquo;\u00e9lectricit\u00e9 et d&rsquo;eau. Lorsque le r\u00e9sident quitte le logement, les prises \u00e9lectriques, les plaques de cuisson, l&rsquo;\u00e9clairage et les arriv\u00e9es d&rsquo;eau se coupent, et le chauffage bascule en mode absence, afin de syst\u00e9matiser les \u00e9conomies d&rsquo;\u00e9nergie.<br \/>\nLe gestionnaire b\u00e9n\u00e9ficie de la solution Eco-Pilot. Cette interface permet en temps r\u00e9el ou par p\u00e9riodicit\u00e9 d&rsquo;avoir une ma\u00eetrise de chaque logement. Le responsable d\u00e9finit des objectifs et des seuils maximums de consommation et peut avoir une action \u00e0 distance sur les plaques de cuisson, les prises d&rsquo;\u00e9lectricit\u00e9, les p\u00e9riodes de chauffe ou les quantit\u00e9s d&rsquo;eau utilis\u00e9es : un v\u00e9ritable outil de suivi et de pilotage.<br \/>\nARALIS et OGGA ont \u00e9galement conjointement d\u00e9velopp\u00e9 des outils p\u00e9dagogiques en direction des r\u00e9sidents : une fiche individuelle de consommation mensuelle simple et intelligible pour chaque logement bas\u00e9e sur la remont\u00e9e de donn\u00e9es et une vid\u00e9o de pr\u00e9sentation pour comprendre la solution diffus\u00e9e dans le hall.<\/p>\n","protected":false},"excerpt":{"rendered":"<p>Au c\u0153ur du 8e arrondissement de Lyon, la R\u00e9sidence sociale Monplaisir, un b\u00e2timent connect\u00e9 g\u00e9r\u00e9 par la Fondation ARALIS, va accueillir d\u00e9but 2020 des r\u00e9sidents aux profils vari\u00e9s : personnes isol\u00e9es, en difficult\u00e9 d&rsquo;acc\u00e8s au logement ou en mobilit\u00e9 dans la r\u00e9gion. Les 182 logements vont permettre \u00e0 ARALIS de poursuivre sa mission m\u00ealant logement [&hellip;]<\/p>\n","protected":false},"author":17,"featured_media":102795,"comment_status":"closed","ping_status":"closed","sticky":false,"template":"","format":"standard","meta":{"_et_pb_use_builder":"","_et_pb_old_content":"","_et_gb_content_width":"","footnotes":""},"categories":[10530,6351,12819,10778,10780],"tags":[827,6559],"class_list":["post-102794","post","type-post","status-publish","format-standard","has-post-thumbnail","hentry","category-actualites","category-energie-environnement","category-equipement","category-planete","category-produits-planete","tag-domotique-2","tag-smart-building"],"yoast_head":"<!-- This site is optimized with the Yoast SEO plugin v27.4 - https:\/\/yoast.com\/product\/yoast-seo-wordpress\/ -->\n<title>\u00ab smartbuilding social \u00bb \u00e0 Lyon<\/title>\n<meta name=\"description\" content=\"ARALIS a sp\u00e9cifi\u00e9 directement \u00e0 Lyon M\u00e9tropole Habitat qu&#039;elle souhaitait \u00e9quiper ses logements des solutions OGGA, connect\u00e9 par Eco-Touch\" \/>\n<meta name=\"robots\" content=\"index, follow, max-snippet:-1, max-image-preview:large, max-video-preview:-1\" \/>\n<link rel=\"canonical\" href=\"https:\/\/batijournal.com\/index.php\/smartbuilding-social-a-lyon\/102794\/\" \/>\n<meta property=\"og:locale\" content=\"fr_FR\" \/>\n<meta property=\"og:type\" content=\"article\" \/>\n<meta property=\"og:title\" content=\"\u00ab smartbuilding social \u00bb \u00e0 Lyon\" \/>\n<meta property=\"og:description\" content=\"ARALIS a sp\u00e9cifi\u00e9 directement \u00e0 Lyon M\u00e9tropole Habitat qu&#039;elle souhaitait \u00e9quiper ses logements des solutions OGGA, connect\u00e9 par Eco-Touch\" \/>\n<meta property=\"og:url\" content=\"https:\/\/batijournal.com\/index.php\/smartbuilding-social-a-lyon\/102794\/\" \/>\n<meta property=\"og:site_name\" content=\"Batijournal\" \/>\n<meta property=\"article:published_time\" content=\"2019-08-27T06:32:46+00:00\" \/>\n<meta property=\"og:image\" content=\"https:\/\/batijournal.com\/wp-content\/uploads\/2019\/08\/pour-la-fondation-aralis-et-lyon-metropole-habitat-ogga-invente-le-smartbuilding-social-_431T1.jpg\" \/>\n\t<meta property=\"og:image:width\" content=\"1024\" \/>\n\t<meta property=\"og:image:height\" content=\"576\" \/>\n\t<meta property=\"og:image:type\" content=\"image\/jpeg\" \/>\n<meta name=\"author\" content=\"St\u00e9phane Miget\" \/>\n<meta name=\"twitter:card\" content=\"summary_large_image\" \/>\n<meta name=\"twitter:creator\" content=\"@bati_journal\" \/>\n<meta name=\"twitter:site\" content=\"@bati_journal\" \/>\n<meta name=\"twitter:label1\" content=\"\u00c9crit par\" \/>\n\t<meta name=\"twitter:data1\" content=\"St\u00e9phane Miget\" \/>\n\t<meta name=\"twitter:label2\" content=\"Dur\u00e9e de lecture estim\u00e9e\" \/>\n\t<meta name=\"twitter:data2\" content=\"2 minutes\" \/>\n<script type=\"application\/ld+json\" class=\"yoast-schema-graph\">{\"@context\":\"https:\\\/\\\/schema.org\",\"@graph\":[{\"@type\":\"Article\",\"@id\":\"https:\\\/\\\/batijournal.com\\\/index.php\\\/smartbuilding-social-a-lyon\\\/102794\\\/#article\",\"isPartOf\":{\"@id\":\"https:\\\/\\\/batijournal.com\\\/index.php\\\/smartbuilding-social-a-lyon\\\/102794\\\/\"},\"author\":{\"name\":\"St\u00e9phane Miget\",\"@id\":\"https:\\\/\\\/batijournal.com\\\/#\\\/schema\\\/person\\\/1dc96ec6957aa1ccb25ebe78bb19f100\"},\"headline\":\"\u00ab smartbuilding social \u00bb \u00e0 Lyon\",\"datePublished\":\"2019-08-27T06:32:46+00:00\",\"mainEntityOfPage\":{\"@id\":\"https:\\\/\\\/batijournal.com\\\/index.php\\\/smartbuilding-social-a-lyon\\\/102794\\\/\"},\"wordCount\":367,\"image\":{\"@id\":\"https:\\\/\\\/batijournal.com\\\/index.php\\\/smartbuilding-social-a-lyon\\\/102794\\\/#primaryimage\"},\"thumbnailUrl\":\"https:\\\/\\\/batijournal.com\\\/wp-content\\\/uploads\\\/2019\\\/08\\\/pour-la-fondation-aralis-et-lyon-metropole-habitat-ogga-invente-le-smartbuilding-social-_431T1.jpg\",\"keywords\":[\"domotique\",\"smart building\"],\"articleSection\":[\"Actualit\u00e9s\",\"\u00c9nergie &amp; Environnement\",\"Equipement\",\"zz_Plan\u00e8te B\u00e2timent\",\"zz_Produits - Plan\u00e8te\"],\"inLanguage\":\"fr-FR\"},{\"@type\":\"WebPage\",\"@id\":\"https:\\\/\\\/batijournal.com\\\/index.php\\\/smartbuilding-social-a-lyon\\\/102794\\\/\",\"url\":\"https:\\\/\\\/batijournal.com\\\/index.php\\\/smartbuilding-social-a-lyon\\\/102794\\\/\",\"name\":\"\u00ab smartbuilding social \u00bb \u00e0 Lyon\",\"isPartOf\":{\"@id\":\"https:\\\/\\\/batijournal.com\\\/#website\"},\"primaryImageOfPage\":{\"@id\":\"https:\\\/\\\/batijournal.com\\\/index.php\\\/smartbuilding-social-a-lyon\\\/102794\\\/#primaryimage\"},\"image\":{\"@id\":\"https:\\\/\\\/batijournal.com\\\/index.php\\\/smartbuilding-social-a-lyon\\\/102794\\\/#primaryimage\"},\"thumbnailUrl\":\"https:\\\/\\\/batijournal.com\\\/wp-content\\\/uploads\\\/2019\\\/08\\\/pour-la-fondation-aralis-et-lyon-metropole-habitat-ogga-invente-le-smartbuilding-social-_431T1.jpg\",\"datePublished\":\"2019-08-27T06:32:46+00:00\",\"author\":{\"@id\":\"https:\\\/\\\/batijournal.com\\\/#\\\/schema\\\/person\\\/1dc96ec6957aa1ccb25ebe78bb19f100\"},\"description\":\"ARALIS a sp\u00e9cifi\u00e9 directement \u00e0 Lyon M\u00e9tropole Habitat qu'elle souhaitait \u00e9quiper ses logements des solutions OGGA, connect\u00e9 par Eco-Touch\",\"breadcrumb\":{\"@id\":\"https:\\\/\\\/batijournal.com\\\/index.php\\\/smartbuilding-social-a-lyon\\\/102794\\\/#breadcrumb\"},\"inLanguage\":\"fr-FR\",\"potentialAction\":[{\"@type\":\"ReadAction\",\"target\":[\"https:\\\/\\\/batijournal.com\\\/index.php\\\/smartbuilding-social-a-lyon\\\/102794\\\/\"]}]},{\"@type\":\"ImageObject\",\"inLanguage\":\"fr-FR\",\"@id\":\"https:\\\/\\\/batijournal.com\\\/index.php\\\/smartbuilding-social-a-lyon\\\/102794\\\/#primaryimage\",\"url\":\"https:\\\/\\\/batijournal.com\\\/wp-content\\\/uploads\\\/2019\\\/08\\\/pour-la-fondation-aralis-et-lyon-metropole-habitat-ogga-invente-le-smartbuilding-social-_431T1.jpg\",\"contentUrl\":\"https:\\\/\\\/batijournal.com\\\/wp-content\\\/uploads\\\/2019\\\/08\\\/pour-la-fondation-aralis-et-lyon-metropole-habitat-ogga-invente-le-smartbuilding-social-_431T1.jpg\",\"width\":1024,\"height\":576},{\"@type\":\"BreadcrumbList\",\"@id\":\"https:\\\/\\\/batijournal.com\\\/index.php\\\/smartbuilding-social-a-lyon\\\/102794\\\/#breadcrumb\",\"itemListElement\":[{\"@type\":\"ListItem\",\"position\":1,\"name\":\"Accueil\",\"item\":\"https:\\\/\\\/batijournal.com\\\/\"},{\"@type\":\"ListItem\",\"position\":2,\"name\":\"Actualit\u00e9s\",\"item\":\"https:\\\/\\\/batijournal.com\\\/index.php\\\/category\\\/actualites\\\/\"},{\"@type\":\"ListItem\",\"position\":3,\"name\":\"\u00ab smartbuilding social \u00bb \u00e0 Lyon\"}]},{\"@type\":\"WebSite\",\"@id\":\"https:\\\/\\\/batijournal.com\\\/#website\",\"url\":\"https:\\\/\\\/batijournal.com\\\/\",\"name\":\"Batijournal\",\"description\":\"L&#039;actualit\u00e9 du b\u00e2timent\",\"potentialAction\":[{\"@type\":\"SearchAction\",\"target\":{\"@type\":\"EntryPoint\",\"urlTemplate\":\"https:\\\/\\\/batijournal.com\\\/?s={search_term_string}\"},\"query-input\":{\"@type\":\"PropertyValueSpecification\",\"valueRequired\":true,\"valueName\":\"search_term_string\"}}],\"inLanguage\":\"fr-FR\"},{\"@type\":\"Person\",\"@id\":\"https:\\\/\\\/batijournal.com\\\/#\\\/schema\\\/person\\\/1dc96ec6957aa1ccb25ebe78bb19f100\",\"name\":\"St\u00e9phane Miget\",\"image\":{\"@type\":\"ImageObject\",\"inLanguage\":\"fr-FR\",\"@id\":\"https:\\\/\\\/secure.gravatar.com\\\/avatar\\\/89915563d925342126b8ef0281b93d9d7fc337043e8df017f780908eb9644451?s=96&d=mm&r=g\",\"url\":\"https:\\\/\\\/secure.gravatar.com\\\/avatar\\\/89915563d925342126b8ef0281b93d9d7fc337043e8df017f780908eb9644451?s=96&d=mm&r=g\",\"contentUrl\":\"https:\\\/\\\/secure.gravatar.com\\\/avatar\\\/89915563d925342126b8ef0281b93d9d7fc337043e8df017f780908eb9644451?s=96&d=mm&r=g\",\"caption\":\"St\u00e9phane Miget\"},\"url\":\"https:\\\/\\\/batijournal.com\\\/index.php\\\/author\\\/stephane\\\/\"}]}<\/script>\n<!-- \/ Yoast SEO plugin. -->","yoast_head_json":{"title":"\u00ab smartbuilding social \u00bb \u00e0 Lyon","description":"ARALIS a sp\u00e9cifi\u00e9 directement \u00e0 Lyon M\u00e9tropole Habitat qu'elle souhaitait \u00e9quiper ses logements des solutions OGGA, connect\u00e9 par Eco-Touch","robots":{"index":"index","follow":"follow","max-snippet":"max-snippet:-1","max-image-preview":"max-image-preview:large","max-video-preview":"max-video-preview:-1"},"canonical":"https:\/\/batijournal.com\/index.php\/smartbuilding-social-a-lyon\/102794\/","og_locale":"fr_FR","og_type":"article","og_title":"\u00ab smartbuilding social \u00bb \u00e0 Lyon","og_description":"ARALIS a sp\u00e9cifi\u00e9 directement \u00e0 Lyon M\u00e9tropole Habitat qu'elle souhaitait \u00e9quiper ses logements des solutions OGGA, connect\u00e9 par Eco-Touch","og_url":"https:\/\/batijournal.com\/index.php\/smartbuilding-social-a-lyon\/102794\/","og_site_name":"Batijournal","article_published_time":"2019-08-27T06:32:46+00:00","og_image":[{"width":1024,"height":576,"url":"https:\/\/batijournal.com\/wp-content\/uploads\/2019\/08\/pour-la-fondation-aralis-et-lyon-metropole-habitat-ogga-invente-le-smartbuilding-social-_431T1.jpg","type":"image\/jpeg"}],"author":"St\u00e9phane Miget","twitter_card":"summary_large_image","twitter_creator":"@bati_journal","twitter_site":"@bati_journal","twitter_misc":{"\u00c9crit par":"St\u00e9phane Miget","Dur\u00e9e de lecture estim\u00e9e":"2 minutes"},"schema":{"@context":"https:\/\/schema.org","@graph":[{"@type":"Article","@id":"https:\/\/batijournal.com\/index.php\/smartbuilding-social-a-lyon\/102794\/#article","isPartOf":{"@id":"https:\/\/batijournal.com\/index.php\/smartbuilding-social-a-lyon\/102794\/"},"author":{"name":"St\u00e9phane Miget","@id":"https:\/\/batijournal.com\/#\/schema\/person\/1dc96ec6957aa1ccb25ebe78bb19f100"},"headline":"\u00ab smartbuilding social \u00bb \u00e0 Lyon","datePublished":"2019-08-27T06:32:46+00:00","mainEntityOfPage":{"@id":"https:\/\/batijournal.com\/index.php\/smartbuilding-social-a-lyon\/102794\/"},"wordCount":367,"image":{"@id":"https:\/\/batijournal.com\/index.php\/smartbuilding-social-a-lyon\/102794\/#primaryimage"},"thumbnailUrl":"https:\/\/batijournal.com\/wp-content\/uploads\/2019\/08\/pour-la-fondation-aralis-et-lyon-metropole-habitat-ogga-invente-le-smartbuilding-social-_431T1.jpg","keywords":["domotique","smart building"],"articleSection":["Actualit\u00e9s","\u00c9nergie &amp; Environnement","Equipement","zz_Plan\u00e8te B\u00e2timent","zz_Produits - Plan\u00e8te"],"inLanguage":"fr-FR"},{"@type":"WebPage","@id":"https:\/\/batijournal.com\/index.php\/smartbuilding-social-a-lyon\/102794\/","url":"https:\/\/batijournal.com\/index.php\/smartbuilding-social-a-lyon\/102794\/","name":"\u00ab smartbuilding social \u00bb \u00e0 Lyon","isPartOf":{"@id":"https:\/\/batijournal.com\/#website"},"primaryImageOfPage":{"@id":"https:\/\/batijournal.com\/index.php\/smartbuilding-social-a-lyon\/102794\/#primaryimage"},"image":{"@id":"https:\/\/batijournal.com\/index.php\/smartbuilding-social-a-lyon\/102794\/#primaryimage"},"thumbnailUrl":"https:\/\/batijournal.com\/wp-content\/uploads\/2019\/08\/pour-la-fondation-aralis-et-lyon-metropole-habitat-ogga-invente-le-smartbuilding-social-_431T1.jpg","datePublished":"2019-08-27T06:32:46+00:00","author":{"@id":"https:\/\/batijournal.com\/#\/schema\/person\/1dc96ec6957aa1ccb25ebe78bb19f100"},"description":"ARALIS a sp\u00e9cifi\u00e9 directement \u00e0 Lyon M\u00e9tropole Habitat qu'elle souhaitait \u00e9quiper ses logements des solutions OGGA, connect\u00e9 par Eco-Touch","breadcrumb":{"@id":"https:\/\/batijournal.com\/index.php\/smartbuilding-social-a-lyon\/102794\/#breadcrumb"},"inLanguage":"fr-FR","potentialAction":[{"@type":"ReadAction","target":["https:\/\/batijournal.com\/index.php\/smartbuilding-social-a-lyon\/102794\/"]}]},{"@type":"ImageObject","inLanguage":"fr-FR","@id":"https:\/\/batijournal.com\/index.php\/smartbuilding-social-a-lyon\/102794\/#primaryimage","url":"https:\/\/batijournal.com\/wp-content\/uploads\/2019\/08\/pour-la-fondation-aralis-et-lyon-metropole-habitat-ogga-invente-le-smartbuilding-social-_431T1.jpg","contentUrl":"https:\/\/batijournal.com\/wp-content\/uploads\/2019\/08\/pour-la-fondation-aralis-et-lyon-metropole-habitat-ogga-invente-le-smartbuilding-social-_431T1.jpg","width":1024,"height":576},{"@type":"BreadcrumbList","@id":"https:\/\/batijournal.com\/index.php\/smartbuilding-social-a-lyon\/102794\/#breadcrumb","itemListElement":[{"@type":"ListItem","position":1,"name":"Accueil","item":"https:\/\/batijournal.com\/"},{"@type":"ListItem","position":2,"name":"Actualit\u00e9s","item":"https:\/\/batijournal.com\/index.php\/category\/actualites\/"},{"@type":"ListItem","position":3,"name":"\u00ab smartbuilding social \u00bb \u00e0 Lyon"}]},{"@type":"WebSite","@id":"https:\/\/batijournal.com\/#website","url":"https:\/\/batijournal.com\/","name":"Batijournal","description":"L&#039;actualit\u00e9 du b\u00e2timent","potentialAction":[{"@type":"SearchAction","target":{"@type":"EntryPoint","urlTemplate":"https:\/\/batijournal.com\/?s={search_term_string}"},"query-input":{"@type":"PropertyValueSpecification","valueRequired":true,"valueName":"search_term_string"}}],"inLanguage":"fr-FR"},{"@type":"Person","@id":"https:\/\/batijournal.com\/#\/schema\/person\/1dc96ec6957aa1ccb25ebe78bb19f100","name":"St\u00e9phane Miget","image":{"@type":"ImageObject","inLanguage":"fr-FR","@id":"https:\/\/secure.gravatar.com\/avatar\/89915563d925342126b8ef0281b93d9d7fc337043e8df017f780908eb9644451?s=96&d=mm&r=g","url":"https:\/\/secure.gravatar.com\/avatar\/89915563d925342126b8ef0281b93d9d7fc337043e8df017f780908eb9644451?s=96&d=mm&r=g","contentUrl":"https:\/\/secure.gravatar.com\/avatar\/89915563d925342126b8ef0281b93d9d7fc337043e8df017f780908eb9644451?s=96&d=mm&r=g","caption":"St\u00e9phane Miget"},"url":"https:\/\/batijournal.com\/index.php\/author\/stephane\/"}]}},"_links":{"self":[{"href":"https:\/\/batijournal.com\/index.php\/wp-json\/wp\/v2\/posts\/102794","targetHints":{"allow":["GET"]}}],"collection":[{"href":"https:\/\/batijournal.com\/index.php\/wp-json\/wp\/v2\/posts"}],"about":[{"href":"https:\/\/batijournal.com\/index.php\/wp-json\/wp\/v2\/types\/post"}],"author":[{"embeddable":true,"href":"https:\/\/batijournal.com\/index.php\/wp-json\/wp\/v2\/users\/17"}],"replies":[{"embeddable":true,"href":"https:\/\/batijournal.com\/index.php\/wp-json\/wp\/v2\/comments?post=102794"}],"version-history":[{"count":0,"href":"https:\/\/batijournal.com\/index.php\/wp-json\/wp\/v2\/posts\/102794\/revisions"}],"wp:featuredmedia":[{"embeddable":true,"href":"https:\/\/batijournal.com\/index.php\/wp-json\/wp\/v2\/media\/102795"}],"wp:attachment":[{"href":"https:\/\/batijournal.com\/index.php\/wp-json\/wp\/v2\/media?parent=102794"}],"wp:term":[{"taxonomy":"category","embeddable":true,"href":"https:\/\/batijournal.com\/index.php\/wp-json\/wp\/v2\/categories?post=102794"},{"taxonomy":"post_tag","embeddable":true,"href":"https:\/\/batijournal.com\/index.php\/wp-json\/wp\/v2\/tags?post=102794"}],"curies":[{"name":"wp","href":"https:\/\/api.w.org\/{rel}","templated":true}]}}