{"id":102796,"date":"2019-08-27T08:51:47","date_gmt":"2019-08-27T06:51:47","guid":{"rendered":"https:\/\/batijournal.com\/?p=102796"},"modified":"2019-08-27T08:51:47","modified_gmt":"2019-08-27T06:51:47","slug":"3-centrales-photovoltaiques-en-toiture-pour-autoconsommation-collective","status":"publish","type":"post","link":"https:\/\/batijournal.com\/index.php\/3-centrales-photovoltaiques-en-toiture-pour-autoconsommation-collective\/102796\/","title":{"rendered":"3 centrales photovolta\u00efques en toiture pour autoconsommation collective"},"content":{"rendered":"<p><strong>GEG ENeR, exploitant de la ferme solaire photovolta\u00efque du projet ABC \u00e0 Grenoble vient de finaliser la pose de 688 modules photovolta\u00efques qui alimenteront en \u00e9lectricit\u00e9 ce nouvel ensemble immobilier, situ\u00e9 au c\u0153ur de la Presqu\u2019\u00eele scientifique. Ce d\u00e9monstrateur d\u2019habitat durable destin\u00e9 \u00e0 Grenoble Habitat a \u00e9t\u00e9 d\u00e9velopp\u00e9 par Linkcity, con\u00e7u par Valode &amp; Pistre et r\u00e9alis\u00e9 par Bouygues B\u00e2timent Sud-Est, avec le soutien des collectivit\u00e9s locales (Grenoble Alpes M\u00e9tropole, Ville de Grenoble, SEM Innovia, R\u00e9gion Auvergne- Rh\u00f4ne-Alpes) et de l\u2019\u00c9tat.<\/strong><\/p>\n<p>Les trois centrales photovolta\u00efques en toiture repr\u00e9sentent un total de 1130 m2 de panneaux solaires. L\u2019une d\u2019elles, d\u2019une puissance de 44 kWc sur un total cumul\u00e9 de 209 kWc, sera d\u00e9di\u00e9e \u00e0 cette exp\u00e9rimentation. Ces installations permettront \u00e9galement de collecter les eaux de pluie, qui seront ensuite potabilis\u00e9es pour alimenter les logements : douches, lavabos, \u00e9viers, lave-vaisselle et lave-linge. Depuis la modification en 2016 du Code de l\u2019Energie, les consommateurs d\u2019\u00e9lectricit\u00e9 peuvent choisir de s\u2019approvisionner \u00e0 partir de productions situ\u00e9es localement. Le producteur valorise alors directement l\u2019\u00e9nergie qu\u2019il produit aupr\u00e8s de consommateurs locaux, plut\u00f4t que de la valoriser par le m\u00e9canisme classique de l\u2019obligation d\u2019achat. Pour ce faire, une association, appel\u00e9e Personne Morale Organisatrice (PMO) est constitu\u00e9e et g\u00e8re la r\u00e9partition de l\u2019\u00e9nergie produite entre les participants autoconsommateurs. Dans le projet ABC, GEG ENeR met \u00e0 profit cette \u00e9volution r\u00e9glementaire pour proposer aux habitants une approche d\u2019autoconsommation collective. A noter enfin que pour s\u2019assurer que les habitants soient continuellement aliment\u00e9s en \u00e9lectricit\u00e9, le b\u00e2timent est raccord\u00e9 au r\u00e9seau de distribution GreenAlp. Les autoconsommateurs devront alors souscrire un contrat d\u2019\u00e9nergie avec un fournisseur qui leur vendra l\u2019\u00e9lectricit\u00e9 de compl\u00e9ment lorsque la production de la ferme photovolta\u00efque ne sera pas suffisante pour couvrir leurs besoins en \u00e9lectricit\u00e9.<\/p>\n<p>Ma\u00eetrise d\u2019ouvrage : Linkcity Sud-Est<br \/>\nConception-Construction : Bouygues B\u00e2timent Sud-Est et Suez<br \/>\nArchitecte : Valode et Pistre architectes<br \/>\nPropri\u00e9taire exploitant : Grenoble Habitat<br \/>\nPropri\u00e9taire exploitant de la ferme photovolta\u00efque : GEG (Gaz Electricit\u00e9 de Grenoble) Am\u00e9nageur : SEM InnoVia pour le compte de la Ville de Grenoble<\/p>\n<p>Photo :\u00a0Bruno Lavit<\/p>\n<p>&nbsp;<\/p>\n","protected":false},"excerpt":{"rendered":"<p>GEG ENeR, exploitant de la ferme solaire photovolta\u00efque du projet ABC \u00e0 Grenoble vient de finaliser la pose de 688 modules photovolta\u00efques qui alimenteront en \u00e9lectricit\u00e9 ce nouvel ensemble immobilier, situ\u00e9 au c\u0153ur de la Presqu\u2019\u00eele scientifique. Ce d\u00e9monstrateur d\u2019habitat durable destin\u00e9 \u00e0 Grenoble Habitat a \u00e9t\u00e9 d\u00e9velopp\u00e9 par Linkcity, con\u00e7u par Valode &amp; Pistre [&hellip;]<\/p>\n","protected":false},"author":17,"featured_media":102797,"comment_status":"closed","ping_status":"closed","sticky":false,"template":"","format":"standard","meta":{"_et_pb_use_builder":"","_et_pb_old_content":"","_et_gb_content_width":"","footnotes":""},"categories":[10530,6340,6351,10771,10775,10781,10778],"tags":[464],"class_list":["post-102796","post","type-post","status-publish","format-standard","has-post-thumbnail","hentry","category-actualites","category-architecture-conception","category-energie-environnement","category-5facades","category-actualites-5facades","category-publications-planete","category-planete","tag-photovoltaique"],"yoast_head":"<!-- This site is optimized with the Yoast SEO plugin v27.4 - https:\/\/yoast.com\/product\/yoast-seo-wordpress\/ -->\n<title>3 centrales photovolta\u00efques en toiture pour autoconsommation collective<\/title>\n<meta name=\"description\" content=\"GEG ENeR, exploitant de la ferme solaire photovolta\u00efque du projet ABC \u00e0 Grenoble vient de finaliser la pose de 688 modules photovolta\u00efques\" \/>\n<meta name=\"robots\" content=\"index, follow, max-snippet:-1, max-image-preview:large, max-video-preview:-1\" \/>\n<link rel=\"canonical\" href=\"https:\/\/batijournal.com\/index.php\/3-centrales-photovoltaiques-en-toiture-pour-autoconsommation-collective\/102796\/\" \/>\n<meta property=\"og:locale\" content=\"fr_FR\" \/>\n<meta property=\"og:type\" content=\"article\" \/>\n<meta property=\"og:title\" content=\"3 centrales photovolta\u00efques en toiture pour autoconsommation collective\" \/>\n<meta property=\"og:description\" content=\"GEG ENeR, exploitant de la ferme solaire photovolta\u00efque du projet ABC \u00e0 Grenoble vient de finaliser la pose de 688 modules photovolta\u00efques\" \/>\n<meta property=\"og:url\" content=\"https:\/\/batijournal.com\/index.php\/3-centrales-photovoltaiques-en-toiture-pour-autoconsommation-collective\/102796\/\" \/>\n<meta property=\"og:site_name\" content=\"Batijournal\" \/>\n<meta property=\"article:published_time\" content=\"2019-08-27T06:51:47+00:00\" \/>\n<meta property=\"og:image\" content=\"https:\/\/batijournal.com\/wp-content\/uploads\/2019\/08\/centrale-photovoltaique-autoconsommation-collective-grenoble-ABC-Projet.jpg\" \/>\n\t<meta property=\"og:image:width\" content=\"1200\" \/>\n\t<meta property=\"og:image:height\" content=\"800\" \/>\n\t<meta property=\"og:image:type\" content=\"image\/jpeg\" \/>\n<meta name=\"author\" content=\"St\u00e9phane Miget\" \/>\n<meta name=\"twitter:card\" content=\"summary_large_image\" \/>\n<meta name=\"twitter:creator\" content=\"@bati_journal\" \/>\n<meta name=\"twitter:site\" content=\"@bati_journal\" \/>\n<meta name=\"twitter:label1\" content=\"\u00c9crit par\" \/>\n\t<meta name=\"twitter:data1\" content=\"St\u00e9phane Miget\" \/>\n\t<meta name=\"twitter:label2\" content=\"Dur\u00e9e de lecture estim\u00e9e\" \/>\n\t<meta name=\"twitter:data2\" content=\"2 minutes\" \/>\n<script type=\"application\/ld+json\" class=\"yoast-schema-graph\">{\"@context\":\"https:\\\/\\\/schema.org\",\"@graph\":[{\"@type\":\"Article\",\"@id\":\"https:\\\/\\\/batijournal.com\\\/index.php\\\/3-centrales-photovoltaiques-en-toiture-pour-autoconsommation-collective\\\/102796\\\/#article\",\"isPartOf\":{\"@id\":\"https:\\\/\\\/batijournal.com\\\/index.php\\\/3-centrales-photovoltaiques-en-toiture-pour-autoconsommation-collective\\\/102796\\\/\"},\"author\":{\"name\":\"St\u00e9phane Miget\",\"@id\":\"https:\\\/\\\/batijournal.com\\\/#\\\/schema\\\/person\\\/1dc96ec6957aa1ccb25ebe78bb19f100\"},\"headline\":\"3 centrales photovolta\u00efques en toiture pour autoconsommation collective\",\"datePublished\":\"2019-08-27T06:51:47+00:00\",\"mainEntityOfPage\":{\"@id\":\"https:\\\/\\\/batijournal.com\\\/index.php\\\/3-centrales-photovoltaiques-en-toiture-pour-autoconsommation-collective\\\/102796\\\/\"},\"wordCount\":385,\"image\":{\"@id\":\"https:\\\/\\\/batijournal.com\\\/index.php\\\/3-centrales-photovoltaiques-en-toiture-pour-autoconsommation-collective\\\/102796\\\/#primaryimage\"},\"thumbnailUrl\":\"https:\\\/\\\/batijournal.com\\\/wp-content\\\/uploads\\\/2019\\\/08\\\/centrale-photovoltaique-autoconsommation-collective-grenoble-ABC-Projet.jpg\",\"keywords\":[\"photovolta\u00efque\"],\"articleSection\":[\"Actualit\u00e9s\",\"Architecture &amp; Conception\",\"\u00c9nergie &amp; Environnement\",\"zz_5fa\u00e7ades\",\"zz_Actualit\u00e9s - 5fa\u00e7ades\",\"zz_Actualit\u00e9s - Plan\u00e8te\",\"zz_Plan\u00e8te B\u00e2timent\"],\"inLanguage\":\"fr-FR\"},{\"@type\":\"WebPage\",\"@id\":\"https:\\\/\\\/batijournal.com\\\/index.php\\\/3-centrales-photovoltaiques-en-toiture-pour-autoconsommation-collective\\\/102796\\\/\",\"url\":\"https:\\\/\\\/batijournal.com\\\/index.php\\\/3-centrales-photovoltaiques-en-toiture-pour-autoconsommation-collective\\\/102796\\\/\",\"name\":\"3 centrales photovolta\u00efques en toiture pour autoconsommation collective\",\"isPartOf\":{\"@id\":\"https:\\\/\\\/batijournal.com\\\/#website\"},\"primaryImageOfPage\":{\"@id\":\"https:\\\/\\\/batijournal.com\\\/index.php\\\/3-centrales-photovoltaiques-en-toiture-pour-autoconsommation-collective\\\/102796\\\/#primaryimage\"},\"image\":{\"@id\":\"https:\\\/\\\/batijournal.com\\\/index.php\\\/3-centrales-photovoltaiques-en-toiture-pour-autoconsommation-collective\\\/102796\\\/#primaryimage\"},\"thumbnailUrl\":\"https:\\\/\\\/batijournal.com\\\/wp-content\\\/uploads\\\/2019\\\/08\\\/centrale-photovoltaique-autoconsommation-collective-grenoble-ABC-Projet.jpg\",\"datePublished\":\"2019-08-27T06:51:47+00:00\",\"author\":{\"@id\":\"https:\\\/\\\/batijournal.com\\\/#\\\/schema\\\/person\\\/1dc96ec6957aa1ccb25ebe78bb19f100\"},\"description\":\"GEG ENeR, exploitant de la ferme solaire photovolta\u00efque du projet ABC \u00e0 Grenoble vient de finaliser la pose de 688 modules photovolta\u00efques\",\"breadcrumb\":{\"@id\":\"https:\\\/\\\/batijournal.com\\\/index.php\\\/3-centrales-photovoltaiques-en-toiture-pour-autoconsommation-collective\\\/102796\\\/#breadcrumb\"},\"inLanguage\":\"fr-FR\",\"potentialAction\":[{\"@type\":\"ReadAction\",\"target\":[\"https:\\\/\\\/batijournal.com\\\/index.php\\\/3-centrales-photovoltaiques-en-toiture-pour-autoconsommation-collective\\\/102796\\\/\"]}]},{\"@type\":\"ImageObject\",\"inLanguage\":\"fr-FR\",\"@id\":\"https:\\\/\\\/batijournal.com\\\/index.php\\\/3-centrales-photovoltaiques-en-toiture-pour-autoconsommation-collective\\\/102796\\\/#primaryimage\",\"url\":\"https:\\\/\\\/batijournal.com\\\/wp-content\\\/uploads\\\/2019\\\/08\\\/centrale-photovoltaique-autoconsommation-collective-grenoble-ABC-Projet.jpg\",\"contentUrl\":\"https:\\\/\\\/batijournal.com\\\/wp-content\\\/uploads\\\/2019\\\/08\\\/centrale-photovoltaique-autoconsommation-collective-grenoble-ABC-Projet.jpg\",\"width\":1200,\"height\":800},{\"@type\":\"BreadcrumbList\",\"@id\":\"https:\\\/\\\/batijournal.com\\\/index.php\\\/3-centrales-photovoltaiques-en-toiture-pour-autoconsommation-collective\\\/102796\\\/#breadcrumb\",\"itemListElement\":[{\"@type\":\"ListItem\",\"position\":1,\"name\":\"Accueil\",\"item\":\"https:\\\/\\\/batijournal.com\\\/\"},{\"@type\":\"ListItem\",\"position\":2,\"name\":\"Actualit\u00e9s\",\"item\":\"https:\\\/\\\/batijournal.com\\\/index.php\\\/category\\\/actualites\\\/\"},{\"@type\":\"ListItem\",\"position\":3,\"name\":\"3 centrales photovolta\u00efques en toiture pour autoconsommation collective\"}]},{\"@type\":\"WebSite\",\"@id\":\"https:\\\/\\\/batijournal.com\\\/#website\",\"url\":\"https:\\\/\\\/batijournal.com\\\/\",\"name\":\"Batijournal\",\"description\":\"L&#039;actualit\u00e9 du b\u00e2timent\",\"potentialAction\":[{\"@type\":\"SearchAction\",\"target\":{\"@type\":\"EntryPoint\",\"urlTemplate\":\"https:\\\/\\\/batijournal.com\\\/?s={search_term_string}\"},\"query-input\":{\"@type\":\"PropertyValueSpecification\",\"valueRequired\":true,\"valueName\":\"search_term_string\"}}],\"inLanguage\":\"fr-FR\"},{\"@type\":\"Person\",\"@id\":\"https:\\\/\\\/batijournal.com\\\/#\\\/schema\\\/person\\\/1dc96ec6957aa1ccb25ebe78bb19f100\",\"name\":\"St\u00e9phane Miget\",\"image\":{\"@type\":\"ImageObject\",\"inLanguage\":\"fr-FR\",\"@id\":\"https:\\\/\\\/secure.gravatar.com\\\/avatar\\\/89915563d925342126b8ef0281b93d9d7fc337043e8df017f780908eb9644451?s=96&d=mm&r=g\",\"url\":\"https:\\\/\\\/secure.gravatar.com\\\/avatar\\\/89915563d925342126b8ef0281b93d9d7fc337043e8df017f780908eb9644451?s=96&d=mm&r=g\",\"contentUrl\":\"https:\\\/\\\/secure.gravatar.com\\\/avatar\\\/89915563d925342126b8ef0281b93d9d7fc337043e8df017f780908eb9644451?s=96&d=mm&r=g\",\"caption\":\"St\u00e9phane Miget\"},\"url\":\"https:\\\/\\\/batijournal.com\\\/index.php\\\/author\\\/stephane\\\/\"}]}<\/script>\n<!-- \/ Yoast SEO plugin. -->","yoast_head_json":{"title":"3 centrales photovolta\u00efques en toiture pour autoconsommation collective","description":"GEG ENeR, exploitant de la ferme solaire photovolta\u00efque du projet ABC \u00e0 Grenoble vient de finaliser la pose de 688 modules photovolta\u00efques","robots":{"index":"index","follow":"follow","max-snippet":"max-snippet:-1","max-image-preview":"max-image-preview:large","max-video-preview":"max-video-preview:-1"},"canonical":"https:\/\/batijournal.com\/index.php\/3-centrales-photovoltaiques-en-toiture-pour-autoconsommation-collective\/102796\/","og_locale":"fr_FR","og_type":"article","og_title":"3 centrales photovolta\u00efques en toiture pour autoconsommation collective","og_description":"GEG ENeR, exploitant de la ferme solaire photovolta\u00efque du projet ABC \u00e0 Grenoble vient de finaliser la pose de 688 modules photovolta\u00efques","og_url":"https:\/\/batijournal.com\/index.php\/3-centrales-photovoltaiques-en-toiture-pour-autoconsommation-collective\/102796\/","og_site_name":"Batijournal","article_published_time":"2019-08-27T06:51:47+00:00","og_image":[{"width":1200,"height":800,"url":"https:\/\/batijournal.com\/wp-content\/uploads\/2019\/08\/centrale-photovoltaique-autoconsommation-collective-grenoble-ABC-Projet.jpg","type":"image\/jpeg"}],"author":"St\u00e9phane Miget","twitter_card":"summary_large_image","twitter_creator":"@bati_journal","twitter_site":"@bati_journal","twitter_misc":{"\u00c9crit par":"St\u00e9phane Miget","Dur\u00e9e de lecture estim\u00e9e":"2 minutes"},"schema":{"@context":"https:\/\/schema.org","@graph":[{"@type":"Article","@id":"https:\/\/batijournal.com\/index.php\/3-centrales-photovoltaiques-en-toiture-pour-autoconsommation-collective\/102796\/#article","isPartOf":{"@id":"https:\/\/batijournal.com\/index.php\/3-centrales-photovoltaiques-en-toiture-pour-autoconsommation-collective\/102796\/"},"author":{"name":"St\u00e9phane Miget","@id":"https:\/\/batijournal.com\/#\/schema\/person\/1dc96ec6957aa1ccb25ebe78bb19f100"},"headline":"3 centrales photovolta\u00efques en toiture pour autoconsommation collective","datePublished":"2019-08-27T06:51:47+00:00","mainEntityOfPage":{"@id":"https:\/\/batijournal.com\/index.php\/3-centrales-photovoltaiques-en-toiture-pour-autoconsommation-collective\/102796\/"},"wordCount":385,"image":{"@id":"https:\/\/batijournal.com\/index.php\/3-centrales-photovoltaiques-en-toiture-pour-autoconsommation-collective\/102796\/#primaryimage"},"thumbnailUrl":"https:\/\/batijournal.com\/wp-content\/uploads\/2019\/08\/centrale-photovoltaique-autoconsommation-collective-grenoble-ABC-Projet.jpg","keywords":["photovolta\u00efque"],"articleSection":["Actualit\u00e9s","Architecture &amp; Conception","\u00c9nergie &amp; Environnement","zz_5fa\u00e7ades","zz_Actualit\u00e9s - 5fa\u00e7ades","zz_Actualit\u00e9s - Plan\u00e8te","zz_Plan\u00e8te B\u00e2timent"],"inLanguage":"fr-FR"},{"@type":"WebPage","@id":"https:\/\/batijournal.com\/index.php\/3-centrales-photovoltaiques-en-toiture-pour-autoconsommation-collective\/102796\/","url":"https:\/\/batijournal.com\/index.php\/3-centrales-photovoltaiques-en-toiture-pour-autoconsommation-collective\/102796\/","name":"3 centrales photovolta\u00efques en toiture pour autoconsommation collective","isPartOf":{"@id":"https:\/\/batijournal.com\/#website"},"primaryImageOfPage":{"@id":"https:\/\/batijournal.com\/index.php\/3-centrales-photovoltaiques-en-toiture-pour-autoconsommation-collective\/102796\/#primaryimage"},"image":{"@id":"https:\/\/batijournal.com\/index.php\/3-centrales-photovoltaiques-en-toiture-pour-autoconsommation-collective\/102796\/#primaryimage"},"thumbnailUrl":"https:\/\/batijournal.com\/wp-content\/uploads\/2019\/08\/centrale-photovoltaique-autoconsommation-collective-grenoble-ABC-Projet.jpg","datePublished":"2019-08-27T06:51:47+00:00","author":{"@id":"https:\/\/batijournal.com\/#\/schema\/person\/1dc96ec6957aa1ccb25ebe78bb19f100"},"description":"GEG ENeR, exploitant de la ferme solaire photovolta\u00efque du projet ABC \u00e0 Grenoble vient de finaliser la pose de 688 modules photovolta\u00efques","breadcrumb":{"@id":"https:\/\/batijournal.com\/index.php\/3-centrales-photovoltaiques-en-toiture-pour-autoconsommation-collective\/102796\/#breadcrumb"},"inLanguage":"fr-FR","potentialAction":[{"@type":"ReadAction","target":["https:\/\/batijournal.com\/index.php\/3-centrales-photovoltaiques-en-toiture-pour-autoconsommation-collective\/102796\/"]}]},{"@type":"ImageObject","inLanguage":"fr-FR","@id":"https:\/\/batijournal.com\/index.php\/3-centrales-photovoltaiques-en-toiture-pour-autoconsommation-collective\/102796\/#primaryimage","url":"https:\/\/batijournal.com\/wp-content\/uploads\/2019\/08\/centrale-photovoltaique-autoconsommation-collective-grenoble-ABC-Projet.jpg","contentUrl":"https:\/\/batijournal.com\/wp-content\/uploads\/2019\/08\/centrale-photovoltaique-autoconsommation-collective-grenoble-ABC-Projet.jpg","width":1200,"height":800},{"@type":"BreadcrumbList","@id":"https:\/\/batijournal.com\/index.php\/3-centrales-photovoltaiques-en-toiture-pour-autoconsommation-collective\/102796\/#breadcrumb","itemListElement":[{"@type":"ListItem","position":1,"name":"Accueil","item":"https:\/\/batijournal.com\/"},{"@type":"ListItem","position":2,"name":"Actualit\u00e9s","item":"https:\/\/batijournal.com\/index.php\/category\/actualites\/"},{"@type":"ListItem","position":3,"name":"3 centrales photovolta\u00efques en toiture pour autoconsommation collective"}]},{"@type":"WebSite","@id":"https:\/\/batijournal.com\/#website","url":"https:\/\/batijournal.com\/","name":"Batijournal","description":"L&#039;actualit\u00e9 du b\u00e2timent","potentialAction":[{"@type":"SearchAction","target":{"@type":"EntryPoint","urlTemplate":"https:\/\/batijournal.com\/?s={search_term_string}"},"query-input":{"@type":"PropertyValueSpecification","valueRequired":true,"valueName":"search_term_string"}}],"inLanguage":"fr-FR"},{"@type":"Person","@id":"https:\/\/batijournal.com\/#\/schema\/person\/1dc96ec6957aa1ccb25ebe78bb19f100","name":"St\u00e9phane Miget","image":{"@type":"ImageObject","inLanguage":"fr-FR","@id":"https:\/\/secure.gravatar.com\/avatar\/89915563d925342126b8ef0281b93d9d7fc337043e8df017f780908eb9644451?s=96&d=mm&r=g","url":"https:\/\/secure.gravatar.com\/avatar\/89915563d925342126b8ef0281b93d9d7fc337043e8df017f780908eb9644451?s=96&d=mm&r=g","contentUrl":"https:\/\/secure.gravatar.com\/avatar\/89915563d925342126b8ef0281b93d9d7fc337043e8df017f780908eb9644451?s=96&d=mm&r=g","caption":"St\u00e9phane Miget"},"url":"https:\/\/batijournal.com\/index.php\/author\/stephane\/"}]}},"_links":{"self":[{"href":"https:\/\/batijournal.com\/index.php\/wp-json\/wp\/v2\/posts\/102796","targetHints":{"allow":["GET"]}}],"collection":[{"href":"https:\/\/batijournal.com\/index.php\/wp-json\/wp\/v2\/posts"}],"about":[{"href":"https:\/\/batijournal.com\/index.php\/wp-json\/wp\/v2\/types\/post"}],"author":[{"embeddable":true,"href":"https:\/\/batijournal.com\/index.php\/wp-json\/wp\/v2\/users\/17"}],"replies":[{"embeddable":true,"href":"https:\/\/batijournal.com\/index.php\/wp-json\/wp\/v2\/comments?post=102796"}],"version-history":[{"count":0,"href":"https:\/\/batijournal.com\/index.php\/wp-json\/wp\/v2\/posts\/102796\/revisions"}],"wp:featuredmedia":[{"embeddable":true,"href":"https:\/\/batijournal.com\/index.php\/wp-json\/wp\/v2\/media\/102797"}],"wp:attachment":[{"href":"https:\/\/batijournal.com\/index.php\/wp-json\/wp\/v2\/media?parent=102796"}],"wp:term":[{"taxonomy":"category","embeddable":true,"href":"https:\/\/batijournal.com\/index.php\/wp-json\/wp\/v2\/categories?post=102796"},{"taxonomy":"post_tag","embeddable":true,"href":"https:\/\/batijournal.com\/index.php\/wp-json\/wp\/v2\/tags?post=102796"}],"curies":[{"name":"wp","href":"https:\/\/api.w.org\/{rel}","templated":true}]}}