{"id":102803,"date":"2019-08-28T07:55:31","date_gmt":"2019-08-28T05:55:31","guid":{"rendered":"https:\/\/batijournal.com\/?p=102803"},"modified":"2019-08-28T07:55:31","modified_gmt":"2019-08-28T05:55:31","slug":"adoptez-une-statue-du-jardin-des-plantes","status":"publish","type":"post","link":"https:\/\/batijournal.com\/index.php\/adoptez-une-statue-du-jardin-des-plantes\/102803\/","title":{"rendered":"Adoptez une statue du Jardin des Plantes"},"content":{"rendered":"<p>La Fondation du patrimoine et le Mus\u00e9um national d\u2019Histoire naturelle s\u2019associent pour lancer, d\u00e8s le 10 septembre 2019, un appel aux dons visant \u00e0 financer la restauration de 24 statues r\u00e9alis\u00e9es aux XIXe et XXe si\u00e8cles, r\u00e9parties sur les 26 hectares de l&rsquo;ancien jardin royal. En charge des objets d\u2019art, la Direction des Biblioth\u00e8ques du Mus\u00e9um a fait r\u00e9aliser une \u00e9tude pr\u00e9alable pour la restauration et l\u2019entretien de la statuaire du Jardin des Plantes. Le constat est clair : bien qu\u2019ayant connues de ponctuelles restaurations par le pass\u00e9, les \u0153uvres s\u2019alt\u00e8rent en raison de multiples facteurs, qu\u2019ils soient environnementaux ou li\u00e9s \u00e0 la fr\u00e9quentation des lieux. Ces d\u00e9sordres \u00e9volutifs nuisent parfois grandement \u00e0 la lisibilit\u00e9 des sculptures. Ils conduisent \u00e9galement \u00e0 une lente mais s\u00fbre disparition des surfaces originales. Les \u0153uvres en pierre ou marbre sont notamment touch\u00e9es par la colonisation d\u2019algues, de lichens ou de mousses, par une accumulation de v\u00e9g\u00e9taux, par des graffitis ou fissures, par une alt\u00e9ration des joints sur les socles&#8230; Les \u0153uvres en bronze, elles, connaissent une oxydation du m\u00e9tal relative \u00e0 leur niveau d\u2019exposition \u00e0 l\u2019air, une disparition progressive de la patine et l\u00e0 encore graffitis, accumulation de v\u00e9g\u00e9taux&#8230;<\/p>\n<p>Pour ce projet, qui devrait durer jusqu\u2019en 2021, le Mus\u00e9um national d\u2019Histoire naturelle s\u2019associe \u00e0 la Fondation du patrimoine afin de lancer une grande op\u00e9ration de souscription aupr\u00e8s du public et des entreprises. Les sommes collect\u00e9es compl\u00e9teront les financements institutionnels. L\u2019objectif est ambitieux (co\u00fbt total estim\u00e9 \u00e0 213 900 euros TTC), mais correspond \u00e0 l\u2019affection des visiteurs pour ce lieu patrimonial sans pareil.<\/p>\n<p>Photo : Science et myst\u00e8re (1886), J.L D\u00e9sir\u00e9 Schroeder &#8211; \u00a9 MNHN &#8211; R. Bracco<\/p>\n<p>&nbsp;<\/p>\n","protected":false},"excerpt":{"rendered":"<p>La Fondation du patrimoine et le Mus\u00e9um national d\u2019Histoire naturelle s\u2019associent pour lancer, d\u00e8s le 10 septembre 2019, un appel aux dons visant \u00e0 financer la restauration de 24 statues r\u00e9alis\u00e9es aux XIXe et XXe si\u00e8cles, r\u00e9parties sur les 26 hectares de l&rsquo;ancien jardin royal. En charge des objets d\u2019art, la Direction des Biblioth\u00e8ques du [&hellip;]<\/p>\n","protected":false},"author":17,"featured_media":102804,"comment_status":"closed","ping_status":"closed","sticky":false,"template":"","format":"standard","meta":{"_et_pb_use_builder":"","_et_pb_old_content":"","_et_gb_content_width":"","footnotes":""},"categories":[10530,10789,10785],"tags":[5905],"class_list":["post-102803","post","type-post","status-publish","format-standard","has-post-thumbnail","hentry","category-actualites","category-publications-atrium","category-atrium","tag-fondation-du-patrimoine"],"yoast_head":"<!-- This site is optimized with the Yoast SEO plugin v27.4 - https:\/\/yoast.com\/product\/yoast-seo-wordpress\/ -->\n<title>Adoptez une statue du Jardin des Plantes<\/title>\n<meta name=\"description\" content=\"La Direction des Biblioth\u00e8ques du Mus\u00e9um a fait r\u00e9aliser une \u00e9tude pr\u00e9alable pour la restauration et l\u2019entretien de la statuaire du Jardin des Plantes\" \/>\n<meta name=\"robots\" content=\"index, follow, max-snippet:-1, max-image-preview:large, max-video-preview:-1\" \/>\n<link rel=\"canonical\" href=\"https:\/\/batijournal.com\/index.php\/adoptez-une-statue-du-jardin-des-plantes\/102803\/\" \/>\n<meta property=\"og:locale\" content=\"fr_FR\" \/>\n<meta property=\"og:type\" content=\"article\" \/>\n<meta property=\"og:title\" content=\"Adoptez une statue du Jardin des Plantes\" \/>\n<meta property=\"og:description\" content=\"La Direction des Biblioth\u00e8ques du Mus\u00e9um a fait r\u00e9aliser une \u00e9tude pr\u00e9alable pour la restauration et l\u2019entretien de la statuaire du Jardin des Plantes\" \/>\n<meta property=\"og:url\" content=\"https:\/\/batijournal.com\/index.php\/adoptez-une-statue-du-jardin-des-plantes\/102803\/\" \/>\n<meta property=\"og:site_name\" content=\"Batijournal\" \/>\n<meta property=\"article:published_time\" content=\"2019-08-28T05:55:31+00:00\" \/>\n<meta property=\"og:image\" content=\"https:\/\/batijournal.com\/wp-content\/uploads\/2019\/08\/Jardin-des-Plantes-Science-et-mystere-1886-J.L-Desire-Schroeder.png\" \/>\n\t<meta property=\"og:image:width\" content=\"800\" \/>\n\t<meta property=\"og:image:height\" content=\"630\" \/>\n\t<meta property=\"og:image:type\" content=\"image\/png\" \/>\n<meta name=\"author\" content=\"St\u00e9phane Miget\" \/>\n<meta name=\"twitter:card\" content=\"summary_large_image\" \/>\n<meta name=\"twitter:creator\" content=\"@bati_journal\" \/>\n<meta name=\"twitter:site\" content=\"@bati_journal\" \/>\n<meta name=\"twitter:label1\" content=\"\u00c9crit par\" \/>\n\t<meta name=\"twitter:data1\" content=\"St\u00e9phane Miget\" \/>\n\t<meta name=\"twitter:label2\" content=\"Dur\u00e9e de lecture estim\u00e9e\" \/>\n\t<meta name=\"twitter:data2\" content=\"2 minutes\" \/>\n<script type=\"application\/ld+json\" class=\"yoast-schema-graph\">{\"@context\":\"https:\\\/\\\/schema.org\",\"@graph\":[{\"@type\":\"Article\",\"@id\":\"https:\\\/\\\/batijournal.com\\\/index.php\\\/adoptez-une-statue-du-jardin-des-plantes\\\/102803\\\/#article\",\"isPartOf\":{\"@id\":\"https:\\\/\\\/batijournal.com\\\/index.php\\\/adoptez-une-statue-du-jardin-des-plantes\\\/102803\\\/\"},\"author\":{\"name\":\"St\u00e9phane Miget\",\"@id\":\"https:\\\/\\\/batijournal.com\\\/#\\\/schema\\\/person\\\/1dc96ec6957aa1ccb25ebe78bb19f100\"},\"headline\":\"Adoptez une statue du Jardin des Plantes\",\"datePublished\":\"2019-08-28T05:55:31+00:00\",\"mainEntityOfPage\":{\"@id\":\"https:\\\/\\\/batijournal.com\\\/index.php\\\/adoptez-une-statue-du-jardin-des-plantes\\\/102803\\\/\"},\"wordCount\":308,\"image\":{\"@id\":\"https:\\\/\\\/batijournal.com\\\/index.php\\\/adoptez-une-statue-du-jardin-des-plantes\\\/102803\\\/#primaryimage\"},\"thumbnailUrl\":\"https:\\\/\\\/batijournal.com\\\/wp-content\\\/uploads\\\/2019\\\/08\\\/Jardin-des-Plantes-Science-et-mystere-1886-J.L-Desire-Schroeder.png\",\"keywords\":[\"fondation du patrimoine\"],\"articleSection\":[\"Actualit\u00e9s\",\"zz_Actualit\u00e9s - Atrium\",\"zz_Atrium Patrimoine\"],\"inLanguage\":\"fr-FR\"},{\"@type\":\"WebPage\",\"@id\":\"https:\\\/\\\/batijournal.com\\\/index.php\\\/adoptez-une-statue-du-jardin-des-plantes\\\/102803\\\/\",\"url\":\"https:\\\/\\\/batijournal.com\\\/index.php\\\/adoptez-une-statue-du-jardin-des-plantes\\\/102803\\\/\",\"name\":\"Adoptez une statue du Jardin des Plantes\",\"isPartOf\":{\"@id\":\"https:\\\/\\\/batijournal.com\\\/#website\"},\"primaryImageOfPage\":{\"@id\":\"https:\\\/\\\/batijournal.com\\\/index.php\\\/adoptez-une-statue-du-jardin-des-plantes\\\/102803\\\/#primaryimage\"},\"image\":{\"@id\":\"https:\\\/\\\/batijournal.com\\\/index.php\\\/adoptez-une-statue-du-jardin-des-plantes\\\/102803\\\/#primaryimage\"},\"thumbnailUrl\":\"https:\\\/\\\/batijournal.com\\\/wp-content\\\/uploads\\\/2019\\\/08\\\/Jardin-des-Plantes-Science-et-mystere-1886-J.L-Desire-Schroeder.png\",\"datePublished\":\"2019-08-28T05:55:31+00:00\",\"author\":{\"@id\":\"https:\\\/\\\/batijournal.com\\\/#\\\/schema\\\/person\\\/1dc96ec6957aa1ccb25ebe78bb19f100\"},\"description\":\"La Direction des Biblioth\u00e8ques du Mus\u00e9um a fait r\u00e9aliser une \u00e9tude pr\u00e9alable pour la restauration et l\u2019entretien de la statuaire du Jardin des Plantes\",\"breadcrumb\":{\"@id\":\"https:\\\/\\\/batijournal.com\\\/index.php\\\/adoptez-une-statue-du-jardin-des-plantes\\\/102803\\\/#breadcrumb\"},\"inLanguage\":\"fr-FR\",\"potentialAction\":[{\"@type\":\"ReadAction\",\"target\":[\"https:\\\/\\\/batijournal.com\\\/index.php\\\/adoptez-une-statue-du-jardin-des-plantes\\\/102803\\\/\"]}]},{\"@type\":\"ImageObject\",\"inLanguage\":\"fr-FR\",\"@id\":\"https:\\\/\\\/batijournal.com\\\/index.php\\\/adoptez-une-statue-du-jardin-des-plantes\\\/102803\\\/#primaryimage\",\"url\":\"https:\\\/\\\/batijournal.com\\\/wp-content\\\/uploads\\\/2019\\\/08\\\/Jardin-des-Plantes-Science-et-mystere-1886-J.L-Desire-Schroeder.png\",\"contentUrl\":\"https:\\\/\\\/batijournal.com\\\/wp-content\\\/uploads\\\/2019\\\/08\\\/Jardin-des-Plantes-Science-et-mystere-1886-J.L-Desire-Schroeder.png\",\"width\":800,\"height\":630},{\"@type\":\"BreadcrumbList\",\"@id\":\"https:\\\/\\\/batijournal.com\\\/index.php\\\/adoptez-une-statue-du-jardin-des-plantes\\\/102803\\\/#breadcrumb\",\"itemListElement\":[{\"@type\":\"ListItem\",\"position\":1,\"name\":\"Accueil\",\"item\":\"https:\\\/\\\/batijournal.com\\\/\"},{\"@type\":\"ListItem\",\"position\":2,\"name\":\"Actualit\u00e9s\",\"item\":\"https:\\\/\\\/batijournal.com\\\/index.php\\\/category\\\/actualites\\\/\"},{\"@type\":\"ListItem\",\"position\":3,\"name\":\"Adoptez une statue du Jardin des Plantes\"}]},{\"@type\":\"WebSite\",\"@id\":\"https:\\\/\\\/batijournal.com\\\/#website\",\"url\":\"https:\\\/\\\/batijournal.com\\\/\",\"name\":\"Batijournal\",\"description\":\"L&#039;actualit\u00e9 du b\u00e2timent\",\"potentialAction\":[{\"@type\":\"SearchAction\",\"target\":{\"@type\":\"EntryPoint\",\"urlTemplate\":\"https:\\\/\\\/batijournal.com\\\/?s={search_term_string}\"},\"query-input\":{\"@type\":\"PropertyValueSpecification\",\"valueRequired\":true,\"valueName\":\"search_term_string\"}}],\"inLanguage\":\"fr-FR\"},{\"@type\":\"Person\",\"@id\":\"https:\\\/\\\/batijournal.com\\\/#\\\/schema\\\/person\\\/1dc96ec6957aa1ccb25ebe78bb19f100\",\"name\":\"St\u00e9phane Miget\",\"image\":{\"@type\":\"ImageObject\",\"inLanguage\":\"fr-FR\",\"@id\":\"https:\\\/\\\/secure.gravatar.com\\\/avatar\\\/89915563d925342126b8ef0281b93d9d7fc337043e8df017f780908eb9644451?s=96&d=mm&r=g\",\"url\":\"https:\\\/\\\/secure.gravatar.com\\\/avatar\\\/89915563d925342126b8ef0281b93d9d7fc337043e8df017f780908eb9644451?s=96&d=mm&r=g\",\"contentUrl\":\"https:\\\/\\\/secure.gravatar.com\\\/avatar\\\/89915563d925342126b8ef0281b93d9d7fc337043e8df017f780908eb9644451?s=96&d=mm&r=g\",\"caption\":\"St\u00e9phane Miget\"},\"url\":\"https:\\\/\\\/batijournal.com\\\/index.php\\\/author\\\/stephane\\\/\"}]}<\/script>\n<!-- \/ Yoast SEO plugin. -->","yoast_head_json":{"title":"Adoptez une statue du Jardin des Plantes","description":"La Direction des Biblioth\u00e8ques du Mus\u00e9um a fait r\u00e9aliser une \u00e9tude pr\u00e9alable pour la restauration et l\u2019entretien de la statuaire du Jardin des Plantes","robots":{"index":"index","follow":"follow","max-snippet":"max-snippet:-1","max-image-preview":"max-image-preview:large","max-video-preview":"max-video-preview:-1"},"canonical":"https:\/\/batijournal.com\/index.php\/adoptez-une-statue-du-jardin-des-plantes\/102803\/","og_locale":"fr_FR","og_type":"article","og_title":"Adoptez une statue du Jardin des Plantes","og_description":"La Direction des Biblioth\u00e8ques du Mus\u00e9um a fait r\u00e9aliser une \u00e9tude pr\u00e9alable pour la restauration et l\u2019entretien de la statuaire du Jardin des Plantes","og_url":"https:\/\/batijournal.com\/index.php\/adoptez-une-statue-du-jardin-des-plantes\/102803\/","og_site_name":"Batijournal","article_published_time":"2019-08-28T05:55:31+00:00","og_image":[{"width":800,"height":630,"url":"https:\/\/batijournal.com\/wp-content\/uploads\/2019\/08\/Jardin-des-Plantes-Science-et-mystere-1886-J.L-Desire-Schroeder.png","type":"image\/png"}],"author":"St\u00e9phane Miget","twitter_card":"summary_large_image","twitter_creator":"@bati_journal","twitter_site":"@bati_journal","twitter_misc":{"\u00c9crit par":"St\u00e9phane Miget","Dur\u00e9e de lecture estim\u00e9e":"2 minutes"},"schema":{"@context":"https:\/\/schema.org","@graph":[{"@type":"Article","@id":"https:\/\/batijournal.com\/index.php\/adoptez-une-statue-du-jardin-des-plantes\/102803\/#article","isPartOf":{"@id":"https:\/\/batijournal.com\/index.php\/adoptez-une-statue-du-jardin-des-plantes\/102803\/"},"author":{"name":"St\u00e9phane Miget","@id":"https:\/\/batijournal.com\/#\/schema\/person\/1dc96ec6957aa1ccb25ebe78bb19f100"},"headline":"Adoptez une statue du Jardin des Plantes","datePublished":"2019-08-28T05:55:31+00:00","mainEntityOfPage":{"@id":"https:\/\/batijournal.com\/index.php\/adoptez-une-statue-du-jardin-des-plantes\/102803\/"},"wordCount":308,"image":{"@id":"https:\/\/batijournal.com\/index.php\/adoptez-une-statue-du-jardin-des-plantes\/102803\/#primaryimage"},"thumbnailUrl":"https:\/\/batijournal.com\/wp-content\/uploads\/2019\/08\/Jardin-des-Plantes-Science-et-mystere-1886-J.L-Desire-Schroeder.png","keywords":["fondation du patrimoine"],"articleSection":["Actualit\u00e9s","zz_Actualit\u00e9s - Atrium","zz_Atrium Patrimoine"],"inLanguage":"fr-FR"},{"@type":"WebPage","@id":"https:\/\/batijournal.com\/index.php\/adoptez-une-statue-du-jardin-des-plantes\/102803\/","url":"https:\/\/batijournal.com\/index.php\/adoptez-une-statue-du-jardin-des-plantes\/102803\/","name":"Adoptez une statue du Jardin des Plantes","isPartOf":{"@id":"https:\/\/batijournal.com\/#website"},"primaryImageOfPage":{"@id":"https:\/\/batijournal.com\/index.php\/adoptez-une-statue-du-jardin-des-plantes\/102803\/#primaryimage"},"image":{"@id":"https:\/\/batijournal.com\/index.php\/adoptez-une-statue-du-jardin-des-plantes\/102803\/#primaryimage"},"thumbnailUrl":"https:\/\/batijournal.com\/wp-content\/uploads\/2019\/08\/Jardin-des-Plantes-Science-et-mystere-1886-J.L-Desire-Schroeder.png","datePublished":"2019-08-28T05:55:31+00:00","author":{"@id":"https:\/\/batijournal.com\/#\/schema\/person\/1dc96ec6957aa1ccb25ebe78bb19f100"},"description":"La Direction des Biblioth\u00e8ques du Mus\u00e9um a fait r\u00e9aliser une \u00e9tude pr\u00e9alable pour la restauration et l\u2019entretien de la statuaire du Jardin des Plantes","breadcrumb":{"@id":"https:\/\/batijournal.com\/index.php\/adoptez-une-statue-du-jardin-des-plantes\/102803\/#breadcrumb"},"inLanguage":"fr-FR","potentialAction":[{"@type":"ReadAction","target":["https:\/\/batijournal.com\/index.php\/adoptez-une-statue-du-jardin-des-plantes\/102803\/"]}]},{"@type":"ImageObject","inLanguage":"fr-FR","@id":"https:\/\/batijournal.com\/index.php\/adoptez-une-statue-du-jardin-des-plantes\/102803\/#primaryimage","url":"https:\/\/batijournal.com\/wp-content\/uploads\/2019\/08\/Jardin-des-Plantes-Science-et-mystere-1886-J.L-Desire-Schroeder.png","contentUrl":"https:\/\/batijournal.com\/wp-content\/uploads\/2019\/08\/Jardin-des-Plantes-Science-et-mystere-1886-J.L-Desire-Schroeder.png","width":800,"height":630},{"@type":"BreadcrumbList","@id":"https:\/\/batijournal.com\/index.php\/adoptez-une-statue-du-jardin-des-plantes\/102803\/#breadcrumb","itemListElement":[{"@type":"ListItem","position":1,"name":"Accueil","item":"https:\/\/batijournal.com\/"},{"@type":"ListItem","position":2,"name":"Actualit\u00e9s","item":"https:\/\/batijournal.com\/index.php\/category\/actualites\/"},{"@type":"ListItem","position":3,"name":"Adoptez une statue du Jardin des Plantes"}]},{"@type":"WebSite","@id":"https:\/\/batijournal.com\/#website","url":"https:\/\/batijournal.com\/","name":"Batijournal","description":"L&#039;actualit\u00e9 du b\u00e2timent","potentialAction":[{"@type":"SearchAction","target":{"@type":"EntryPoint","urlTemplate":"https:\/\/batijournal.com\/?s={search_term_string}"},"query-input":{"@type":"PropertyValueSpecification","valueRequired":true,"valueName":"search_term_string"}}],"inLanguage":"fr-FR"},{"@type":"Person","@id":"https:\/\/batijournal.com\/#\/schema\/person\/1dc96ec6957aa1ccb25ebe78bb19f100","name":"St\u00e9phane Miget","image":{"@type":"ImageObject","inLanguage":"fr-FR","@id":"https:\/\/secure.gravatar.com\/avatar\/89915563d925342126b8ef0281b93d9d7fc337043e8df017f780908eb9644451?s=96&d=mm&r=g","url":"https:\/\/secure.gravatar.com\/avatar\/89915563d925342126b8ef0281b93d9d7fc337043e8df017f780908eb9644451?s=96&d=mm&r=g","contentUrl":"https:\/\/secure.gravatar.com\/avatar\/89915563d925342126b8ef0281b93d9d7fc337043e8df017f780908eb9644451?s=96&d=mm&r=g","caption":"St\u00e9phane Miget"},"url":"https:\/\/batijournal.com\/index.php\/author\/stephane\/"}]}},"_links":{"self":[{"href":"https:\/\/batijournal.com\/index.php\/wp-json\/wp\/v2\/posts\/102803","targetHints":{"allow":["GET"]}}],"collection":[{"href":"https:\/\/batijournal.com\/index.php\/wp-json\/wp\/v2\/posts"}],"about":[{"href":"https:\/\/batijournal.com\/index.php\/wp-json\/wp\/v2\/types\/post"}],"author":[{"embeddable":true,"href":"https:\/\/batijournal.com\/index.php\/wp-json\/wp\/v2\/users\/17"}],"replies":[{"embeddable":true,"href":"https:\/\/batijournal.com\/index.php\/wp-json\/wp\/v2\/comments?post=102803"}],"version-history":[{"count":0,"href":"https:\/\/batijournal.com\/index.php\/wp-json\/wp\/v2\/posts\/102803\/revisions"}],"wp:featuredmedia":[{"embeddable":true,"href":"https:\/\/batijournal.com\/index.php\/wp-json\/wp\/v2\/media\/102804"}],"wp:attachment":[{"href":"https:\/\/batijournal.com\/index.php\/wp-json\/wp\/v2\/media?parent=102803"}],"wp:term":[{"taxonomy":"category","embeddable":true,"href":"https:\/\/batijournal.com\/index.php\/wp-json\/wp\/v2\/categories?post=102803"},{"taxonomy":"post_tag","embeddable":true,"href":"https:\/\/batijournal.com\/index.php\/wp-json\/wp\/v2\/tags?post=102803"}],"curies":[{"name":"wp","href":"https:\/\/api.w.org\/{rel}","templated":true}]}}