{"id":102813,"date":"2019-08-30T05:58:41","date_gmt":"2019-08-30T03:58:41","guid":{"rendered":"https:\/\/batijournal.com\/?p=102813"},"modified":"2019-08-30T05:58:41","modified_gmt":"2019-08-30T03:58:41","slug":"latrium-dun-immeuble-lillois-fait-peau-neuve-en-bardage-argelite","status":"publish","type":"post","link":"https:\/\/batijournal.com\/index.php\/latrium-dun-immeuble-lillois-fait-peau-neuve-en-bardage-argelite\/102813\/","title":{"rendered":"L\u2019atrium d\u2019un immeuble lillois fait peau neuve en bardage Argelite"},"content":{"rendered":"<p>L\u2019immeuble \u00ab Le Plaza \u00bb est un ancien grand magasin construit dans les ann\u00e9es 1960, sur un axe fr\u00e9quent\u00e9 du centre-ville de Lille (59). Am\u00e9nag\u00e9 en immeuble tertiaire 20 ans plus tard, il accueille d\u00e9sormais des bureaux et des \u00e9coles de formation, r\u00e9partis sur 5 \u00e9tages. L\u2019enjeu \u00e9tait de proc\u00e9der \u00e0 une r\u00e9novation de l\u2019int\u00e9gralit\u00e9 de la fa\u00e7ade pour permettre une nouvelle lecture du b\u00e2timent et introduire un jeu d\u2019ombres et de reliefs. \u00ab Nous avons opt\u00e9 pour les bardages Argeton, pour leurs qualit\u00e9s esth\u00e9tiques. Le large choix de coloris propos\u00e9 nous a permis de cr\u00e9er un motif \u00e0 dominante blanc carrare (80 %), avec quelques touches de gris basalte (10 %) de gris m\u00e9tal (5 %) et de noir volcan (5 %) \u00bb, indique l&rsquo;architecte Jacob Kalfsbeek. Pour redonner vie \u00e0 l\u2019espace, il a fallu composer avec des \u00e9l\u00e9ments incontournables de la structure du b\u00e2timent : \u00ab l\u2019atrium est travers\u00e9 par des poutres apparentes de grande section qui sont indissociables du gros \u0153uvre. Le calepinage al\u00e9atoire des coloris de bardage, et le dessin horizontal des capotages en aluminium laqu\u00e9 des poteaux-poutres et l\u2019encadrement de groupes de fen\u00eatres, permettent d\u2019ouvrir et d\u2019\u00e9clairer l\u2019espace existant, tr\u00e8s r\u00e9p\u00e9titif et rigide \u00bb.<\/p>\n<p>Architecte : Jacob Kalfsbeek, g\u00e9rant de la SARL Atelier Kalfsbeek Verg\u00e8s Associ\u00e9s (59000)<br \/>\nEntreprise de pose : Isore B\u00e2timent (53)<br \/>\nPhoto : Frederic MIETTE &#8211; PHOTOTANDEM<\/p>\n","protected":false},"excerpt":{"rendered":"<p>L\u2019immeuble \u00ab Le Plaza \u00bb est un ancien grand magasin construit dans les ann\u00e9es 1960, sur un axe fr\u00e9quent\u00e9 du centre-ville de Lille (59). Am\u00e9nag\u00e9 en immeuble tertiaire 20 ans plus tard, il accueille d\u00e9sormais des bureaux et des \u00e9coles de formation, r\u00e9partis sur 5 \u00e9tages. L\u2019enjeu \u00e9tait de proc\u00e9der \u00e0 une r\u00e9novation de l\u2019int\u00e9gralit\u00e9 [&hellip;]<\/p>\n","protected":false},"author":17,"featured_media":102814,"comment_status":"closed","ping_status":"closed","sticky":false,"template":"","format":"standard","meta":{"_et_pb_use_builder":"","_et_pb_old_content":"","_et_gb_content_width":"","footnotes":""},"categories":[10530,6340,10771,10775],"tags":[],"class_list":["post-102813","post","type-post","status-publish","format-standard","has-post-thumbnail","hentry","category-actualites","category-architecture-conception","category-5facades","category-actualites-5facades"],"yoast_head":"<!-- This site is optimized with the Yoast SEO plugin v27.4 - https:\/\/yoast.com\/product\/yoast-seo-wordpress\/ -->\n<title>L\u2019atrium d\u2019un immeuble lillois fait peau neuve en bardage Argelite<\/title>\n<meta name=\"description\" content=\"R\u00e9novation de l\u2019int\u00e9gralit\u00e9 de la fa\u00e7ade pour permettre une nouvelle lecture du b\u00e2timent et introduire un jeu d\u2019ombres et de reliefs\" \/>\n<meta name=\"robots\" content=\"index, follow, max-snippet:-1, max-image-preview:large, max-video-preview:-1\" \/>\n<link rel=\"canonical\" href=\"https:\/\/batijournal.com\/index.php\/latrium-dun-immeuble-lillois-fait-peau-neuve-en-bardage-argelite\/102813\/\" \/>\n<meta property=\"og:locale\" content=\"fr_FR\" \/>\n<meta property=\"og:type\" content=\"article\" \/>\n<meta property=\"og:title\" content=\"L\u2019atrium d\u2019un immeuble lillois fait peau neuve en bardage Argelite\" \/>\n<meta property=\"og:description\" content=\"R\u00e9novation de l\u2019int\u00e9gralit\u00e9 de la fa\u00e7ade pour permettre une nouvelle lecture du b\u00e2timent et introduire un jeu d\u2019ombres et de reliefs\" \/>\n<meta property=\"og:url\" content=\"https:\/\/batijournal.com\/index.php\/latrium-dun-immeuble-lillois-fait-peau-neuve-en-bardage-argelite\/102813\/\" \/>\n<meta property=\"og:site_name\" content=\"Batijournal\" \/>\n<meta property=\"article:published_time\" content=\"2019-08-30T03:58:41+00:00\" \/>\n<meta property=\"og:image\" content=\"https:\/\/batijournal.com\/wp-content\/uploads\/2019\/08\/Wienerberger_Le_Plaza_Argelite-lille.jpg\" \/>\n\t<meta property=\"og:image:width\" content=\"1200\" \/>\n\t<meta property=\"og:image:height\" content=\"800\" \/>\n\t<meta property=\"og:image:type\" content=\"image\/jpeg\" \/>\n<meta name=\"author\" content=\"St\u00e9phane Miget\" \/>\n<meta name=\"twitter:card\" content=\"summary_large_image\" \/>\n<meta name=\"twitter:creator\" content=\"@bati_journal\" \/>\n<meta name=\"twitter:site\" content=\"@bati_journal\" \/>\n<meta name=\"twitter:label1\" content=\"\u00c9crit par\" \/>\n\t<meta name=\"twitter:data1\" content=\"St\u00e9phane Miget\" \/>\n\t<meta name=\"twitter:label2\" content=\"Dur\u00e9e de lecture estim\u00e9e\" \/>\n\t<meta name=\"twitter:data2\" content=\"1 minute\" \/>\n<script type=\"application\/ld+json\" class=\"yoast-schema-graph\">{\"@context\":\"https:\\\/\\\/schema.org\",\"@graph\":[{\"@type\":\"Article\",\"@id\":\"https:\\\/\\\/batijournal.com\\\/index.php\\\/latrium-dun-immeuble-lillois-fait-peau-neuve-en-bardage-argelite\\\/102813\\\/#article\",\"isPartOf\":{\"@id\":\"https:\\\/\\\/batijournal.com\\\/index.php\\\/latrium-dun-immeuble-lillois-fait-peau-neuve-en-bardage-argelite\\\/102813\\\/\"},\"author\":{\"name\":\"St\u00e9phane Miget\",\"@id\":\"https:\\\/\\\/batijournal.com\\\/#\\\/schema\\\/person\\\/1dc96ec6957aa1ccb25ebe78bb19f100\"},\"headline\":\"L\u2019atrium d\u2019un immeuble lillois fait peau neuve en bardage Argelite\",\"datePublished\":\"2019-08-30T03:58:41+00:00\",\"mainEntityOfPage\":{\"@id\":\"https:\\\/\\\/batijournal.com\\\/index.php\\\/latrium-dun-immeuble-lillois-fait-peau-neuve-en-bardage-argelite\\\/102813\\\/\"},\"wordCount\":246,\"image\":{\"@id\":\"https:\\\/\\\/batijournal.com\\\/index.php\\\/latrium-dun-immeuble-lillois-fait-peau-neuve-en-bardage-argelite\\\/102813\\\/#primaryimage\"},\"thumbnailUrl\":\"https:\\\/\\\/batijournal.com\\\/wp-content\\\/uploads\\\/2019\\\/08\\\/Wienerberger_Le_Plaza_Argelite-lille.jpg\",\"articleSection\":[\"Actualit\u00e9s\",\"Architecture &amp; Conception\",\"zz_5fa\u00e7ades\",\"zz_Actualit\u00e9s - 5fa\u00e7ades\"],\"inLanguage\":\"fr-FR\"},{\"@type\":\"WebPage\",\"@id\":\"https:\\\/\\\/batijournal.com\\\/index.php\\\/latrium-dun-immeuble-lillois-fait-peau-neuve-en-bardage-argelite\\\/102813\\\/\",\"url\":\"https:\\\/\\\/batijournal.com\\\/index.php\\\/latrium-dun-immeuble-lillois-fait-peau-neuve-en-bardage-argelite\\\/102813\\\/\",\"name\":\"L\u2019atrium d\u2019un immeuble lillois fait peau neuve en bardage Argelite\",\"isPartOf\":{\"@id\":\"https:\\\/\\\/batijournal.com\\\/#website\"},\"primaryImageOfPage\":{\"@id\":\"https:\\\/\\\/batijournal.com\\\/index.php\\\/latrium-dun-immeuble-lillois-fait-peau-neuve-en-bardage-argelite\\\/102813\\\/#primaryimage\"},\"image\":{\"@id\":\"https:\\\/\\\/batijournal.com\\\/index.php\\\/latrium-dun-immeuble-lillois-fait-peau-neuve-en-bardage-argelite\\\/102813\\\/#primaryimage\"},\"thumbnailUrl\":\"https:\\\/\\\/batijournal.com\\\/wp-content\\\/uploads\\\/2019\\\/08\\\/Wienerberger_Le_Plaza_Argelite-lille.jpg\",\"datePublished\":\"2019-08-30T03:58:41+00:00\",\"author\":{\"@id\":\"https:\\\/\\\/batijournal.com\\\/#\\\/schema\\\/person\\\/1dc96ec6957aa1ccb25ebe78bb19f100\"},\"description\":\"R\u00e9novation de l\u2019int\u00e9gralit\u00e9 de la fa\u00e7ade pour permettre une nouvelle lecture du b\u00e2timent et introduire un jeu d\u2019ombres et de reliefs\",\"breadcrumb\":{\"@id\":\"https:\\\/\\\/batijournal.com\\\/index.php\\\/latrium-dun-immeuble-lillois-fait-peau-neuve-en-bardage-argelite\\\/102813\\\/#breadcrumb\"},\"inLanguage\":\"fr-FR\",\"potentialAction\":[{\"@type\":\"ReadAction\",\"target\":[\"https:\\\/\\\/batijournal.com\\\/index.php\\\/latrium-dun-immeuble-lillois-fait-peau-neuve-en-bardage-argelite\\\/102813\\\/\"]}]},{\"@type\":\"ImageObject\",\"inLanguage\":\"fr-FR\",\"@id\":\"https:\\\/\\\/batijournal.com\\\/index.php\\\/latrium-dun-immeuble-lillois-fait-peau-neuve-en-bardage-argelite\\\/102813\\\/#primaryimage\",\"url\":\"https:\\\/\\\/batijournal.com\\\/wp-content\\\/uploads\\\/2019\\\/08\\\/Wienerberger_Le_Plaza_Argelite-lille.jpg\",\"contentUrl\":\"https:\\\/\\\/batijournal.com\\\/wp-content\\\/uploads\\\/2019\\\/08\\\/Wienerberger_Le_Plaza_Argelite-lille.jpg\",\"width\":1200,\"height\":800},{\"@type\":\"BreadcrumbList\",\"@id\":\"https:\\\/\\\/batijournal.com\\\/index.php\\\/latrium-dun-immeuble-lillois-fait-peau-neuve-en-bardage-argelite\\\/102813\\\/#breadcrumb\",\"itemListElement\":[{\"@type\":\"ListItem\",\"position\":1,\"name\":\"Accueil\",\"item\":\"https:\\\/\\\/batijournal.com\\\/\"},{\"@type\":\"ListItem\",\"position\":2,\"name\":\"Actualit\u00e9s\",\"item\":\"https:\\\/\\\/batijournal.com\\\/index.php\\\/category\\\/actualites\\\/\"},{\"@type\":\"ListItem\",\"position\":3,\"name\":\"L\u2019atrium d\u2019un immeuble lillois fait peau neuve en bardage Argelite\"}]},{\"@type\":\"WebSite\",\"@id\":\"https:\\\/\\\/batijournal.com\\\/#website\",\"url\":\"https:\\\/\\\/batijournal.com\\\/\",\"name\":\"Batijournal\",\"description\":\"L&#039;actualit\u00e9 du b\u00e2timent\",\"potentialAction\":[{\"@type\":\"SearchAction\",\"target\":{\"@type\":\"EntryPoint\",\"urlTemplate\":\"https:\\\/\\\/batijournal.com\\\/?s={search_term_string}\"},\"query-input\":{\"@type\":\"PropertyValueSpecification\",\"valueRequired\":true,\"valueName\":\"search_term_string\"}}],\"inLanguage\":\"fr-FR\"},{\"@type\":\"Person\",\"@id\":\"https:\\\/\\\/batijournal.com\\\/#\\\/schema\\\/person\\\/1dc96ec6957aa1ccb25ebe78bb19f100\",\"name\":\"St\u00e9phane Miget\",\"image\":{\"@type\":\"ImageObject\",\"inLanguage\":\"fr-FR\",\"@id\":\"https:\\\/\\\/secure.gravatar.com\\\/avatar\\\/89915563d925342126b8ef0281b93d9d7fc337043e8df017f780908eb9644451?s=96&d=mm&r=g\",\"url\":\"https:\\\/\\\/secure.gravatar.com\\\/avatar\\\/89915563d925342126b8ef0281b93d9d7fc337043e8df017f780908eb9644451?s=96&d=mm&r=g\",\"contentUrl\":\"https:\\\/\\\/secure.gravatar.com\\\/avatar\\\/89915563d925342126b8ef0281b93d9d7fc337043e8df017f780908eb9644451?s=96&d=mm&r=g\",\"caption\":\"St\u00e9phane Miget\"},\"url\":\"https:\\\/\\\/batijournal.com\\\/index.php\\\/author\\\/stephane\\\/\"}]}<\/script>\n<!-- \/ Yoast SEO plugin. -->","yoast_head_json":{"title":"L\u2019atrium d\u2019un immeuble lillois fait peau neuve en bardage Argelite","description":"R\u00e9novation de l\u2019int\u00e9gralit\u00e9 de la fa\u00e7ade pour permettre une nouvelle lecture du b\u00e2timent et introduire un jeu d\u2019ombres et de reliefs","robots":{"index":"index","follow":"follow","max-snippet":"max-snippet:-1","max-image-preview":"max-image-preview:large","max-video-preview":"max-video-preview:-1"},"canonical":"https:\/\/batijournal.com\/index.php\/latrium-dun-immeuble-lillois-fait-peau-neuve-en-bardage-argelite\/102813\/","og_locale":"fr_FR","og_type":"article","og_title":"L\u2019atrium d\u2019un immeuble lillois fait peau neuve en bardage Argelite","og_description":"R\u00e9novation de l\u2019int\u00e9gralit\u00e9 de la fa\u00e7ade pour permettre une nouvelle lecture du b\u00e2timent et introduire un jeu d\u2019ombres et de reliefs","og_url":"https:\/\/batijournal.com\/index.php\/latrium-dun-immeuble-lillois-fait-peau-neuve-en-bardage-argelite\/102813\/","og_site_name":"Batijournal","article_published_time":"2019-08-30T03:58:41+00:00","og_image":[{"width":1200,"height":800,"url":"https:\/\/batijournal.com\/wp-content\/uploads\/2019\/08\/Wienerberger_Le_Plaza_Argelite-lille.jpg","type":"image\/jpeg"}],"author":"St\u00e9phane Miget","twitter_card":"summary_large_image","twitter_creator":"@bati_journal","twitter_site":"@bati_journal","twitter_misc":{"\u00c9crit par":"St\u00e9phane Miget","Dur\u00e9e de lecture estim\u00e9e":"1 minute"},"schema":{"@context":"https:\/\/schema.org","@graph":[{"@type":"Article","@id":"https:\/\/batijournal.com\/index.php\/latrium-dun-immeuble-lillois-fait-peau-neuve-en-bardage-argelite\/102813\/#article","isPartOf":{"@id":"https:\/\/batijournal.com\/index.php\/latrium-dun-immeuble-lillois-fait-peau-neuve-en-bardage-argelite\/102813\/"},"author":{"name":"St\u00e9phane Miget","@id":"https:\/\/batijournal.com\/#\/schema\/person\/1dc96ec6957aa1ccb25ebe78bb19f100"},"headline":"L\u2019atrium d\u2019un immeuble lillois fait peau neuve en bardage Argelite","datePublished":"2019-08-30T03:58:41+00:00","mainEntityOfPage":{"@id":"https:\/\/batijournal.com\/index.php\/latrium-dun-immeuble-lillois-fait-peau-neuve-en-bardage-argelite\/102813\/"},"wordCount":246,"image":{"@id":"https:\/\/batijournal.com\/index.php\/latrium-dun-immeuble-lillois-fait-peau-neuve-en-bardage-argelite\/102813\/#primaryimage"},"thumbnailUrl":"https:\/\/batijournal.com\/wp-content\/uploads\/2019\/08\/Wienerberger_Le_Plaza_Argelite-lille.jpg","articleSection":["Actualit\u00e9s","Architecture &amp; Conception","zz_5fa\u00e7ades","zz_Actualit\u00e9s - 5fa\u00e7ades"],"inLanguage":"fr-FR"},{"@type":"WebPage","@id":"https:\/\/batijournal.com\/index.php\/latrium-dun-immeuble-lillois-fait-peau-neuve-en-bardage-argelite\/102813\/","url":"https:\/\/batijournal.com\/index.php\/latrium-dun-immeuble-lillois-fait-peau-neuve-en-bardage-argelite\/102813\/","name":"L\u2019atrium d\u2019un immeuble lillois fait peau neuve en bardage Argelite","isPartOf":{"@id":"https:\/\/batijournal.com\/#website"},"primaryImageOfPage":{"@id":"https:\/\/batijournal.com\/index.php\/latrium-dun-immeuble-lillois-fait-peau-neuve-en-bardage-argelite\/102813\/#primaryimage"},"image":{"@id":"https:\/\/batijournal.com\/index.php\/latrium-dun-immeuble-lillois-fait-peau-neuve-en-bardage-argelite\/102813\/#primaryimage"},"thumbnailUrl":"https:\/\/batijournal.com\/wp-content\/uploads\/2019\/08\/Wienerberger_Le_Plaza_Argelite-lille.jpg","datePublished":"2019-08-30T03:58:41+00:00","author":{"@id":"https:\/\/batijournal.com\/#\/schema\/person\/1dc96ec6957aa1ccb25ebe78bb19f100"},"description":"R\u00e9novation de l\u2019int\u00e9gralit\u00e9 de la fa\u00e7ade pour permettre une nouvelle lecture du b\u00e2timent et introduire un jeu d\u2019ombres et de reliefs","breadcrumb":{"@id":"https:\/\/batijournal.com\/index.php\/latrium-dun-immeuble-lillois-fait-peau-neuve-en-bardage-argelite\/102813\/#breadcrumb"},"inLanguage":"fr-FR","potentialAction":[{"@type":"ReadAction","target":["https:\/\/batijournal.com\/index.php\/latrium-dun-immeuble-lillois-fait-peau-neuve-en-bardage-argelite\/102813\/"]}]},{"@type":"ImageObject","inLanguage":"fr-FR","@id":"https:\/\/batijournal.com\/index.php\/latrium-dun-immeuble-lillois-fait-peau-neuve-en-bardage-argelite\/102813\/#primaryimage","url":"https:\/\/batijournal.com\/wp-content\/uploads\/2019\/08\/Wienerberger_Le_Plaza_Argelite-lille.jpg","contentUrl":"https:\/\/batijournal.com\/wp-content\/uploads\/2019\/08\/Wienerberger_Le_Plaza_Argelite-lille.jpg","width":1200,"height":800},{"@type":"BreadcrumbList","@id":"https:\/\/batijournal.com\/index.php\/latrium-dun-immeuble-lillois-fait-peau-neuve-en-bardage-argelite\/102813\/#breadcrumb","itemListElement":[{"@type":"ListItem","position":1,"name":"Accueil","item":"https:\/\/batijournal.com\/"},{"@type":"ListItem","position":2,"name":"Actualit\u00e9s","item":"https:\/\/batijournal.com\/index.php\/category\/actualites\/"},{"@type":"ListItem","position":3,"name":"L\u2019atrium d\u2019un immeuble lillois fait peau neuve en bardage Argelite"}]},{"@type":"WebSite","@id":"https:\/\/batijournal.com\/#website","url":"https:\/\/batijournal.com\/","name":"Batijournal","description":"L&#039;actualit\u00e9 du b\u00e2timent","potentialAction":[{"@type":"SearchAction","target":{"@type":"EntryPoint","urlTemplate":"https:\/\/batijournal.com\/?s={search_term_string}"},"query-input":{"@type":"PropertyValueSpecification","valueRequired":true,"valueName":"search_term_string"}}],"inLanguage":"fr-FR"},{"@type":"Person","@id":"https:\/\/batijournal.com\/#\/schema\/person\/1dc96ec6957aa1ccb25ebe78bb19f100","name":"St\u00e9phane Miget","image":{"@type":"ImageObject","inLanguage":"fr-FR","@id":"https:\/\/secure.gravatar.com\/avatar\/89915563d925342126b8ef0281b93d9d7fc337043e8df017f780908eb9644451?s=96&d=mm&r=g","url":"https:\/\/secure.gravatar.com\/avatar\/89915563d925342126b8ef0281b93d9d7fc337043e8df017f780908eb9644451?s=96&d=mm&r=g","contentUrl":"https:\/\/secure.gravatar.com\/avatar\/89915563d925342126b8ef0281b93d9d7fc337043e8df017f780908eb9644451?s=96&d=mm&r=g","caption":"St\u00e9phane Miget"},"url":"https:\/\/batijournal.com\/index.php\/author\/stephane\/"}]}},"_links":{"self":[{"href":"https:\/\/batijournal.com\/index.php\/wp-json\/wp\/v2\/posts\/102813","targetHints":{"allow":["GET"]}}],"collection":[{"href":"https:\/\/batijournal.com\/index.php\/wp-json\/wp\/v2\/posts"}],"about":[{"href":"https:\/\/batijournal.com\/index.php\/wp-json\/wp\/v2\/types\/post"}],"author":[{"embeddable":true,"href":"https:\/\/batijournal.com\/index.php\/wp-json\/wp\/v2\/users\/17"}],"replies":[{"embeddable":true,"href":"https:\/\/batijournal.com\/index.php\/wp-json\/wp\/v2\/comments?post=102813"}],"version-history":[{"count":0,"href":"https:\/\/batijournal.com\/index.php\/wp-json\/wp\/v2\/posts\/102813\/revisions"}],"wp:featuredmedia":[{"embeddable":true,"href":"https:\/\/batijournal.com\/index.php\/wp-json\/wp\/v2\/media\/102814"}],"wp:attachment":[{"href":"https:\/\/batijournal.com\/index.php\/wp-json\/wp\/v2\/media?parent=102813"}],"wp:term":[{"taxonomy":"category","embeddable":true,"href":"https:\/\/batijournal.com\/index.php\/wp-json\/wp\/v2\/categories?post=102813"},{"taxonomy":"post_tag","embeddable":true,"href":"https:\/\/batijournal.com\/index.php\/wp-json\/wp\/v2\/tags?post=102813"}],"curies":[{"name":"wp","href":"https:\/\/api.w.org\/{rel}","templated":true}]}}