{"id":102831,"date":"2019-09-03T08:53:30","date_gmt":"2019-09-03T06:53:30","guid":{"rendered":"https:\/\/batijournal.com\/?p=102831"},"modified":"2019-09-03T08:54:15","modified_gmt":"2019-09-03T06:54:15","slug":"nouvelles-periodes-dappels-doffres-photovoltaiques","status":"publish","type":"post","link":"https:\/\/batijournal.com\/index.php\/nouvelles-periodes-dappels-doffres-photovoltaiques\/102831\/","title":{"rendered":"Nouvelles p\u00e9riodes d\u2019appels d\u2019offres photovolta\u00efques"},"content":{"rendered":"<p><strong>Elisabeth Borne, ministre de la Transition \u00e9cologique et solidaire, a annonc\u00e9 le lancement de nouvelles p\u00e9riodes des appels d\u2019offres photovolta\u00efques en vigueur afin de d\u00e9velopper 2 GW d\u2019\u00e9nergie solaire photovolta\u00efque. Cette annonce permet de redonner de la visibilit\u00e9 au segment des grandes installations photovolta\u00efques, dont le calendrier d\u2019appels d\u2019offres s\u2019achevait cet \u00e9t\u00e9.<\/strong><\/p>\n<p>Le projet de Programmation pluriannuelle de l\u2019\u00e9nergie (PPE) publi\u00e9 d\u00e9but 2019 pr\u00e9voit de porter la capacit\u00e9 de production d\u2019\u00e9nergie solaire photovolta\u00efque de 9,1 GW actuellement \u00e0 35,6 \u00e0 44,5 GW en 2028. La fili\u00e8re attend maintenant la confirmation de ces objectifs dans la version finale de la PPE.<\/p>\n<p><em>\u00ab La profession a besoin de stabilit\u00e9 et de visibilit\u00e9, cette annonce nous rassure et nous encourage \u00e0 poursuivre nos efforts pour \u00eatre au rendez-vous de la transition \u00e9nerg\u00e9tique \u00bb<\/em>, d\u00e9clare Xavier DAVAL, Pr\u00e9sident de la Commission SER SOLER. <em>\u00ab Cette annonce t\u00e9moigne de la confiance du Gouvernement dans le d\u00e9veloppement de l\u2019\u00e9nergie photovolta\u00efque \u00bb<\/em>, note Jean-Louis BAL, Pr\u00e9sident du SER.<\/p>\n","protected":false},"excerpt":{"rendered":"<p>Elisabeth Borne, ministre de la Transition \u00e9cologique et solidaire, a annonc\u00e9 le lancement de nouvelles p\u00e9riodes des appels d\u2019offres photovolta\u00efques en vigueur afin de d\u00e9velopper 2 GW d\u2019\u00e9nergie solaire photovolta\u00efque. Cette annonce permet de redonner de la visibilit\u00e9 au segment des grandes installations photovolta\u00efques, dont le calendrier d\u2019appels d\u2019offres s\u2019achevait cet \u00e9t\u00e9. Le projet de [&hellip;]<\/p>\n","protected":false},"author":17,"featured_media":93627,"comment_status":"closed","ping_status":"closed","sticky":false,"template":"","format":"standard","meta":{"_et_pb_use_builder":"","_et_pb_old_content":"","_et_gb_content_width":"","footnotes":""},"categories":[10530,6351,10781,10778],"tags":[464],"class_list":["post-102831","post","type-post","status-publish","format-standard","has-post-thumbnail","hentry","category-actualites","category-energie-environnement","category-publications-planete","category-planete","tag-photovoltaique"],"yoast_head":"<!-- This site is optimized with the Yoast SEO plugin v27.4 - https:\/\/yoast.com\/product\/yoast-seo-wordpress\/ -->\n<title>Nouvelles p\u00e9riodes d\u2019appels d\u2019offres photovolta\u00efques<\/title>\n<meta name=\"description\" content=\"Elisabeth Borne, ministre de la Transition \u00e9cologique et solidaire, a annonc\u00e9 le lancement de nouvelles p\u00e9riodes des appels d\u2019offres photovolta\u00efques\" \/>\n<meta name=\"robots\" content=\"index, follow, max-snippet:-1, max-image-preview:large, max-video-preview:-1\" \/>\n<link rel=\"canonical\" href=\"https:\/\/batijournal.com\/index.php\/nouvelles-periodes-dappels-doffres-photovoltaiques\/102831\/\" \/>\n<meta property=\"og:locale\" content=\"fr_FR\" \/>\n<meta property=\"og:type\" content=\"article\" \/>\n<meta property=\"og:title\" content=\"Nouvelles p\u00e9riodes d\u2019appels d\u2019offres photovolta\u00efques\" \/>\n<meta property=\"og:description\" content=\"Elisabeth Borne, ministre de la Transition \u00e9cologique et solidaire, a annonc\u00e9 le lancement de nouvelles p\u00e9riodes des appels d\u2019offres photovolta\u00efques\" \/>\n<meta property=\"og:url\" content=\"https:\/\/batijournal.com\/index.php\/nouvelles-periodes-dappels-doffres-photovoltaiques\/102831\/\" \/>\n<meta property=\"og:site_name\" content=\"Batijournal\" \/>\n<meta property=\"article:published_time\" content=\"2019-09-03T06:53:30+00:00\" \/>\n<meta property=\"article:modified_time\" content=\"2019-09-03T06:54:15+00:00\" \/>\n<meta property=\"og:image\" content=\"https:\/\/batijournal.com\/wp-content\/uploads\/2016\/09\/photovoltaique3.jpg\" \/>\n\t<meta property=\"og:image:width\" content=\"1000\" \/>\n\t<meta property=\"og:image:height\" content=\"485\" \/>\n\t<meta property=\"og:image:type\" content=\"image\/jpeg\" \/>\n<meta name=\"author\" content=\"St\u00e9phane Miget\" \/>\n<meta name=\"twitter:card\" content=\"summary_large_image\" \/>\n<meta name=\"twitter:creator\" content=\"@bati_journal\" \/>\n<meta name=\"twitter:site\" content=\"@bati_journal\" \/>\n<meta name=\"twitter:label1\" content=\"\u00c9crit par\" \/>\n\t<meta name=\"twitter:data1\" content=\"St\u00e9phane Miget\" \/>\n\t<meta name=\"twitter:label2\" content=\"Dur\u00e9e de lecture estim\u00e9e\" \/>\n\t<meta name=\"twitter:data2\" content=\"1 minute\" \/>\n<script type=\"application\/ld+json\" class=\"yoast-schema-graph\">{\"@context\":\"https:\\\/\\\/schema.org\",\"@graph\":[{\"@type\":\"Article\",\"@id\":\"https:\\\/\\\/batijournal.com\\\/index.php\\\/nouvelles-periodes-dappels-doffres-photovoltaiques\\\/102831\\\/#article\",\"isPartOf\":{\"@id\":\"https:\\\/\\\/batijournal.com\\\/index.php\\\/nouvelles-periodes-dappels-doffres-photovoltaiques\\\/102831\\\/\"},\"author\":{\"name\":\"St\u00e9phane Miget\",\"@id\":\"https:\\\/\\\/batijournal.com\\\/#\\\/schema\\\/person\\\/1dc96ec6957aa1ccb25ebe78bb19f100\"},\"headline\":\"Nouvelles p\u00e9riodes d\u2019appels d\u2019offres photovolta\u00efques\",\"datePublished\":\"2019-09-03T06:53:30+00:00\",\"dateModified\":\"2019-09-03T06:54:15+00:00\",\"mainEntityOfPage\":{\"@id\":\"https:\\\/\\\/batijournal.com\\\/index.php\\\/nouvelles-periodes-dappels-doffres-photovoltaiques\\\/102831\\\/\"},\"wordCount\":181,\"image\":{\"@id\":\"https:\\\/\\\/batijournal.com\\\/index.php\\\/nouvelles-periodes-dappels-doffres-photovoltaiques\\\/102831\\\/#primaryimage\"},\"thumbnailUrl\":\"https:\\\/\\\/batijournal.com\\\/wp-content\\\/uploads\\\/2016\\\/09\\\/photovoltaique3.jpg\",\"keywords\":[\"photovolta\u00efque\"],\"articleSection\":[\"Actualit\u00e9s\",\"\u00c9nergie &amp; Environnement\",\"zz_Actualit\u00e9s - Plan\u00e8te\",\"zz_Plan\u00e8te B\u00e2timent\"],\"inLanguage\":\"fr-FR\"},{\"@type\":\"WebPage\",\"@id\":\"https:\\\/\\\/batijournal.com\\\/index.php\\\/nouvelles-periodes-dappels-doffres-photovoltaiques\\\/102831\\\/\",\"url\":\"https:\\\/\\\/batijournal.com\\\/index.php\\\/nouvelles-periodes-dappels-doffres-photovoltaiques\\\/102831\\\/\",\"name\":\"Nouvelles p\u00e9riodes d\u2019appels d\u2019offres photovolta\u00efques\",\"isPartOf\":{\"@id\":\"https:\\\/\\\/batijournal.com\\\/#website\"},\"primaryImageOfPage\":{\"@id\":\"https:\\\/\\\/batijournal.com\\\/index.php\\\/nouvelles-periodes-dappels-doffres-photovoltaiques\\\/102831\\\/#primaryimage\"},\"image\":{\"@id\":\"https:\\\/\\\/batijournal.com\\\/index.php\\\/nouvelles-periodes-dappels-doffres-photovoltaiques\\\/102831\\\/#primaryimage\"},\"thumbnailUrl\":\"https:\\\/\\\/batijournal.com\\\/wp-content\\\/uploads\\\/2016\\\/09\\\/photovoltaique3.jpg\",\"datePublished\":\"2019-09-03T06:53:30+00:00\",\"dateModified\":\"2019-09-03T06:54:15+00:00\",\"author\":{\"@id\":\"https:\\\/\\\/batijournal.com\\\/#\\\/schema\\\/person\\\/1dc96ec6957aa1ccb25ebe78bb19f100\"},\"description\":\"Elisabeth Borne, ministre de la Transition \u00e9cologique et solidaire, a annonc\u00e9 le lancement de nouvelles p\u00e9riodes des appels d\u2019offres photovolta\u00efques\",\"breadcrumb\":{\"@id\":\"https:\\\/\\\/batijournal.com\\\/index.php\\\/nouvelles-periodes-dappels-doffres-photovoltaiques\\\/102831\\\/#breadcrumb\"},\"inLanguage\":\"fr-FR\",\"potentialAction\":[{\"@type\":\"ReadAction\",\"target\":[\"https:\\\/\\\/batijournal.com\\\/index.php\\\/nouvelles-periodes-dappels-doffres-photovoltaiques\\\/102831\\\/\"]}]},{\"@type\":\"ImageObject\",\"inLanguage\":\"fr-FR\",\"@id\":\"https:\\\/\\\/batijournal.com\\\/index.php\\\/nouvelles-periodes-dappels-doffres-photovoltaiques\\\/102831\\\/#primaryimage\",\"url\":\"https:\\\/\\\/batijournal.com\\\/wp-content\\\/uploads\\\/2016\\\/09\\\/photovoltaique3.jpg\",\"contentUrl\":\"https:\\\/\\\/batijournal.com\\\/wp-content\\\/uploads\\\/2016\\\/09\\\/photovoltaique3.jpg\",\"width\":1000,\"height\":485},{\"@type\":\"BreadcrumbList\",\"@id\":\"https:\\\/\\\/batijournal.com\\\/index.php\\\/nouvelles-periodes-dappels-doffres-photovoltaiques\\\/102831\\\/#breadcrumb\",\"itemListElement\":[{\"@type\":\"ListItem\",\"position\":1,\"name\":\"Accueil\",\"item\":\"https:\\\/\\\/batijournal.com\\\/\"},{\"@type\":\"ListItem\",\"position\":2,\"name\":\"Actualit\u00e9s\",\"item\":\"https:\\\/\\\/batijournal.com\\\/index.php\\\/category\\\/actualites\\\/\"},{\"@type\":\"ListItem\",\"position\":3,\"name\":\"Nouvelles p\u00e9riodes d\u2019appels d\u2019offres photovolta\u00efques\"}]},{\"@type\":\"WebSite\",\"@id\":\"https:\\\/\\\/batijournal.com\\\/#website\",\"url\":\"https:\\\/\\\/batijournal.com\\\/\",\"name\":\"Batijournal\",\"description\":\"L&#039;actualit\u00e9 du b\u00e2timent\",\"potentialAction\":[{\"@type\":\"SearchAction\",\"target\":{\"@type\":\"EntryPoint\",\"urlTemplate\":\"https:\\\/\\\/batijournal.com\\\/?s={search_term_string}\"},\"query-input\":{\"@type\":\"PropertyValueSpecification\",\"valueRequired\":true,\"valueName\":\"search_term_string\"}}],\"inLanguage\":\"fr-FR\"},{\"@type\":\"Person\",\"@id\":\"https:\\\/\\\/batijournal.com\\\/#\\\/schema\\\/person\\\/1dc96ec6957aa1ccb25ebe78bb19f100\",\"name\":\"St\u00e9phane Miget\",\"image\":{\"@type\":\"ImageObject\",\"inLanguage\":\"fr-FR\",\"@id\":\"https:\\\/\\\/secure.gravatar.com\\\/avatar\\\/89915563d925342126b8ef0281b93d9d7fc337043e8df017f780908eb9644451?s=96&d=mm&r=g\",\"url\":\"https:\\\/\\\/secure.gravatar.com\\\/avatar\\\/89915563d925342126b8ef0281b93d9d7fc337043e8df017f780908eb9644451?s=96&d=mm&r=g\",\"contentUrl\":\"https:\\\/\\\/secure.gravatar.com\\\/avatar\\\/89915563d925342126b8ef0281b93d9d7fc337043e8df017f780908eb9644451?s=96&d=mm&r=g\",\"caption\":\"St\u00e9phane Miget\"},\"url\":\"https:\\\/\\\/batijournal.com\\\/index.php\\\/author\\\/stephane\\\/\"}]}<\/script>\n<!-- \/ Yoast SEO plugin. -->","yoast_head_json":{"title":"Nouvelles p\u00e9riodes d\u2019appels d\u2019offres photovolta\u00efques","description":"Elisabeth Borne, ministre de la Transition \u00e9cologique et solidaire, a annonc\u00e9 le lancement de nouvelles p\u00e9riodes des appels d\u2019offres photovolta\u00efques","robots":{"index":"index","follow":"follow","max-snippet":"max-snippet:-1","max-image-preview":"max-image-preview:large","max-video-preview":"max-video-preview:-1"},"canonical":"https:\/\/batijournal.com\/index.php\/nouvelles-periodes-dappels-doffres-photovoltaiques\/102831\/","og_locale":"fr_FR","og_type":"article","og_title":"Nouvelles p\u00e9riodes d\u2019appels d\u2019offres photovolta\u00efques","og_description":"Elisabeth Borne, ministre de la Transition \u00e9cologique et solidaire, a annonc\u00e9 le lancement de nouvelles p\u00e9riodes des appels d\u2019offres photovolta\u00efques","og_url":"https:\/\/batijournal.com\/index.php\/nouvelles-periodes-dappels-doffres-photovoltaiques\/102831\/","og_site_name":"Batijournal","article_published_time":"2019-09-03T06:53:30+00:00","article_modified_time":"2019-09-03T06:54:15+00:00","og_image":[{"width":1000,"height":485,"url":"https:\/\/batijournal.com\/wp-content\/uploads\/2016\/09\/photovoltaique3.jpg","type":"image\/jpeg"}],"author":"St\u00e9phane Miget","twitter_card":"summary_large_image","twitter_creator":"@bati_journal","twitter_site":"@bati_journal","twitter_misc":{"\u00c9crit par":"St\u00e9phane Miget","Dur\u00e9e de lecture estim\u00e9e":"1 minute"},"schema":{"@context":"https:\/\/schema.org","@graph":[{"@type":"Article","@id":"https:\/\/batijournal.com\/index.php\/nouvelles-periodes-dappels-doffres-photovoltaiques\/102831\/#article","isPartOf":{"@id":"https:\/\/batijournal.com\/index.php\/nouvelles-periodes-dappels-doffres-photovoltaiques\/102831\/"},"author":{"name":"St\u00e9phane Miget","@id":"https:\/\/batijournal.com\/#\/schema\/person\/1dc96ec6957aa1ccb25ebe78bb19f100"},"headline":"Nouvelles p\u00e9riodes d\u2019appels d\u2019offres photovolta\u00efques","datePublished":"2019-09-03T06:53:30+00:00","dateModified":"2019-09-03T06:54:15+00:00","mainEntityOfPage":{"@id":"https:\/\/batijournal.com\/index.php\/nouvelles-periodes-dappels-doffres-photovoltaiques\/102831\/"},"wordCount":181,"image":{"@id":"https:\/\/batijournal.com\/index.php\/nouvelles-periodes-dappels-doffres-photovoltaiques\/102831\/#primaryimage"},"thumbnailUrl":"https:\/\/batijournal.com\/wp-content\/uploads\/2016\/09\/photovoltaique3.jpg","keywords":["photovolta\u00efque"],"articleSection":["Actualit\u00e9s","\u00c9nergie &amp; Environnement","zz_Actualit\u00e9s - Plan\u00e8te","zz_Plan\u00e8te B\u00e2timent"],"inLanguage":"fr-FR"},{"@type":"WebPage","@id":"https:\/\/batijournal.com\/index.php\/nouvelles-periodes-dappels-doffres-photovoltaiques\/102831\/","url":"https:\/\/batijournal.com\/index.php\/nouvelles-periodes-dappels-doffres-photovoltaiques\/102831\/","name":"Nouvelles p\u00e9riodes d\u2019appels d\u2019offres photovolta\u00efques","isPartOf":{"@id":"https:\/\/batijournal.com\/#website"},"primaryImageOfPage":{"@id":"https:\/\/batijournal.com\/index.php\/nouvelles-periodes-dappels-doffres-photovoltaiques\/102831\/#primaryimage"},"image":{"@id":"https:\/\/batijournal.com\/index.php\/nouvelles-periodes-dappels-doffres-photovoltaiques\/102831\/#primaryimage"},"thumbnailUrl":"https:\/\/batijournal.com\/wp-content\/uploads\/2016\/09\/photovoltaique3.jpg","datePublished":"2019-09-03T06:53:30+00:00","dateModified":"2019-09-03T06:54:15+00:00","author":{"@id":"https:\/\/batijournal.com\/#\/schema\/person\/1dc96ec6957aa1ccb25ebe78bb19f100"},"description":"Elisabeth Borne, ministre de la Transition \u00e9cologique et solidaire, a annonc\u00e9 le lancement de nouvelles p\u00e9riodes des appels d\u2019offres photovolta\u00efques","breadcrumb":{"@id":"https:\/\/batijournal.com\/index.php\/nouvelles-periodes-dappels-doffres-photovoltaiques\/102831\/#breadcrumb"},"inLanguage":"fr-FR","potentialAction":[{"@type":"ReadAction","target":["https:\/\/batijournal.com\/index.php\/nouvelles-periodes-dappels-doffres-photovoltaiques\/102831\/"]}]},{"@type":"ImageObject","inLanguage":"fr-FR","@id":"https:\/\/batijournal.com\/index.php\/nouvelles-periodes-dappels-doffres-photovoltaiques\/102831\/#primaryimage","url":"https:\/\/batijournal.com\/wp-content\/uploads\/2016\/09\/photovoltaique3.jpg","contentUrl":"https:\/\/batijournal.com\/wp-content\/uploads\/2016\/09\/photovoltaique3.jpg","width":1000,"height":485},{"@type":"BreadcrumbList","@id":"https:\/\/batijournal.com\/index.php\/nouvelles-periodes-dappels-doffres-photovoltaiques\/102831\/#breadcrumb","itemListElement":[{"@type":"ListItem","position":1,"name":"Accueil","item":"https:\/\/batijournal.com\/"},{"@type":"ListItem","position":2,"name":"Actualit\u00e9s","item":"https:\/\/batijournal.com\/index.php\/category\/actualites\/"},{"@type":"ListItem","position":3,"name":"Nouvelles p\u00e9riodes d\u2019appels d\u2019offres photovolta\u00efques"}]},{"@type":"WebSite","@id":"https:\/\/batijournal.com\/#website","url":"https:\/\/batijournal.com\/","name":"Batijournal","description":"L&#039;actualit\u00e9 du b\u00e2timent","potentialAction":[{"@type":"SearchAction","target":{"@type":"EntryPoint","urlTemplate":"https:\/\/batijournal.com\/?s={search_term_string}"},"query-input":{"@type":"PropertyValueSpecification","valueRequired":true,"valueName":"search_term_string"}}],"inLanguage":"fr-FR"},{"@type":"Person","@id":"https:\/\/batijournal.com\/#\/schema\/person\/1dc96ec6957aa1ccb25ebe78bb19f100","name":"St\u00e9phane Miget","image":{"@type":"ImageObject","inLanguage":"fr-FR","@id":"https:\/\/secure.gravatar.com\/avatar\/89915563d925342126b8ef0281b93d9d7fc337043e8df017f780908eb9644451?s=96&d=mm&r=g","url":"https:\/\/secure.gravatar.com\/avatar\/89915563d925342126b8ef0281b93d9d7fc337043e8df017f780908eb9644451?s=96&d=mm&r=g","contentUrl":"https:\/\/secure.gravatar.com\/avatar\/89915563d925342126b8ef0281b93d9d7fc337043e8df017f780908eb9644451?s=96&d=mm&r=g","caption":"St\u00e9phane Miget"},"url":"https:\/\/batijournal.com\/index.php\/author\/stephane\/"}]}},"_links":{"self":[{"href":"https:\/\/batijournal.com\/index.php\/wp-json\/wp\/v2\/posts\/102831","targetHints":{"allow":["GET"]}}],"collection":[{"href":"https:\/\/batijournal.com\/index.php\/wp-json\/wp\/v2\/posts"}],"about":[{"href":"https:\/\/batijournal.com\/index.php\/wp-json\/wp\/v2\/types\/post"}],"author":[{"embeddable":true,"href":"https:\/\/batijournal.com\/index.php\/wp-json\/wp\/v2\/users\/17"}],"replies":[{"embeddable":true,"href":"https:\/\/batijournal.com\/index.php\/wp-json\/wp\/v2\/comments?post=102831"}],"version-history":[{"count":0,"href":"https:\/\/batijournal.com\/index.php\/wp-json\/wp\/v2\/posts\/102831\/revisions"}],"wp:featuredmedia":[{"embeddable":true,"href":"https:\/\/batijournal.com\/index.php\/wp-json\/wp\/v2\/media\/93627"}],"wp:attachment":[{"href":"https:\/\/batijournal.com\/index.php\/wp-json\/wp\/v2\/media?parent=102831"}],"wp:term":[{"taxonomy":"category","embeddable":true,"href":"https:\/\/batijournal.com\/index.php\/wp-json\/wp\/v2\/categories?post=102831"},{"taxonomy":"post_tag","embeddable":true,"href":"https:\/\/batijournal.com\/index.php\/wp-json\/wp\/v2\/tags?post=102831"}],"curies":[{"name":"wp","href":"https:\/\/api.w.org\/{rel}","templated":true}]}}