{"id":102840,"date":"2019-09-04T10:56:25","date_gmt":"2019-09-04T08:56:25","guid":{"rendered":"https:\/\/batijournal.com\/?p=102840"},"modified":"2019-09-04T11:41:07","modified_gmt":"2019-09-04T09:41:07","slug":"paris-design-week-retrouvez-lexposition-touchons-du-bois-de-france-bois-foret","status":"publish","type":"post","link":"https:\/\/batijournal.com\/index.php\/paris-design-week-retrouvez-lexposition-touchons-du-bois-de-france-bois-foret\/102840\/","title":{"rendered":"Paris Design Week : retrouvez l&rsquo;exposition \u00ab\u00a0Touchons du bois\u00a0\u00bb de France Bois For\u00eat"},"content":{"rendered":"<p>L&rsquo;interprofession nationale de la fili\u00e8re for\u00eat-bois France Bois For\u00eat r\u00e9unit <strong>onze cr\u00e9ateurs<\/strong> lors de la Paris Design Week.<\/p>\n<p><em>\u00ab\u00a0Pour contrer la mondialisation le consommateur cherche l\u2019originalit\u00e9 et l\u2019authenticit\u00e9, d\u2019o\u00f9 le succ\u00e8s des constructions en bois, de la cabane chic \u00e0 l\u2019extension contemporaine. Rugueuse, chatoyante ou lisse, une pi\u00e8ce de bois ne sera jamais semblable \u00e0 une autre, ne serait-ce que par le dessin de son veinage. Travaill\u00e9 manuellement \u00e0 la gouge, \u00e0 la tron\u00e7onneuse ou en usinage num\u00e9rique parfois compl\u00e9t\u00e9 d\u2019un scanner 3 D, le bois r\u00e9v\u00e8le d\u2019innombrables facettes.\u00a0\u00bb<\/em><\/p>\n<p>Ainsi, retrouvez <strong>du 5 au 8 septembre de 10h\u00a0 \u00e0 18 h, retrouvez l&rsquo;exposition \u00ab\u00a0Touchons du bois\u00a0\u00bb<\/strong> qui permet de d\u00e9couvrir des r\u00e9alisations m\u00e9langeant savoir-faire traditionnel et modernit\u00e9.<\/p>\n<p><u>En savoir plus :<\/u><\/p>\n<p><a href=\"https:\/\/franceboisforet.fr\/wp-content\/uploads\/2019\/09\/CP_FBF_ParisDesignWeek2019.pdf\" target=\"_blank\" rel=\"noopener noreferrer\">T\u00e9l\u00e9charger le communiqu\u00e9 de presse de France Bois For\u00eat\u00a0<\/a><br \/>\n<a href=\"https:\/\/www.maison-objet.com\/fr\/paris-design-week\" target=\"_blank\" rel=\"noopener noreferrer\">Toutes les informations sur le site de l&rsquo;\u00e9v\u00e8nement\u00a0<\/a><\/p>\n<p><em>\u00a9DR Le Groupe Ducerf enrichit la gamme des Bois Profil\u00e9s avec le designer-\u00e9b\u00e9niste Sylvain Hardy, auteur de ce panneau graphique lamell\u00e9-coll\u00e9 \u00e0 plis crois\u00e9s.<\/em><\/p>\n","protected":false},"excerpt":{"rendered":"<p>L&rsquo;interprofession nationale de la fili\u00e8re for\u00eat-bois France Bois For\u00eat r\u00e9unit onze cr\u00e9ateurs lors de la Paris Design Week. \u00ab\u00a0Pour contrer la mondialisation le consommateur cherche l\u2019originalit\u00e9 et l\u2019authenticit\u00e9, d\u2019o\u00f9 le succ\u00e8s des constructions en bois, de la cabane chic \u00e0 l\u2019extension contemporaine. Rugueuse, chatoyante ou lisse, une pi\u00e8ce de bois ne sera jamais semblable \u00e0 [&hellip;]<\/p>\n","protected":false},"author":1,"featured_media":102841,"comment_status":"closed","ping_status":"closed","sticky":false,"template":"","format":"standard","meta":{"_et_pb_use_builder":"","_et_pb_old_content":"","_et_gb_content_width":"","footnotes":""},"categories":[10530,6340,9192,10769,10764],"tags":[44,1679,12842],"class_list":["post-102840","post","type-post","status-publish","format-standard","has-post-thumbnail","hentry","category-actualites","category-architecture-conception","category-evenements","category-publications","category-woodsurfer","tag-bois","tag-france-bois-foret","tag-paris-design-week"],"yoast_head":"<!-- This site is optimized with the Yoast SEO plugin v27.4 - https:\/\/yoast.com\/product\/yoast-seo-wordpress\/ -->\n<title>Paris Design Week : exposition Touchons du bois de FBF<\/title>\n<meta name=\"description\" content=\"L&#039;interprofession nationale de la fili\u00e8re for\u00eat-bois France Bois For\u00eat r\u00e9unit onze cr\u00e9ateurs lors de la Paris Design Week.\" \/>\n<meta name=\"robots\" content=\"index, follow, max-snippet:-1, max-image-preview:large, max-video-preview:-1\" \/>\n<link rel=\"canonical\" href=\"https:\/\/batijournal.com\/index.php\/paris-design-week-retrouvez-lexposition-touchons-du-bois-de-france-bois-foret\/102840\/\" \/>\n<meta property=\"og:locale\" content=\"fr_FR\" \/>\n<meta property=\"og:type\" content=\"article\" \/>\n<meta property=\"og:title\" content=\"Paris Design Week : exposition Touchons du bois de FBF\" \/>\n<meta property=\"og:description\" content=\"L&#039;interprofession nationale de la fili\u00e8re for\u00eat-bois France Bois For\u00eat r\u00e9unit onze cr\u00e9ateurs lors de la Paris Design Week.\" \/>\n<meta property=\"og:url\" content=\"https:\/\/batijournal.com\/index.php\/paris-design-week-retrouvez-lexposition-touchons-du-bois-de-france-bois-foret\/102840\/\" \/>\n<meta property=\"og:site_name\" content=\"Batijournal\" \/>\n<meta property=\"article:published_time\" content=\"2019-09-04T08:56:25+00:00\" \/>\n<meta property=\"article:modified_time\" content=\"2019-09-04T09:41:07+00:00\" \/>\n<meta property=\"og:image\" content=\"https:\/\/batijournal.com\/wp-content\/uploads\/2019\/09\/touchons-du-bois-france-bois-foret-paris-design-week.png\" \/>\n\t<meta property=\"og:image:width\" content=\"704\" \/>\n\t<meta property=\"og:image:height\" content=\"468\" \/>\n\t<meta property=\"og:image:type\" content=\"image\/png\" \/>\n<meta name=\"author\" content=\"Bati-journal\" \/>\n<meta name=\"twitter:card\" content=\"summary_large_image\" \/>\n<meta name=\"twitter:creator\" content=\"@bati_journal\" \/>\n<meta name=\"twitter:site\" content=\"@bati_journal\" \/>\n<meta name=\"twitter:label1\" content=\"\u00c9crit par\" \/>\n\t<meta name=\"twitter:data1\" content=\"Bati-journal\" \/>\n\t<meta name=\"twitter:label2\" content=\"Dur\u00e9e de lecture estim\u00e9e\" \/>\n\t<meta name=\"twitter:data2\" content=\"1 minute\" \/>\n<script type=\"application\/ld+json\" class=\"yoast-schema-graph\">{\"@context\":\"https:\\\/\\\/schema.org\",\"@graph\":[{\"@type\":\"Article\",\"@id\":\"https:\\\/\\\/batijournal.com\\\/index.php\\\/paris-design-week-retrouvez-lexposition-touchons-du-bois-de-france-bois-foret\\\/102840\\\/#article\",\"isPartOf\":{\"@id\":\"https:\\\/\\\/batijournal.com\\\/index.php\\\/paris-design-week-retrouvez-lexposition-touchons-du-bois-de-france-bois-foret\\\/102840\\\/\"},\"author\":{\"name\":\"Bati-journal\",\"@id\":\"https:\\\/\\\/batijournal.com\\\/#\\\/schema\\\/person\\\/6a657e8967569e1b299972574848aa76\"},\"headline\":\"Paris Design Week : retrouvez l&rsquo;exposition \u00ab\u00a0Touchons du bois\u00a0\u00bb de France Bois For\u00eat\",\"datePublished\":\"2019-09-04T08:56:25+00:00\",\"dateModified\":\"2019-09-04T09:41:07+00:00\",\"mainEntityOfPage\":{\"@id\":\"https:\\\/\\\/batijournal.com\\\/index.php\\\/paris-design-week-retrouvez-lexposition-touchons-du-bois-de-france-bois-foret\\\/102840\\\/\"},\"wordCount\":198,\"image\":{\"@id\":\"https:\\\/\\\/batijournal.com\\\/index.php\\\/paris-design-week-retrouvez-lexposition-touchons-du-bois-de-france-bois-foret\\\/102840\\\/#primaryimage\"},\"thumbnailUrl\":\"https:\\\/\\\/batijournal.com\\\/wp-content\\\/uploads\\\/2019\\\/09\\\/touchons-du-bois-france-bois-foret-paris-design-week.png\",\"keywords\":[\"bois\",\"france bois foret\",\"Paris Design Week\"],\"articleSection\":[\"Actualit\u00e9s\",\"Architecture &amp; Conception\",\"\u00c9v\u00e9nements\",\"zz_Actualit\u00e9s - Woodsurfer\",\"zz_Woodsurfer\"],\"inLanguage\":\"fr-FR\"},{\"@type\":\"WebPage\",\"@id\":\"https:\\\/\\\/batijournal.com\\\/index.php\\\/paris-design-week-retrouvez-lexposition-touchons-du-bois-de-france-bois-foret\\\/102840\\\/\",\"url\":\"https:\\\/\\\/batijournal.com\\\/index.php\\\/paris-design-week-retrouvez-lexposition-touchons-du-bois-de-france-bois-foret\\\/102840\\\/\",\"name\":\"Paris Design Week : exposition Touchons du bois de FBF\",\"isPartOf\":{\"@id\":\"https:\\\/\\\/batijournal.com\\\/#website\"},\"primaryImageOfPage\":{\"@id\":\"https:\\\/\\\/batijournal.com\\\/index.php\\\/paris-design-week-retrouvez-lexposition-touchons-du-bois-de-france-bois-foret\\\/102840\\\/#primaryimage\"},\"image\":{\"@id\":\"https:\\\/\\\/batijournal.com\\\/index.php\\\/paris-design-week-retrouvez-lexposition-touchons-du-bois-de-france-bois-foret\\\/102840\\\/#primaryimage\"},\"thumbnailUrl\":\"https:\\\/\\\/batijournal.com\\\/wp-content\\\/uploads\\\/2019\\\/09\\\/touchons-du-bois-france-bois-foret-paris-design-week.png\",\"datePublished\":\"2019-09-04T08:56:25+00:00\",\"dateModified\":\"2019-09-04T09:41:07+00:00\",\"author\":{\"@id\":\"https:\\\/\\\/batijournal.com\\\/#\\\/schema\\\/person\\\/6a657e8967569e1b299972574848aa76\"},\"description\":\"L'interprofession nationale de la fili\u00e8re for\u00eat-bois France Bois For\u00eat r\u00e9unit onze cr\u00e9ateurs lors de la Paris Design Week.\",\"breadcrumb\":{\"@id\":\"https:\\\/\\\/batijournal.com\\\/index.php\\\/paris-design-week-retrouvez-lexposition-touchons-du-bois-de-france-bois-foret\\\/102840\\\/#breadcrumb\"},\"inLanguage\":\"fr-FR\",\"potentialAction\":[{\"@type\":\"ReadAction\",\"target\":[\"https:\\\/\\\/batijournal.com\\\/index.php\\\/paris-design-week-retrouvez-lexposition-touchons-du-bois-de-france-bois-foret\\\/102840\\\/\"]}]},{\"@type\":\"ImageObject\",\"inLanguage\":\"fr-FR\",\"@id\":\"https:\\\/\\\/batijournal.com\\\/index.php\\\/paris-design-week-retrouvez-lexposition-touchons-du-bois-de-france-bois-foret\\\/102840\\\/#primaryimage\",\"url\":\"https:\\\/\\\/batijournal.com\\\/wp-content\\\/uploads\\\/2019\\\/09\\\/touchons-du-bois-france-bois-foret-paris-design-week.png\",\"contentUrl\":\"https:\\\/\\\/batijournal.com\\\/wp-content\\\/uploads\\\/2019\\\/09\\\/touchons-du-bois-france-bois-foret-paris-design-week.png\",\"width\":704,\"height\":468},{\"@type\":\"BreadcrumbList\",\"@id\":\"https:\\\/\\\/batijournal.com\\\/index.php\\\/paris-design-week-retrouvez-lexposition-touchons-du-bois-de-france-bois-foret\\\/102840\\\/#breadcrumb\",\"itemListElement\":[{\"@type\":\"ListItem\",\"position\":1,\"name\":\"Accueil\",\"item\":\"https:\\\/\\\/batijournal.com\\\/\"},{\"@type\":\"ListItem\",\"position\":2,\"name\":\"Actualit\u00e9s\",\"item\":\"https:\\\/\\\/batijournal.com\\\/index.php\\\/category\\\/actualites\\\/\"},{\"@type\":\"ListItem\",\"position\":3,\"name\":\"Paris Design Week : retrouvez l&rsquo;exposition \u00ab\u00a0Touchons du bois\u00a0\u00bb de France Bois For\u00eat\"}]},{\"@type\":\"WebSite\",\"@id\":\"https:\\\/\\\/batijournal.com\\\/#website\",\"url\":\"https:\\\/\\\/batijournal.com\\\/\",\"name\":\"Batijournal\",\"description\":\"L&#039;actualit\u00e9 du b\u00e2timent\",\"potentialAction\":[{\"@type\":\"SearchAction\",\"target\":{\"@type\":\"EntryPoint\",\"urlTemplate\":\"https:\\\/\\\/batijournal.com\\\/?s={search_term_string}\"},\"query-input\":{\"@type\":\"PropertyValueSpecification\",\"valueRequired\":true,\"valueName\":\"search_term_string\"}}],\"inLanguage\":\"fr-FR\"},{\"@type\":\"Person\",\"@id\":\"https:\\\/\\\/batijournal.com\\\/#\\\/schema\\\/person\\\/6a657e8967569e1b299972574848aa76\",\"name\":\"Bati-journal\",\"image\":{\"@type\":\"ImageObject\",\"inLanguage\":\"fr-FR\",\"@id\":\"https:\\\/\\\/secure.gravatar.com\\\/avatar\\\/a64364ea26392f9b4dd47e017ddaec74ff03aefc073b49e492e847201258f777?s=96&d=mm&r=g\",\"url\":\"https:\\\/\\\/secure.gravatar.com\\\/avatar\\\/a64364ea26392f9b4dd47e017ddaec74ff03aefc073b49e492e847201258f777?s=96&d=mm&r=g\",\"contentUrl\":\"https:\\\/\\\/secure.gravatar.com\\\/avatar\\\/a64364ea26392f9b4dd47e017ddaec74ff03aefc073b49e492e847201258f777?s=96&d=mm&r=g\",\"caption\":\"Bati-journal\"},\"url\":\"https:\\\/\\\/batijournal.com\\\/index.php\\\/author\\\/elodie\\\/\"}]}<\/script>\n<!-- \/ Yoast SEO plugin. -->","yoast_head_json":{"title":"Paris Design Week : exposition Touchons du bois de FBF","description":"L'interprofession nationale de la fili\u00e8re for\u00eat-bois France Bois For\u00eat r\u00e9unit onze cr\u00e9ateurs lors de la Paris Design Week.","robots":{"index":"index","follow":"follow","max-snippet":"max-snippet:-1","max-image-preview":"max-image-preview:large","max-video-preview":"max-video-preview:-1"},"canonical":"https:\/\/batijournal.com\/index.php\/paris-design-week-retrouvez-lexposition-touchons-du-bois-de-france-bois-foret\/102840\/","og_locale":"fr_FR","og_type":"article","og_title":"Paris Design Week : exposition Touchons du bois de FBF","og_description":"L'interprofession nationale de la fili\u00e8re for\u00eat-bois France Bois For\u00eat r\u00e9unit onze cr\u00e9ateurs lors de la Paris Design Week.","og_url":"https:\/\/batijournal.com\/index.php\/paris-design-week-retrouvez-lexposition-touchons-du-bois-de-france-bois-foret\/102840\/","og_site_name":"Batijournal","article_published_time":"2019-09-04T08:56:25+00:00","article_modified_time":"2019-09-04T09:41:07+00:00","og_image":[{"width":704,"height":468,"url":"https:\/\/batijournal.com\/wp-content\/uploads\/2019\/09\/touchons-du-bois-france-bois-foret-paris-design-week.png","type":"image\/png"}],"author":"Bati-journal","twitter_card":"summary_large_image","twitter_creator":"@bati_journal","twitter_site":"@bati_journal","twitter_misc":{"\u00c9crit par":"Bati-journal","Dur\u00e9e de lecture estim\u00e9e":"1 minute"},"schema":{"@context":"https:\/\/schema.org","@graph":[{"@type":"Article","@id":"https:\/\/batijournal.com\/index.php\/paris-design-week-retrouvez-lexposition-touchons-du-bois-de-france-bois-foret\/102840\/#article","isPartOf":{"@id":"https:\/\/batijournal.com\/index.php\/paris-design-week-retrouvez-lexposition-touchons-du-bois-de-france-bois-foret\/102840\/"},"author":{"name":"Bati-journal","@id":"https:\/\/batijournal.com\/#\/schema\/person\/6a657e8967569e1b299972574848aa76"},"headline":"Paris Design Week : retrouvez l&rsquo;exposition \u00ab\u00a0Touchons du bois\u00a0\u00bb de France Bois For\u00eat","datePublished":"2019-09-04T08:56:25+00:00","dateModified":"2019-09-04T09:41:07+00:00","mainEntityOfPage":{"@id":"https:\/\/batijournal.com\/index.php\/paris-design-week-retrouvez-lexposition-touchons-du-bois-de-france-bois-foret\/102840\/"},"wordCount":198,"image":{"@id":"https:\/\/batijournal.com\/index.php\/paris-design-week-retrouvez-lexposition-touchons-du-bois-de-france-bois-foret\/102840\/#primaryimage"},"thumbnailUrl":"https:\/\/batijournal.com\/wp-content\/uploads\/2019\/09\/touchons-du-bois-france-bois-foret-paris-design-week.png","keywords":["bois","france bois foret","Paris Design Week"],"articleSection":["Actualit\u00e9s","Architecture &amp; Conception","\u00c9v\u00e9nements","zz_Actualit\u00e9s - Woodsurfer","zz_Woodsurfer"],"inLanguage":"fr-FR"},{"@type":"WebPage","@id":"https:\/\/batijournal.com\/index.php\/paris-design-week-retrouvez-lexposition-touchons-du-bois-de-france-bois-foret\/102840\/","url":"https:\/\/batijournal.com\/index.php\/paris-design-week-retrouvez-lexposition-touchons-du-bois-de-france-bois-foret\/102840\/","name":"Paris Design Week : exposition Touchons du bois de FBF","isPartOf":{"@id":"https:\/\/batijournal.com\/#website"},"primaryImageOfPage":{"@id":"https:\/\/batijournal.com\/index.php\/paris-design-week-retrouvez-lexposition-touchons-du-bois-de-france-bois-foret\/102840\/#primaryimage"},"image":{"@id":"https:\/\/batijournal.com\/index.php\/paris-design-week-retrouvez-lexposition-touchons-du-bois-de-france-bois-foret\/102840\/#primaryimage"},"thumbnailUrl":"https:\/\/batijournal.com\/wp-content\/uploads\/2019\/09\/touchons-du-bois-france-bois-foret-paris-design-week.png","datePublished":"2019-09-04T08:56:25+00:00","dateModified":"2019-09-04T09:41:07+00:00","author":{"@id":"https:\/\/batijournal.com\/#\/schema\/person\/6a657e8967569e1b299972574848aa76"},"description":"L'interprofession nationale de la fili\u00e8re for\u00eat-bois France Bois For\u00eat r\u00e9unit onze cr\u00e9ateurs lors de la Paris Design Week.","breadcrumb":{"@id":"https:\/\/batijournal.com\/index.php\/paris-design-week-retrouvez-lexposition-touchons-du-bois-de-france-bois-foret\/102840\/#breadcrumb"},"inLanguage":"fr-FR","potentialAction":[{"@type":"ReadAction","target":["https:\/\/batijournal.com\/index.php\/paris-design-week-retrouvez-lexposition-touchons-du-bois-de-france-bois-foret\/102840\/"]}]},{"@type":"ImageObject","inLanguage":"fr-FR","@id":"https:\/\/batijournal.com\/index.php\/paris-design-week-retrouvez-lexposition-touchons-du-bois-de-france-bois-foret\/102840\/#primaryimage","url":"https:\/\/batijournal.com\/wp-content\/uploads\/2019\/09\/touchons-du-bois-france-bois-foret-paris-design-week.png","contentUrl":"https:\/\/batijournal.com\/wp-content\/uploads\/2019\/09\/touchons-du-bois-france-bois-foret-paris-design-week.png","width":704,"height":468},{"@type":"BreadcrumbList","@id":"https:\/\/batijournal.com\/index.php\/paris-design-week-retrouvez-lexposition-touchons-du-bois-de-france-bois-foret\/102840\/#breadcrumb","itemListElement":[{"@type":"ListItem","position":1,"name":"Accueil","item":"https:\/\/batijournal.com\/"},{"@type":"ListItem","position":2,"name":"Actualit\u00e9s","item":"https:\/\/batijournal.com\/index.php\/category\/actualites\/"},{"@type":"ListItem","position":3,"name":"Paris Design Week : retrouvez l&rsquo;exposition \u00ab\u00a0Touchons du bois\u00a0\u00bb de France Bois For\u00eat"}]},{"@type":"WebSite","@id":"https:\/\/batijournal.com\/#website","url":"https:\/\/batijournal.com\/","name":"Batijournal","description":"L&#039;actualit\u00e9 du b\u00e2timent","potentialAction":[{"@type":"SearchAction","target":{"@type":"EntryPoint","urlTemplate":"https:\/\/batijournal.com\/?s={search_term_string}"},"query-input":{"@type":"PropertyValueSpecification","valueRequired":true,"valueName":"search_term_string"}}],"inLanguage":"fr-FR"},{"@type":"Person","@id":"https:\/\/batijournal.com\/#\/schema\/person\/6a657e8967569e1b299972574848aa76","name":"Bati-journal","image":{"@type":"ImageObject","inLanguage":"fr-FR","@id":"https:\/\/secure.gravatar.com\/avatar\/a64364ea26392f9b4dd47e017ddaec74ff03aefc073b49e492e847201258f777?s=96&d=mm&r=g","url":"https:\/\/secure.gravatar.com\/avatar\/a64364ea26392f9b4dd47e017ddaec74ff03aefc073b49e492e847201258f777?s=96&d=mm&r=g","contentUrl":"https:\/\/secure.gravatar.com\/avatar\/a64364ea26392f9b4dd47e017ddaec74ff03aefc073b49e492e847201258f777?s=96&d=mm&r=g","caption":"Bati-journal"},"url":"https:\/\/batijournal.com\/index.php\/author\/elodie\/"}]}},"_links":{"self":[{"href":"https:\/\/batijournal.com\/index.php\/wp-json\/wp\/v2\/posts\/102840","targetHints":{"allow":["GET"]}}],"collection":[{"href":"https:\/\/batijournal.com\/index.php\/wp-json\/wp\/v2\/posts"}],"about":[{"href":"https:\/\/batijournal.com\/index.php\/wp-json\/wp\/v2\/types\/post"}],"author":[{"embeddable":true,"href":"https:\/\/batijournal.com\/index.php\/wp-json\/wp\/v2\/users\/1"}],"replies":[{"embeddable":true,"href":"https:\/\/batijournal.com\/index.php\/wp-json\/wp\/v2\/comments?post=102840"}],"version-history":[{"count":0,"href":"https:\/\/batijournal.com\/index.php\/wp-json\/wp\/v2\/posts\/102840\/revisions"}],"wp:featuredmedia":[{"embeddable":true,"href":"https:\/\/batijournal.com\/index.php\/wp-json\/wp\/v2\/media\/102841"}],"wp:attachment":[{"href":"https:\/\/batijournal.com\/index.php\/wp-json\/wp\/v2\/media?parent=102840"}],"wp:term":[{"taxonomy":"category","embeddable":true,"href":"https:\/\/batijournal.com\/index.php\/wp-json\/wp\/v2\/categories?post=102840"},{"taxonomy":"post_tag","embeddable":true,"href":"https:\/\/batijournal.com\/index.php\/wp-json\/wp\/v2\/tags?post=102840"}],"curies":[{"name":"wp","href":"https:\/\/api.w.org\/{rel}","templated":true}]}}