{"id":102871,"date":"2019-09-05T13:13:54","date_gmt":"2019-09-05T11:13:54","guid":{"rendered":"https:\/\/batijournal.com\/?p=102871"},"modified":"2019-09-05T13:13:54","modified_gmt":"2019-09-05T11:13:54","slug":"nouvelle-equipe-aux-commandes-du-groupe-isb","status":"publish","type":"post","link":"https:\/\/batijournal.com\/index.php\/nouvelle-equipe-aux-commandes-du-groupe-isb\/102871\/","title":{"rendered":"Nouvelle \u00e9quipe aux commandes du groupe ISB"},"content":{"rendered":"<div class=\"mceTemp\"><\/div>\n<p>Apr\u00e8s avoir annonc\u00e9 en mars dernier son rapprochement avec SCA Wood France, troisi\u00e8me fournisseur de bois du Nord en France, le groupe ISB repense l&rsquo;organisation de ses marques afin garantir les stocks et assurer une meilleure r\u00e9activit\u00e9. Ainsi, la marque SCA s&rsquo;efface au profit de deux marques fortes et sp\u00e9cialis\u00e9es sur leurs march\u00e9s\u00a0: Silverwood (bois rabot\u00e9s) et Sinbpla (produits de trading). Par ailleurs, depuis juillet dernier, une nouvelle \u00e9quipe de direction pilote le groupe ISB. Marc Meunier, jusqu&rsquo;alors directeur g\u00e9n\u00e9ral, devient pr\u00e9sident du groupe prenant ainsi la suite de Pierre Gautron qui reste actionnaire et membre du comit\u00e9 de surveillance. Benjamin Bodet, pr\u00e9c\u00e9demment directeur g\u00e9n\u00e9ral de SCA Wood France, assurera la direction g\u00e9n\u00e9rale. Le poste de directeur Strat\u00e9gie, Marketing &amp; D\u00e9veloppement du groupe a \u00e9t\u00e9 confi\u00e9 \u00e0 Philippe Samit, auparavant directeur commercial et marketing de SCA Wood France.<\/p>\n<p><a href=\"http:\/\/En savoir plus sur le groupe ISB\">www.group-isb.fr<\/a><\/p>\n<div id=\"attachment_102874\" style=\"width: 310px\" class=\"wp-caption alignnone\"><img loading=\"lazy\" decoding=\"async\" aria-describedby=\"caption-attachment-102874\" class=\"size-medium wp-image-102874\" src=\"https:\/\/batijournal.com\/wp-content\/uploads\/2019\/09\/Marc-MEUNIER_PSDT-300x249.jpg\" alt=\"Marc Meunier\" width=\"300\" height=\"249\" srcset=\"https:\/\/batijournal.com\/wp-content\/uploads\/2019\/09\/Marc-MEUNIER_PSDT-300x249.jpg 300w, https:\/\/batijournal.com\/wp-content\/uploads\/2019\/09\/Marc-MEUNIER_PSDT-150x125.jpg 150w, https:\/\/batijournal.com\/wp-content\/uploads\/2019\/09\/Marc-MEUNIER_PSDT-768x638.jpg 768w, https:\/\/batijournal.com\/wp-content\/uploads\/2019\/09\/Marc-MEUNIER_PSDT-1024x851.jpg 1024w, https:\/\/batijournal.com\/wp-content\/uploads\/2019\/09\/Marc-MEUNIER_PSDT-600x499.jpg 600w, https:\/\/batijournal.com\/wp-content\/uploads\/2019\/09\/Marc-MEUNIER_PSDT.jpg 1143w\" sizes=\"(max-width: 300px) 100vw, 300px\" \/><p id=\"caption-attachment-102874\" class=\"wp-caption-text\">Marc Meunier, pr\u00e9sident du groupe ISB<\/p><\/div>\n<div id=\"attachment_102875\" style=\"width: 215px\" class=\"wp-caption alignnone\"><img loading=\"lazy\" decoding=\"async\" aria-describedby=\"caption-attachment-102875\" class=\"size-medium wp-image-102875\" src=\"https:\/\/batijournal.com\/wp-content\/uploads\/2019\/09\/Benjamin-Bodet-205x300.jpg\" alt=\"Benjamin Bodet \" width=\"205\" height=\"300\" srcset=\"https:\/\/batijournal.com\/wp-content\/uploads\/2019\/09\/Benjamin-Bodet-205x300.jpg 205w, https:\/\/batijournal.com\/wp-content\/uploads\/2019\/09\/Benjamin-Bodet-103x150.jpg 103w, https:\/\/batijournal.com\/wp-content\/uploads\/2019\/09\/Benjamin-Bodet-768x1123.jpg 768w, https:\/\/batijournal.com\/wp-content\/uploads\/2019\/09\/Benjamin-Bodet-701x1024.jpg 701w, https:\/\/batijournal.com\/wp-content\/uploads\/2019\/09\/Benjamin-Bodet-600x877.jpg 600w, https:\/\/batijournal.com\/wp-content\/uploads\/2019\/09\/Benjamin-Bodet.jpg 808w\" sizes=\"(max-width: 205px) 100vw, 205px\" \/><p id=\"caption-attachment-102875\" class=\"wp-caption-text\">Benjamin Bodet, directeur g\u00e9n\u00e9ral<\/p><\/div>\n<div id=\"attachment_102876\" style=\"width: 257px\" class=\"wp-caption alignnone\"><img loading=\"lazy\" decoding=\"async\" aria-describedby=\"caption-attachment-102876\" class=\"size-medium wp-image-102876\" src=\"https:\/\/batijournal.com\/wp-content\/uploads\/2019\/09\/Philippe-SAMIT-247x300.jpg\" alt=\"Philippe Samit\" width=\"247\" height=\"300\" srcset=\"https:\/\/batijournal.com\/wp-content\/uploads\/2019\/09\/Philippe-SAMIT-247x300.jpg 247w, https:\/\/batijournal.com\/wp-content\/uploads\/2019\/09\/Philippe-SAMIT-123x150.jpg 123w, https:\/\/batijournal.com\/wp-content\/uploads\/2019\/09\/Philippe-SAMIT-768x934.jpg 768w, https:\/\/batijournal.com\/wp-content\/uploads\/2019\/09\/Philippe-SAMIT-842x1024.jpg 842w, https:\/\/batijournal.com\/wp-content\/uploads\/2019\/09\/Philippe-SAMIT-600x729.jpg 600w, https:\/\/batijournal.com\/wp-content\/uploads\/2019\/09\/Philippe-SAMIT.jpg 1650w\" sizes=\"(max-width: 247px) 100vw, 247px\" \/><p id=\"caption-attachment-102876\" class=\"wp-caption-text\">Philippe Samit, directeur Strat\u00e9gie, Marketing &amp; D\u00e9veloppement<\/p><\/div>\n","protected":false},"excerpt":{"rendered":"<p>Apr\u00e8s avoir annonc\u00e9 en mars dernier son rapprochement avec SCA Wood France, troisi\u00e8me fournisseur de bois du Nord en France, le groupe ISB repense l&rsquo;organisation de ses marques afin garantir les stocks et assurer une meilleure r\u00e9activit\u00e9. Ainsi, la marque SCA s&rsquo;efface au profit de deux marques fortes et sp\u00e9cialis\u00e9es sur leurs march\u00e9s\u00a0: Silverwood (bois [&hellip;]<\/p>\n","protected":false},"author":17,"featured_media":102872,"comment_status":"closed","ping_status":"closed","sticky":false,"template":"","format":"standard","meta":{"_et_pb_use_builder":"","_et_pb_old_content":"","_et_gb_content_width":"","footnotes":""},"categories":[10530,10769,10768,10764],"tags":[2357,12411],"class_list":["post-102871","post","type-post","status-publish","format-standard","has-post-thumbnail","hentry","category-actualites","category-publications","category-nouvelles-tetes","category-woodsurfer","tag-direction","tag-groupe-isb"],"yoast_head":"<!-- This site is optimized with the Yoast SEO plugin v27.4 - https:\/\/yoast.com\/product\/yoast-seo-wordpress\/ -->\n<title>Nouvelle \u00e9quipe aux commandes du groupe ISB<\/title>\n<meta name=\"description\" content=\"Depuis juillet dernier, une nouvelle \u00e9quipe de direction pilote le groupe ISB. Marc Meunier, jusqu&#039;alors directeur g\u00e9n\u00e9ral, devient pr\u00e9sident du groupe...\" \/>\n<meta name=\"robots\" content=\"index, follow, max-snippet:-1, max-image-preview:large, max-video-preview:-1\" \/>\n<link rel=\"canonical\" href=\"https:\/\/batijournal.com\/index.php\/nouvelle-equipe-aux-commandes-du-groupe-isb\/102871\/\" \/>\n<meta property=\"og:locale\" content=\"fr_FR\" \/>\n<meta property=\"og:type\" content=\"article\" \/>\n<meta property=\"og:title\" content=\"Nouvelle \u00e9quipe aux commandes du groupe ISB\" \/>\n<meta property=\"og:description\" content=\"Depuis juillet dernier, une nouvelle \u00e9quipe de direction pilote le groupe ISB. Marc Meunier, jusqu&#039;alors directeur g\u00e9n\u00e9ral, devient pr\u00e9sident du groupe...\" \/>\n<meta property=\"og:url\" content=\"https:\/\/batijournal.com\/index.php\/nouvelle-equipe-aux-commandes-du-groupe-isb\/102871\/\" \/>\n<meta property=\"og:site_name\" content=\"Batijournal\" \/>\n<meta property=\"article:published_time\" content=\"2019-09-05T11:13:54+00:00\" \/>\n<meta property=\"og:image\" content=\"https:\/\/batijournal.com\/wp-content\/uploads\/2019\/09\/Vue-densemble-Raboteuse-Waco-Maxi.jpg\" \/>\n\t<meta property=\"og:image:width\" content=\"2808\" \/>\n\t<meta property=\"og:image:height\" content=\"1872\" \/>\n\t<meta property=\"og:image:type\" content=\"image\/jpeg\" \/>\n<meta name=\"author\" content=\"St\u00e9phane Miget\" \/>\n<meta name=\"twitter:card\" content=\"summary_large_image\" \/>\n<meta name=\"twitter:creator\" content=\"@bati_journal\" \/>\n<meta name=\"twitter:site\" content=\"@bati_journal\" \/>\n<meta name=\"twitter:label1\" content=\"\u00c9crit par\" \/>\n\t<meta name=\"twitter:data1\" content=\"St\u00e9phane Miget\" \/>\n\t<meta name=\"twitter:label2\" content=\"Dur\u00e9e de lecture estim\u00e9e\" \/>\n\t<meta name=\"twitter:data2\" content=\"1 minute\" \/>\n<script type=\"application\/ld+json\" class=\"yoast-schema-graph\">{\"@context\":\"https:\\\/\\\/schema.org\",\"@graph\":[{\"@type\":\"Article\",\"@id\":\"https:\\\/\\\/batijournal.com\\\/index.php\\\/nouvelle-equipe-aux-commandes-du-groupe-isb\\\/102871\\\/#article\",\"isPartOf\":{\"@id\":\"https:\\\/\\\/batijournal.com\\\/index.php\\\/nouvelle-equipe-aux-commandes-du-groupe-isb\\\/102871\\\/\"},\"author\":{\"name\":\"St\u00e9phane Miget\",\"@id\":\"https:\\\/\\\/batijournal.com\\\/#\\\/schema\\\/person\\\/1dc96ec6957aa1ccb25ebe78bb19f100\"},\"headline\":\"Nouvelle \u00e9quipe aux commandes du groupe ISB\",\"datePublished\":\"2019-09-05T11:13:54+00:00\",\"mainEntityOfPage\":{\"@id\":\"https:\\\/\\\/batijournal.com\\\/index.php\\\/nouvelle-equipe-aux-commandes-du-groupe-isb\\\/102871\\\/\"},\"wordCount\":211,\"image\":{\"@id\":\"https:\\\/\\\/batijournal.com\\\/index.php\\\/nouvelle-equipe-aux-commandes-du-groupe-isb\\\/102871\\\/#primaryimage\"},\"thumbnailUrl\":\"https:\\\/\\\/batijournal.com\\\/wp-content\\\/uploads\\\/2019\\\/09\\\/Vue-densemble-Raboteuse-Waco-Maxi.jpg\",\"keywords\":[\"Direction\",\"groupe isb\"],\"articleSection\":[\"Actualit\u00e9s\",\"zz_Actualit\u00e9s - Woodsurfer\",\"zz_Nouvelles t\u00eates - Woodsurfer\",\"zz_Woodsurfer\"],\"inLanguage\":\"fr-FR\"},{\"@type\":\"WebPage\",\"@id\":\"https:\\\/\\\/batijournal.com\\\/index.php\\\/nouvelle-equipe-aux-commandes-du-groupe-isb\\\/102871\\\/\",\"url\":\"https:\\\/\\\/batijournal.com\\\/index.php\\\/nouvelle-equipe-aux-commandes-du-groupe-isb\\\/102871\\\/\",\"name\":\"Nouvelle \u00e9quipe aux commandes du groupe ISB\",\"isPartOf\":{\"@id\":\"https:\\\/\\\/batijournal.com\\\/#website\"},\"primaryImageOfPage\":{\"@id\":\"https:\\\/\\\/batijournal.com\\\/index.php\\\/nouvelle-equipe-aux-commandes-du-groupe-isb\\\/102871\\\/#primaryimage\"},\"image\":{\"@id\":\"https:\\\/\\\/batijournal.com\\\/index.php\\\/nouvelle-equipe-aux-commandes-du-groupe-isb\\\/102871\\\/#primaryimage\"},\"thumbnailUrl\":\"https:\\\/\\\/batijournal.com\\\/wp-content\\\/uploads\\\/2019\\\/09\\\/Vue-densemble-Raboteuse-Waco-Maxi.jpg\",\"datePublished\":\"2019-09-05T11:13:54+00:00\",\"author\":{\"@id\":\"https:\\\/\\\/batijournal.com\\\/#\\\/schema\\\/person\\\/1dc96ec6957aa1ccb25ebe78bb19f100\"},\"description\":\"Depuis juillet dernier, une nouvelle \u00e9quipe de direction pilote le groupe ISB. Marc Meunier, jusqu'alors directeur g\u00e9n\u00e9ral, devient pr\u00e9sident du groupe...\",\"breadcrumb\":{\"@id\":\"https:\\\/\\\/batijournal.com\\\/index.php\\\/nouvelle-equipe-aux-commandes-du-groupe-isb\\\/102871\\\/#breadcrumb\"},\"inLanguage\":\"fr-FR\",\"potentialAction\":[{\"@type\":\"ReadAction\",\"target\":[\"https:\\\/\\\/batijournal.com\\\/index.php\\\/nouvelle-equipe-aux-commandes-du-groupe-isb\\\/102871\\\/\"]}]},{\"@type\":\"ImageObject\",\"inLanguage\":\"fr-FR\",\"@id\":\"https:\\\/\\\/batijournal.com\\\/index.php\\\/nouvelle-equipe-aux-commandes-du-groupe-isb\\\/102871\\\/#primaryimage\",\"url\":\"https:\\\/\\\/batijournal.com\\\/wp-content\\\/uploads\\\/2019\\\/09\\\/Vue-densemble-Raboteuse-Waco-Maxi.jpg\",\"contentUrl\":\"https:\\\/\\\/batijournal.com\\\/wp-content\\\/uploads\\\/2019\\\/09\\\/Vue-densemble-Raboteuse-Waco-Maxi.jpg\",\"width\":2808,\"height\":1872,\"caption\":\"Atelier de rabotage groupe ISB\"},{\"@type\":\"BreadcrumbList\",\"@id\":\"https:\\\/\\\/batijournal.com\\\/index.php\\\/nouvelle-equipe-aux-commandes-du-groupe-isb\\\/102871\\\/#breadcrumb\",\"itemListElement\":[{\"@type\":\"ListItem\",\"position\":1,\"name\":\"Accueil\",\"item\":\"https:\\\/\\\/batijournal.com\\\/\"},{\"@type\":\"ListItem\",\"position\":2,\"name\":\"Actualit\u00e9s\",\"item\":\"https:\\\/\\\/batijournal.com\\\/index.php\\\/category\\\/actualites\\\/\"},{\"@type\":\"ListItem\",\"position\":3,\"name\":\"Nouvelle \u00e9quipe aux commandes du groupe ISB\"}]},{\"@type\":\"WebSite\",\"@id\":\"https:\\\/\\\/batijournal.com\\\/#website\",\"url\":\"https:\\\/\\\/batijournal.com\\\/\",\"name\":\"Batijournal\",\"description\":\"L&#039;actualit\u00e9 du b\u00e2timent\",\"potentialAction\":[{\"@type\":\"SearchAction\",\"target\":{\"@type\":\"EntryPoint\",\"urlTemplate\":\"https:\\\/\\\/batijournal.com\\\/?s={search_term_string}\"},\"query-input\":{\"@type\":\"PropertyValueSpecification\",\"valueRequired\":true,\"valueName\":\"search_term_string\"}}],\"inLanguage\":\"fr-FR\"},{\"@type\":\"Person\",\"@id\":\"https:\\\/\\\/batijournal.com\\\/#\\\/schema\\\/person\\\/1dc96ec6957aa1ccb25ebe78bb19f100\",\"name\":\"St\u00e9phane Miget\",\"image\":{\"@type\":\"ImageObject\",\"inLanguage\":\"fr-FR\",\"@id\":\"https:\\\/\\\/secure.gravatar.com\\\/avatar\\\/89915563d925342126b8ef0281b93d9d7fc337043e8df017f780908eb9644451?s=96&d=mm&r=g\",\"url\":\"https:\\\/\\\/secure.gravatar.com\\\/avatar\\\/89915563d925342126b8ef0281b93d9d7fc337043e8df017f780908eb9644451?s=96&d=mm&r=g\",\"contentUrl\":\"https:\\\/\\\/secure.gravatar.com\\\/avatar\\\/89915563d925342126b8ef0281b93d9d7fc337043e8df017f780908eb9644451?s=96&d=mm&r=g\",\"caption\":\"St\u00e9phane Miget\"},\"url\":\"https:\\\/\\\/batijournal.com\\\/index.php\\\/author\\\/stephane\\\/\"}]}<\/script>\n<!-- \/ Yoast SEO plugin. -->","yoast_head_json":{"title":"Nouvelle \u00e9quipe aux commandes du groupe ISB","description":"Depuis juillet dernier, une nouvelle \u00e9quipe de direction pilote le groupe ISB. Marc Meunier, jusqu'alors directeur g\u00e9n\u00e9ral, devient pr\u00e9sident du groupe...","robots":{"index":"index","follow":"follow","max-snippet":"max-snippet:-1","max-image-preview":"max-image-preview:large","max-video-preview":"max-video-preview:-1"},"canonical":"https:\/\/batijournal.com\/index.php\/nouvelle-equipe-aux-commandes-du-groupe-isb\/102871\/","og_locale":"fr_FR","og_type":"article","og_title":"Nouvelle \u00e9quipe aux commandes du groupe ISB","og_description":"Depuis juillet dernier, une nouvelle \u00e9quipe de direction pilote le groupe ISB. Marc Meunier, jusqu'alors directeur g\u00e9n\u00e9ral, devient pr\u00e9sident du groupe...","og_url":"https:\/\/batijournal.com\/index.php\/nouvelle-equipe-aux-commandes-du-groupe-isb\/102871\/","og_site_name":"Batijournal","article_published_time":"2019-09-05T11:13:54+00:00","og_image":[{"width":2808,"height":1872,"url":"https:\/\/batijournal.com\/wp-content\/uploads\/2019\/09\/Vue-densemble-Raboteuse-Waco-Maxi.jpg","type":"image\/jpeg"}],"author":"St\u00e9phane Miget","twitter_card":"summary_large_image","twitter_creator":"@bati_journal","twitter_site":"@bati_journal","twitter_misc":{"\u00c9crit par":"St\u00e9phane Miget","Dur\u00e9e de lecture estim\u00e9e":"1 minute"},"schema":{"@context":"https:\/\/schema.org","@graph":[{"@type":"Article","@id":"https:\/\/batijournal.com\/index.php\/nouvelle-equipe-aux-commandes-du-groupe-isb\/102871\/#article","isPartOf":{"@id":"https:\/\/batijournal.com\/index.php\/nouvelle-equipe-aux-commandes-du-groupe-isb\/102871\/"},"author":{"name":"St\u00e9phane Miget","@id":"https:\/\/batijournal.com\/#\/schema\/person\/1dc96ec6957aa1ccb25ebe78bb19f100"},"headline":"Nouvelle \u00e9quipe aux commandes du groupe ISB","datePublished":"2019-09-05T11:13:54+00:00","mainEntityOfPage":{"@id":"https:\/\/batijournal.com\/index.php\/nouvelle-equipe-aux-commandes-du-groupe-isb\/102871\/"},"wordCount":211,"image":{"@id":"https:\/\/batijournal.com\/index.php\/nouvelle-equipe-aux-commandes-du-groupe-isb\/102871\/#primaryimage"},"thumbnailUrl":"https:\/\/batijournal.com\/wp-content\/uploads\/2019\/09\/Vue-densemble-Raboteuse-Waco-Maxi.jpg","keywords":["Direction","groupe isb"],"articleSection":["Actualit\u00e9s","zz_Actualit\u00e9s - Woodsurfer","zz_Nouvelles t\u00eates - Woodsurfer","zz_Woodsurfer"],"inLanguage":"fr-FR"},{"@type":"WebPage","@id":"https:\/\/batijournal.com\/index.php\/nouvelle-equipe-aux-commandes-du-groupe-isb\/102871\/","url":"https:\/\/batijournal.com\/index.php\/nouvelle-equipe-aux-commandes-du-groupe-isb\/102871\/","name":"Nouvelle \u00e9quipe aux commandes du groupe ISB","isPartOf":{"@id":"https:\/\/batijournal.com\/#website"},"primaryImageOfPage":{"@id":"https:\/\/batijournal.com\/index.php\/nouvelle-equipe-aux-commandes-du-groupe-isb\/102871\/#primaryimage"},"image":{"@id":"https:\/\/batijournal.com\/index.php\/nouvelle-equipe-aux-commandes-du-groupe-isb\/102871\/#primaryimage"},"thumbnailUrl":"https:\/\/batijournal.com\/wp-content\/uploads\/2019\/09\/Vue-densemble-Raboteuse-Waco-Maxi.jpg","datePublished":"2019-09-05T11:13:54+00:00","author":{"@id":"https:\/\/batijournal.com\/#\/schema\/person\/1dc96ec6957aa1ccb25ebe78bb19f100"},"description":"Depuis juillet dernier, une nouvelle \u00e9quipe de direction pilote le groupe ISB. Marc Meunier, jusqu'alors directeur g\u00e9n\u00e9ral, devient pr\u00e9sident du groupe...","breadcrumb":{"@id":"https:\/\/batijournal.com\/index.php\/nouvelle-equipe-aux-commandes-du-groupe-isb\/102871\/#breadcrumb"},"inLanguage":"fr-FR","potentialAction":[{"@type":"ReadAction","target":["https:\/\/batijournal.com\/index.php\/nouvelle-equipe-aux-commandes-du-groupe-isb\/102871\/"]}]},{"@type":"ImageObject","inLanguage":"fr-FR","@id":"https:\/\/batijournal.com\/index.php\/nouvelle-equipe-aux-commandes-du-groupe-isb\/102871\/#primaryimage","url":"https:\/\/batijournal.com\/wp-content\/uploads\/2019\/09\/Vue-densemble-Raboteuse-Waco-Maxi.jpg","contentUrl":"https:\/\/batijournal.com\/wp-content\/uploads\/2019\/09\/Vue-densemble-Raboteuse-Waco-Maxi.jpg","width":2808,"height":1872,"caption":"Atelier de rabotage groupe ISB"},{"@type":"BreadcrumbList","@id":"https:\/\/batijournal.com\/index.php\/nouvelle-equipe-aux-commandes-du-groupe-isb\/102871\/#breadcrumb","itemListElement":[{"@type":"ListItem","position":1,"name":"Accueil","item":"https:\/\/batijournal.com\/"},{"@type":"ListItem","position":2,"name":"Actualit\u00e9s","item":"https:\/\/batijournal.com\/index.php\/category\/actualites\/"},{"@type":"ListItem","position":3,"name":"Nouvelle \u00e9quipe aux commandes du groupe ISB"}]},{"@type":"WebSite","@id":"https:\/\/batijournal.com\/#website","url":"https:\/\/batijournal.com\/","name":"Batijournal","description":"L&#039;actualit\u00e9 du b\u00e2timent","potentialAction":[{"@type":"SearchAction","target":{"@type":"EntryPoint","urlTemplate":"https:\/\/batijournal.com\/?s={search_term_string}"},"query-input":{"@type":"PropertyValueSpecification","valueRequired":true,"valueName":"search_term_string"}}],"inLanguage":"fr-FR"},{"@type":"Person","@id":"https:\/\/batijournal.com\/#\/schema\/person\/1dc96ec6957aa1ccb25ebe78bb19f100","name":"St\u00e9phane Miget","image":{"@type":"ImageObject","inLanguage":"fr-FR","@id":"https:\/\/secure.gravatar.com\/avatar\/89915563d925342126b8ef0281b93d9d7fc337043e8df017f780908eb9644451?s=96&d=mm&r=g","url":"https:\/\/secure.gravatar.com\/avatar\/89915563d925342126b8ef0281b93d9d7fc337043e8df017f780908eb9644451?s=96&d=mm&r=g","contentUrl":"https:\/\/secure.gravatar.com\/avatar\/89915563d925342126b8ef0281b93d9d7fc337043e8df017f780908eb9644451?s=96&d=mm&r=g","caption":"St\u00e9phane Miget"},"url":"https:\/\/batijournal.com\/index.php\/author\/stephane\/"}]}},"_links":{"self":[{"href":"https:\/\/batijournal.com\/index.php\/wp-json\/wp\/v2\/posts\/102871","targetHints":{"allow":["GET"]}}],"collection":[{"href":"https:\/\/batijournal.com\/index.php\/wp-json\/wp\/v2\/posts"}],"about":[{"href":"https:\/\/batijournal.com\/index.php\/wp-json\/wp\/v2\/types\/post"}],"author":[{"embeddable":true,"href":"https:\/\/batijournal.com\/index.php\/wp-json\/wp\/v2\/users\/17"}],"replies":[{"embeddable":true,"href":"https:\/\/batijournal.com\/index.php\/wp-json\/wp\/v2\/comments?post=102871"}],"version-history":[{"count":0,"href":"https:\/\/batijournal.com\/index.php\/wp-json\/wp\/v2\/posts\/102871\/revisions"}],"wp:featuredmedia":[{"embeddable":true,"href":"https:\/\/batijournal.com\/index.php\/wp-json\/wp\/v2\/media\/102872"}],"wp:attachment":[{"href":"https:\/\/batijournal.com\/index.php\/wp-json\/wp\/v2\/media?parent=102871"}],"wp:term":[{"taxonomy":"category","embeddable":true,"href":"https:\/\/batijournal.com\/index.php\/wp-json\/wp\/v2\/categories?post=102871"},{"taxonomy":"post_tag","embeddable":true,"href":"https:\/\/batijournal.com\/index.php\/wp-json\/wp\/v2\/tags?post=102871"}],"curies":[{"name":"wp","href":"https:\/\/api.w.org\/{rel}","templated":true}]}}