{"id":102890,"date":"2019-09-10T09:46:22","date_gmt":"2019-09-10T07:46:22","guid":{"rendered":"https:\/\/batijournal.com\/?p=102890"},"modified":"2019-09-10T09:46:22","modified_gmt":"2019-09-10T07:46:22","slug":"transformation-et-modernisation-dun-college-a-cenon","status":"publish","type":"post","link":"https:\/\/batijournal.com\/index.php\/transformation-et-modernisation-dun-college-a-cenon\/102890\/","title":{"rendered":"Transformation et modernisation d&rsquo;un coll\u00e8ge \u00e0 Cenon"},"content":{"rendered":"<p><strong>En Nouvelle-Aquitaine, GCC a \u00e9t\u00e9 retenu pour retravailler enti\u00e8rement un coll\u00e8ge situ\u00e9 \u00e0 Cenon (33). Incluse dans le cadre du Projet Coll\u00e8ges Ambition 2024 du Conseil D\u00e9partemental, la r\u00e9novation de cet \u00e9tablissement doit rendre les lieux plus fonctionnels et plus accueillants pour les enseignants et les \u00e9l\u00e8ves ainsi que pour le personnel administratif. GCC, mandataire et entreprise g\u00e9n\u00e9rale sur ce projet, s\u2019est adjoint l\u2019expertise et le savoir-faire de plusieurs partenaires afin de mener \u00e0 bien le chantier et de proposer les solutions les plus performantes.<\/strong><\/p>\n<p>De nouvelles fa\u00e7ades en bois vont cr\u00e9er des passerelles entre les mat\u00e9riaux de la construction d\u2019origine et une architecture qui traduit les valeurs de d\u00e9veloppement durable et la haute qualit\u00e9 environnementale du cadre b\u00e2ti. Les organes bioclimatiques en toiture et les protections solaires en fa\u00e7ade demeureront apparents pour signer encore plus fortement le parti-pris architectural. Ces solutions participent notamment aux objectifs bas carbone du projet. Le choix de conception, mixant le bois et le b\u00e9ton, s\u2019appuie sur des proc\u00e9d\u00e9s p\u00e9rennes, issus de la fili\u00e8re s\u00e8che et r\u00e9pond aux enjeux environnementaux et de qualit\u00e9 \u00e9nerg\u00e9tique actuels.<\/p>\n<p>GCC a particuli\u00e8rement travaill\u00e9 sur deux aspects qui impactent directement la performance du b\u00e2timent et entrent en ligne de compte pour tout ce qui concerne l\u2019efficacit\u00e9 \u00e9nerg\u00e9tique. Des radiateurs connect\u00e9s sont ainsi pr\u00e9vus pour toute la partie des bureaux administratifs pour une gestion raisonn\u00e9e et des \u00e9conomies sur les consommations. Pour la ventilation, une solution naturelle est privil\u00e9gi\u00e9e gr\u00e2ce \u00e0 la mise en place du syst\u00e8me Windcatcher. Celui-ci capte le vent pour rafraichir et \u00e9vacuer l\u2019air vici\u00e9 du b\u00e2timent. Une solution qui r\u00e9pond parfaitement aux probl\u00e9matiques de renouvellement d\u2019air dans les \u00e9coles.<\/p>\n","protected":false},"excerpt":{"rendered":"<p>En Nouvelle-Aquitaine, GCC a \u00e9t\u00e9 retenu pour retravailler enti\u00e8rement un coll\u00e8ge situ\u00e9 \u00e0 Cenon (33). Incluse dans le cadre du Projet Coll\u00e8ges Ambition 2024 du Conseil D\u00e9partemental, la r\u00e9novation de cet \u00e9tablissement doit rendre les lieux plus fonctionnels et plus accueillants pour les enseignants et les \u00e9l\u00e8ves ainsi que pour le personnel administratif. GCC, mandataire [&hellip;]<\/p>\n","protected":false},"author":17,"featured_media":102891,"comment_status":"closed","ping_status":"closed","sticky":false,"template":"","format":"standard","meta":{"_et_pb_use_builder":"","_et_pb_old_content":"","_et_gb_content_width":"","footnotes":""},"categories":[10530,6340,6351,10771,10775,10781,10778],"tags":[827,1683],"class_list":["post-102890","post","type-post","status-publish","format-standard","has-post-thumbnail","hentry","category-actualites","category-architecture-conception","category-energie-environnement","category-5facades","category-actualites-5facades","category-publications-planete","category-planete","tag-domotique-2","tag-renovation-energetique"],"yoast_head":"<!-- This site is optimized with the Yoast SEO plugin v27.4 - https:\/\/yoast.com\/product\/yoast-seo-wordpress\/ -->\n<title>Transformation et modernisation d&#039;un coll\u00e8ge \u00e0 Cenon<\/title>\n<meta name=\"description\" content=\"Incluse dans le cadre du Projet Coll\u00e8ges Ambition 2024 du Conseil D\u00e9partemental, la r\u00e9novation doit rendre les lieux plus fonctionnels et plus accueillants\" \/>\n<meta name=\"robots\" content=\"index, follow, max-snippet:-1, max-image-preview:large, max-video-preview:-1\" \/>\n<link rel=\"canonical\" href=\"https:\/\/batijournal.com\/index.php\/transformation-et-modernisation-dun-college-a-cenon\/102890\/\" \/>\n<meta property=\"og:locale\" content=\"fr_FR\" \/>\n<meta property=\"og:type\" content=\"article\" \/>\n<meta property=\"og:title\" content=\"Transformation et modernisation d&#039;un coll\u00e8ge \u00e0 Cenon\" \/>\n<meta property=\"og:description\" content=\"Incluse dans le cadre du Projet Coll\u00e8ges Ambition 2024 du Conseil D\u00e9partemental, la r\u00e9novation doit rendre les lieux plus fonctionnels et plus accueillants\" \/>\n<meta property=\"og:url\" content=\"https:\/\/batijournal.com\/index.php\/transformation-et-modernisation-dun-college-a-cenon\/102890\/\" \/>\n<meta property=\"og:site_name\" content=\"Batijournal\" \/>\n<meta property=\"article:published_time\" content=\"2019-09-10T07:46:22+00:00\" \/>\n<meta property=\"og:image\" content=\"https:\/\/batijournal.com\/wp-content\/uploads\/2019\/09\/College_Cenon__GCC.jpg\" \/>\n\t<meta property=\"og:image:width\" content=\"1084\" \/>\n\t<meta property=\"og:image:height\" content=\"485\" \/>\n\t<meta property=\"og:image:type\" content=\"image\/jpeg\" \/>\n<meta name=\"author\" content=\"St\u00e9phane Miget\" \/>\n<meta name=\"twitter:card\" content=\"summary_large_image\" \/>\n<meta name=\"twitter:creator\" content=\"@bati_journal\" \/>\n<meta name=\"twitter:site\" content=\"@bati_journal\" \/>\n<meta name=\"twitter:label1\" content=\"\u00c9crit par\" \/>\n\t<meta name=\"twitter:data1\" content=\"St\u00e9phane Miget\" \/>\n\t<meta name=\"twitter:label2\" content=\"Dur\u00e9e de lecture estim\u00e9e\" \/>\n\t<meta name=\"twitter:data2\" content=\"2 minutes\" \/>\n<script type=\"application\/ld+json\" class=\"yoast-schema-graph\">{\"@context\":\"https:\\\/\\\/schema.org\",\"@graph\":[{\"@type\":\"Article\",\"@id\":\"https:\\\/\\\/batijournal.com\\\/index.php\\\/transformation-et-modernisation-dun-college-a-cenon\\\/102890\\\/#article\",\"isPartOf\":{\"@id\":\"https:\\\/\\\/batijournal.com\\\/index.php\\\/transformation-et-modernisation-dun-college-a-cenon\\\/102890\\\/\"},\"author\":{\"name\":\"St\u00e9phane Miget\",\"@id\":\"https:\\\/\\\/batijournal.com\\\/#\\\/schema\\\/person\\\/1dc96ec6957aa1ccb25ebe78bb19f100\"},\"headline\":\"Transformation et modernisation d&rsquo;un coll\u00e8ge \u00e0 Cenon\",\"datePublished\":\"2019-09-10T07:46:22+00:00\",\"mainEntityOfPage\":{\"@id\":\"https:\\\/\\\/batijournal.com\\\/index.php\\\/transformation-et-modernisation-dun-college-a-cenon\\\/102890\\\/\"},\"wordCount\":317,\"image\":{\"@id\":\"https:\\\/\\\/batijournal.com\\\/index.php\\\/transformation-et-modernisation-dun-college-a-cenon\\\/102890\\\/#primaryimage\"},\"thumbnailUrl\":\"https:\\\/\\\/batijournal.com\\\/wp-content\\\/uploads\\\/2019\\\/09\\\/College_Cenon__GCC.jpg\",\"keywords\":[\"domotique\",\"renovation energetique\"],\"articleSection\":[\"Actualit\u00e9s\",\"Architecture &amp; Conception\",\"\u00c9nergie &amp; Environnement\",\"zz_5fa\u00e7ades\",\"zz_Actualit\u00e9s - 5fa\u00e7ades\",\"zz_Actualit\u00e9s - Plan\u00e8te\",\"zz_Plan\u00e8te B\u00e2timent\"],\"inLanguage\":\"fr-FR\"},{\"@type\":\"WebPage\",\"@id\":\"https:\\\/\\\/batijournal.com\\\/index.php\\\/transformation-et-modernisation-dun-college-a-cenon\\\/102890\\\/\",\"url\":\"https:\\\/\\\/batijournal.com\\\/index.php\\\/transformation-et-modernisation-dun-college-a-cenon\\\/102890\\\/\",\"name\":\"Transformation et modernisation d'un coll\u00e8ge \u00e0 Cenon\",\"isPartOf\":{\"@id\":\"https:\\\/\\\/batijournal.com\\\/#website\"},\"primaryImageOfPage\":{\"@id\":\"https:\\\/\\\/batijournal.com\\\/index.php\\\/transformation-et-modernisation-dun-college-a-cenon\\\/102890\\\/#primaryimage\"},\"image\":{\"@id\":\"https:\\\/\\\/batijournal.com\\\/index.php\\\/transformation-et-modernisation-dun-college-a-cenon\\\/102890\\\/#primaryimage\"},\"thumbnailUrl\":\"https:\\\/\\\/batijournal.com\\\/wp-content\\\/uploads\\\/2019\\\/09\\\/College_Cenon__GCC.jpg\",\"datePublished\":\"2019-09-10T07:46:22+00:00\",\"author\":{\"@id\":\"https:\\\/\\\/batijournal.com\\\/#\\\/schema\\\/person\\\/1dc96ec6957aa1ccb25ebe78bb19f100\"},\"description\":\"Incluse dans le cadre du Projet Coll\u00e8ges Ambition 2024 du Conseil D\u00e9partemental, la r\u00e9novation doit rendre les lieux plus fonctionnels et plus accueillants\",\"breadcrumb\":{\"@id\":\"https:\\\/\\\/batijournal.com\\\/index.php\\\/transformation-et-modernisation-dun-college-a-cenon\\\/102890\\\/#breadcrumb\"},\"inLanguage\":\"fr-FR\",\"potentialAction\":[{\"@type\":\"ReadAction\",\"target\":[\"https:\\\/\\\/batijournal.com\\\/index.php\\\/transformation-et-modernisation-dun-college-a-cenon\\\/102890\\\/\"]}]},{\"@type\":\"ImageObject\",\"inLanguage\":\"fr-FR\",\"@id\":\"https:\\\/\\\/batijournal.com\\\/index.php\\\/transformation-et-modernisation-dun-college-a-cenon\\\/102890\\\/#primaryimage\",\"url\":\"https:\\\/\\\/batijournal.com\\\/wp-content\\\/uploads\\\/2019\\\/09\\\/College_Cenon__GCC.jpg\",\"contentUrl\":\"https:\\\/\\\/batijournal.com\\\/wp-content\\\/uploads\\\/2019\\\/09\\\/College_Cenon__GCC.jpg\",\"width\":1084,\"height\":485},{\"@type\":\"BreadcrumbList\",\"@id\":\"https:\\\/\\\/batijournal.com\\\/index.php\\\/transformation-et-modernisation-dun-college-a-cenon\\\/102890\\\/#breadcrumb\",\"itemListElement\":[{\"@type\":\"ListItem\",\"position\":1,\"name\":\"Accueil\",\"item\":\"https:\\\/\\\/batijournal.com\\\/\"},{\"@type\":\"ListItem\",\"position\":2,\"name\":\"Actualit\u00e9s\",\"item\":\"https:\\\/\\\/batijournal.com\\\/index.php\\\/category\\\/actualites\\\/\"},{\"@type\":\"ListItem\",\"position\":3,\"name\":\"Transformation et modernisation d&rsquo;un coll\u00e8ge \u00e0 Cenon\"}]},{\"@type\":\"WebSite\",\"@id\":\"https:\\\/\\\/batijournal.com\\\/#website\",\"url\":\"https:\\\/\\\/batijournal.com\\\/\",\"name\":\"Batijournal\",\"description\":\"L&#039;actualit\u00e9 du b\u00e2timent\",\"potentialAction\":[{\"@type\":\"SearchAction\",\"target\":{\"@type\":\"EntryPoint\",\"urlTemplate\":\"https:\\\/\\\/batijournal.com\\\/?s={search_term_string}\"},\"query-input\":{\"@type\":\"PropertyValueSpecification\",\"valueRequired\":true,\"valueName\":\"search_term_string\"}}],\"inLanguage\":\"fr-FR\"},{\"@type\":\"Person\",\"@id\":\"https:\\\/\\\/batijournal.com\\\/#\\\/schema\\\/person\\\/1dc96ec6957aa1ccb25ebe78bb19f100\",\"name\":\"St\u00e9phane Miget\",\"image\":{\"@type\":\"ImageObject\",\"inLanguage\":\"fr-FR\",\"@id\":\"https:\\\/\\\/secure.gravatar.com\\\/avatar\\\/89915563d925342126b8ef0281b93d9d7fc337043e8df017f780908eb9644451?s=96&d=mm&r=g\",\"url\":\"https:\\\/\\\/secure.gravatar.com\\\/avatar\\\/89915563d925342126b8ef0281b93d9d7fc337043e8df017f780908eb9644451?s=96&d=mm&r=g\",\"contentUrl\":\"https:\\\/\\\/secure.gravatar.com\\\/avatar\\\/89915563d925342126b8ef0281b93d9d7fc337043e8df017f780908eb9644451?s=96&d=mm&r=g\",\"caption\":\"St\u00e9phane Miget\"},\"url\":\"https:\\\/\\\/batijournal.com\\\/index.php\\\/author\\\/stephane\\\/\"}]}<\/script>\n<!-- \/ Yoast SEO plugin. -->","yoast_head_json":{"title":"Transformation et modernisation d'un coll\u00e8ge \u00e0 Cenon","description":"Incluse dans le cadre du Projet Coll\u00e8ges Ambition 2024 du Conseil D\u00e9partemental, la r\u00e9novation doit rendre les lieux plus fonctionnels et plus accueillants","robots":{"index":"index","follow":"follow","max-snippet":"max-snippet:-1","max-image-preview":"max-image-preview:large","max-video-preview":"max-video-preview:-1"},"canonical":"https:\/\/batijournal.com\/index.php\/transformation-et-modernisation-dun-college-a-cenon\/102890\/","og_locale":"fr_FR","og_type":"article","og_title":"Transformation et modernisation d'un coll\u00e8ge \u00e0 Cenon","og_description":"Incluse dans le cadre du Projet Coll\u00e8ges Ambition 2024 du Conseil D\u00e9partemental, la r\u00e9novation doit rendre les lieux plus fonctionnels et plus accueillants","og_url":"https:\/\/batijournal.com\/index.php\/transformation-et-modernisation-dun-college-a-cenon\/102890\/","og_site_name":"Batijournal","article_published_time":"2019-09-10T07:46:22+00:00","og_image":[{"width":1084,"height":485,"url":"https:\/\/batijournal.com\/wp-content\/uploads\/2019\/09\/College_Cenon__GCC.jpg","type":"image\/jpeg"}],"author":"St\u00e9phane Miget","twitter_card":"summary_large_image","twitter_creator":"@bati_journal","twitter_site":"@bati_journal","twitter_misc":{"\u00c9crit par":"St\u00e9phane Miget","Dur\u00e9e de lecture estim\u00e9e":"2 minutes"},"schema":{"@context":"https:\/\/schema.org","@graph":[{"@type":"Article","@id":"https:\/\/batijournal.com\/index.php\/transformation-et-modernisation-dun-college-a-cenon\/102890\/#article","isPartOf":{"@id":"https:\/\/batijournal.com\/index.php\/transformation-et-modernisation-dun-college-a-cenon\/102890\/"},"author":{"name":"St\u00e9phane Miget","@id":"https:\/\/batijournal.com\/#\/schema\/person\/1dc96ec6957aa1ccb25ebe78bb19f100"},"headline":"Transformation et modernisation d&rsquo;un coll\u00e8ge \u00e0 Cenon","datePublished":"2019-09-10T07:46:22+00:00","mainEntityOfPage":{"@id":"https:\/\/batijournal.com\/index.php\/transformation-et-modernisation-dun-college-a-cenon\/102890\/"},"wordCount":317,"image":{"@id":"https:\/\/batijournal.com\/index.php\/transformation-et-modernisation-dun-college-a-cenon\/102890\/#primaryimage"},"thumbnailUrl":"https:\/\/batijournal.com\/wp-content\/uploads\/2019\/09\/College_Cenon__GCC.jpg","keywords":["domotique","renovation energetique"],"articleSection":["Actualit\u00e9s","Architecture &amp; Conception","\u00c9nergie &amp; Environnement","zz_5fa\u00e7ades","zz_Actualit\u00e9s - 5fa\u00e7ades","zz_Actualit\u00e9s - Plan\u00e8te","zz_Plan\u00e8te B\u00e2timent"],"inLanguage":"fr-FR"},{"@type":"WebPage","@id":"https:\/\/batijournal.com\/index.php\/transformation-et-modernisation-dun-college-a-cenon\/102890\/","url":"https:\/\/batijournal.com\/index.php\/transformation-et-modernisation-dun-college-a-cenon\/102890\/","name":"Transformation et modernisation d'un coll\u00e8ge \u00e0 Cenon","isPartOf":{"@id":"https:\/\/batijournal.com\/#website"},"primaryImageOfPage":{"@id":"https:\/\/batijournal.com\/index.php\/transformation-et-modernisation-dun-college-a-cenon\/102890\/#primaryimage"},"image":{"@id":"https:\/\/batijournal.com\/index.php\/transformation-et-modernisation-dun-college-a-cenon\/102890\/#primaryimage"},"thumbnailUrl":"https:\/\/batijournal.com\/wp-content\/uploads\/2019\/09\/College_Cenon__GCC.jpg","datePublished":"2019-09-10T07:46:22+00:00","author":{"@id":"https:\/\/batijournal.com\/#\/schema\/person\/1dc96ec6957aa1ccb25ebe78bb19f100"},"description":"Incluse dans le cadre du Projet Coll\u00e8ges Ambition 2024 du Conseil D\u00e9partemental, la r\u00e9novation doit rendre les lieux plus fonctionnels et plus accueillants","breadcrumb":{"@id":"https:\/\/batijournal.com\/index.php\/transformation-et-modernisation-dun-college-a-cenon\/102890\/#breadcrumb"},"inLanguage":"fr-FR","potentialAction":[{"@type":"ReadAction","target":["https:\/\/batijournal.com\/index.php\/transformation-et-modernisation-dun-college-a-cenon\/102890\/"]}]},{"@type":"ImageObject","inLanguage":"fr-FR","@id":"https:\/\/batijournal.com\/index.php\/transformation-et-modernisation-dun-college-a-cenon\/102890\/#primaryimage","url":"https:\/\/batijournal.com\/wp-content\/uploads\/2019\/09\/College_Cenon__GCC.jpg","contentUrl":"https:\/\/batijournal.com\/wp-content\/uploads\/2019\/09\/College_Cenon__GCC.jpg","width":1084,"height":485},{"@type":"BreadcrumbList","@id":"https:\/\/batijournal.com\/index.php\/transformation-et-modernisation-dun-college-a-cenon\/102890\/#breadcrumb","itemListElement":[{"@type":"ListItem","position":1,"name":"Accueil","item":"https:\/\/batijournal.com\/"},{"@type":"ListItem","position":2,"name":"Actualit\u00e9s","item":"https:\/\/batijournal.com\/index.php\/category\/actualites\/"},{"@type":"ListItem","position":3,"name":"Transformation et modernisation d&rsquo;un coll\u00e8ge \u00e0 Cenon"}]},{"@type":"WebSite","@id":"https:\/\/batijournal.com\/#website","url":"https:\/\/batijournal.com\/","name":"Batijournal","description":"L&#039;actualit\u00e9 du b\u00e2timent","potentialAction":[{"@type":"SearchAction","target":{"@type":"EntryPoint","urlTemplate":"https:\/\/batijournal.com\/?s={search_term_string}"},"query-input":{"@type":"PropertyValueSpecification","valueRequired":true,"valueName":"search_term_string"}}],"inLanguage":"fr-FR"},{"@type":"Person","@id":"https:\/\/batijournal.com\/#\/schema\/person\/1dc96ec6957aa1ccb25ebe78bb19f100","name":"St\u00e9phane Miget","image":{"@type":"ImageObject","inLanguage":"fr-FR","@id":"https:\/\/secure.gravatar.com\/avatar\/89915563d925342126b8ef0281b93d9d7fc337043e8df017f780908eb9644451?s=96&d=mm&r=g","url":"https:\/\/secure.gravatar.com\/avatar\/89915563d925342126b8ef0281b93d9d7fc337043e8df017f780908eb9644451?s=96&d=mm&r=g","contentUrl":"https:\/\/secure.gravatar.com\/avatar\/89915563d925342126b8ef0281b93d9d7fc337043e8df017f780908eb9644451?s=96&d=mm&r=g","caption":"St\u00e9phane Miget"},"url":"https:\/\/batijournal.com\/index.php\/author\/stephane\/"}]}},"_links":{"self":[{"href":"https:\/\/batijournal.com\/index.php\/wp-json\/wp\/v2\/posts\/102890","targetHints":{"allow":["GET"]}}],"collection":[{"href":"https:\/\/batijournal.com\/index.php\/wp-json\/wp\/v2\/posts"}],"about":[{"href":"https:\/\/batijournal.com\/index.php\/wp-json\/wp\/v2\/types\/post"}],"author":[{"embeddable":true,"href":"https:\/\/batijournal.com\/index.php\/wp-json\/wp\/v2\/users\/17"}],"replies":[{"embeddable":true,"href":"https:\/\/batijournal.com\/index.php\/wp-json\/wp\/v2\/comments?post=102890"}],"version-history":[{"count":0,"href":"https:\/\/batijournal.com\/index.php\/wp-json\/wp\/v2\/posts\/102890\/revisions"}],"wp:featuredmedia":[{"embeddable":true,"href":"https:\/\/batijournal.com\/index.php\/wp-json\/wp\/v2\/media\/102891"}],"wp:attachment":[{"href":"https:\/\/batijournal.com\/index.php\/wp-json\/wp\/v2\/media?parent=102890"}],"wp:term":[{"taxonomy":"category","embeddable":true,"href":"https:\/\/batijournal.com\/index.php\/wp-json\/wp\/v2\/categories?post=102890"},{"taxonomy":"post_tag","embeddable":true,"href":"https:\/\/batijournal.com\/index.php\/wp-json\/wp\/v2\/tags?post=102890"}],"curies":[{"name":"wp","href":"https:\/\/api.w.org\/{rel}","templated":true}]}}