{"id":102893,"date":"2019-09-10T09:48:32","date_gmt":"2019-09-10T07:48:32","guid":{"rendered":"https:\/\/batijournal.com\/?p=102893"},"modified":"2019-09-10T09:48:32","modified_gmt":"2019-09-10T07:48:32","slug":"le-bois-energie-en-vedette-a-interclima-2019","status":"publish","type":"post","link":"https:\/\/batijournal.com\/index.php\/le-bois-energie-en-vedette-a-interclima-2019\/102893\/","title":{"rendered":"Le bois-\u00e9nergie en vedette \u00e0 INTERCLIMA 2019"},"content":{"rendered":"<p>INTERCLIMA va r\u00e9server au bois, du 5 au 8 novembre 2019 \u00e0 Paris-Nord Villepinte, une place toute particuli\u00e8re.<\/p>\n<p><strong>Un Espace Chaudi\u00e8res Biomasse<\/strong><br \/>\nSur plus de 500 m2, cet espace, enti\u00e8rement d\u00e9di\u00e9 aux chaudi\u00e8res sur boucle \u00e0 eau chaude, sera situ\u00e9 \u00e0 l\u2019entr\u00e9e du Hall 1. Il accueillera les stands du Syndicat Fran\u00e7ais des Chaudi\u00e9ristes Biomasse (SFCB) et de Propellet et, surtout ceux des principales marques de chaudi\u00e8res bois-\u00e9nergie du march\u00e9 : Froling, GF Services, Guntamatic, Hargassner, Herz, HS France, Okofen, Red Heating, Saelen Heizomat, Windhager, Zaegel-Held&#8230;<\/p>\n<p><strong>Des temps forts et animations au quotidien<\/strong><br \/>\nL\u2019Espace Chaudi\u00e8res Biomasse, anim\u00e9 par le SFCB, proposera \u00e9galement une zone d\u2019animations. Diff\u00e9rents \u00e9v\u00e9nements y sont pr\u00e9vus :<br \/>\n&#8211; Pr\u00e9sentation de la qualification \u00ab Qualibois eau, qualification RGE pour les installations de chaudi\u00e8res<br \/>\nbiomasse sur boucle \u00e0 eau chaude. Modalit\u00e9 d\u2019obtention ou de retour dans la qualification \u00bb &#8211; par<br \/>\nQualit\u2019ENR (tous les jours) ;<br \/>\n&#8211; Premiers r\u00e9sultats de l\u2019\u00e9tude r\u00e9alis\u00e9e par le CIBE pour Propellet \u00ab Granul\u00e9s ou plaquettes ? Etude sur les<br \/>\nperspectives d\u2019utilisation des granul\u00e9s de bois en chaufferies collectives et industrielles et l\u2019articulation avec<br \/>\nl\u2019usage des plaquettes et broyats. \u00bb<br \/>\n&#8211; Point sur les aides disponibles dans l\u2019habitat r\u00e9sidentiel et les logements collectifs ou le tertiaire &#8211; par le<br \/>\nSFCB (tous les jours) ;<br \/>\n&#8211; Organisation d\u2019un jeu concours pour les visiteurs. Le laur\u00e9at sera tir\u00e9 au sort parmi les visiteurs qui auront<br \/>\n\u00e9t\u00e9 badg\u00e9s sur le stand et qui auront r\u00e9pondu \u00e0 un questionnaire simple et rapide.<br \/>\nPar ailleurs, une conf\u00e9rence de presse sera organis\u00e9e par le SFCB le jeudi 7 novembre \u00e0 11 heures sur la th\u00e9matique : \u00ab Bois-\u00e9nergie, premi\u00e8re \u00e9nergie durable de France \u00bb.<\/p>\n<p><strong>Une offre de chaudi\u00e8res biomasse et de po\u00eales \u00e0 bois r\u00e9parties sur le salon<\/strong><br \/>\nEnfin, une offre de chaudi\u00e8res biomasse et de po\u00eales \u00e0 bois sera pr\u00e9sent\u00e9e notamment par les marques : Domusa Teknik, DFF, Perge,Solzaima, Thermorossi, Ungaro.<\/p>\n","protected":false},"excerpt":{"rendered":"<p>INTERCLIMA va r\u00e9server au bois, du 5 au 8 novembre 2019 \u00e0 Paris-Nord Villepinte, une place toute particuli\u00e8re. Un Espace Chaudi\u00e8res Biomasse Sur plus de 500 m2, cet espace, enti\u00e8rement d\u00e9di\u00e9 aux chaudi\u00e8res sur boucle \u00e0 eau chaude, sera situ\u00e9 \u00e0 l\u2019entr\u00e9e du Hall 1. Il accueillera les stands du Syndicat Fran\u00e7ais des Chaudi\u00e9ristes Biomasse [&hellip;]<\/p>\n","protected":false},"author":17,"featured_media":102892,"comment_status":"closed","ping_status":"closed","sticky":false,"template":"","format":"standard","meta":{"_et_pb_use_builder":"","_et_pb_old_content":"","_et_gb_content_width":"","footnotes":""},"categories":[10530,6351,9192,10781,10769,10778,10764],"tags":[4083,3268],"class_list":["post-102893","post","type-post","status-publish","format-standard","has-post-thumbnail","hentry","category-actualites","category-energie-environnement","category-evenements","category-publications-planete","category-publications","category-planete","category-woodsurfer","tag-bois-energie","tag-interclima"],"yoast_head":"<!-- This site is optimized with the Yoast SEO plugin v27.4 - https:\/\/yoast.com\/product\/yoast-seo-wordpress\/ -->\n<title>Le bois-\u00e9nergie en vedette \u00e0 INTERCLIMA 2019<\/title>\n<meta name=\"description\" content=\"INTERCLIMA va r\u00e9server au bois-\u00e9nergie, du 5 au 8 novembre 2019 \u00e0 Paris-Nord Villepinte, une place toute particuli\u00e8re : Espace Chaudi\u00e8res Biomasse...\" \/>\n<meta name=\"robots\" content=\"index, follow, max-snippet:-1, max-image-preview:large, max-video-preview:-1\" \/>\n<link rel=\"canonical\" href=\"https:\/\/batijournal.com\/index.php\/le-bois-energie-en-vedette-a-interclima-2019\/102893\/\" \/>\n<meta property=\"og:locale\" content=\"fr_FR\" \/>\n<meta property=\"og:type\" content=\"article\" \/>\n<meta property=\"og:title\" content=\"Le bois-\u00e9nergie en vedette \u00e0 INTERCLIMA 2019\" \/>\n<meta property=\"og:description\" content=\"INTERCLIMA va r\u00e9server au bois-\u00e9nergie, du 5 au 8 novembre 2019 \u00e0 Paris-Nord Villepinte, une place toute particuli\u00e8re : Espace Chaudi\u00e8res Biomasse...\" \/>\n<meta property=\"og:url\" content=\"https:\/\/batijournal.com\/index.php\/le-bois-energie-en-vedette-a-interclima-2019\/102893\/\" \/>\n<meta property=\"og:site_name\" content=\"Batijournal\" \/>\n<meta property=\"article:published_time\" content=\"2019-09-10T07:48:32+00:00\" \/>\n<meta property=\"og:image\" content=\"https:\/\/batijournal.com\/wp-content\/uploads\/2019\/09\/Interclima_2019.jpg\" \/>\n\t<meta property=\"og:image:width\" content=\"1200\" \/>\n\t<meta property=\"og:image:height\" content=\"677\" \/>\n\t<meta property=\"og:image:type\" content=\"image\/jpeg\" \/>\n<meta name=\"author\" content=\"St\u00e9phane Miget\" \/>\n<meta name=\"twitter:card\" content=\"summary_large_image\" \/>\n<meta name=\"twitter:creator\" content=\"@bati_journal\" \/>\n<meta name=\"twitter:site\" content=\"@bati_journal\" \/>\n<meta name=\"twitter:label1\" content=\"\u00c9crit par\" \/>\n\t<meta name=\"twitter:data1\" content=\"St\u00e9phane Miget\" \/>\n\t<meta name=\"twitter:label2\" content=\"Dur\u00e9e de lecture estim\u00e9e\" \/>\n\t<meta name=\"twitter:data2\" content=\"2 minutes\" \/>\n<script type=\"application\/ld+json\" class=\"yoast-schema-graph\">{\"@context\":\"https:\\\/\\\/schema.org\",\"@graph\":[{\"@type\":\"Article\",\"@id\":\"https:\\\/\\\/batijournal.com\\\/index.php\\\/le-bois-energie-en-vedette-a-interclima-2019\\\/102893\\\/#article\",\"isPartOf\":{\"@id\":\"https:\\\/\\\/batijournal.com\\\/index.php\\\/le-bois-energie-en-vedette-a-interclima-2019\\\/102893\\\/\"},\"author\":{\"name\":\"St\u00e9phane Miget\",\"@id\":\"https:\\\/\\\/batijournal.com\\\/#\\\/schema\\\/person\\\/1dc96ec6957aa1ccb25ebe78bb19f100\"},\"headline\":\"Le bois-\u00e9nergie en vedette \u00e0 INTERCLIMA 2019\",\"datePublished\":\"2019-09-10T07:48:32+00:00\",\"mainEntityOfPage\":{\"@id\":\"https:\\\/\\\/batijournal.com\\\/index.php\\\/le-bois-energie-en-vedette-a-interclima-2019\\\/102893\\\/\"},\"wordCount\":341,\"image\":{\"@id\":\"https:\\\/\\\/batijournal.com\\\/index.php\\\/le-bois-energie-en-vedette-a-interclima-2019\\\/102893\\\/#primaryimage\"},\"thumbnailUrl\":\"https:\\\/\\\/batijournal.com\\\/wp-content\\\/uploads\\\/2019\\\/09\\\/Interclima_2019.jpg\",\"keywords\":[\"bois \u00e9nergie\",\"interclima\"],\"articleSection\":[\"Actualit\u00e9s\",\"\u00c9nergie &amp; Environnement\",\"\u00c9v\u00e9nements\",\"zz_Actualit\u00e9s - Plan\u00e8te\",\"zz_Actualit\u00e9s - Woodsurfer\",\"zz_Plan\u00e8te B\u00e2timent\",\"zz_Woodsurfer\"],\"inLanguage\":\"fr-FR\"},{\"@type\":\"WebPage\",\"@id\":\"https:\\\/\\\/batijournal.com\\\/index.php\\\/le-bois-energie-en-vedette-a-interclima-2019\\\/102893\\\/\",\"url\":\"https:\\\/\\\/batijournal.com\\\/index.php\\\/le-bois-energie-en-vedette-a-interclima-2019\\\/102893\\\/\",\"name\":\"Le bois-\u00e9nergie en vedette \u00e0 INTERCLIMA 2019\",\"isPartOf\":{\"@id\":\"https:\\\/\\\/batijournal.com\\\/#website\"},\"primaryImageOfPage\":{\"@id\":\"https:\\\/\\\/batijournal.com\\\/index.php\\\/le-bois-energie-en-vedette-a-interclima-2019\\\/102893\\\/#primaryimage\"},\"image\":{\"@id\":\"https:\\\/\\\/batijournal.com\\\/index.php\\\/le-bois-energie-en-vedette-a-interclima-2019\\\/102893\\\/#primaryimage\"},\"thumbnailUrl\":\"https:\\\/\\\/batijournal.com\\\/wp-content\\\/uploads\\\/2019\\\/09\\\/Interclima_2019.jpg\",\"datePublished\":\"2019-09-10T07:48:32+00:00\",\"author\":{\"@id\":\"https:\\\/\\\/batijournal.com\\\/#\\\/schema\\\/person\\\/1dc96ec6957aa1ccb25ebe78bb19f100\"},\"description\":\"INTERCLIMA va r\u00e9server au bois-\u00e9nergie, du 5 au 8 novembre 2019 \u00e0 Paris-Nord Villepinte, une place toute particuli\u00e8re : Espace Chaudi\u00e8res Biomasse...\",\"breadcrumb\":{\"@id\":\"https:\\\/\\\/batijournal.com\\\/index.php\\\/le-bois-energie-en-vedette-a-interclima-2019\\\/102893\\\/#breadcrumb\"},\"inLanguage\":\"fr-FR\",\"potentialAction\":[{\"@type\":\"ReadAction\",\"target\":[\"https:\\\/\\\/batijournal.com\\\/index.php\\\/le-bois-energie-en-vedette-a-interclima-2019\\\/102893\\\/\"]}]},{\"@type\":\"ImageObject\",\"inLanguage\":\"fr-FR\",\"@id\":\"https:\\\/\\\/batijournal.com\\\/index.php\\\/le-bois-energie-en-vedette-a-interclima-2019\\\/102893\\\/#primaryimage\",\"url\":\"https:\\\/\\\/batijournal.com\\\/wp-content\\\/uploads\\\/2019\\\/09\\\/Interclima_2019.jpg\",\"contentUrl\":\"https:\\\/\\\/batijournal.com\\\/wp-content\\\/uploads\\\/2019\\\/09\\\/Interclima_2019.jpg\",\"width\":1200,\"height\":677},{\"@type\":\"BreadcrumbList\",\"@id\":\"https:\\\/\\\/batijournal.com\\\/index.php\\\/le-bois-energie-en-vedette-a-interclima-2019\\\/102893\\\/#breadcrumb\",\"itemListElement\":[{\"@type\":\"ListItem\",\"position\":1,\"name\":\"Accueil\",\"item\":\"https:\\\/\\\/batijournal.com\\\/\"},{\"@type\":\"ListItem\",\"position\":2,\"name\":\"Actualit\u00e9s\",\"item\":\"https:\\\/\\\/batijournal.com\\\/index.php\\\/category\\\/actualites\\\/\"},{\"@type\":\"ListItem\",\"position\":3,\"name\":\"Le bois-\u00e9nergie en vedette \u00e0 INTERCLIMA 2019\"}]},{\"@type\":\"WebSite\",\"@id\":\"https:\\\/\\\/batijournal.com\\\/#website\",\"url\":\"https:\\\/\\\/batijournal.com\\\/\",\"name\":\"Batijournal\",\"description\":\"L&#039;actualit\u00e9 du b\u00e2timent\",\"potentialAction\":[{\"@type\":\"SearchAction\",\"target\":{\"@type\":\"EntryPoint\",\"urlTemplate\":\"https:\\\/\\\/batijournal.com\\\/?s={search_term_string}\"},\"query-input\":{\"@type\":\"PropertyValueSpecification\",\"valueRequired\":true,\"valueName\":\"search_term_string\"}}],\"inLanguage\":\"fr-FR\"},{\"@type\":\"Person\",\"@id\":\"https:\\\/\\\/batijournal.com\\\/#\\\/schema\\\/person\\\/1dc96ec6957aa1ccb25ebe78bb19f100\",\"name\":\"St\u00e9phane Miget\",\"image\":{\"@type\":\"ImageObject\",\"inLanguage\":\"fr-FR\",\"@id\":\"https:\\\/\\\/secure.gravatar.com\\\/avatar\\\/89915563d925342126b8ef0281b93d9d7fc337043e8df017f780908eb9644451?s=96&d=mm&r=g\",\"url\":\"https:\\\/\\\/secure.gravatar.com\\\/avatar\\\/89915563d925342126b8ef0281b93d9d7fc337043e8df017f780908eb9644451?s=96&d=mm&r=g\",\"contentUrl\":\"https:\\\/\\\/secure.gravatar.com\\\/avatar\\\/89915563d925342126b8ef0281b93d9d7fc337043e8df017f780908eb9644451?s=96&d=mm&r=g\",\"caption\":\"St\u00e9phane Miget\"},\"url\":\"https:\\\/\\\/batijournal.com\\\/index.php\\\/author\\\/stephane\\\/\"}]}<\/script>\n<!-- \/ Yoast SEO plugin. -->","yoast_head_json":{"title":"Le bois-\u00e9nergie en vedette \u00e0 INTERCLIMA 2019","description":"INTERCLIMA va r\u00e9server au bois-\u00e9nergie, du 5 au 8 novembre 2019 \u00e0 Paris-Nord Villepinte, une place toute particuli\u00e8re : Espace Chaudi\u00e8res Biomasse...","robots":{"index":"index","follow":"follow","max-snippet":"max-snippet:-1","max-image-preview":"max-image-preview:large","max-video-preview":"max-video-preview:-1"},"canonical":"https:\/\/batijournal.com\/index.php\/le-bois-energie-en-vedette-a-interclima-2019\/102893\/","og_locale":"fr_FR","og_type":"article","og_title":"Le bois-\u00e9nergie en vedette \u00e0 INTERCLIMA 2019","og_description":"INTERCLIMA va r\u00e9server au bois-\u00e9nergie, du 5 au 8 novembre 2019 \u00e0 Paris-Nord Villepinte, une place toute particuli\u00e8re : Espace Chaudi\u00e8res Biomasse...","og_url":"https:\/\/batijournal.com\/index.php\/le-bois-energie-en-vedette-a-interclima-2019\/102893\/","og_site_name":"Batijournal","article_published_time":"2019-09-10T07:48:32+00:00","og_image":[{"width":1200,"height":677,"url":"https:\/\/batijournal.com\/wp-content\/uploads\/2019\/09\/Interclima_2019.jpg","type":"image\/jpeg"}],"author":"St\u00e9phane Miget","twitter_card":"summary_large_image","twitter_creator":"@bati_journal","twitter_site":"@bati_journal","twitter_misc":{"\u00c9crit par":"St\u00e9phane Miget","Dur\u00e9e de lecture estim\u00e9e":"2 minutes"},"schema":{"@context":"https:\/\/schema.org","@graph":[{"@type":"Article","@id":"https:\/\/batijournal.com\/index.php\/le-bois-energie-en-vedette-a-interclima-2019\/102893\/#article","isPartOf":{"@id":"https:\/\/batijournal.com\/index.php\/le-bois-energie-en-vedette-a-interclima-2019\/102893\/"},"author":{"name":"St\u00e9phane Miget","@id":"https:\/\/batijournal.com\/#\/schema\/person\/1dc96ec6957aa1ccb25ebe78bb19f100"},"headline":"Le bois-\u00e9nergie en vedette \u00e0 INTERCLIMA 2019","datePublished":"2019-09-10T07:48:32+00:00","mainEntityOfPage":{"@id":"https:\/\/batijournal.com\/index.php\/le-bois-energie-en-vedette-a-interclima-2019\/102893\/"},"wordCount":341,"image":{"@id":"https:\/\/batijournal.com\/index.php\/le-bois-energie-en-vedette-a-interclima-2019\/102893\/#primaryimage"},"thumbnailUrl":"https:\/\/batijournal.com\/wp-content\/uploads\/2019\/09\/Interclima_2019.jpg","keywords":["bois \u00e9nergie","interclima"],"articleSection":["Actualit\u00e9s","\u00c9nergie &amp; Environnement","\u00c9v\u00e9nements","zz_Actualit\u00e9s - Plan\u00e8te","zz_Actualit\u00e9s - Woodsurfer","zz_Plan\u00e8te B\u00e2timent","zz_Woodsurfer"],"inLanguage":"fr-FR"},{"@type":"WebPage","@id":"https:\/\/batijournal.com\/index.php\/le-bois-energie-en-vedette-a-interclima-2019\/102893\/","url":"https:\/\/batijournal.com\/index.php\/le-bois-energie-en-vedette-a-interclima-2019\/102893\/","name":"Le bois-\u00e9nergie en vedette \u00e0 INTERCLIMA 2019","isPartOf":{"@id":"https:\/\/batijournal.com\/#website"},"primaryImageOfPage":{"@id":"https:\/\/batijournal.com\/index.php\/le-bois-energie-en-vedette-a-interclima-2019\/102893\/#primaryimage"},"image":{"@id":"https:\/\/batijournal.com\/index.php\/le-bois-energie-en-vedette-a-interclima-2019\/102893\/#primaryimage"},"thumbnailUrl":"https:\/\/batijournal.com\/wp-content\/uploads\/2019\/09\/Interclima_2019.jpg","datePublished":"2019-09-10T07:48:32+00:00","author":{"@id":"https:\/\/batijournal.com\/#\/schema\/person\/1dc96ec6957aa1ccb25ebe78bb19f100"},"description":"INTERCLIMA va r\u00e9server au bois-\u00e9nergie, du 5 au 8 novembre 2019 \u00e0 Paris-Nord Villepinte, une place toute particuli\u00e8re : Espace Chaudi\u00e8res Biomasse...","breadcrumb":{"@id":"https:\/\/batijournal.com\/index.php\/le-bois-energie-en-vedette-a-interclima-2019\/102893\/#breadcrumb"},"inLanguage":"fr-FR","potentialAction":[{"@type":"ReadAction","target":["https:\/\/batijournal.com\/index.php\/le-bois-energie-en-vedette-a-interclima-2019\/102893\/"]}]},{"@type":"ImageObject","inLanguage":"fr-FR","@id":"https:\/\/batijournal.com\/index.php\/le-bois-energie-en-vedette-a-interclima-2019\/102893\/#primaryimage","url":"https:\/\/batijournal.com\/wp-content\/uploads\/2019\/09\/Interclima_2019.jpg","contentUrl":"https:\/\/batijournal.com\/wp-content\/uploads\/2019\/09\/Interclima_2019.jpg","width":1200,"height":677},{"@type":"BreadcrumbList","@id":"https:\/\/batijournal.com\/index.php\/le-bois-energie-en-vedette-a-interclima-2019\/102893\/#breadcrumb","itemListElement":[{"@type":"ListItem","position":1,"name":"Accueil","item":"https:\/\/batijournal.com\/"},{"@type":"ListItem","position":2,"name":"Actualit\u00e9s","item":"https:\/\/batijournal.com\/index.php\/category\/actualites\/"},{"@type":"ListItem","position":3,"name":"Le bois-\u00e9nergie en vedette \u00e0 INTERCLIMA 2019"}]},{"@type":"WebSite","@id":"https:\/\/batijournal.com\/#website","url":"https:\/\/batijournal.com\/","name":"Batijournal","description":"L&#039;actualit\u00e9 du b\u00e2timent","potentialAction":[{"@type":"SearchAction","target":{"@type":"EntryPoint","urlTemplate":"https:\/\/batijournal.com\/?s={search_term_string}"},"query-input":{"@type":"PropertyValueSpecification","valueRequired":true,"valueName":"search_term_string"}}],"inLanguage":"fr-FR"},{"@type":"Person","@id":"https:\/\/batijournal.com\/#\/schema\/person\/1dc96ec6957aa1ccb25ebe78bb19f100","name":"St\u00e9phane Miget","image":{"@type":"ImageObject","inLanguage":"fr-FR","@id":"https:\/\/secure.gravatar.com\/avatar\/89915563d925342126b8ef0281b93d9d7fc337043e8df017f780908eb9644451?s=96&d=mm&r=g","url":"https:\/\/secure.gravatar.com\/avatar\/89915563d925342126b8ef0281b93d9d7fc337043e8df017f780908eb9644451?s=96&d=mm&r=g","contentUrl":"https:\/\/secure.gravatar.com\/avatar\/89915563d925342126b8ef0281b93d9d7fc337043e8df017f780908eb9644451?s=96&d=mm&r=g","caption":"St\u00e9phane Miget"},"url":"https:\/\/batijournal.com\/index.php\/author\/stephane\/"}]}},"_links":{"self":[{"href":"https:\/\/batijournal.com\/index.php\/wp-json\/wp\/v2\/posts\/102893","targetHints":{"allow":["GET"]}}],"collection":[{"href":"https:\/\/batijournal.com\/index.php\/wp-json\/wp\/v2\/posts"}],"about":[{"href":"https:\/\/batijournal.com\/index.php\/wp-json\/wp\/v2\/types\/post"}],"author":[{"embeddable":true,"href":"https:\/\/batijournal.com\/index.php\/wp-json\/wp\/v2\/users\/17"}],"replies":[{"embeddable":true,"href":"https:\/\/batijournal.com\/index.php\/wp-json\/wp\/v2\/comments?post=102893"}],"version-history":[{"count":0,"href":"https:\/\/batijournal.com\/index.php\/wp-json\/wp\/v2\/posts\/102893\/revisions"}],"wp:featuredmedia":[{"embeddable":true,"href":"https:\/\/batijournal.com\/index.php\/wp-json\/wp\/v2\/media\/102892"}],"wp:attachment":[{"href":"https:\/\/batijournal.com\/index.php\/wp-json\/wp\/v2\/media?parent=102893"}],"wp:term":[{"taxonomy":"category","embeddable":true,"href":"https:\/\/batijournal.com\/index.php\/wp-json\/wp\/v2\/categories?post=102893"},{"taxonomy":"post_tag","embeddable":true,"href":"https:\/\/batijournal.com\/index.php\/wp-json\/wp\/v2\/tags?post=102893"}],"curies":[{"name":"wp","href":"https:\/\/api.w.org\/{rel}","templated":true}]}}