{"id":102894,"date":"2019-09-10T09:51:01","date_gmt":"2019-09-10T07:51:01","guid":{"rendered":"https:\/\/batijournal.com\/?p=102894"},"modified":"2019-09-10T09:51:01","modified_gmt":"2019-09-10T07:51:01","slug":"nouveau-service-daccompagnement-pour-la-renovation-energetique","status":"publish","type":"post","link":"https:\/\/batijournal.com\/index.php\/nouveau-service-daccompagnement-pour-la-renovation-energetique\/102894\/","title":{"rendered":"Nouveau service d\u2019accompagnement pour la r\u00e9novation \u00e9nerg\u00e9tique"},"content":{"rendered":"<p><strong>Elisabeth Borne, Julien Denormandie et Emmanuelle Wargon viennent d&rsquo;annoncer le lancement du \u00ab Service d\u2019accompagnement pour la r\u00e9novation \u00e9nerg\u00e9tique \u00bb. Ce nouveau programme vise \u00e0 aider les Fran\u00e7ais \u00e0 se rep\u00e9rer et \u00e0 se faire conseiller, et ainsi savoir quels travaux effectuer pour am\u00e9liorer leur confort tout en r\u00e9duisant leurs factures de chauffage. Son d\u00e9ploiement sur tout le territoire reposera sur une implication forte des collectivit\u00e9s territoriales volontaires, et prioritairement des r\u00e9gions.<\/strong><\/p>\n<p>Avec une enveloppe d\u00e9di\u00e9e de 200 millions d\u2019euros sur la p\u00e9riode 2020-2024, il permettra de cofinancer les montants engag\u00e9s par les collectivit\u00e9s territoriales pour la r\u00e9alisation de trois missions essentielles :<\/p>\n<p><strong>Soutenir le d\u00e9ploiement d\u2019un service d\u2019accompagnement des particuliers<\/strong><br \/>\nLe programme contribue aux missions d\u2019information, de conseil et d\u2019accompagnement des m\u00e9nages, y compris par le d\u00e9veloppement ou le renforcement d\u2019outils permettant de syst\u00e9matiser l\u2019accompagnement des m\u00e9nages et de communiquer massivement vers les citoyens. Dans ce cadre, des audits \u00e9nerg\u00e9tiques pourront notamment \u00eatre r\u00e9alis\u00e9s pour poser les bons diagnostics avant d\u2019engager les travaux de r\u00e9novation des logements.<\/p>\n<p><strong>Cr\u00e9er une dynamique territoriale autour de la r\u00e9novation<\/strong><br \/>\nDes actions de sensibilisation, de mobilisation des professionnels et acteurs concern\u00e9s par la r\u00e9novation \u00e9nerg\u00e9tique des logements sur les territoires peuvent \u00eatre cofinanc\u00e9es, afin d\u2019accompagner la mont\u00e9e en comp\u00e9tence des professionnels.<\/p>\n<p><strong>Soutenir le d\u00e9ploiement d\u2019un service de conseil aux petits locaux tertiaires priv\u00e9s<\/strong><br \/>\nLe programme accompagnera \u00e9galement la r\u00e9novation des b\u00e2timents du \u00ab petit tertiaire priv\u00e9 \u00bb (commerces, bureaux, restaurants\u2026), afin que les propri\u00e9taires de tels locaux disposent du m\u00eame guichet d\u2019information et de conseil de proximit\u00e9, comme l\u2019envisageait le plan de r\u00e9novation \u00e9nerg\u00e9tique des b\u00e2timents adopt\u00e9 en avril 2018.<\/p>\n<p>Ce nouveau programme a pour objectif de consolider et compl\u00e9ter un service public qui existe d\u00e9j\u00e0 : les espaces \u00ab FAIRE \u00bb, pour Faciliter, accompagner et informer pour la r\u00e9novation \u00e9nerg\u00e9tique. Les conseillers FAIRE constituent un r\u00e9seau de conseil et d\u2019accompagnement des particuliers dans leurs projets de r\u00e9novation \u00e9nerg\u00e9tique de leurs logements. Mais leur action n\u00e9cessite d\u2019\u00eatre soutenue et enrichie pour mieux convaincre nos concitoyens d\u2019engager des travaux et acc\u00e9l\u00e9rer le rythme des r\u00e9novations \u00e9nerg\u00e9tiques.\u00a0Cela s\u2019inscrit en compl\u00e9ment des dispositifs nationaux d\u2019accompagnement mis en place par le Gouvernement pour acc\u00e9l\u00e9rer la r\u00e9novation \u00e9nerg\u00e9tique des b\u00e2timents : aides de l\u2019ANAH, cr\u00e9dit d\u2019imp\u00f4t pour la transition \u00e9nerg\u00e9tique (CITE), programmes CEE, pr\u00eats (\u00e9co PTZ et \u00e9co PLS), TVA \u00e0 taux r\u00e9duit appliqu\u00e9e aux travaux de r\u00e9novation \u00e9nerg\u00e9tique. En cumulant les CEE d\u00e9di\u00e9s \u00e0 la r\u00e9novation \u00e9nerg\u00e9tique, les programmes ANAH Habiter Mieux S\u00e9r\u00e9nit\u00e9 et Agilit\u00e9 et le CITE, ce sont environ 3 milliards d\u2019euros qui sont allou\u00e9s cette ann\u00e9e \u00e0 la r\u00e9novation \u00e9nerg\u00e9tique.<\/p>\n","protected":false},"excerpt":{"rendered":"<p>Elisabeth Borne, Julien Denormandie et Emmanuelle Wargon viennent d&rsquo;annoncer le lancement du \u00ab Service d\u2019accompagnement pour la r\u00e9novation \u00e9nerg\u00e9tique \u00bb. Ce nouveau programme vise \u00e0 aider les Fran\u00e7ais \u00e0 se rep\u00e9rer et \u00e0 se faire conseiller, et ainsi savoir quels travaux effectuer pour am\u00e9liorer leur confort tout en r\u00e9duisant leurs factures de chauffage. Son d\u00e9ploiement [&hellip;]<\/p>\n","protected":false},"author":17,"featured_media":86486,"comment_status":"closed","ping_status":"closed","sticky":false,"template":"","format":"standard","meta":{"_et_pb_use_builder":"","_et_pb_old_content":"","_et_gb_content_width":"","footnotes":""},"categories":[10530,6351,10781,10778],"tags":[1683],"class_list":["post-102894","post","type-post","status-publish","format-standard","has-post-thumbnail","hentry","category-actualites","category-energie-environnement","category-publications-planete","category-planete","tag-renovation-energetique"],"yoast_head":"<!-- This site is optimized with the Yoast SEO plugin v27.4 - https:\/\/yoast.com\/product\/yoast-seo-wordpress\/ -->\n<title>Nouveau service d\u2019accompagnement pour la r\u00e9novation \u00e9nerg\u00e9tique<\/title>\n<meta name=\"description\" content=\"Elisabeth Borne, Julien Denormandie et Emmanuelle Wargon viennent d&#039;annoncer le lancement du \u00ab Service d\u2019accompagnement pour la r\u00e9novation \u00e9nerg\u00e9tique \u00bb\" \/>\n<meta name=\"robots\" content=\"index, follow, max-snippet:-1, max-image-preview:large, max-video-preview:-1\" \/>\n<link rel=\"canonical\" href=\"https:\/\/batijournal.com\/index.php\/nouveau-service-daccompagnement-pour-la-renovation-energetique\/102894\/\" \/>\n<meta property=\"og:locale\" content=\"fr_FR\" \/>\n<meta property=\"og:type\" content=\"article\" \/>\n<meta property=\"og:title\" content=\"Nouveau service d\u2019accompagnement pour la r\u00e9novation \u00e9nerg\u00e9tique\" \/>\n<meta property=\"og:description\" content=\"Elisabeth Borne, Julien Denormandie et Emmanuelle Wargon viennent d&#039;annoncer le lancement du \u00ab Service d\u2019accompagnement pour la r\u00e9novation \u00e9nerg\u00e9tique \u00bb\" \/>\n<meta property=\"og:url\" content=\"https:\/\/batijournal.com\/index.php\/nouveau-service-daccompagnement-pour-la-renovation-energetique\/102894\/\" \/>\n<meta property=\"og:site_name\" content=\"Batijournal\" \/>\n<meta property=\"article:published_time\" content=\"2019-09-10T07:51:01+00:00\" \/>\n<meta property=\"og:image\" content=\"https:\/\/batijournal.com\/wp-content\/uploads\/2015\/03\/54972743.jpg\" \/>\n\t<meta property=\"og:image:width\" content=\"600\" \/>\n\t<meta property=\"og:image:height\" content=\"450\" \/>\n\t<meta property=\"og:image:type\" content=\"image\/jpeg\" \/>\n<meta name=\"author\" content=\"St\u00e9phane Miget\" \/>\n<meta name=\"twitter:card\" content=\"summary_large_image\" \/>\n<meta name=\"twitter:creator\" content=\"@bati_journal\" \/>\n<meta name=\"twitter:site\" content=\"@bati_journal\" \/>\n<meta name=\"twitter:label1\" content=\"\u00c9crit par\" \/>\n\t<meta name=\"twitter:data1\" content=\"St\u00e9phane Miget\" \/>\n\t<meta name=\"twitter:label2\" content=\"Dur\u00e9e de lecture estim\u00e9e\" \/>\n\t<meta name=\"twitter:data2\" content=\"3 minutes\" \/>\n<script type=\"application\/ld+json\" class=\"yoast-schema-graph\">{\"@context\":\"https:\\\/\\\/schema.org\",\"@graph\":[{\"@type\":\"Article\",\"@id\":\"https:\\\/\\\/batijournal.com\\\/index.php\\\/nouveau-service-daccompagnement-pour-la-renovation-energetique\\\/102894\\\/#article\",\"isPartOf\":{\"@id\":\"https:\\\/\\\/batijournal.com\\\/index.php\\\/nouveau-service-daccompagnement-pour-la-renovation-energetique\\\/102894\\\/\"},\"author\":{\"name\":\"St\u00e9phane Miget\",\"@id\":\"https:\\\/\\\/batijournal.com\\\/#\\\/schema\\\/person\\\/1dc96ec6957aa1ccb25ebe78bb19f100\"},\"headline\":\"Nouveau service d\u2019accompagnement pour la r\u00e9novation \u00e9nerg\u00e9tique\",\"datePublished\":\"2019-09-10T07:51:01+00:00\",\"mainEntityOfPage\":{\"@id\":\"https:\\\/\\\/batijournal.com\\\/index.php\\\/nouveau-service-daccompagnement-pour-la-renovation-energetique\\\/102894\\\/\"},\"wordCount\":517,\"image\":{\"@id\":\"https:\\\/\\\/batijournal.com\\\/index.php\\\/nouveau-service-daccompagnement-pour-la-renovation-energetique\\\/102894\\\/#primaryimage\"},\"thumbnailUrl\":\"https:\\\/\\\/batijournal.com\\\/wp-content\\\/uploads\\\/2015\\\/03\\\/54972743.jpg\",\"keywords\":[\"renovation energetique\"],\"articleSection\":[\"Actualit\u00e9s\",\"\u00c9nergie &amp; Environnement\",\"zz_Actualit\u00e9s - Plan\u00e8te\",\"zz_Plan\u00e8te B\u00e2timent\"],\"inLanguage\":\"fr-FR\"},{\"@type\":\"WebPage\",\"@id\":\"https:\\\/\\\/batijournal.com\\\/index.php\\\/nouveau-service-daccompagnement-pour-la-renovation-energetique\\\/102894\\\/\",\"url\":\"https:\\\/\\\/batijournal.com\\\/index.php\\\/nouveau-service-daccompagnement-pour-la-renovation-energetique\\\/102894\\\/\",\"name\":\"Nouveau service d\u2019accompagnement pour la r\u00e9novation \u00e9nerg\u00e9tique\",\"isPartOf\":{\"@id\":\"https:\\\/\\\/batijournal.com\\\/#website\"},\"primaryImageOfPage\":{\"@id\":\"https:\\\/\\\/batijournal.com\\\/index.php\\\/nouveau-service-daccompagnement-pour-la-renovation-energetique\\\/102894\\\/#primaryimage\"},\"image\":{\"@id\":\"https:\\\/\\\/batijournal.com\\\/index.php\\\/nouveau-service-daccompagnement-pour-la-renovation-energetique\\\/102894\\\/#primaryimage\"},\"thumbnailUrl\":\"https:\\\/\\\/batijournal.com\\\/wp-content\\\/uploads\\\/2015\\\/03\\\/54972743.jpg\",\"datePublished\":\"2019-09-10T07:51:01+00:00\",\"author\":{\"@id\":\"https:\\\/\\\/batijournal.com\\\/#\\\/schema\\\/person\\\/1dc96ec6957aa1ccb25ebe78bb19f100\"},\"description\":\"Elisabeth Borne, Julien Denormandie et Emmanuelle Wargon viennent d'annoncer le lancement du \u00ab Service d\u2019accompagnement pour la r\u00e9novation \u00e9nerg\u00e9tique \u00bb\",\"breadcrumb\":{\"@id\":\"https:\\\/\\\/batijournal.com\\\/index.php\\\/nouveau-service-daccompagnement-pour-la-renovation-energetique\\\/102894\\\/#breadcrumb\"},\"inLanguage\":\"fr-FR\",\"potentialAction\":[{\"@type\":\"ReadAction\",\"target\":[\"https:\\\/\\\/batijournal.com\\\/index.php\\\/nouveau-service-daccompagnement-pour-la-renovation-energetique\\\/102894\\\/\"]}]},{\"@type\":\"ImageObject\",\"inLanguage\":\"fr-FR\",\"@id\":\"https:\\\/\\\/batijournal.com\\\/index.php\\\/nouveau-service-daccompagnement-pour-la-renovation-energetique\\\/102894\\\/#primaryimage\",\"url\":\"https:\\\/\\\/batijournal.com\\\/wp-content\\\/uploads\\\/2015\\\/03\\\/54972743.jpg\",\"contentUrl\":\"https:\\\/\\\/batijournal.com\\\/wp-content\\\/uploads\\\/2015\\\/03\\\/54972743.jpg\",\"width\":600,\"height\":450,\"caption\":\"negawatt-plan-de-renovation-energetique\"},{\"@type\":\"BreadcrumbList\",\"@id\":\"https:\\\/\\\/batijournal.com\\\/index.php\\\/nouveau-service-daccompagnement-pour-la-renovation-energetique\\\/102894\\\/#breadcrumb\",\"itemListElement\":[{\"@type\":\"ListItem\",\"position\":1,\"name\":\"Accueil\",\"item\":\"https:\\\/\\\/batijournal.com\\\/\"},{\"@type\":\"ListItem\",\"position\":2,\"name\":\"Actualit\u00e9s\",\"item\":\"https:\\\/\\\/batijournal.com\\\/index.php\\\/category\\\/actualites\\\/\"},{\"@type\":\"ListItem\",\"position\":3,\"name\":\"Nouveau service d\u2019accompagnement pour la r\u00e9novation \u00e9nerg\u00e9tique\"}]},{\"@type\":\"WebSite\",\"@id\":\"https:\\\/\\\/batijournal.com\\\/#website\",\"url\":\"https:\\\/\\\/batijournal.com\\\/\",\"name\":\"Batijournal\",\"description\":\"L&#039;actualit\u00e9 du b\u00e2timent\",\"potentialAction\":[{\"@type\":\"SearchAction\",\"target\":{\"@type\":\"EntryPoint\",\"urlTemplate\":\"https:\\\/\\\/batijournal.com\\\/?s={search_term_string}\"},\"query-input\":{\"@type\":\"PropertyValueSpecification\",\"valueRequired\":true,\"valueName\":\"search_term_string\"}}],\"inLanguage\":\"fr-FR\"},{\"@type\":\"Person\",\"@id\":\"https:\\\/\\\/batijournal.com\\\/#\\\/schema\\\/person\\\/1dc96ec6957aa1ccb25ebe78bb19f100\",\"name\":\"St\u00e9phane Miget\",\"image\":{\"@type\":\"ImageObject\",\"inLanguage\":\"fr-FR\",\"@id\":\"https:\\\/\\\/secure.gravatar.com\\\/avatar\\\/89915563d925342126b8ef0281b93d9d7fc337043e8df017f780908eb9644451?s=96&d=mm&r=g\",\"url\":\"https:\\\/\\\/secure.gravatar.com\\\/avatar\\\/89915563d925342126b8ef0281b93d9d7fc337043e8df017f780908eb9644451?s=96&d=mm&r=g\",\"contentUrl\":\"https:\\\/\\\/secure.gravatar.com\\\/avatar\\\/89915563d925342126b8ef0281b93d9d7fc337043e8df017f780908eb9644451?s=96&d=mm&r=g\",\"caption\":\"St\u00e9phane Miget\"},\"url\":\"https:\\\/\\\/batijournal.com\\\/index.php\\\/author\\\/stephane\\\/\"}]}<\/script>\n<!-- \/ Yoast SEO plugin. -->","yoast_head_json":{"title":"Nouveau service d\u2019accompagnement pour la r\u00e9novation \u00e9nerg\u00e9tique","description":"Elisabeth Borne, Julien Denormandie et Emmanuelle Wargon viennent d'annoncer le lancement du \u00ab Service d\u2019accompagnement pour la r\u00e9novation \u00e9nerg\u00e9tique \u00bb","robots":{"index":"index","follow":"follow","max-snippet":"max-snippet:-1","max-image-preview":"max-image-preview:large","max-video-preview":"max-video-preview:-1"},"canonical":"https:\/\/batijournal.com\/index.php\/nouveau-service-daccompagnement-pour-la-renovation-energetique\/102894\/","og_locale":"fr_FR","og_type":"article","og_title":"Nouveau service d\u2019accompagnement pour la r\u00e9novation \u00e9nerg\u00e9tique","og_description":"Elisabeth Borne, Julien Denormandie et Emmanuelle Wargon viennent d'annoncer le lancement du \u00ab Service d\u2019accompagnement pour la r\u00e9novation \u00e9nerg\u00e9tique \u00bb","og_url":"https:\/\/batijournal.com\/index.php\/nouveau-service-daccompagnement-pour-la-renovation-energetique\/102894\/","og_site_name":"Batijournal","article_published_time":"2019-09-10T07:51:01+00:00","og_image":[{"width":600,"height":450,"url":"https:\/\/batijournal.com\/wp-content\/uploads\/2015\/03\/54972743.jpg","type":"image\/jpeg"}],"author":"St\u00e9phane Miget","twitter_card":"summary_large_image","twitter_creator":"@bati_journal","twitter_site":"@bati_journal","twitter_misc":{"\u00c9crit par":"St\u00e9phane Miget","Dur\u00e9e de lecture estim\u00e9e":"3 minutes"},"schema":{"@context":"https:\/\/schema.org","@graph":[{"@type":"Article","@id":"https:\/\/batijournal.com\/index.php\/nouveau-service-daccompagnement-pour-la-renovation-energetique\/102894\/#article","isPartOf":{"@id":"https:\/\/batijournal.com\/index.php\/nouveau-service-daccompagnement-pour-la-renovation-energetique\/102894\/"},"author":{"name":"St\u00e9phane Miget","@id":"https:\/\/batijournal.com\/#\/schema\/person\/1dc96ec6957aa1ccb25ebe78bb19f100"},"headline":"Nouveau service d\u2019accompagnement pour la r\u00e9novation \u00e9nerg\u00e9tique","datePublished":"2019-09-10T07:51:01+00:00","mainEntityOfPage":{"@id":"https:\/\/batijournal.com\/index.php\/nouveau-service-daccompagnement-pour-la-renovation-energetique\/102894\/"},"wordCount":517,"image":{"@id":"https:\/\/batijournal.com\/index.php\/nouveau-service-daccompagnement-pour-la-renovation-energetique\/102894\/#primaryimage"},"thumbnailUrl":"https:\/\/batijournal.com\/wp-content\/uploads\/2015\/03\/54972743.jpg","keywords":["renovation energetique"],"articleSection":["Actualit\u00e9s","\u00c9nergie &amp; Environnement","zz_Actualit\u00e9s - Plan\u00e8te","zz_Plan\u00e8te B\u00e2timent"],"inLanguage":"fr-FR"},{"@type":"WebPage","@id":"https:\/\/batijournal.com\/index.php\/nouveau-service-daccompagnement-pour-la-renovation-energetique\/102894\/","url":"https:\/\/batijournal.com\/index.php\/nouveau-service-daccompagnement-pour-la-renovation-energetique\/102894\/","name":"Nouveau service d\u2019accompagnement pour la r\u00e9novation \u00e9nerg\u00e9tique","isPartOf":{"@id":"https:\/\/batijournal.com\/#website"},"primaryImageOfPage":{"@id":"https:\/\/batijournal.com\/index.php\/nouveau-service-daccompagnement-pour-la-renovation-energetique\/102894\/#primaryimage"},"image":{"@id":"https:\/\/batijournal.com\/index.php\/nouveau-service-daccompagnement-pour-la-renovation-energetique\/102894\/#primaryimage"},"thumbnailUrl":"https:\/\/batijournal.com\/wp-content\/uploads\/2015\/03\/54972743.jpg","datePublished":"2019-09-10T07:51:01+00:00","author":{"@id":"https:\/\/batijournal.com\/#\/schema\/person\/1dc96ec6957aa1ccb25ebe78bb19f100"},"description":"Elisabeth Borne, Julien Denormandie et Emmanuelle Wargon viennent d'annoncer le lancement du \u00ab Service d\u2019accompagnement pour la r\u00e9novation \u00e9nerg\u00e9tique \u00bb","breadcrumb":{"@id":"https:\/\/batijournal.com\/index.php\/nouveau-service-daccompagnement-pour-la-renovation-energetique\/102894\/#breadcrumb"},"inLanguage":"fr-FR","potentialAction":[{"@type":"ReadAction","target":["https:\/\/batijournal.com\/index.php\/nouveau-service-daccompagnement-pour-la-renovation-energetique\/102894\/"]}]},{"@type":"ImageObject","inLanguage":"fr-FR","@id":"https:\/\/batijournal.com\/index.php\/nouveau-service-daccompagnement-pour-la-renovation-energetique\/102894\/#primaryimage","url":"https:\/\/batijournal.com\/wp-content\/uploads\/2015\/03\/54972743.jpg","contentUrl":"https:\/\/batijournal.com\/wp-content\/uploads\/2015\/03\/54972743.jpg","width":600,"height":450,"caption":"negawatt-plan-de-renovation-energetique"},{"@type":"BreadcrumbList","@id":"https:\/\/batijournal.com\/index.php\/nouveau-service-daccompagnement-pour-la-renovation-energetique\/102894\/#breadcrumb","itemListElement":[{"@type":"ListItem","position":1,"name":"Accueil","item":"https:\/\/batijournal.com\/"},{"@type":"ListItem","position":2,"name":"Actualit\u00e9s","item":"https:\/\/batijournal.com\/index.php\/category\/actualites\/"},{"@type":"ListItem","position":3,"name":"Nouveau service d\u2019accompagnement pour la r\u00e9novation \u00e9nerg\u00e9tique"}]},{"@type":"WebSite","@id":"https:\/\/batijournal.com\/#website","url":"https:\/\/batijournal.com\/","name":"Batijournal","description":"L&#039;actualit\u00e9 du b\u00e2timent","potentialAction":[{"@type":"SearchAction","target":{"@type":"EntryPoint","urlTemplate":"https:\/\/batijournal.com\/?s={search_term_string}"},"query-input":{"@type":"PropertyValueSpecification","valueRequired":true,"valueName":"search_term_string"}}],"inLanguage":"fr-FR"},{"@type":"Person","@id":"https:\/\/batijournal.com\/#\/schema\/person\/1dc96ec6957aa1ccb25ebe78bb19f100","name":"St\u00e9phane Miget","image":{"@type":"ImageObject","inLanguage":"fr-FR","@id":"https:\/\/secure.gravatar.com\/avatar\/89915563d925342126b8ef0281b93d9d7fc337043e8df017f780908eb9644451?s=96&d=mm&r=g","url":"https:\/\/secure.gravatar.com\/avatar\/89915563d925342126b8ef0281b93d9d7fc337043e8df017f780908eb9644451?s=96&d=mm&r=g","contentUrl":"https:\/\/secure.gravatar.com\/avatar\/89915563d925342126b8ef0281b93d9d7fc337043e8df017f780908eb9644451?s=96&d=mm&r=g","caption":"St\u00e9phane Miget"},"url":"https:\/\/batijournal.com\/index.php\/author\/stephane\/"}]}},"_links":{"self":[{"href":"https:\/\/batijournal.com\/index.php\/wp-json\/wp\/v2\/posts\/102894","targetHints":{"allow":["GET"]}}],"collection":[{"href":"https:\/\/batijournal.com\/index.php\/wp-json\/wp\/v2\/posts"}],"about":[{"href":"https:\/\/batijournal.com\/index.php\/wp-json\/wp\/v2\/types\/post"}],"author":[{"embeddable":true,"href":"https:\/\/batijournal.com\/index.php\/wp-json\/wp\/v2\/users\/17"}],"replies":[{"embeddable":true,"href":"https:\/\/batijournal.com\/index.php\/wp-json\/wp\/v2\/comments?post=102894"}],"version-history":[{"count":0,"href":"https:\/\/batijournal.com\/index.php\/wp-json\/wp\/v2\/posts\/102894\/revisions"}],"wp:featuredmedia":[{"embeddable":true,"href":"https:\/\/batijournal.com\/index.php\/wp-json\/wp\/v2\/media\/86486"}],"wp:attachment":[{"href":"https:\/\/batijournal.com\/index.php\/wp-json\/wp\/v2\/media?parent=102894"}],"wp:term":[{"taxonomy":"category","embeddable":true,"href":"https:\/\/batijournal.com\/index.php\/wp-json\/wp\/v2\/categories?post=102894"},{"taxonomy":"post_tag","embeddable":true,"href":"https:\/\/batijournal.com\/index.php\/wp-json\/wp\/v2\/tags?post=102894"}],"curies":[{"name":"wp","href":"https:\/\/api.w.org\/{rel}","templated":true}]}}