{"id":102903,"date":"2019-09-12T08:20:24","date_gmt":"2019-09-12T06:20:24","guid":{"rendered":"https:\/\/batijournal.com\/?p=102903"},"modified":"2019-09-12T08:20:24","modified_gmt":"2019-09-12T06:20:24","slug":"betons-decarbones-chez-point-p","status":"publish","type":"post","link":"https:\/\/batijournal.com\/index.php\/betons-decarbones-chez-point-p\/102903\/","title":{"rendered":"B\u00e9tons d\u00e9carbon\u00e9s chez POINT.P"},"content":{"rendered":"<p>La nouvelle r\u00e9glementation RE 2020 va prendre en compte les \u00e9missions de carbone des b\u00e2timents sur l\u2019ensemble de leur cycle de vie. Dans un b\u00e2timent collectif en voiles b\u00e9tons, le poids en carbone du b\u00e9ton varie entre 15 et 25 %. POINT.P qui avait d\u00e9j\u00e0 int\u00e9gr\u00e9 ce param\u00e8tre avec sa gamme ULTIBAT\u00ae Tradi, dont les b\u00e9tons sont en partie d\u00e9carbon\u00e9s, franchit un nouveau pas avec la cr\u00e9ation d\u2019une gamme de trois produits qui contribuent \u00e0 la r\u00e9duction de l\u2019impact carbone du b\u00e2timent de l\u2019ordre de 10 %, 20 % ou 35 % : ULTIBAT\u00ae Green Basic, ULTIBAT\u00ae Green Medium et ULTIBAT\u00ae Green Premium. En option, en compl\u00e9ment de ces b\u00e9tons fortement d\u00e9carbon\u00e9s, il propose la version int\u00e9grant les granulats recycl\u00e9s et les superplastifiants biosourc\u00e9s. Cette option \u00e0 la demande permet au client de satisfaire une double exigence : des b\u00e9tons tr\u00e8s d\u00e9carbon\u00e9s et une d\u00e9marche privil\u00e9giant l\u2019\u00e9conomie circulaire.<\/p>\n","protected":false},"excerpt":{"rendered":"<p>La nouvelle r\u00e9glementation RE 2020 va prendre en compte les \u00e9missions de carbone des b\u00e2timents sur l\u2019ensemble de leur cycle de vie. Dans un b\u00e2timent collectif en voiles b\u00e9tons, le poids en carbone du b\u00e9ton varie entre 15 et 25 %. POINT.P qui avait d\u00e9j\u00e0 int\u00e9gr\u00e9 ce param\u00e8tre avec sa gamme ULTIBAT\u00ae Tradi, dont les [&hellip;]<\/p>\n","protected":false},"author":17,"featured_media":102906,"comment_status":"closed","ping_status":"closed","sticky":false,"template":"","format":"standard","meta":{"_et_pb_use_builder":"","_et_pb_old_content":"","_et_gb_content_width":"","footnotes":""},"categories":[10530,6351,10771,10775,10781,10778],"tags":[7976],"class_list":["post-102903","post","type-post","status-publish","format-standard","has-post-thumbnail","hentry","category-actualites","category-energie-environnement","category-5facades","category-actualites-5facades","category-publications-planete","category-planete","tag-empreinte-carbone"],"yoast_head":"<!-- This site is optimized with the Yoast SEO plugin v27.4 - https:\/\/yoast.com\/product\/yoast-seo-wordpress\/ -->\n<title>B\u00e9tons d\u00e9carbon\u00e9s chez POINT.P<\/title>\n<meta name=\"description\" content=\"La nouvelle r\u00e9glementation RE 2020 va prendre en compte les \u00e9missions de carbone des b\u00e2timents sur l\u2019ensemble de leur cycle de vie. Dans un b\u00e2timent\" \/>\n<meta name=\"robots\" content=\"index, follow, max-snippet:-1, max-image-preview:large, max-video-preview:-1\" \/>\n<link rel=\"canonical\" href=\"https:\/\/batijournal.com\/index.php\/betons-decarbones-chez-point-p\/102903\/\" \/>\n<meta property=\"og:locale\" content=\"fr_FR\" \/>\n<meta property=\"og:type\" content=\"article\" \/>\n<meta property=\"og:title\" content=\"B\u00e9tons d\u00e9carbon\u00e9s chez POINT.P\" \/>\n<meta property=\"og:description\" content=\"La nouvelle r\u00e9glementation RE 2020 va prendre en compte les \u00e9missions de carbone des b\u00e2timents sur l\u2019ensemble de leur cycle de vie. Dans un b\u00e2timent\" \/>\n<meta property=\"og:url\" content=\"https:\/\/batijournal.com\/index.php\/betons-decarbones-chez-point-p\/102903\/\" \/>\n<meta property=\"og:site_name\" content=\"Batijournal\" \/>\n<meta property=\"article:published_time\" content=\"2019-09-12T06:20:24+00:00\" \/>\n<meta property=\"og:image\" content=\"https:\/\/batijournal.com\/wp-content\/uploads\/2019\/09\/Visuel-UtlibatGreen-point-p.jpg\" \/>\n\t<meta property=\"og:image:width\" content=\"4252\" \/>\n\t<meta property=\"og:image:height\" content=\"2758\" \/>\n\t<meta property=\"og:image:type\" content=\"image\/jpeg\" \/>\n<meta name=\"author\" content=\"St\u00e9phane Miget\" \/>\n<meta name=\"twitter:card\" content=\"summary_large_image\" \/>\n<meta name=\"twitter:creator\" content=\"@bati_journal\" \/>\n<meta name=\"twitter:site\" content=\"@bati_journal\" \/>\n<meta name=\"twitter:label1\" content=\"\u00c9crit par\" \/>\n\t<meta name=\"twitter:data1\" content=\"St\u00e9phane Miget\" \/>\n\t<meta name=\"twitter:label2\" content=\"Dur\u00e9e de lecture estim\u00e9e\" \/>\n\t<meta name=\"twitter:data2\" content=\"1 minute\" \/>\n<script type=\"application\/ld+json\" class=\"yoast-schema-graph\">{\"@context\":\"https:\\\/\\\/schema.org\",\"@graph\":[{\"@type\":\"Article\",\"@id\":\"https:\\\/\\\/batijournal.com\\\/index.php\\\/betons-decarbones-chez-point-p\\\/102903\\\/#article\",\"isPartOf\":{\"@id\":\"https:\\\/\\\/batijournal.com\\\/index.php\\\/betons-decarbones-chez-point-p\\\/102903\\\/\"},\"author\":{\"name\":\"St\u00e9phane Miget\",\"@id\":\"https:\\\/\\\/batijournal.com\\\/#\\\/schema\\\/person\\\/1dc96ec6957aa1ccb25ebe78bb19f100\"},\"headline\":\"B\u00e9tons d\u00e9carbon\u00e9s chez POINT.P\",\"datePublished\":\"2019-09-12T06:20:24+00:00\",\"mainEntityOfPage\":{\"@id\":\"https:\\\/\\\/batijournal.com\\\/index.php\\\/betons-decarbones-chez-point-p\\\/102903\\\/\"},\"wordCount\":175,\"image\":{\"@id\":\"https:\\\/\\\/batijournal.com\\\/index.php\\\/betons-decarbones-chez-point-p\\\/102903\\\/#primaryimage\"},\"thumbnailUrl\":\"https:\\\/\\\/batijournal.com\\\/wp-content\\\/uploads\\\/2019\\\/09\\\/Visuel-UtlibatGreen-point-p.jpg\",\"keywords\":[\"empreinte carbone\"],\"articleSection\":[\"Actualit\u00e9s\",\"\u00c9nergie &amp; Environnement\",\"zz_5fa\u00e7ades\",\"zz_Actualit\u00e9s - 5fa\u00e7ades\",\"zz_Actualit\u00e9s - Plan\u00e8te\",\"zz_Plan\u00e8te B\u00e2timent\"],\"inLanguage\":\"fr-FR\"},{\"@type\":\"WebPage\",\"@id\":\"https:\\\/\\\/batijournal.com\\\/index.php\\\/betons-decarbones-chez-point-p\\\/102903\\\/\",\"url\":\"https:\\\/\\\/batijournal.com\\\/index.php\\\/betons-decarbones-chez-point-p\\\/102903\\\/\",\"name\":\"B\u00e9tons d\u00e9carbon\u00e9s chez POINT.P\",\"isPartOf\":{\"@id\":\"https:\\\/\\\/batijournal.com\\\/#website\"},\"primaryImageOfPage\":{\"@id\":\"https:\\\/\\\/batijournal.com\\\/index.php\\\/betons-decarbones-chez-point-p\\\/102903\\\/#primaryimage\"},\"image\":{\"@id\":\"https:\\\/\\\/batijournal.com\\\/index.php\\\/betons-decarbones-chez-point-p\\\/102903\\\/#primaryimage\"},\"thumbnailUrl\":\"https:\\\/\\\/batijournal.com\\\/wp-content\\\/uploads\\\/2019\\\/09\\\/Visuel-UtlibatGreen-point-p.jpg\",\"datePublished\":\"2019-09-12T06:20:24+00:00\",\"author\":{\"@id\":\"https:\\\/\\\/batijournal.com\\\/#\\\/schema\\\/person\\\/1dc96ec6957aa1ccb25ebe78bb19f100\"},\"description\":\"La nouvelle r\u00e9glementation RE 2020 va prendre en compte les \u00e9missions de carbone des b\u00e2timents sur l\u2019ensemble de leur cycle de vie. Dans un b\u00e2timent\",\"breadcrumb\":{\"@id\":\"https:\\\/\\\/batijournal.com\\\/index.php\\\/betons-decarbones-chez-point-p\\\/102903\\\/#breadcrumb\"},\"inLanguage\":\"fr-FR\",\"potentialAction\":[{\"@type\":\"ReadAction\",\"target\":[\"https:\\\/\\\/batijournal.com\\\/index.php\\\/betons-decarbones-chez-point-p\\\/102903\\\/\"]}]},{\"@type\":\"ImageObject\",\"inLanguage\":\"fr-FR\",\"@id\":\"https:\\\/\\\/batijournal.com\\\/index.php\\\/betons-decarbones-chez-point-p\\\/102903\\\/#primaryimage\",\"url\":\"https:\\\/\\\/batijournal.com\\\/wp-content\\\/uploads\\\/2019\\\/09\\\/Visuel-UtlibatGreen-point-p.jpg\",\"contentUrl\":\"https:\\\/\\\/batijournal.com\\\/wp-content\\\/uploads\\\/2019\\\/09\\\/Visuel-UtlibatGreen-point-p.jpg\",\"width\":4252,\"height\":2758},{\"@type\":\"BreadcrumbList\",\"@id\":\"https:\\\/\\\/batijournal.com\\\/index.php\\\/betons-decarbones-chez-point-p\\\/102903\\\/#breadcrumb\",\"itemListElement\":[{\"@type\":\"ListItem\",\"position\":1,\"name\":\"Accueil\",\"item\":\"https:\\\/\\\/batijournal.com\\\/\"},{\"@type\":\"ListItem\",\"position\":2,\"name\":\"Actualit\u00e9s\",\"item\":\"https:\\\/\\\/batijournal.com\\\/index.php\\\/category\\\/actualites\\\/\"},{\"@type\":\"ListItem\",\"position\":3,\"name\":\"B\u00e9tons d\u00e9carbon\u00e9s chez POINT.P\"}]},{\"@type\":\"WebSite\",\"@id\":\"https:\\\/\\\/batijournal.com\\\/#website\",\"url\":\"https:\\\/\\\/batijournal.com\\\/\",\"name\":\"Batijournal\",\"description\":\"L&#039;actualit\u00e9 du b\u00e2timent\",\"potentialAction\":[{\"@type\":\"SearchAction\",\"target\":{\"@type\":\"EntryPoint\",\"urlTemplate\":\"https:\\\/\\\/batijournal.com\\\/?s={search_term_string}\"},\"query-input\":{\"@type\":\"PropertyValueSpecification\",\"valueRequired\":true,\"valueName\":\"search_term_string\"}}],\"inLanguage\":\"fr-FR\"},{\"@type\":\"Person\",\"@id\":\"https:\\\/\\\/batijournal.com\\\/#\\\/schema\\\/person\\\/1dc96ec6957aa1ccb25ebe78bb19f100\",\"name\":\"St\u00e9phane Miget\",\"image\":{\"@type\":\"ImageObject\",\"inLanguage\":\"fr-FR\",\"@id\":\"https:\\\/\\\/secure.gravatar.com\\\/avatar\\\/89915563d925342126b8ef0281b93d9d7fc337043e8df017f780908eb9644451?s=96&d=mm&r=g\",\"url\":\"https:\\\/\\\/secure.gravatar.com\\\/avatar\\\/89915563d925342126b8ef0281b93d9d7fc337043e8df017f780908eb9644451?s=96&d=mm&r=g\",\"contentUrl\":\"https:\\\/\\\/secure.gravatar.com\\\/avatar\\\/89915563d925342126b8ef0281b93d9d7fc337043e8df017f780908eb9644451?s=96&d=mm&r=g\",\"caption\":\"St\u00e9phane Miget\"},\"url\":\"https:\\\/\\\/batijournal.com\\\/index.php\\\/author\\\/stephane\\\/\"}]}<\/script>\n<!-- \/ Yoast SEO plugin. -->","yoast_head_json":{"title":"B\u00e9tons d\u00e9carbon\u00e9s chez POINT.P","description":"La nouvelle r\u00e9glementation RE 2020 va prendre en compte les \u00e9missions de carbone des b\u00e2timents sur l\u2019ensemble de leur cycle de vie. Dans un b\u00e2timent","robots":{"index":"index","follow":"follow","max-snippet":"max-snippet:-1","max-image-preview":"max-image-preview:large","max-video-preview":"max-video-preview:-1"},"canonical":"https:\/\/batijournal.com\/index.php\/betons-decarbones-chez-point-p\/102903\/","og_locale":"fr_FR","og_type":"article","og_title":"B\u00e9tons d\u00e9carbon\u00e9s chez POINT.P","og_description":"La nouvelle r\u00e9glementation RE 2020 va prendre en compte les \u00e9missions de carbone des b\u00e2timents sur l\u2019ensemble de leur cycle de vie. Dans un b\u00e2timent","og_url":"https:\/\/batijournal.com\/index.php\/betons-decarbones-chez-point-p\/102903\/","og_site_name":"Batijournal","article_published_time":"2019-09-12T06:20:24+00:00","og_image":[{"width":4252,"height":2758,"url":"https:\/\/batijournal.com\/wp-content\/uploads\/2019\/09\/Visuel-UtlibatGreen-point-p.jpg","type":"image\/jpeg"}],"author":"St\u00e9phane Miget","twitter_card":"summary_large_image","twitter_creator":"@bati_journal","twitter_site":"@bati_journal","twitter_misc":{"\u00c9crit par":"St\u00e9phane Miget","Dur\u00e9e de lecture estim\u00e9e":"1 minute"},"schema":{"@context":"https:\/\/schema.org","@graph":[{"@type":"Article","@id":"https:\/\/batijournal.com\/index.php\/betons-decarbones-chez-point-p\/102903\/#article","isPartOf":{"@id":"https:\/\/batijournal.com\/index.php\/betons-decarbones-chez-point-p\/102903\/"},"author":{"name":"St\u00e9phane Miget","@id":"https:\/\/batijournal.com\/#\/schema\/person\/1dc96ec6957aa1ccb25ebe78bb19f100"},"headline":"B\u00e9tons d\u00e9carbon\u00e9s chez POINT.P","datePublished":"2019-09-12T06:20:24+00:00","mainEntityOfPage":{"@id":"https:\/\/batijournal.com\/index.php\/betons-decarbones-chez-point-p\/102903\/"},"wordCount":175,"image":{"@id":"https:\/\/batijournal.com\/index.php\/betons-decarbones-chez-point-p\/102903\/#primaryimage"},"thumbnailUrl":"https:\/\/batijournal.com\/wp-content\/uploads\/2019\/09\/Visuel-UtlibatGreen-point-p.jpg","keywords":["empreinte carbone"],"articleSection":["Actualit\u00e9s","\u00c9nergie &amp; Environnement","zz_5fa\u00e7ades","zz_Actualit\u00e9s - 5fa\u00e7ades","zz_Actualit\u00e9s - Plan\u00e8te","zz_Plan\u00e8te B\u00e2timent"],"inLanguage":"fr-FR"},{"@type":"WebPage","@id":"https:\/\/batijournal.com\/index.php\/betons-decarbones-chez-point-p\/102903\/","url":"https:\/\/batijournal.com\/index.php\/betons-decarbones-chez-point-p\/102903\/","name":"B\u00e9tons d\u00e9carbon\u00e9s chez POINT.P","isPartOf":{"@id":"https:\/\/batijournal.com\/#website"},"primaryImageOfPage":{"@id":"https:\/\/batijournal.com\/index.php\/betons-decarbones-chez-point-p\/102903\/#primaryimage"},"image":{"@id":"https:\/\/batijournal.com\/index.php\/betons-decarbones-chez-point-p\/102903\/#primaryimage"},"thumbnailUrl":"https:\/\/batijournal.com\/wp-content\/uploads\/2019\/09\/Visuel-UtlibatGreen-point-p.jpg","datePublished":"2019-09-12T06:20:24+00:00","author":{"@id":"https:\/\/batijournal.com\/#\/schema\/person\/1dc96ec6957aa1ccb25ebe78bb19f100"},"description":"La nouvelle r\u00e9glementation RE 2020 va prendre en compte les \u00e9missions de carbone des b\u00e2timents sur l\u2019ensemble de leur cycle de vie. Dans un b\u00e2timent","breadcrumb":{"@id":"https:\/\/batijournal.com\/index.php\/betons-decarbones-chez-point-p\/102903\/#breadcrumb"},"inLanguage":"fr-FR","potentialAction":[{"@type":"ReadAction","target":["https:\/\/batijournal.com\/index.php\/betons-decarbones-chez-point-p\/102903\/"]}]},{"@type":"ImageObject","inLanguage":"fr-FR","@id":"https:\/\/batijournal.com\/index.php\/betons-decarbones-chez-point-p\/102903\/#primaryimage","url":"https:\/\/batijournal.com\/wp-content\/uploads\/2019\/09\/Visuel-UtlibatGreen-point-p.jpg","contentUrl":"https:\/\/batijournal.com\/wp-content\/uploads\/2019\/09\/Visuel-UtlibatGreen-point-p.jpg","width":4252,"height":2758},{"@type":"BreadcrumbList","@id":"https:\/\/batijournal.com\/index.php\/betons-decarbones-chez-point-p\/102903\/#breadcrumb","itemListElement":[{"@type":"ListItem","position":1,"name":"Accueil","item":"https:\/\/batijournal.com\/"},{"@type":"ListItem","position":2,"name":"Actualit\u00e9s","item":"https:\/\/batijournal.com\/index.php\/category\/actualites\/"},{"@type":"ListItem","position":3,"name":"B\u00e9tons d\u00e9carbon\u00e9s chez POINT.P"}]},{"@type":"WebSite","@id":"https:\/\/batijournal.com\/#website","url":"https:\/\/batijournal.com\/","name":"Batijournal","description":"L&#039;actualit\u00e9 du b\u00e2timent","potentialAction":[{"@type":"SearchAction","target":{"@type":"EntryPoint","urlTemplate":"https:\/\/batijournal.com\/?s={search_term_string}"},"query-input":{"@type":"PropertyValueSpecification","valueRequired":true,"valueName":"search_term_string"}}],"inLanguage":"fr-FR"},{"@type":"Person","@id":"https:\/\/batijournal.com\/#\/schema\/person\/1dc96ec6957aa1ccb25ebe78bb19f100","name":"St\u00e9phane Miget","image":{"@type":"ImageObject","inLanguage":"fr-FR","@id":"https:\/\/secure.gravatar.com\/avatar\/89915563d925342126b8ef0281b93d9d7fc337043e8df017f780908eb9644451?s=96&d=mm&r=g","url":"https:\/\/secure.gravatar.com\/avatar\/89915563d925342126b8ef0281b93d9d7fc337043e8df017f780908eb9644451?s=96&d=mm&r=g","contentUrl":"https:\/\/secure.gravatar.com\/avatar\/89915563d925342126b8ef0281b93d9d7fc337043e8df017f780908eb9644451?s=96&d=mm&r=g","caption":"St\u00e9phane Miget"},"url":"https:\/\/batijournal.com\/index.php\/author\/stephane\/"}]}},"_links":{"self":[{"href":"https:\/\/batijournal.com\/index.php\/wp-json\/wp\/v2\/posts\/102903","targetHints":{"allow":["GET"]}}],"collection":[{"href":"https:\/\/batijournal.com\/index.php\/wp-json\/wp\/v2\/posts"}],"about":[{"href":"https:\/\/batijournal.com\/index.php\/wp-json\/wp\/v2\/types\/post"}],"author":[{"embeddable":true,"href":"https:\/\/batijournal.com\/index.php\/wp-json\/wp\/v2\/users\/17"}],"replies":[{"embeddable":true,"href":"https:\/\/batijournal.com\/index.php\/wp-json\/wp\/v2\/comments?post=102903"}],"version-history":[{"count":0,"href":"https:\/\/batijournal.com\/index.php\/wp-json\/wp\/v2\/posts\/102903\/revisions"}],"wp:featuredmedia":[{"embeddable":true,"href":"https:\/\/batijournal.com\/index.php\/wp-json\/wp\/v2\/media\/102906"}],"wp:attachment":[{"href":"https:\/\/batijournal.com\/index.php\/wp-json\/wp\/v2\/media?parent=102903"}],"wp:term":[{"taxonomy":"category","embeddable":true,"href":"https:\/\/batijournal.com\/index.php\/wp-json\/wp\/v2\/categories?post=102903"},{"taxonomy":"post_tag","embeddable":true,"href":"https:\/\/batijournal.com\/index.php\/wp-json\/wp\/v2\/tags?post=102903"}],"curies":[{"name":"wp","href":"https:\/\/api.w.org\/{rel}","templated":true}]}}