{"id":102999,"date":"2019-09-20T08:08:24","date_gmt":"2019-09-20T06:08:24","guid":{"rendered":"https:\/\/batijournal.com\/?p=102999"},"modified":"2019-09-20T08:08:24","modified_gmt":"2019-09-20T06:08:24","slug":"le-1-4-dheure-environnement","status":"publish","type":"post","link":"https:\/\/batijournal.com\/index.php\/le-1-4-dheure-environnement\/102999\/","title":{"rendered":"Le 1\/4 d\u2019heure environnement"},"content":{"rendered":"<p>La FFB et l\u2019ADEME lancent le \u00ab 1\/4 d\u2019heure environnement \u00bb sur le principe d&rsquo;un rendez-vous r\u00e9gulier organis\u00e9 \u00e0 l\u2019initiative du chef d\u2019entreprise pour sensibiliser en 15 minutes les salari\u00e9s aux bonnes pratiques environnementales sur les chantiers. Pour animer ces sessions, des kits sont mis \u00e0 la disposition des artisans et entrepreneurs. Ils sont compos\u00e9s d\u2019une affiche, d\u2019une vid\u00e9o et d\u2019un support d\u2019animation avec un quiz.<\/p>\n<p>Cinq th\u00e9matiques, disponibles sur www.ffbatiment.fr\/lacaisseaoutils, sont trait\u00e9es :<br \/>\n&#8211; G\u00e9rer les d\u00e9chets de chantier et \u00eatre acteur de l\u2019\u00e9conomie circulaire ;<br \/>\n&#8211; Pr\u00e9venir les risques environnementaux (produits et d\u00e9chets dangereux) ;<br \/>\n&#8211; R\u00e9duire les nuisances (bruit, poussi\u00e8res\u2026) ;<br \/>\n&#8211; Pr\u00e9server les ressources (eau, \u00e9nergie, mati\u00e8res premi\u00e8res\u2026) ;<br \/>\n&#8211; Prot\u00e9ger la biodiversit\u00e9.<\/p>\n","protected":false},"excerpt":{"rendered":"<p>La FFB et l\u2019ADEME lancent le \u00ab 1\/4 d\u2019heure environnement \u00bb sur le principe d&rsquo;un rendez-vous r\u00e9gulier organis\u00e9 \u00e0 l\u2019initiative du chef d\u2019entreprise pour sensibiliser en 15 minutes les salari\u00e9s aux bonnes pratiques environnementales sur les chantiers. Pour animer ces sessions, des kits sont mis \u00e0 la disposition des artisans et entrepreneurs. Ils sont compos\u00e9s [&hellip;]<\/p>\n","protected":false},"author":17,"featured_media":103000,"comment_status":"closed","ping_status":"closed","sticky":false,"template":"","format":"standard","meta":{"_et_pb_use_builder":"","_et_pb_old_content":"","_et_gb_content_width":"","footnotes":""},"categories":[10530,6351,10781,10769,10778,10764],"tags":[1211],"class_list":["post-102999","post","type-post","status-publish","format-standard","has-post-thumbnail","hentry","category-actualites","category-energie-environnement","category-publications-planete","category-publications","category-planete","category-woodsurfer","tag-dechets"],"yoast_head":"<!-- This site is optimized with the Yoast SEO plugin v27.4 - https:\/\/yoast.com\/product\/yoast-seo-wordpress\/ -->\n<title>Le 1\/4 d\u2019heure environnement<\/title>\n<meta name=\"description\" content=\"La FFB et l\u2019ADEME lancent le 1\/4 d\u2019heure environnement rendez-vous organis\u00e9 \u00e0 l\u2019initiative du chef d\u2019entreprise pour sensibiliser en 15 minutes les salari\u00e9s\" \/>\n<meta name=\"robots\" content=\"index, follow, max-snippet:-1, max-image-preview:large, max-video-preview:-1\" \/>\n<link rel=\"canonical\" href=\"https:\/\/batijournal.com\/index.php\/le-1-4-dheure-environnement\/102999\/\" \/>\n<meta property=\"og:locale\" content=\"fr_FR\" \/>\n<meta property=\"og:type\" content=\"article\" \/>\n<meta property=\"og:title\" content=\"Le 1\/4 d\u2019heure environnement\" \/>\n<meta property=\"og:description\" content=\"La FFB et l\u2019ADEME lancent le 1\/4 d\u2019heure environnement rendez-vous organis\u00e9 \u00e0 l\u2019initiative du chef d\u2019entreprise pour sensibiliser en 15 minutes les salari\u00e9s\" \/>\n<meta property=\"og:url\" content=\"https:\/\/batijournal.com\/index.php\/le-1-4-dheure-environnement\/102999\/\" \/>\n<meta property=\"og:site_name\" content=\"Batijournal\" \/>\n<meta property=\"article:published_time\" content=\"2019-09-20T06:08:24+00:00\" \/>\n<meta property=\"og:image\" content=\"https:\/\/batijournal.com\/wp-content\/uploads\/2019\/09\/quart-d-heure-environnement.png\" \/>\n\t<meta property=\"og:image:width\" content=\"1220\" \/>\n\t<meta property=\"og:image:height\" content=\"775\" \/>\n\t<meta property=\"og:image:type\" content=\"image\/png\" \/>\n<meta name=\"author\" content=\"St\u00e9phane Miget\" \/>\n<meta name=\"twitter:card\" content=\"summary_large_image\" \/>\n<meta name=\"twitter:creator\" content=\"@bati_journal\" \/>\n<meta name=\"twitter:site\" content=\"@bati_journal\" \/>\n<meta name=\"twitter:label1\" content=\"\u00c9crit par\" \/>\n\t<meta name=\"twitter:data1\" content=\"St\u00e9phane Miget\" \/>\n\t<meta name=\"twitter:label2\" content=\"Dur\u00e9e de lecture estim\u00e9e\" \/>\n\t<meta name=\"twitter:data2\" content=\"1 minute\" \/>\n<script type=\"application\/ld+json\" class=\"yoast-schema-graph\">{\"@context\":\"https:\\\/\\\/schema.org\",\"@graph\":[{\"@type\":\"Article\",\"@id\":\"https:\\\/\\\/batijournal.com\\\/index.php\\\/le-1-4-dheure-environnement\\\/102999\\\/#article\",\"isPartOf\":{\"@id\":\"https:\\\/\\\/batijournal.com\\\/index.php\\\/le-1-4-dheure-environnement\\\/102999\\\/\"},\"author\":{\"name\":\"St\u00e9phane Miget\",\"@id\":\"https:\\\/\\\/batijournal.com\\\/#\\\/schema\\\/person\\\/1dc96ec6957aa1ccb25ebe78bb19f100\"},\"headline\":\"Le 1\\\/4 d\u2019heure environnement\",\"datePublished\":\"2019-09-20T06:08:24+00:00\",\"mainEntityOfPage\":{\"@id\":\"https:\\\/\\\/batijournal.com\\\/index.php\\\/le-1-4-dheure-environnement\\\/102999\\\/\"},\"wordCount\":139,\"image\":{\"@id\":\"https:\\\/\\\/batijournal.com\\\/index.php\\\/le-1-4-dheure-environnement\\\/102999\\\/#primaryimage\"},\"thumbnailUrl\":\"https:\\\/\\\/batijournal.com\\\/wp-content\\\/uploads\\\/2019\\\/09\\\/quart-d-heure-environnement.png\",\"keywords\":[\"d\u00e9chets\"],\"articleSection\":[\"Actualit\u00e9s\",\"\u00c9nergie &amp; Environnement\",\"zz_Actualit\u00e9s - Plan\u00e8te\",\"zz_Actualit\u00e9s - Woodsurfer\",\"zz_Plan\u00e8te B\u00e2timent\",\"zz_Woodsurfer\"],\"inLanguage\":\"fr-FR\"},{\"@type\":\"WebPage\",\"@id\":\"https:\\\/\\\/batijournal.com\\\/index.php\\\/le-1-4-dheure-environnement\\\/102999\\\/\",\"url\":\"https:\\\/\\\/batijournal.com\\\/index.php\\\/le-1-4-dheure-environnement\\\/102999\\\/\",\"name\":\"Le 1\\\/4 d\u2019heure environnement\",\"isPartOf\":{\"@id\":\"https:\\\/\\\/batijournal.com\\\/#website\"},\"primaryImageOfPage\":{\"@id\":\"https:\\\/\\\/batijournal.com\\\/index.php\\\/le-1-4-dheure-environnement\\\/102999\\\/#primaryimage\"},\"image\":{\"@id\":\"https:\\\/\\\/batijournal.com\\\/index.php\\\/le-1-4-dheure-environnement\\\/102999\\\/#primaryimage\"},\"thumbnailUrl\":\"https:\\\/\\\/batijournal.com\\\/wp-content\\\/uploads\\\/2019\\\/09\\\/quart-d-heure-environnement.png\",\"datePublished\":\"2019-09-20T06:08:24+00:00\",\"author\":{\"@id\":\"https:\\\/\\\/batijournal.com\\\/#\\\/schema\\\/person\\\/1dc96ec6957aa1ccb25ebe78bb19f100\"},\"description\":\"La FFB et l\u2019ADEME lancent le 1\\\/4 d\u2019heure environnement rendez-vous organis\u00e9 \u00e0 l\u2019initiative du chef d\u2019entreprise pour sensibiliser en 15 minutes les salari\u00e9s\",\"breadcrumb\":{\"@id\":\"https:\\\/\\\/batijournal.com\\\/index.php\\\/le-1-4-dheure-environnement\\\/102999\\\/#breadcrumb\"},\"inLanguage\":\"fr-FR\",\"potentialAction\":[{\"@type\":\"ReadAction\",\"target\":[\"https:\\\/\\\/batijournal.com\\\/index.php\\\/le-1-4-dheure-environnement\\\/102999\\\/\"]}]},{\"@type\":\"ImageObject\",\"inLanguage\":\"fr-FR\",\"@id\":\"https:\\\/\\\/batijournal.com\\\/index.php\\\/le-1-4-dheure-environnement\\\/102999\\\/#primaryimage\",\"url\":\"https:\\\/\\\/batijournal.com\\\/wp-content\\\/uploads\\\/2019\\\/09\\\/quart-d-heure-environnement.png\",\"contentUrl\":\"https:\\\/\\\/batijournal.com\\\/wp-content\\\/uploads\\\/2019\\\/09\\\/quart-d-heure-environnement.png\",\"width\":1220,\"height\":775},{\"@type\":\"BreadcrumbList\",\"@id\":\"https:\\\/\\\/batijournal.com\\\/index.php\\\/le-1-4-dheure-environnement\\\/102999\\\/#breadcrumb\",\"itemListElement\":[{\"@type\":\"ListItem\",\"position\":1,\"name\":\"Accueil\",\"item\":\"https:\\\/\\\/batijournal.com\\\/\"},{\"@type\":\"ListItem\",\"position\":2,\"name\":\"Actualit\u00e9s\",\"item\":\"https:\\\/\\\/batijournal.com\\\/index.php\\\/category\\\/actualites\\\/\"},{\"@type\":\"ListItem\",\"position\":3,\"name\":\"Le 1\\\/4 d\u2019heure environnement\"}]},{\"@type\":\"WebSite\",\"@id\":\"https:\\\/\\\/batijournal.com\\\/#website\",\"url\":\"https:\\\/\\\/batijournal.com\\\/\",\"name\":\"Batijournal\",\"description\":\"L&#039;actualit\u00e9 du b\u00e2timent\",\"potentialAction\":[{\"@type\":\"SearchAction\",\"target\":{\"@type\":\"EntryPoint\",\"urlTemplate\":\"https:\\\/\\\/batijournal.com\\\/?s={search_term_string}\"},\"query-input\":{\"@type\":\"PropertyValueSpecification\",\"valueRequired\":true,\"valueName\":\"search_term_string\"}}],\"inLanguage\":\"fr-FR\"},{\"@type\":\"Person\",\"@id\":\"https:\\\/\\\/batijournal.com\\\/#\\\/schema\\\/person\\\/1dc96ec6957aa1ccb25ebe78bb19f100\",\"name\":\"St\u00e9phane Miget\",\"image\":{\"@type\":\"ImageObject\",\"inLanguage\":\"fr-FR\",\"@id\":\"https:\\\/\\\/secure.gravatar.com\\\/avatar\\\/89915563d925342126b8ef0281b93d9d7fc337043e8df017f780908eb9644451?s=96&d=mm&r=g\",\"url\":\"https:\\\/\\\/secure.gravatar.com\\\/avatar\\\/89915563d925342126b8ef0281b93d9d7fc337043e8df017f780908eb9644451?s=96&d=mm&r=g\",\"contentUrl\":\"https:\\\/\\\/secure.gravatar.com\\\/avatar\\\/89915563d925342126b8ef0281b93d9d7fc337043e8df017f780908eb9644451?s=96&d=mm&r=g\",\"caption\":\"St\u00e9phane Miget\"},\"url\":\"https:\\\/\\\/batijournal.com\\\/index.php\\\/author\\\/stephane\\\/\"}]}<\/script>\n<!-- \/ Yoast SEO plugin. -->","yoast_head_json":{"title":"Le 1\/4 d\u2019heure environnement","description":"La FFB et l\u2019ADEME lancent le 1\/4 d\u2019heure environnement rendez-vous organis\u00e9 \u00e0 l\u2019initiative du chef d\u2019entreprise pour sensibiliser en 15 minutes les salari\u00e9s","robots":{"index":"index","follow":"follow","max-snippet":"max-snippet:-1","max-image-preview":"max-image-preview:large","max-video-preview":"max-video-preview:-1"},"canonical":"https:\/\/batijournal.com\/index.php\/le-1-4-dheure-environnement\/102999\/","og_locale":"fr_FR","og_type":"article","og_title":"Le 1\/4 d\u2019heure environnement","og_description":"La FFB et l\u2019ADEME lancent le 1\/4 d\u2019heure environnement rendez-vous organis\u00e9 \u00e0 l\u2019initiative du chef d\u2019entreprise pour sensibiliser en 15 minutes les salari\u00e9s","og_url":"https:\/\/batijournal.com\/index.php\/le-1-4-dheure-environnement\/102999\/","og_site_name":"Batijournal","article_published_time":"2019-09-20T06:08:24+00:00","og_image":[{"width":1220,"height":775,"url":"https:\/\/batijournal.com\/wp-content\/uploads\/2019\/09\/quart-d-heure-environnement.png","type":"image\/png"}],"author":"St\u00e9phane Miget","twitter_card":"summary_large_image","twitter_creator":"@bati_journal","twitter_site":"@bati_journal","twitter_misc":{"\u00c9crit par":"St\u00e9phane Miget","Dur\u00e9e de lecture estim\u00e9e":"1 minute"},"schema":{"@context":"https:\/\/schema.org","@graph":[{"@type":"Article","@id":"https:\/\/batijournal.com\/index.php\/le-1-4-dheure-environnement\/102999\/#article","isPartOf":{"@id":"https:\/\/batijournal.com\/index.php\/le-1-4-dheure-environnement\/102999\/"},"author":{"name":"St\u00e9phane Miget","@id":"https:\/\/batijournal.com\/#\/schema\/person\/1dc96ec6957aa1ccb25ebe78bb19f100"},"headline":"Le 1\/4 d\u2019heure environnement","datePublished":"2019-09-20T06:08:24+00:00","mainEntityOfPage":{"@id":"https:\/\/batijournal.com\/index.php\/le-1-4-dheure-environnement\/102999\/"},"wordCount":139,"image":{"@id":"https:\/\/batijournal.com\/index.php\/le-1-4-dheure-environnement\/102999\/#primaryimage"},"thumbnailUrl":"https:\/\/batijournal.com\/wp-content\/uploads\/2019\/09\/quart-d-heure-environnement.png","keywords":["d\u00e9chets"],"articleSection":["Actualit\u00e9s","\u00c9nergie &amp; Environnement","zz_Actualit\u00e9s - Plan\u00e8te","zz_Actualit\u00e9s - Woodsurfer","zz_Plan\u00e8te B\u00e2timent","zz_Woodsurfer"],"inLanguage":"fr-FR"},{"@type":"WebPage","@id":"https:\/\/batijournal.com\/index.php\/le-1-4-dheure-environnement\/102999\/","url":"https:\/\/batijournal.com\/index.php\/le-1-4-dheure-environnement\/102999\/","name":"Le 1\/4 d\u2019heure environnement","isPartOf":{"@id":"https:\/\/batijournal.com\/#website"},"primaryImageOfPage":{"@id":"https:\/\/batijournal.com\/index.php\/le-1-4-dheure-environnement\/102999\/#primaryimage"},"image":{"@id":"https:\/\/batijournal.com\/index.php\/le-1-4-dheure-environnement\/102999\/#primaryimage"},"thumbnailUrl":"https:\/\/batijournal.com\/wp-content\/uploads\/2019\/09\/quart-d-heure-environnement.png","datePublished":"2019-09-20T06:08:24+00:00","author":{"@id":"https:\/\/batijournal.com\/#\/schema\/person\/1dc96ec6957aa1ccb25ebe78bb19f100"},"description":"La FFB et l\u2019ADEME lancent le 1\/4 d\u2019heure environnement rendez-vous organis\u00e9 \u00e0 l\u2019initiative du chef d\u2019entreprise pour sensibiliser en 15 minutes les salari\u00e9s","breadcrumb":{"@id":"https:\/\/batijournal.com\/index.php\/le-1-4-dheure-environnement\/102999\/#breadcrumb"},"inLanguage":"fr-FR","potentialAction":[{"@type":"ReadAction","target":["https:\/\/batijournal.com\/index.php\/le-1-4-dheure-environnement\/102999\/"]}]},{"@type":"ImageObject","inLanguage":"fr-FR","@id":"https:\/\/batijournal.com\/index.php\/le-1-4-dheure-environnement\/102999\/#primaryimage","url":"https:\/\/batijournal.com\/wp-content\/uploads\/2019\/09\/quart-d-heure-environnement.png","contentUrl":"https:\/\/batijournal.com\/wp-content\/uploads\/2019\/09\/quart-d-heure-environnement.png","width":1220,"height":775},{"@type":"BreadcrumbList","@id":"https:\/\/batijournal.com\/index.php\/le-1-4-dheure-environnement\/102999\/#breadcrumb","itemListElement":[{"@type":"ListItem","position":1,"name":"Accueil","item":"https:\/\/batijournal.com\/"},{"@type":"ListItem","position":2,"name":"Actualit\u00e9s","item":"https:\/\/batijournal.com\/index.php\/category\/actualites\/"},{"@type":"ListItem","position":3,"name":"Le 1\/4 d\u2019heure environnement"}]},{"@type":"WebSite","@id":"https:\/\/batijournal.com\/#website","url":"https:\/\/batijournal.com\/","name":"Batijournal","description":"L&#039;actualit\u00e9 du b\u00e2timent","potentialAction":[{"@type":"SearchAction","target":{"@type":"EntryPoint","urlTemplate":"https:\/\/batijournal.com\/?s={search_term_string}"},"query-input":{"@type":"PropertyValueSpecification","valueRequired":true,"valueName":"search_term_string"}}],"inLanguage":"fr-FR"},{"@type":"Person","@id":"https:\/\/batijournal.com\/#\/schema\/person\/1dc96ec6957aa1ccb25ebe78bb19f100","name":"St\u00e9phane Miget","image":{"@type":"ImageObject","inLanguage":"fr-FR","@id":"https:\/\/secure.gravatar.com\/avatar\/89915563d925342126b8ef0281b93d9d7fc337043e8df017f780908eb9644451?s=96&d=mm&r=g","url":"https:\/\/secure.gravatar.com\/avatar\/89915563d925342126b8ef0281b93d9d7fc337043e8df017f780908eb9644451?s=96&d=mm&r=g","contentUrl":"https:\/\/secure.gravatar.com\/avatar\/89915563d925342126b8ef0281b93d9d7fc337043e8df017f780908eb9644451?s=96&d=mm&r=g","caption":"St\u00e9phane Miget"},"url":"https:\/\/batijournal.com\/index.php\/author\/stephane\/"}]}},"_links":{"self":[{"href":"https:\/\/batijournal.com\/index.php\/wp-json\/wp\/v2\/posts\/102999","targetHints":{"allow":["GET"]}}],"collection":[{"href":"https:\/\/batijournal.com\/index.php\/wp-json\/wp\/v2\/posts"}],"about":[{"href":"https:\/\/batijournal.com\/index.php\/wp-json\/wp\/v2\/types\/post"}],"author":[{"embeddable":true,"href":"https:\/\/batijournal.com\/index.php\/wp-json\/wp\/v2\/users\/17"}],"replies":[{"embeddable":true,"href":"https:\/\/batijournal.com\/index.php\/wp-json\/wp\/v2\/comments?post=102999"}],"version-history":[{"count":0,"href":"https:\/\/batijournal.com\/index.php\/wp-json\/wp\/v2\/posts\/102999\/revisions"}],"wp:featuredmedia":[{"embeddable":true,"href":"https:\/\/batijournal.com\/index.php\/wp-json\/wp\/v2\/media\/103000"}],"wp:attachment":[{"href":"https:\/\/batijournal.com\/index.php\/wp-json\/wp\/v2\/media?parent=102999"}],"wp:term":[{"taxonomy":"category","embeddable":true,"href":"https:\/\/batijournal.com\/index.php\/wp-json\/wp\/v2\/categories?post=102999"},{"taxonomy":"post_tag","embeddable":true,"href":"https:\/\/batijournal.com\/index.php\/wp-json\/wp\/v2\/tags?post=102999"}],"curies":[{"name":"wp","href":"https:\/\/api.w.org\/{rel}","templated":true}]}}