{"id":103015,"date":"2019-09-23T07:48:19","date_gmt":"2019-09-23T05:48:19","guid":{"rendered":"https:\/\/batijournal.com\/?p=103015"},"modified":"2019-09-23T07:48:19","modified_gmt":"2019-09-23T05:48:19","slug":"primo-accession-ne-pas-supprimer-le-ptz","status":"publish","type":"post","link":"https:\/\/batijournal.com\/index.php\/primo-accession-ne-pas-supprimer-le-ptz\/103015\/","title":{"rendered":"Primo accession : ne pas supprimer le PTZ"},"content":{"rendered":"<p>Le PTZ ne pourrait plus \u00eatre mobilis\u00e9 par les acc\u00e9dants de la France dite p\u00e9riph\u00e9rique (Zones B2 et C), soit 93% des communes \u00e0 partir du 1er janvier prochain. Yannick Borde, Pr\u00e9sident du r\u00e9seau PROCIVIS et Marie-No\u00eblle Lienemann, Pr\u00e9sidente de la F\u00e9d\u00e9ration des Coop\u2019HLM, interpellent le gouvernement : \u00ab Ne sacrifions pas l\u2019accession sociale \u00e0 la propri\u00e9t\u00e9 ! \u00bb. La suppression du PTZ mettrait les candidats \u00e0 la primo accession devant l\u2019alternative suivante : l\u2019abandon pur et simple de leur projet, l\u2019acquisition d\u2019un bien dans l\u2019ancien dont les performances \u00e9nerg\u00e9tiques seraient loin des exigences requises ou l\u2019\u00e9loignement des centres urbains pour se loger. Une politique en totale contradiction avec les objectifs affich\u00e9s des politiques publiques au premier desquels figurent la lutte contre le r\u00e9chauffement climatique et la lutte contre le ph\u00e9nom\u00e8ne d\u2019\u00e9talement urbain avec son co\u00fbt \u00e9conomique, social et environnemental induit. Pour Yannick Borde et Marie-No\u00eblle Lienemann, les \u00e9conomies ne doivent pas \u00eatre r\u00e9alis\u00e9es au d\u00e9triment des Fran\u00e7ais qui ont de plus en plus de difficult\u00e9 \u00e0 se loger dans de bonnes conditions&#8230; d\u2019autant que le gisement d\u2019\u00e9conomie est faible. La suppression de l\u2019APL accession a g\u00e9n\u00e9r\u00e9 18 millions d\u2019euros d\u2019\u00e9conomie d\u2019apr\u00e8s la CNAF en 2019 et financer un acc\u00e9dant revient moins cher \u00e0 l\u2019Etat que de financer un locataire du parc social. Quant \u00e0 la baisse probable de la production de logements neufs estim\u00e9e \u00e0 15 000 op\u00e9rations, nul doute qu\u2019elle diminuera d\u2019autant le produit de la TVA dans les caisses de l\u2019Etat, soit 215 millions d\u2019euros. \u00ab Pas de quoi sacrifier l\u2019accession sociale \u00e0 la propri\u00e9t\u00e9 ! \u00bb<\/p>\n","protected":false},"excerpt":{"rendered":"<p>Le PTZ ne pourrait plus \u00eatre mobilis\u00e9 par les acc\u00e9dants de la France dite p\u00e9riph\u00e9rique (Zones B2 et C), soit 93% des communes \u00e0 partir du 1er janvier prochain. Yannick Borde, Pr\u00e9sident du r\u00e9seau PROCIVIS et Marie-No\u00eblle Lienemann, Pr\u00e9sidente de la F\u00e9d\u00e9ration des Coop\u2019HLM, interpellent le gouvernement : \u00ab Ne sacrifions pas l\u2019accession sociale \u00e0 [&hellip;]<\/p>\n","protected":false},"author":17,"featured_media":90361,"comment_status":"closed","ping_status":"closed","sticky":false,"template":"","format":"standard","meta":{"_et_pb_use_builder":"","_et_pb_old_content":"","_et_gb_content_width":"","footnotes":""},"categories":[10736,10530,6345],"tags":[1189],"class_list":["post-103015","post","type-post","status-publish","format-standard","has-post-thumbnail","hentry","category-a-la-une","category-actualites","category-economie-marches","tag-ptz"],"yoast_head":"<!-- This site is optimized with the Yoast SEO plugin v27.4 - https:\/\/yoast.com\/product\/yoast-seo-wordpress\/ -->\n<title>Primo accession : ne pas supprimer le PTZ<\/title>\n<meta name=\"description\" content=\"Le PTZ ne pourrait plus \u00eatre mobilis\u00e9 par les acc\u00e9dants de la France dite p\u00e9riph\u00e9rique (Zones B2 et C), soit 93% des communes\" \/>\n<meta name=\"robots\" content=\"index, follow, max-snippet:-1, max-image-preview:large, max-video-preview:-1\" \/>\n<link rel=\"canonical\" href=\"https:\/\/batijournal.com\/index.php\/primo-accession-ne-pas-supprimer-le-ptz\/103015\/\" \/>\n<meta property=\"og:locale\" content=\"fr_FR\" \/>\n<meta property=\"og:type\" content=\"article\" \/>\n<meta property=\"og:title\" content=\"Primo accession : ne pas supprimer le PTZ\" \/>\n<meta property=\"og:description\" content=\"Le PTZ ne pourrait plus \u00eatre mobilis\u00e9 par les acc\u00e9dants de la France dite p\u00e9riph\u00e9rique (Zones B2 et C), soit 93% des communes\" \/>\n<meta property=\"og:url\" content=\"https:\/\/batijournal.com\/index.php\/primo-accession-ne-pas-supprimer-le-ptz\/103015\/\" \/>\n<meta property=\"og:site_name\" content=\"Batijournal\" \/>\n<meta property=\"article:published_time\" content=\"2019-09-23T05:48:19+00:00\" \/>\n<meta property=\"og:image\" content=\"https:\/\/batijournal.com\/wp-content\/uploads\/2015\/11\/ptz-pret-taux-zero.png\" \/>\n\t<meta property=\"og:image:width\" content=\"960\" \/>\n\t<meta property=\"og:image:height\" content=\"634\" \/>\n\t<meta property=\"og:image:type\" content=\"image\/png\" \/>\n<meta name=\"author\" content=\"St\u00e9phane Miget\" \/>\n<meta name=\"twitter:card\" content=\"summary_large_image\" \/>\n<meta name=\"twitter:creator\" content=\"@bati_journal\" \/>\n<meta name=\"twitter:site\" content=\"@bati_journal\" \/>\n<meta name=\"twitter:label1\" content=\"\u00c9crit par\" \/>\n\t<meta name=\"twitter:data1\" content=\"St\u00e9phane Miget\" \/>\n\t<meta name=\"twitter:label2\" content=\"Dur\u00e9e de lecture estim\u00e9e\" \/>\n\t<meta name=\"twitter:data2\" content=\"1 minute\" \/>\n<script type=\"application\/ld+json\" class=\"yoast-schema-graph\">{\"@context\":\"https:\\\/\\\/schema.org\",\"@graph\":[{\"@type\":\"Article\",\"@id\":\"https:\\\/\\\/batijournal.com\\\/index.php\\\/primo-accession-ne-pas-supprimer-le-ptz\\\/103015\\\/#article\",\"isPartOf\":{\"@id\":\"https:\\\/\\\/batijournal.com\\\/index.php\\\/primo-accession-ne-pas-supprimer-le-ptz\\\/103015\\\/\"},\"author\":{\"name\":\"St\u00e9phane Miget\",\"@id\":\"https:\\\/\\\/batijournal.com\\\/#\\\/schema\\\/person\\\/1dc96ec6957aa1ccb25ebe78bb19f100\"},\"headline\":\"Primo accession : ne pas supprimer le PTZ\",\"datePublished\":\"2019-09-23T05:48:19+00:00\",\"mainEntityOfPage\":{\"@id\":\"https:\\\/\\\/batijournal.com\\\/index.php\\\/primo-accession-ne-pas-supprimer-le-ptz\\\/103015\\\/\"},\"wordCount\":294,\"image\":{\"@id\":\"https:\\\/\\\/batijournal.com\\\/index.php\\\/primo-accession-ne-pas-supprimer-le-ptz\\\/103015\\\/#primaryimage\"},\"thumbnailUrl\":\"https:\\\/\\\/batijournal.com\\\/wp-content\\\/uploads\\\/2015\\\/11\\\/ptz-pret-taux-zero.png\",\"keywords\":[\"PTZ\"],\"articleSection\":[\"A la Une\",\"Actualit\u00e9s\",\"\u00c9conomie &amp; March\u00e9s\"],\"inLanguage\":\"fr-FR\"},{\"@type\":\"WebPage\",\"@id\":\"https:\\\/\\\/batijournal.com\\\/index.php\\\/primo-accession-ne-pas-supprimer-le-ptz\\\/103015\\\/\",\"url\":\"https:\\\/\\\/batijournal.com\\\/index.php\\\/primo-accession-ne-pas-supprimer-le-ptz\\\/103015\\\/\",\"name\":\"Primo accession : ne pas supprimer le PTZ\",\"isPartOf\":{\"@id\":\"https:\\\/\\\/batijournal.com\\\/#website\"},\"primaryImageOfPage\":{\"@id\":\"https:\\\/\\\/batijournal.com\\\/index.php\\\/primo-accession-ne-pas-supprimer-le-ptz\\\/103015\\\/#primaryimage\"},\"image\":{\"@id\":\"https:\\\/\\\/batijournal.com\\\/index.php\\\/primo-accession-ne-pas-supprimer-le-ptz\\\/103015\\\/#primaryimage\"},\"thumbnailUrl\":\"https:\\\/\\\/batijournal.com\\\/wp-content\\\/uploads\\\/2015\\\/11\\\/ptz-pret-taux-zero.png\",\"datePublished\":\"2019-09-23T05:48:19+00:00\",\"author\":{\"@id\":\"https:\\\/\\\/batijournal.com\\\/#\\\/schema\\\/person\\\/1dc96ec6957aa1ccb25ebe78bb19f100\"},\"description\":\"Le PTZ ne pourrait plus \u00eatre mobilis\u00e9 par les acc\u00e9dants de la France dite p\u00e9riph\u00e9rique (Zones B2 et C), soit 93% des communes\",\"breadcrumb\":{\"@id\":\"https:\\\/\\\/batijournal.com\\\/index.php\\\/primo-accession-ne-pas-supprimer-le-ptz\\\/103015\\\/#breadcrumb\"},\"inLanguage\":\"fr-FR\",\"potentialAction\":[{\"@type\":\"ReadAction\",\"target\":[\"https:\\\/\\\/batijournal.com\\\/index.php\\\/primo-accession-ne-pas-supprimer-le-ptz\\\/103015\\\/\"]}]},{\"@type\":\"ImageObject\",\"inLanguage\":\"fr-FR\",\"@id\":\"https:\\\/\\\/batijournal.com\\\/index.php\\\/primo-accession-ne-pas-supprimer-le-ptz\\\/103015\\\/#primaryimage\",\"url\":\"https:\\\/\\\/batijournal.com\\\/wp-content\\\/uploads\\\/2015\\\/11\\\/ptz-pret-taux-zero.png\",\"contentUrl\":\"https:\\\/\\\/batijournal.com\\\/wp-content\\\/uploads\\\/2015\\\/11\\\/ptz-pret-taux-zero.png\",\"width\":960,\"height\":634},{\"@type\":\"BreadcrumbList\",\"@id\":\"https:\\\/\\\/batijournal.com\\\/index.php\\\/primo-accession-ne-pas-supprimer-le-ptz\\\/103015\\\/#breadcrumb\",\"itemListElement\":[{\"@type\":\"ListItem\",\"position\":1,\"name\":\"Accueil\",\"item\":\"https:\\\/\\\/batijournal.com\\\/\"},{\"@type\":\"ListItem\",\"position\":2,\"name\":\"A la Une\",\"item\":\"https:\\\/\\\/batijournal.com\\\/index.php\\\/category\\\/a-la-une\\\/\"},{\"@type\":\"ListItem\",\"position\":3,\"name\":\"Primo accession : ne pas supprimer le PTZ\"}]},{\"@type\":\"WebSite\",\"@id\":\"https:\\\/\\\/batijournal.com\\\/#website\",\"url\":\"https:\\\/\\\/batijournal.com\\\/\",\"name\":\"Batijournal\",\"description\":\"L&#039;actualit\u00e9 du b\u00e2timent\",\"potentialAction\":[{\"@type\":\"SearchAction\",\"target\":{\"@type\":\"EntryPoint\",\"urlTemplate\":\"https:\\\/\\\/batijournal.com\\\/?s={search_term_string}\"},\"query-input\":{\"@type\":\"PropertyValueSpecification\",\"valueRequired\":true,\"valueName\":\"search_term_string\"}}],\"inLanguage\":\"fr-FR\"},{\"@type\":\"Person\",\"@id\":\"https:\\\/\\\/batijournal.com\\\/#\\\/schema\\\/person\\\/1dc96ec6957aa1ccb25ebe78bb19f100\",\"name\":\"St\u00e9phane Miget\",\"image\":{\"@type\":\"ImageObject\",\"inLanguage\":\"fr-FR\",\"@id\":\"https:\\\/\\\/secure.gravatar.com\\\/avatar\\\/89915563d925342126b8ef0281b93d9d7fc337043e8df017f780908eb9644451?s=96&d=mm&r=g\",\"url\":\"https:\\\/\\\/secure.gravatar.com\\\/avatar\\\/89915563d925342126b8ef0281b93d9d7fc337043e8df017f780908eb9644451?s=96&d=mm&r=g\",\"contentUrl\":\"https:\\\/\\\/secure.gravatar.com\\\/avatar\\\/89915563d925342126b8ef0281b93d9d7fc337043e8df017f780908eb9644451?s=96&d=mm&r=g\",\"caption\":\"St\u00e9phane Miget\"},\"url\":\"https:\\\/\\\/batijournal.com\\\/index.php\\\/author\\\/stephane\\\/\"}]}<\/script>\n<!-- \/ Yoast SEO plugin. -->","yoast_head_json":{"title":"Primo accession : ne pas supprimer le PTZ","description":"Le PTZ ne pourrait plus \u00eatre mobilis\u00e9 par les acc\u00e9dants de la France dite p\u00e9riph\u00e9rique (Zones B2 et C), soit 93% des communes","robots":{"index":"index","follow":"follow","max-snippet":"max-snippet:-1","max-image-preview":"max-image-preview:large","max-video-preview":"max-video-preview:-1"},"canonical":"https:\/\/batijournal.com\/index.php\/primo-accession-ne-pas-supprimer-le-ptz\/103015\/","og_locale":"fr_FR","og_type":"article","og_title":"Primo accession : ne pas supprimer le PTZ","og_description":"Le PTZ ne pourrait plus \u00eatre mobilis\u00e9 par les acc\u00e9dants de la France dite p\u00e9riph\u00e9rique (Zones B2 et C), soit 93% des communes","og_url":"https:\/\/batijournal.com\/index.php\/primo-accession-ne-pas-supprimer-le-ptz\/103015\/","og_site_name":"Batijournal","article_published_time":"2019-09-23T05:48:19+00:00","og_image":[{"width":960,"height":634,"url":"https:\/\/batijournal.com\/wp-content\/uploads\/2015\/11\/ptz-pret-taux-zero.png","type":"image\/png"}],"author":"St\u00e9phane Miget","twitter_card":"summary_large_image","twitter_creator":"@bati_journal","twitter_site":"@bati_journal","twitter_misc":{"\u00c9crit par":"St\u00e9phane Miget","Dur\u00e9e de lecture estim\u00e9e":"1 minute"},"schema":{"@context":"https:\/\/schema.org","@graph":[{"@type":"Article","@id":"https:\/\/batijournal.com\/index.php\/primo-accession-ne-pas-supprimer-le-ptz\/103015\/#article","isPartOf":{"@id":"https:\/\/batijournal.com\/index.php\/primo-accession-ne-pas-supprimer-le-ptz\/103015\/"},"author":{"name":"St\u00e9phane Miget","@id":"https:\/\/batijournal.com\/#\/schema\/person\/1dc96ec6957aa1ccb25ebe78bb19f100"},"headline":"Primo accession : ne pas supprimer le PTZ","datePublished":"2019-09-23T05:48:19+00:00","mainEntityOfPage":{"@id":"https:\/\/batijournal.com\/index.php\/primo-accession-ne-pas-supprimer-le-ptz\/103015\/"},"wordCount":294,"image":{"@id":"https:\/\/batijournal.com\/index.php\/primo-accession-ne-pas-supprimer-le-ptz\/103015\/#primaryimage"},"thumbnailUrl":"https:\/\/batijournal.com\/wp-content\/uploads\/2015\/11\/ptz-pret-taux-zero.png","keywords":["PTZ"],"articleSection":["A la Une","Actualit\u00e9s","\u00c9conomie &amp; March\u00e9s"],"inLanguage":"fr-FR"},{"@type":"WebPage","@id":"https:\/\/batijournal.com\/index.php\/primo-accession-ne-pas-supprimer-le-ptz\/103015\/","url":"https:\/\/batijournal.com\/index.php\/primo-accession-ne-pas-supprimer-le-ptz\/103015\/","name":"Primo accession : ne pas supprimer le PTZ","isPartOf":{"@id":"https:\/\/batijournal.com\/#website"},"primaryImageOfPage":{"@id":"https:\/\/batijournal.com\/index.php\/primo-accession-ne-pas-supprimer-le-ptz\/103015\/#primaryimage"},"image":{"@id":"https:\/\/batijournal.com\/index.php\/primo-accession-ne-pas-supprimer-le-ptz\/103015\/#primaryimage"},"thumbnailUrl":"https:\/\/batijournal.com\/wp-content\/uploads\/2015\/11\/ptz-pret-taux-zero.png","datePublished":"2019-09-23T05:48:19+00:00","author":{"@id":"https:\/\/batijournal.com\/#\/schema\/person\/1dc96ec6957aa1ccb25ebe78bb19f100"},"description":"Le PTZ ne pourrait plus \u00eatre mobilis\u00e9 par les acc\u00e9dants de la France dite p\u00e9riph\u00e9rique (Zones B2 et C), soit 93% des communes","breadcrumb":{"@id":"https:\/\/batijournal.com\/index.php\/primo-accession-ne-pas-supprimer-le-ptz\/103015\/#breadcrumb"},"inLanguage":"fr-FR","potentialAction":[{"@type":"ReadAction","target":["https:\/\/batijournal.com\/index.php\/primo-accession-ne-pas-supprimer-le-ptz\/103015\/"]}]},{"@type":"ImageObject","inLanguage":"fr-FR","@id":"https:\/\/batijournal.com\/index.php\/primo-accession-ne-pas-supprimer-le-ptz\/103015\/#primaryimage","url":"https:\/\/batijournal.com\/wp-content\/uploads\/2015\/11\/ptz-pret-taux-zero.png","contentUrl":"https:\/\/batijournal.com\/wp-content\/uploads\/2015\/11\/ptz-pret-taux-zero.png","width":960,"height":634},{"@type":"BreadcrumbList","@id":"https:\/\/batijournal.com\/index.php\/primo-accession-ne-pas-supprimer-le-ptz\/103015\/#breadcrumb","itemListElement":[{"@type":"ListItem","position":1,"name":"Accueil","item":"https:\/\/batijournal.com\/"},{"@type":"ListItem","position":2,"name":"A la Une","item":"https:\/\/batijournal.com\/index.php\/category\/a-la-une\/"},{"@type":"ListItem","position":3,"name":"Primo accession : ne pas supprimer le PTZ"}]},{"@type":"WebSite","@id":"https:\/\/batijournal.com\/#website","url":"https:\/\/batijournal.com\/","name":"Batijournal","description":"L&#039;actualit\u00e9 du b\u00e2timent","potentialAction":[{"@type":"SearchAction","target":{"@type":"EntryPoint","urlTemplate":"https:\/\/batijournal.com\/?s={search_term_string}"},"query-input":{"@type":"PropertyValueSpecification","valueRequired":true,"valueName":"search_term_string"}}],"inLanguage":"fr-FR"},{"@type":"Person","@id":"https:\/\/batijournal.com\/#\/schema\/person\/1dc96ec6957aa1ccb25ebe78bb19f100","name":"St\u00e9phane Miget","image":{"@type":"ImageObject","inLanguage":"fr-FR","@id":"https:\/\/secure.gravatar.com\/avatar\/89915563d925342126b8ef0281b93d9d7fc337043e8df017f780908eb9644451?s=96&d=mm&r=g","url":"https:\/\/secure.gravatar.com\/avatar\/89915563d925342126b8ef0281b93d9d7fc337043e8df017f780908eb9644451?s=96&d=mm&r=g","contentUrl":"https:\/\/secure.gravatar.com\/avatar\/89915563d925342126b8ef0281b93d9d7fc337043e8df017f780908eb9644451?s=96&d=mm&r=g","caption":"St\u00e9phane Miget"},"url":"https:\/\/batijournal.com\/index.php\/author\/stephane\/"}]}},"_links":{"self":[{"href":"https:\/\/batijournal.com\/index.php\/wp-json\/wp\/v2\/posts\/103015","targetHints":{"allow":["GET"]}}],"collection":[{"href":"https:\/\/batijournal.com\/index.php\/wp-json\/wp\/v2\/posts"}],"about":[{"href":"https:\/\/batijournal.com\/index.php\/wp-json\/wp\/v2\/types\/post"}],"author":[{"embeddable":true,"href":"https:\/\/batijournal.com\/index.php\/wp-json\/wp\/v2\/users\/17"}],"replies":[{"embeddable":true,"href":"https:\/\/batijournal.com\/index.php\/wp-json\/wp\/v2\/comments?post=103015"}],"version-history":[{"count":0,"href":"https:\/\/batijournal.com\/index.php\/wp-json\/wp\/v2\/posts\/103015\/revisions"}],"wp:featuredmedia":[{"embeddable":true,"href":"https:\/\/batijournal.com\/index.php\/wp-json\/wp\/v2\/media\/90361"}],"wp:attachment":[{"href":"https:\/\/batijournal.com\/index.php\/wp-json\/wp\/v2\/media?parent=103015"}],"wp:term":[{"taxonomy":"category","embeddable":true,"href":"https:\/\/batijournal.com\/index.php\/wp-json\/wp\/v2\/categories?post=103015"},{"taxonomy":"post_tag","embeddable":true,"href":"https:\/\/batijournal.com\/index.php\/wp-json\/wp\/v2\/tags?post=103015"}],"curies":[{"name":"wp","href":"https:\/\/api.w.org\/{rel}","templated":true}]}}