{"id":103039,"date":"2019-09-25T11:24:42","date_gmt":"2019-09-25T09:24:42","guid":{"rendered":"https:\/\/batijournal.com\/?p=103039"},"modified":"2019-09-30T15:27:57","modified_gmt":"2019-09-30T13:27:57","slug":"bois-colombes-un-siecle-dhistoire-ferroviaire-et-durbanisation-a-decouvrir","status":"publish","type":"post","link":"https:\/\/batijournal.com\/index.php\/bois-colombes-un-siecle-dhistoire-ferroviaire-et-durbanisation-a-decouvrir\/103039\/","title":{"rendered":"Bois-Colombes : un si\u00e8cle d&rsquo;histoire ferroviaire et d&rsquo;urbanisation \u00e0 d\u00e9couvrir"},"content":{"rendered":"<p>Dans la continuit\u00e9 des Journ\u00e9es du patrimoine, participez \u00e0 la conf\u00e9rence-projection con\u00e7ue et r\u00e9alis\u00e9e par Pierre Tullin. Samedi 28 septembre, \u00e0 l&rsquo;h\u00f4tel de ville de Bois-Colombes, d\u00e9couvrez un si\u00e8cle d&rsquo;histoire ferroviaire et d&rsquo;urbanisation.<\/p>\n<p>L&rsquo;occasion de d\u00e9couvrir cents ann\u00e9es (1837-1937) de changements. <em>\u00ab\u00a0Qui peut alors imaginer que ce coin de banlieue totalement rural o\u00f9 il n\u2019y a pas encore la moindre construction, va se transformer si profond\u00e9ment gr\u00e2ce ou \u00e0 cause du chemin de fer dont les lignes et raccordements, les innombrables passages \u00e0 niveau (jusqu\u2019\u00e0 10) et les quatre passerelles pour pi\u00e9tons vont modeler le territoire et influencer le d\u00e9veloppement de la voirie de la future commune de Bois-Colombes ?\u00a0\u00bb<\/em><\/p>\n<p>Pour vous inscrire, <a href=\"https:\/\/www.ahicf.com\/events\/bois-colombes-un-siecle-dhistoire-ferroviaire-et-durbanisation\" target=\"_blank\" rel=\"noopener noreferrer\">cliquez-ici\u00a0<\/a><\/p>\n<p><em>\u00a9Rails&amp;Histoire &#8211; Gare \u00e9lectrique Bois-Colombes\u00a0<\/em><\/p>\n","protected":false},"excerpt":{"rendered":"<p>Dans la continuit\u00e9 des Journ\u00e9es du patrimoine, participez \u00e0 la conf\u00e9rence-projection con\u00e7ue et r\u00e9alis\u00e9e par Pierre Tullin. Samedi 28 septembre, \u00e0 l&rsquo;h\u00f4tel de ville de Bois-Colombes, d\u00e9couvrez un si\u00e8cle d&rsquo;histoire ferroviaire et d&rsquo;urbanisation. L&rsquo;occasion de d\u00e9couvrir cents ann\u00e9es (1837-1937) de changements. \u00ab\u00a0Qui peut alors imaginer que ce coin de banlieue totalement rural o\u00f9 il n\u2019y [&hellip;]<\/p>\n","protected":false},"author":1,"featured_media":103040,"comment_status":"closed","ping_status":"closed","sticky":false,"template":"","format":"standard","meta":{"_et_pb_use_builder":"","_et_pb_old_content":"","_et_gb_content_width":"","footnotes":""},"categories":[10530,6362,10789,10785],"tags":[12855],"class_list":["post-103039","post","type-post","status-publish","format-standard","has-post-thumbnail","hentry","category-actualites","category-services-equipements","category-publications-atrium","category-atrium","tag-bois-colombes"],"yoast_head":"<!-- This site is optimized with the Yoast SEO plugin v27.4 - https:\/\/yoast.com\/product\/yoast-seo-wordpress\/ -->\n<title>Bois-Colombes : un si\u00e8cle d&#039;histoire ferroviaire et d&#039;urbanisation \u00e0 d\u00e9couvrir<\/title>\n<meta name=\"description\" content=\"Dans la continuit\u00e9 des Journ\u00e9es du patrimoine, participez le 28 septembre, \u00e0 l&#039;h\u00f4tel de ville de Bois-Colombes \u00e0 la conf\u00e9rence-projection de Pierre Tullin\" \/>\n<meta name=\"robots\" content=\"index, follow, max-snippet:-1, max-image-preview:large, max-video-preview:-1\" \/>\n<link rel=\"canonical\" href=\"https:\/\/batijournal.com\/index.php\/bois-colombes-un-siecle-dhistoire-ferroviaire-et-durbanisation-a-decouvrir\/103039\/\" \/>\n<meta property=\"og:locale\" content=\"fr_FR\" \/>\n<meta property=\"og:type\" content=\"article\" \/>\n<meta property=\"og:title\" content=\"Bois-Colombes : un si\u00e8cle d&#039;histoire ferroviaire et d&#039;urbanisation \u00e0 d\u00e9couvrir\" \/>\n<meta property=\"og:description\" content=\"Dans la continuit\u00e9 des Journ\u00e9es du patrimoine, participez le 28 septembre, \u00e0 l&#039;h\u00f4tel de ville de Bois-Colombes \u00e0 la conf\u00e9rence-projection de Pierre Tullin\" \/>\n<meta property=\"og:url\" content=\"https:\/\/batijournal.com\/index.php\/bois-colombes-un-siecle-dhistoire-ferroviaire-et-durbanisation-a-decouvrir\/103039\/\" \/>\n<meta property=\"og:site_name\" content=\"Batijournal\" \/>\n<meta property=\"article:published_time\" content=\"2019-09-25T09:24:42+00:00\" \/>\n<meta property=\"article:modified_time\" content=\"2019-09-30T13:27:57+00:00\" \/>\n<meta property=\"og:image\" content=\"https:\/\/batijournal.com\/wp-content\/uploads\/2019\/09\/bois-colombes-gare-electrique-archive.png\" \/>\n\t<meta property=\"og:image:width\" content=\"568\" \/>\n\t<meta property=\"og:image:height\" content=\"344\" \/>\n\t<meta property=\"og:image:type\" content=\"image\/png\" \/>\n<meta name=\"author\" content=\"Bati-journal\" \/>\n<meta name=\"twitter:card\" content=\"summary_large_image\" \/>\n<meta name=\"twitter:creator\" content=\"@bati_journal\" \/>\n<meta name=\"twitter:site\" content=\"@bati_journal\" \/>\n<meta name=\"twitter:label1\" content=\"\u00c9crit par\" \/>\n\t<meta name=\"twitter:data1\" content=\"Bati-journal\" \/>\n\t<meta name=\"twitter:label2\" content=\"Dur\u00e9e de lecture estim\u00e9e\" \/>\n\t<meta name=\"twitter:data2\" content=\"1 minute\" \/>\n<script type=\"application\/ld+json\" class=\"yoast-schema-graph\">{\"@context\":\"https:\\\/\\\/schema.org\",\"@graph\":[{\"@type\":\"Article\",\"@id\":\"https:\\\/\\\/batijournal.com\\\/index.php\\\/bois-colombes-un-siecle-dhistoire-ferroviaire-et-durbanisation-a-decouvrir\\\/103039\\\/#article\",\"isPartOf\":{\"@id\":\"https:\\\/\\\/batijournal.com\\\/index.php\\\/bois-colombes-un-siecle-dhistoire-ferroviaire-et-durbanisation-a-decouvrir\\\/103039\\\/\"},\"author\":{\"name\":\"Bati-journal\",\"@id\":\"https:\\\/\\\/batijournal.com\\\/#\\\/schema\\\/person\\\/6a657e8967569e1b299972574848aa76\"},\"headline\":\"Bois-Colombes : un si\u00e8cle d&rsquo;histoire ferroviaire et d&rsquo;urbanisation \u00e0 d\u00e9couvrir\",\"datePublished\":\"2019-09-25T09:24:42+00:00\",\"dateModified\":\"2019-09-30T13:27:57+00:00\",\"mainEntityOfPage\":{\"@id\":\"https:\\\/\\\/batijournal.com\\\/index.php\\\/bois-colombes-un-siecle-dhistoire-ferroviaire-et-durbanisation-a-decouvrir\\\/103039\\\/\"},\"wordCount\":145,\"image\":{\"@id\":\"https:\\\/\\\/batijournal.com\\\/index.php\\\/bois-colombes-un-siecle-dhistoire-ferroviaire-et-durbanisation-a-decouvrir\\\/103039\\\/#primaryimage\"},\"thumbnailUrl\":\"https:\\\/\\\/batijournal.com\\\/wp-content\\\/uploads\\\/2019\\\/09\\\/bois-colombes-gare-electrique-archive.png\",\"keywords\":[\"Bois-Colombes\"],\"articleSection\":[\"Actualit\u00e9s\",\"Divers\",\"zz_Actualit\u00e9s - Atrium\",\"zz_Atrium Patrimoine\"],\"inLanguage\":\"fr-FR\"},{\"@type\":\"WebPage\",\"@id\":\"https:\\\/\\\/batijournal.com\\\/index.php\\\/bois-colombes-un-siecle-dhistoire-ferroviaire-et-durbanisation-a-decouvrir\\\/103039\\\/\",\"url\":\"https:\\\/\\\/batijournal.com\\\/index.php\\\/bois-colombes-un-siecle-dhistoire-ferroviaire-et-durbanisation-a-decouvrir\\\/103039\\\/\",\"name\":\"Bois-Colombes : un si\u00e8cle d'histoire ferroviaire et d'urbanisation \u00e0 d\u00e9couvrir\",\"isPartOf\":{\"@id\":\"https:\\\/\\\/batijournal.com\\\/#website\"},\"primaryImageOfPage\":{\"@id\":\"https:\\\/\\\/batijournal.com\\\/index.php\\\/bois-colombes-un-siecle-dhistoire-ferroviaire-et-durbanisation-a-decouvrir\\\/103039\\\/#primaryimage\"},\"image\":{\"@id\":\"https:\\\/\\\/batijournal.com\\\/index.php\\\/bois-colombes-un-siecle-dhistoire-ferroviaire-et-durbanisation-a-decouvrir\\\/103039\\\/#primaryimage\"},\"thumbnailUrl\":\"https:\\\/\\\/batijournal.com\\\/wp-content\\\/uploads\\\/2019\\\/09\\\/bois-colombes-gare-electrique-archive.png\",\"datePublished\":\"2019-09-25T09:24:42+00:00\",\"dateModified\":\"2019-09-30T13:27:57+00:00\",\"author\":{\"@id\":\"https:\\\/\\\/batijournal.com\\\/#\\\/schema\\\/person\\\/6a657e8967569e1b299972574848aa76\"},\"description\":\"Dans la continuit\u00e9 des Journ\u00e9es du patrimoine, participez le 28 septembre, \u00e0 l'h\u00f4tel de ville de Bois-Colombes \u00e0 la conf\u00e9rence-projection de Pierre Tullin\",\"breadcrumb\":{\"@id\":\"https:\\\/\\\/batijournal.com\\\/index.php\\\/bois-colombes-un-siecle-dhistoire-ferroviaire-et-durbanisation-a-decouvrir\\\/103039\\\/#breadcrumb\"},\"inLanguage\":\"fr-FR\",\"potentialAction\":[{\"@type\":\"ReadAction\",\"target\":[\"https:\\\/\\\/batijournal.com\\\/index.php\\\/bois-colombes-un-siecle-dhistoire-ferroviaire-et-durbanisation-a-decouvrir\\\/103039\\\/\"]}]},{\"@type\":\"ImageObject\",\"inLanguage\":\"fr-FR\",\"@id\":\"https:\\\/\\\/batijournal.com\\\/index.php\\\/bois-colombes-un-siecle-dhistoire-ferroviaire-et-durbanisation-a-decouvrir\\\/103039\\\/#primaryimage\",\"url\":\"https:\\\/\\\/batijournal.com\\\/wp-content\\\/uploads\\\/2019\\\/09\\\/bois-colombes-gare-electrique-archive.png\",\"contentUrl\":\"https:\\\/\\\/batijournal.com\\\/wp-content\\\/uploads\\\/2019\\\/09\\\/bois-colombes-gare-electrique-archive.png\",\"width\":568,\"height\":344},{\"@type\":\"BreadcrumbList\",\"@id\":\"https:\\\/\\\/batijournal.com\\\/index.php\\\/bois-colombes-un-siecle-dhistoire-ferroviaire-et-durbanisation-a-decouvrir\\\/103039\\\/#breadcrumb\",\"itemListElement\":[{\"@type\":\"ListItem\",\"position\":1,\"name\":\"Accueil\",\"item\":\"https:\\\/\\\/batijournal.com\\\/\"},{\"@type\":\"ListItem\",\"position\":2,\"name\":\"Actualit\u00e9s\",\"item\":\"https:\\\/\\\/batijournal.com\\\/index.php\\\/category\\\/actualites\\\/\"},{\"@type\":\"ListItem\",\"position\":3,\"name\":\"Bois-Colombes : un si\u00e8cle d&rsquo;histoire ferroviaire et d&rsquo;urbanisation \u00e0 d\u00e9couvrir\"}]},{\"@type\":\"WebSite\",\"@id\":\"https:\\\/\\\/batijournal.com\\\/#website\",\"url\":\"https:\\\/\\\/batijournal.com\\\/\",\"name\":\"Batijournal\",\"description\":\"L&#039;actualit\u00e9 du b\u00e2timent\",\"potentialAction\":[{\"@type\":\"SearchAction\",\"target\":{\"@type\":\"EntryPoint\",\"urlTemplate\":\"https:\\\/\\\/batijournal.com\\\/?s={search_term_string}\"},\"query-input\":{\"@type\":\"PropertyValueSpecification\",\"valueRequired\":true,\"valueName\":\"search_term_string\"}}],\"inLanguage\":\"fr-FR\"},{\"@type\":\"Person\",\"@id\":\"https:\\\/\\\/batijournal.com\\\/#\\\/schema\\\/person\\\/6a657e8967569e1b299972574848aa76\",\"name\":\"Bati-journal\",\"image\":{\"@type\":\"ImageObject\",\"inLanguage\":\"fr-FR\",\"@id\":\"https:\\\/\\\/secure.gravatar.com\\\/avatar\\\/a64364ea26392f9b4dd47e017ddaec74ff03aefc073b49e492e847201258f777?s=96&d=mm&r=g\",\"url\":\"https:\\\/\\\/secure.gravatar.com\\\/avatar\\\/a64364ea26392f9b4dd47e017ddaec74ff03aefc073b49e492e847201258f777?s=96&d=mm&r=g\",\"contentUrl\":\"https:\\\/\\\/secure.gravatar.com\\\/avatar\\\/a64364ea26392f9b4dd47e017ddaec74ff03aefc073b49e492e847201258f777?s=96&d=mm&r=g\",\"caption\":\"Bati-journal\"},\"url\":\"https:\\\/\\\/batijournal.com\\\/index.php\\\/author\\\/elodie\\\/\"}]}<\/script>\n<!-- \/ Yoast SEO plugin. -->","yoast_head_json":{"title":"Bois-Colombes : un si\u00e8cle d'histoire ferroviaire et d'urbanisation \u00e0 d\u00e9couvrir","description":"Dans la continuit\u00e9 des Journ\u00e9es du patrimoine, participez le 28 septembre, \u00e0 l'h\u00f4tel de ville de Bois-Colombes \u00e0 la conf\u00e9rence-projection de Pierre Tullin","robots":{"index":"index","follow":"follow","max-snippet":"max-snippet:-1","max-image-preview":"max-image-preview:large","max-video-preview":"max-video-preview:-1"},"canonical":"https:\/\/batijournal.com\/index.php\/bois-colombes-un-siecle-dhistoire-ferroviaire-et-durbanisation-a-decouvrir\/103039\/","og_locale":"fr_FR","og_type":"article","og_title":"Bois-Colombes : un si\u00e8cle d'histoire ferroviaire et d'urbanisation \u00e0 d\u00e9couvrir","og_description":"Dans la continuit\u00e9 des Journ\u00e9es du patrimoine, participez le 28 septembre, \u00e0 l'h\u00f4tel de ville de Bois-Colombes \u00e0 la conf\u00e9rence-projection de Pierre Tullin","og_url":"https:\/\/batijournal.com\/index.php\/bois-colombes-un-siecle-dhistoire-ferroviaire-et-durbanisation-a-decouvrir\/103039\/","og_site_name":"Batijournal","article_published_time":"2019-09-25T09:24:42+00:00","article_modified_time":"2019-09-30T13:27:57+00:00","og_image":[{"width":568,"height":344,"url":"https:\/\/batijournal.com\/wp-content\/uploads\/2019\/09\/bois-colombes-gare-electrique-archive.png","type":"image\/png"}],"author":"Bati-journal","twitter_card":"summary_large_image","twitter_creator":"@bati_journal","twitter_site":"@bati_journal","twitter_misc":{"\u00c9crit par":"Bati-journal","Dur\u00e9e de lecture estim\u00e9e":"1 minute"},"schema":{"@context":"https:\/\/schema.org","@graph":[{"@type":"Article","@id":"https:\/\/batijournal.com\/index.php\/bois-colombes-un-siecle-dhistoire-ferroviaire-et-durbanisation-a-decouvrir\/103039\/#article","isPartOf":{"@id":"https:\/\/batijournal.com\/index.php\/bois-colombes-un-siecle-dhistoire-ferroviaire-et-durbanisation-a-decouvrir\/103039\/"},"author":{"name":"Bati-journal","@id":"https:\/\/batijournal.com\/#\/schema\/person\/6a657e8967569e1b299972574848aa76"},"headline":"Bois-Colombes : un si\u00e8cle d&rsquo;histoire ferroviaire et d&rsquo;urbanisation \u00e0 d\u00e9couvrir","datePublished":"2019-09-25T09:24:42+00:00","dateModified":"2019-09-30T13:27:57+00:00","mainEntityOfPage":{"@id":"https:\/\/batijournal.com\/index.php\/bois-colombes-un-siecle-dhistoire-ferroviaire-et-durbanisation-a-decouvrir\/103039\/"},"wordCount":145,"image":{"@id":"https:\/\/batijournal.com\/index.php\/bois-colombes-un-siecle-dhistoire-ferroviaire-et-durbanisation-a-decouvrir\/103039\/#primaryimage"},"thumbnailUrl":"https:\/\/batijournal.com\/wp-content\/uploads\/2019\/09\/bois-colombes-gare-electrique-archive.png","keywords":["Bois-Colombes"],"articleSection":["Actualit\u00e9s","Divers","zz_Actualit\u00e9s - Atrium","zz_Atrium Patrimoine"],"inLanguage":"fr-FR"},{"@type":"WebPage","@id":"https:\/\/batijournal.com\/index.php\/bois-colombes-un-siecle-dhistoire-ferroviaire-et-durbanisation-a-decouvrir\/103039\/","url":"https:\/\/batijournal.com\/index.php\/bois-colombes-un-siecle-dhistoire-ferroviaire-et-durbanisation-a-decouvrir\/103039\/","name":"Bois-Colombes : un si\u00e8cle d'histoire ferroviaire et d'urbanisation \u00e0 d\u00e9couvrir","isPartOf":{"@id":"https:\/\/batijournal.com\/#website"},"primaryImageOfPage":{"@id":"https:\/\/batijournal.com\/index.php\/bois-colombes-un-siecle-dhistoire-ferroviaire-et-durbanisation-a-decouvrir\/103039\/#primaryimage"},"image":{"@id":"https:\/\/batijournal.com\/index.php\/bois-colombes-un-siecle-dhistoire-ferroviaire-et-durbanisation-a-decouvrir\/103039\/#primaryimage"},"thumbnailUrl":"https:\/\/batijournal.com\/wp-content\/uploads\/2019\/09\/bois-colombes-gare-electrique-archive.png","datePublished":"2019-09-25T09:24:42+00:00","dateModified":"2019-09-30T13:27:57+00:00","author":{"@id":"https:\/\/batijournal.com\/#\/schema\/person\/6a657e8967569e1b299972574848aa76"},"description":"Dans la continuit\u00e9 des Journ\u00e9es du patrimoine, participez le 28 septembre, \u00e0 l'h\u00f4tel de ville de Bois-Colombes \u00e0 la conf\u00e9rence-projection de Pierre Tullin","breadcrumb":{"@id":"https:\/\/batijournal.com\/index.php\/bois-colombes-un-siecle-dhistoire-ferroviaire-et-durbanisation-a-decouvrir\/103039\/#breadcrumb"},"inLanguage":"fr-FR","potentialAction":[{"@type":"ReadAction","target":["https:\/\/batijournal.com\/index.php\/bois-colombes-un-siecle-dhistoire-ferroviaire-et-durbanisation-a-decouvrir\/103039\/"]}]},{"@type":"ImageObject","inLanguage":"fr-FR","@id":"https:\/\/batijournal.com\/index.php\/bois-colombes-un-siecle-dhistoire-ferroviaire-et-durbanisation-a-decouvrir\/103039\/#primaryimage","url":"https:\/\/batijournal.com\/wp-content\/uploads\/2019\/09\/bois-colombes-gare-electrique-archive.png","contentUrl":"https:\/\/batijournal.com\/wp-content\/uploads\/2019\/09\/bois-colombes-gare-electrique-archive.png","width":568,"height":344},{"@type":"BreadcrumbList","@id":"https:\/\/batijournal.com\/index.php\/bois-colombes-un-siecle-dhistoire-ferroviaire-et-durbanisation-a-decouvrir\/103039\/#breadcrumb","itemListElement":[{"@type":"ListItem","position":1,"name":"Accueil","item":"https:\/\/batijournal.com\/"},{"@type":"ListItem","position":2,"name":"Actualit\u00e9s","item":"https:\/\/batijournal.com\/index.php\/category\/actualites\/"},{"@type":"ListItem","position":3,"name":"Bois-Colombes : un si\u00e8cle d&rsquo;histoire ferroviaire et d&rsquo;urbanisation \u00e0 d\u00e9couvrir"}]},{"@type":"WebSite","@id":"https:\/\/batijournal.com\/#website","url":"https:\/\/batijournal.com\/","name":"Batijournal","description":"L&#039;actualit\u00e9 du b\u00e2timent","potentialAction":[{"@type":"SearchAction","target":{"@type":"EntryPoint","urlTemplate":"https:\/\/batijournal.com\/?s={search_term_string}"},"query-input":{"@type":"PropertyValueSpecification","valueRequired":true,"valueName":"search_term_string"}}],"inLanguage":"fr-FR"},{"@type":"Person","@id":"https:\/\/batijournal.com\/#\/schema\/person\/6a657e8967569e1b299972574848aa76","name":"Bati-journal","image":{"@type":"ImageObject","inLanguage":"fr-FR","@id":"https:\/\/secure.gravatar.com\/avatar\/a64364ea26392f9b4dd47e017ddaec74ff03aefc073b49e492e847201258f777?s=96&d=mm&r=g","url":"https:\/\/secure.gravatar.com\/avatar\/a64364ea26392f9b4dd47e017ddaec74ff03aefc073b49e492e847201258f777?s=96&d=mm&r=g","contentUrl":"https:\/\/secure.gravatar.com\/avatar\/a64364ea26392f9b4dd47e017ddaec74ff03aefc073b49e492e847201258f777?s=96&d=mm&r=g","caption":"Bati-journal"},"url":"https:\/\/batijournal.com\/index.php\/author\/elodie\/"}]}},"_links":{"self":[{"href":"https:\/\/batijournal.com\/index.php\/wp-json\/wp\/v2\/posts\/103039","targetHints":{"allow":["GET"]}}],"collection":[{"href":"https:\/\/batijournal.com\/index.php\/wp-json\/wp\/v2\/posts"}],"about":[{"href":"https:\/\/batijournal.com\/index.php\/wp-json\/wp\/v2\/types\/post"}],"author":[{"embeddable":true,"href":"https:\/\/batijournal.com\/index.php\/wp-json\/wp\/v2\/users\/1"}],"replies":[{"embeddable":true,"href":"https:\/\/batijournal.com\/index.php\/wp-json\/wp\/v2\/comments?post=103039"}],"version-history":[{"count":0,"href":"https:\/\/batijournal.com\/index.php\/wp-json\/wp\/v2\/posts\/103039\/revisions"}],"wp:featuredmedia":[{"embeddable":true,"href":"https:\/\/batijournal.com\/index.php\/wp-json\/wp\/v2\/media\/103040"}],"wp:attachment":[{"href":"https:\/\/batijournal.com\/index.php\/wp-json\/wp\/v2\/media?parent=103039"}],"wp:term":[{"taxonomy":"category","embeddable":true,"href":"https:\/\/batijournal.com\/index.php\/wp-json\/wp\/v2\/categories?post=103039"},{"taxonomy":"post_tag","embeddable":true,"href":"https:\/\/batijournal.com\/index.php\/wp-json\/wp\/v2\/tags?post=103039"}],"curies":[{"name":"wp","href":"https:\/\/api.w.org\/{rel}","templated":true}]}}