{"id":103047,"date":"2019-09-26T08:28:00","date_gmt":"2019-09-26T06:28:00","guid":{"rendered":"https:\/\/batijournal.com\/?p=103047"},"modified":"2019-09-26T08:28:00","modified_gmt":"2019-09-26T06:28:00","slug":"kp1-inaugure-sa-nouvelle-usine-de-premurs-a-vernouillet","status":"publish","type":"post","link":"https:\/\/batijournal.com\/index.php\/kp1-inaugure-sa-nouvelle-usine-de-premurs-a-vernouillet\/103047\/","title":{"rendered":"KP1 inaugure sa nouvelle usine de Pr\u00e9murs \u00e0 Vernouillet"},"content":{"rendered":"<p>Situ\u00e9e aux portes de l\u2019\u00cele-de-France, cette usine KP1 de 7 000 m\u00b2, la 3\u00e8me en p\u00e9riph\u00e9rie de Paris, int\u00e8gre une unit\u00e9 semi-automatis\u00e9e de fabrication de Pr\u00e9murs, une unit\u00e9 autonome de transformation des aciers et un bureau logistique. Elle produira pr\u00e8s de 4 000 m\u00b2 de pr\u00e9murs par semaine afin de fournir les chantiers du Grand Paris et des Jeux Olympiques d\u2019\u00e9t\u00e9 2024. D\u2019ici 2020, 52 emplois en CDI seront cr\u00e9\u00e9s. Un investissement de 15 millions d\u2019euros qui porte \u00e0 21 le nombre total de sites de production, confirmant la proximit\u00e9 des territoires cultiv\u00e9e depuis plus de 60 ans par KP1.<\/p>\n<p>Photo : KP1<\/p>\n","protected":false},"excerpt":{"rendered":"<p>Situ\u00e9e aux portes de l\u2019\u00cele-de-France, cette usine KP1 de 7 000 m\u00b2, la 3\u00e8me en p\u00e9riph\u00e9rie de Paris, int\u00e8gre une unit\u00e9 semi-automatis\u00e9e de fabrication de Pr\u00e9murs, une unit\u00e9 autonome de transformation des aciers et un bureau logistique. Elle produira pr\u00e8s de 4 000 m\u00b2 de pr\u00e9murs par semaine afin de fournir les chantiers du Grand [&hellip;]<\/p>\n","protected":false},"author":17,"featured_media":103048,"comment_status":"closed","ping_status":"closed","sticky":false,"template":"","format":"standard","meta":{"_et_pb_use_builder":"","_et_pb_old_content":"","_et_gb_content_width":"","footnotes":""},"categories":[10530,6345,10771,10775],"tags":[5946],"class_list":["post-103047","post","type-post","status-publish","format-standard","has-post-thumbnail","hentry","category-actualites","category-economie-marches","category-5facades","category-actualites-5facades","tag-prefabrication"],"yoast_head":"<!-- This site is optimized with the Yoast SEO plugin v27.4 - https:\/\/yoast.com\/product\/yoast-seo-wordpress\/ -->\n<title>KP1 inaugure sa nouvelle usine de Pr\u00e9murs \u00e0 Vernouillet<\/title>\n<meta name=\"description\" content=\"Situ\u00e9e aux portes de l\u2019\u00cele-de-France, cette usine KP1 de 7 000 m\u00b2 int\u00e8gre une unit\u00e9 semi-automatis\u00e9e de fabrication de Pr\u00e9murs\" \/>\n<meta name=\"robots\" content=\"index, follow, max-snippet:-1, max-image-preview:large, max-video-preview:-1\" \/>\n<link rel=\"canonical\" href=\"https:\/\/batijournal.com\/index.php\/kp1-inaugure-sa-nouvelle-usine-de-premurs-a-vernouillet\/103047\/\" \/>\n<meta property=\"og:locale\" content=\"fr_FR\" \/>\n<meta property=\"og:type\" content=\"article\" \/>\n<meta property=\"og:title\" content=\"KP1 inaugure sa nouvelle usine de Pr\u00e9murs \u00e0 Vernouillet\" \/>\n<meta property=\"og:description\" content=\"Situ\u00e9e aux portes de l\u2019\u00cele-de-France, cette usine KP1 de 7 000 m\u00b2 int\u00e8gre une unit\u00e9 semi-automatis\u00e9e de fabrication de Pr\u00e9murs\" \/>\n<meta property=\"og:url\" content=\"https:\/\/batijournal.com\/index.php\/kp1-inaugure-sa-nouvelle-usine-de-premurs-a-vernouillet\/103047\/\" \/>\n<meta property=\"og:site_name\" content=\"Batijournal\" \/>\n<meta property=\"article:published_time\" content=\"2019-09-26T06:28:00+00:00\" \/>\n<meta property=\"og:image\" content=\"https:\/\/batijournal.com\/wp-content\/uploads\/2019\/09\/usine-kp1-vernouillet-28.png\" \/>\n\t<meta property=\"og:image:width\" content=\"920\" \/>\n\t<meta property=\"og:image:height\" content=\"351\" \/>\n\t<meta property=\"og:image:type\" content=\"image\/png\" \/>\n<meta name=\"author\" content=\"St\u00e9phane Miget\" \/>\n<meta name=\"twitter:card\" content=\"summary_large_image\" \/>\n<meta name=\"twitter:creator\" content=\"@bati_journal\" \/>\n<meta name=\"twitter:site\" content=\"@bati_journal\" \/>\n<meta name=\"twitter:label1\" content=\"\u00c9crit par\" \/>\n\t<meta name=\"twitter:data1\" content=\"St\u00e9phane Miget\" \/>\n\t<meta name=\"twitter:label2\" content=\"Dur\u00e9e de lecture estim\u00e9e\" \/>\n\t<meta name=\"twitter:data2\" content=\"1 minute\" \/>\n<script type=\"application\/ld+json\" class=\"yoast-schema-graph\">{\"@context\":\"https:\\\/\\\/schema.org\",\"@graph\":[{\"@type\":\"Article\",\"@id\":\"https:\\\/\\\/batijournal.com\\\/index.php\\\/kp1-inaugure-sa-nouvelle-usine-de-premurs-a-vernouillet\\\/103047\\\/#article\",\"isPartOf\":{\"@id\":\"https:\\\/\\\/batijournal.com\\\/index.php\\\/kp1-inaugure-sa-nouvelle-usine-de-premurs-a-vernouillet\\\/103047\\\/\"},\"author\":{\"name\":\"St\u00e9phane Miget\",\"@id\":\"https:\\\/\\\/batijournal.com\\\/#\\\/schema\\\/person\\\/1dc96ec6957aa1ccb25ebe78bb19f100\"},\"headline\":\"KP1 inaugure sa nouvelle usine de Pr\u00e9murs \u00e0 Vernouillet\",\"datePublished\":\"2019-09-26T06:28:00+00:00\",\"mainEntityOfPage\":{\"@id\":\"https:\\\/\\\/batijournal.com\\\/index.php\\\/kp1-inaugure-sa-nouvelle-usine-de-premurs-a-vernouillet\\\/103047\\\/\"},\"wordCount\":114,\"image\":{\"@id\":\"https:\\\/\\\/batijournal.com\\\/index.php\\\/kp1-inaugure-sa-nouvelle-usine-de-premurs-a-vernouillet\\\/103047\\\/#primaryimage\"},\"thumbnailUrl\":\"https:\\\/\\\/batijournal.com\\\/wp-content\\\/uploads\\\/2019\\\/09\\\/usine-kp1-vernouillet-28.png\",\"keywords\":[\"pr\u00e9fabrication\"],\"articleSection\":[\"Actualit\u00e9s\",\"\u00c9conomie &amp; March\u00e9s\",\"zz_5fa\u00e7ades\",\"zz_Actualit\u00e9s - 5fa\u00e7ades\"],\"inLanguage\":\"fr-FR\"},{\"@type\":\"WebPage\",\"@id\":\"https:\\\/\\\/batijournal.com\\\/index.php\\\/kp1-inaugure-sa-nouvelle-usine-de-premurs-a-vernouillet\\\/103047\\\/\",\"url\":\"https:\\\/\\\/batijournal.com\\\/index.php\\\/kp1-inaugure-sa-nouvelle-usine-de-premurs-a-vernouillet\\\/103047\\\/\",\"name\":\"KP1 inaugure sa nouvelle usine de Pr\u00e9murs \u00e0 Vernouillet\",\"isPartOf\":{\"@id\":\"https:\\\/\\\/batijournal.com\\\/#website\"},\"primaryImageOfPage\":{\"@id\":\"https:\\\/\\\/batijournal.com\\\/index.php\\\/kp1-inaugure-sa-nouvelle-usine-de-premurs-a-vernouillet\\\/103047\\\/#primaryimage\"},\"image\":{\"@id\":\"https:\\\/\\\/batijournal.com\\\/index.php\\\/kp1-inaugure-sa-nouvelle-usine-de-premurs-a-vernouillet\\\/103047\\\/#primaryimage\"},\"thumbnailUrl\":\"https:\\\/\\\/batijournal.com\\\/wp-content\\\/uploads\\\/2019\\\/09\\\/usine-kp1-vernouillet-28.png\",\"datePublished\":\"2019-09-26T06:28:00+00:00\",\"author\":{\"@id\":\"https:\\\/\\\/batijournal.com\\\/#\\\/schema\\\/person\\\/1dc96ec6957aa1ccb25ebe78bb19f100\"},\"description\":\"Situ\u00e9e aux portes de l\u2019\u00cele-de-France, cette usine KP1 de 7 000 m\u00b2 int\u00e8gre une unit\u00e9 semi-automatis\u00e9e de fabrication de Pr\u00e9murs\",\"breadcrumb\":{\"@id\":\"https:\\\/\\\/batijournal.com\\\/index.php\\\/kp1-inaugure-sa-nouvelle-usine-de-premurs-a-vernouillet\\\/103047\\\/#breadcrumb\"},\"inLanguage\":\"fr-FR\",\"potentialAction\":[{\"@type\":\"ReadAction\",\"target\":[\"https:\\\/\\\/batijournal.com\\\/index.php\\\/kp1-inaugure-sa-nouvelle-usine-de-premurs-a-vernouillet\\\/103047\\\/\"]}]},{\"@type\":\"ImageObject\",\"inLanguage\":\"fr-FR\",\"@id\":\"https:\\\/\\\/batijournal.com\\\/index.php\\\/kp1-inaugure-sa-nouvelle-usine-de-premurs-a-vernouillet\\\/103047\\\/#primaryimage\",\"url\":\"https:\\\/\\\/batijournal.com\\\/wp-content\\\/uploads\\\/2019\\\/09\\\/usine-kp1-vernouillet-28.png\",\"contentUrl\":\"https:\\\/\\\/batijournal.com\\\/wp-content\\\/uploads\\\/2019\\\/09\\\/usine-kp1-vernouillet-28.png\",\"width\":920,\"height\":351},{\"@type\":\"BreadcrumbList\",\"@id\":\"https:\\\/\\\/batijournal.com\\\/index.php\\\/kp1-inaugure-sa-nouvelle-usine-de-premurs-a-vernouillet\\\/103047\\\/#breadcrumb\",\"itemListElement\":[{\"@type\":\"ListItem\",\"position\":1,\"name\":\"Accueil\",\"item\":\"https:\\\/\\\/batijournal.com\\\/\"},{\"@type\":\"ListItem\",\"position\":2,\"name\":\"Actualit\u00e9s\",\"item\":\"https:\\\/\\\/batijournal.com\\\/index.php\\\/category\\\/actualites\\\/\"},{\"@type\":\"ListItem\",\"position\":3,\"name\":\"KP1 inaugure sa nouvelle usine de Pr\u00e9murs \u00e0 Vernouillet\"}]},{\"@type\":\"WebSite\",\"@id\":\"https:\\\/\\\/batijournal.com\\\/#website\",\"url\":\"https:\\\/\\\/batijournal.com\\\/\",\"name\":\"Batijournal\",\"description\":\"L&#039;actualit\u00e9 du b\u00e2timent\",\"potentialAction\":[{\"@type\":\"SearchAction\",\"target\":{\"@type\":\"EntryPoint\",\"urlTemplate\":\"https:\\\/\\\/batijournal.com\\\/?s={search_term_string}\"},\"query-input\":{\"@type\":\"PropertyValueSpecification\",\"valueRequired\":true,\"valueName\":\"search_term_string\"}}],\"inLanguage\":\"fr-FR\"},{\"@type\":\"Person\",\"@id\":\"https:\\\/\\\/batijournal.com\\\/#\\\/schema\\\/person\\\/1dc96ec6957aa1ccb25ebe78bb19f100\",\"name\":\"St\u00e9phane Miget\",\"image\":{\"@type\":\"ImageObject\",\"inLanguage\":\"fr-FR\",\"@id\":\"https:\\\/\\\/secure.gravatar.com\\\/avatar\\\/89915563d925342126b8ef0281b93d9d7fc337043e8df017f780908eb9644451?s=96&d=mm&r=g\",\"url\":\"https:\\\/\\\/secure.gravatar.com\\\/avatar\\\/89915563d925342126b8ef0281b93d9d7fc337043e8df017f780908eb9644451?s=96&d=mm&r=g\",\"contentUrl\":\"https:\\\/\\\/secure.gravatar.com\\\/avatar\\\/89915563d925342126b8ef0281b93d9d7fc337043e8df017f780908eb9644451?s=96&d=mm&r=g\",\"caption\":\"St\u00e9phane Miget\"},\"url\":\"https:\\\/\\\/batijournal.com\\\/index.php\\\/author\\\/stephane\\\/\"}]}<\/script>\n<!-- \/ Yoast SEO plugin. -->","yoast_head_json":{"title":"KP1 inaugure sa nouvelle usine de Pr\u00e9murs \u00e0 Vernouillet","description":"Situ\u00e9e aux portes de l\u2019\u00cele-de-France, cette usine KP1 de 7 000 m\u00b2 int\u00e8gre une unit\u00e9 semi-automatis\u00e9e de fabrication de Pr\u00e9murs","robots":{"index":"index","follow":"follow","max-snippet":"max-snippet:-1","max-image-preview":"max-image-preview:large","max-video-preview":"max-video-preview:-1"},"canonical":"https:\/\/batijournal.com\/index.php\/kp1-inaugure-sa-nouvelle-usine-de-premurs-a-vernouillet\/103047\/","og_locale":"fr_FR","og_type":"article","og_title":"KP1 inaugure sa nouvelle usine de Pr\u00e9murs \u00e0 Vernouillet","og_description":"Situ\u00e9e aux portes de l\u2019\u00cele-de-France, cette usine KP1 de 7 000 m\u00b2 int\u00e8gre une unit\u00e9 semi-automatis\u00e9e de fabrication de Pr\u00e9murs","og_url":"https:\/\/batijournal.com\/index.php\/kp1-inaugure-sa-nouvelle-usine-de-premurs-a-vernouillet\/103047\/","og_site_name":"Batijournal","article_published_time":"2019-09-26T06:28:00+00:00","og_image":[{"width":920,"height":351,"url":"https:\/\/batijournal.com\/wp-content\/uploads\/2019\/09\/usine-kp1-vernouillet-28.png","type":"image\/png"}],"author":"St\u00e9phane Miget","twitter_card":"summary_large_image","twitter_creator":"@bati_journal","twitter_site":"@bati_journal","twitter_misc":{"\u00c9crit par":"St\u00e9phane Miget","Dur\u00e9e de lecture estim\u00e9e":"1 minute"},"schema":{"@context":"https:\/\/schema.org","@graph":[{"@type":"Article","@id":"https:\/\/batijournal.com\/index.php\/kp1-inaugure-sa-nouvelle-usine-de-premurs-a-vernouillet\/103047\/#article","isPartOf":{"@id":"https:\/\/batijournal.com\/index.php\/kp1-inaugure-sa-nouvelle-usine-de-premurs-a-vernouillet\/103047\/"},"author":{"name":"St\u00e9phane Miget","@id":"https:\/\/batijournal.com\/#\/schema\/person\/1dc96ec6957aa1ccb25ebe78bb19f100"},"headline":"KP1 inaugure sa nouvelle usine de Pr\u00e9murs \u00e0 Vernouillet","datePublished":"2019-09-26T06:28:00+00:00","mainEntityOfPage":{"@id":"https:\/\/batijournal.com\/index.php\/kp1-inaugure-sa-nouvelle-usine-de-premurs-a-vernouillet\/103047\/"},"wordCount":114,"image":{"@id":"https:\/\/batijournal.com\/index.php\/kp1-inaugure-sa-nouvelle-usine-de-premurs-a-vernouillet\/103047\/#primaryimage"},"thumbnailUrl":"https:\/\/batijournal.com\/wp-content\/uploads\/2019\/09\/usine-kp1-vernouillet-28.png","keywords":["pr\u00e9fabrication"],"articleSection":["Actualit\u00e9s","\u00c9conomie &amp; March\u00e9s","zz_5fa\u00e7ades","zz_Actualit\u00e9s - 5fa\u00e7ades"],"inLanguage":"fr-FR"},{"@type":"WebPage","@id":"https:\/\/batijournal.com\/index.php\/kp1-inaugure-sa-nouvelle-usine-de-premurs-a-vernouillet\/103047\/","url":"https:\/\/batijournal.com\/index.php\/kp1-inaugure-sa-nouvelle-usine-de-premurs-a-vernouillet\/103047\/","name":"KP1 inaugure sa nouvelle usine de Pr\u00e9murs \u00e0 Vernouillet","isPartOf":{"@id":"https:\/\/batijournal.com\/#website"},"primaryImageOfPage":{"@id":"https:\/\/batijournal.com\/index.php\/kp1-inaugure-sa-nouvelle-usine-de-premurs-a-vernouillet\/103047\/#primaryimage"},"image":{"@id":"https:\/\/batijournal.com\/index.php\/kp1-inaugure-sa-nouvelle-usine-de-premurs-a-vernouillet\/103047\/#primaryimage"},"thumbnailUrl":"https:\/\/batijournal.com\/wp-content\/uploads\/2019\/09\/usine-kp1-vernouillet-28.png","datePublished":"2019-09-26T06:28:00+00:00","author":{"@id":"https:\/\/batijournal.com\/#\/schema\/person\/1dc96ec6957aa1ccb25ebe78bb19f100"},"description":"Situ\u00e9e aux portes de l\u2019\u00cele-de-France, cette usine KP1 de 7 000 m\u00b2 int\u00e8gre une unit\u00e9 semi-automatis\u00e9e de fabrication de Pr\u00e9murs","breadcrumb":{"@id":"https:\/\/batijournal.com\/index.php\/kp1-inaugure-sa-nouvelle-usine-de-premurs-a-vernouillet\/103047\/#breadcrumb"},"inLanguage":"fr-FR","potentialAction":[{"@type":"ReadAction","target":["https:\/\/batijournal.com\/index.php\/kp1-inaugure-sa-nouvelle-usine-de-premurs-a-vernouillet\/103047\/"]}]},{"@type":"ImageObject","inLanguage":"fr-FR","@id":"https:\/\/batijournal.com\/index.php\/kp1-inaugure-sa-nouvelle-usine-de-premurs-a-vernouillet\/103047\/#primaryimage","url":"https:\/\/batijournal.com\/wp-content\/uploads\/2019\/09\/usine-kp1-vernouillet-28.png","contentUrl":"https:\/\/batijournal.com\/wp-content\/uploads\/2019\/09\/usine-kp1-vernouillet-28.png","width":920,"height":351},{"@type":"BreadcrumbList","@id":"https:\/\/batijournal.com\/index.php\/kp1-inaugure-sa-nouvelle-usine-de-premurs-a-vernouillet\/103047\/#breadcrumb","itemListElement":[{"@type":"ListItem","position":1,"name":"Accueil","item":"https:\/\/batijournal.com\/"},{"@type":"ListItem","position":2,"name":"Actualit\u00e9s","item":"https:\/\/batijournal.com\/index.php\/category\/actualites\/"},{"@type":"ListItem","position":3,"name":"KP1 inaugure sa nouvelle usine de Pr\u00e9murs \u00e0 Vernouillet"}]},{"@type":"WebSite","@id":"https:\/\/batijournal.com\/#website","url":"https:\/\/batijournal.com\/","name":"Batijournal","description":"L&#039;actualit\u00e9 du b\u00e2timent","potentialAction":[{"@type":"SearchAction","target":{"@type":"EntryPoint","urlTemplate":"https:\/\/batijournal.com\/?s={search_term_string}"},"query-input":{"@type":"PropertyValueSpecification","valueRequired":true,"valueName":"search_term_string"}}],"inLanguage":"fr-FR"},{"@type":"Person","@id":"https:\/\/batijournal.com\/#\/schema\/person\/1dc96ec6957aa1ccb25ebe78bb19f100","name":"St\u00e9phane Miget","image":{"@type":"ImageObject","inLanguage":"fr-FR","@id":"https:\/\/secure.gravatar.com\/avatar\/89915563d925342126b8ef0281b93d9d7fc337043e8df017f780908eb9644451?s=96&d=mm&r=g","url":"https:\/\/secure.gravatar.com\/avatar\/89915563d925342126b8ef0281b93d9d7fc337043e8df017f780908eb9644451?s=96&d=mm&r=g","contentUrl":"https:\/\/secure.gravatar.com\/avatar\/89915563d925342126b8ef0281b93d9d7fc337043e8df017f780908eb9644451?s=96&d=mm&r=g","caption":"St\u00e9phane Miget"},"url":"https:\/\/batijournal.com\/index.php\/author\/stephane\/"}]}},"_links":{"self":[{"href":"https:\/\/batijournal.com\/index.php\/wp-json\/wp\/v2\/posts\/103047","targetHints":{"allow":["GET"]}}],"collection":[{"href":"https:\/\/batijournal.com\/index.php\/wp-json\/wp\/v2\/posts"}],"about":[{"href":"https:\/\/batijournal.com\/index.php\/wp-json\/wp\/v2\/types\/post"}],"author":[{"embeddable":true,"href":"https:\/\/batijournal.com\/index.php\/wp-json\/wp\/v2\/users\/17"}],"replies":[{"embeddable":true,"href":"https:\/\/batijournal.com\/index.php\/wp-json\/wp\/v2\/comments?post=103047"}],"version-history":[{"count":0,"href":"https:\/\/batijournal.com\/index.php\/wp-json\/wp\/v2\/posts\/103047\/revisions"}],"wp:featuredmedia":[{"embeddable":true,"href":"https:\/\/batijournal.com\/index.php\/wp-json\/wp\/v2\/media\/103048"}],"wp:attachment":[{"href":"https:\/\/batijournal.com\/index.php\/wp-json\/wp\/v2\/media?parent=103047"}],"wp:term":[{"taxonomy":"category","embeddable":true,"href":"https:\/\/batijournal.com\/index.php\/wp-json\/wp\/v2\/categories?post=103047"},{"taxonomy":"post_tag","embeddable":true,"href":"https:\/\/batijournal.com\/index.php\/wp-json\/wp\/v2\/tags?post=103047"}],"curies":[{"name":"wp","href":"https:\/\/api.w.org\/{rel}","templated":true}]}}