{"id":103049,"date":"2019-09-26T08:34:32","date_gmt":"2019-09-26T06:34:32","guid":{"rendered":"https:\/\/batijournal.com\/?p=103049"},"modified":"2019-09-26T08:34:32","modified_gmt":"2019-09-26T06:34:32","slug":"une-fenetre-pour-les-zones-de-bruit-critique","status":"publish","type":"post","link":"https:\/\/batijournal.com\/index.php\/une-fenetre-pour-les-zones-de-bruit-critique\/103049\/","title":{"rendered":"Une fen\u00eatre pour les zones de bruit critique"},"content":{"rendered":"<p>Expert de la menuiserie industrielle sur-mesure, le Groupe Lorillard, signe une innovation technique dans le cadre d\u2019un appel d\u2019offres pour la construction d\u2019un immeuble de logements aux performances acoustiques tr\u00e8s \u00e9lev\u00e9es. Le Proc\u00e8s Verbal du CEBTP atteste le niveau d\u2019affaiblissement acoustique de la menuiserie \u00e0 41 dB RA,tr . Cet indice concerne le \u00ab bruit route \u00bb et qualifie les menuiseries r\u00e9pondant aux besoins des habitants situ\u00e9s dans des zones de bruit critique : \u00e0 proximit\u00e9 d\u2019un a\u00e9roport, d\u2019un grand axe routier ou d\u2019une voie ferr\u00e9e, dans des secteurs o\u00f9 les nuisances sonores sont importantes.<\/p>\n<p>Photo : Lorillard-iStock-619636734<\/p>\n","protected":false},"excerpt":{"rendered":"<p>Expert de la menuiserie industrielle sur-mesure, le Groupe Lorillard, signe une innovation technique dans le cadre d\u2019un appel d\u2019offres pour la construction d\u2019un immeuble de logements aux performances acoustiques tr\u00e8s \u00e9lev\u00e9es. Le Proc\u00e8s Verbal du CEBTP atteste le niveau d\u2019affaiblissement acoustique de la menuiserie \u00e0 41 dB RA,tr . Cet indice concerne le \u00ab bruit [&hellip;]<\/p>\n","protected":false},"author":17,"featured_media":103050,"comment_status":"closed","ping_status":"closed","sticky":false,"template":"","format":"standard","meta":{"_et_pb_use_builder":"","_et_pb_old_content":"","_et_gb_content_width":"","footnotes":""},"categories":[6356,10771,10774],"tags":[466],"class_list":["post-103049","post","type-post","status-publish","format-standard","has-post-thumbnail","hentry","category-produits-solutions-techniques","category-5facades","category-produits-5facades","tag-fenetres"],"yoast_head":"<!-- This site is optimized with the Yoast SEO plugin v27.4 - https:\/\/yoast.com\/product\/yoast-seo-wordpress\/ -->\n<title>Une fen\u00eatre pour les zones de bruit critique<\/title>\n<meta name=\"description\" content=\"Le Groupe Lorillard, signe une innovation technique dans le cadre d\u2019un appel d\u2019offres pour la construction d\u2019un immeuble : une menuiserie \u00e0 41 dB RA,tr\" \/>\n<meta name=\"robots\" content=\"index, follow, max-snippet:-1, max-image-preview:large, max-video-preview:-1\" \/>\n<link rel=\"canonical\" href=\"https:\/\/batijournal.com\/index.php\/une-fenetre-pour-les-zones-de-bruit-critique\/103049\/\" \/>\n<meta property=\"og:locale\" content=\"fr_FR\" \/>\n<meta property=\"og:type\" content=\"article\" \/>\n<meta property=\"og:title\" content=\"Une fen\u00eatre pour les zones de bruit critique\" \/>\n<meta property=\"og:description\" content=\"Le Groupe Lorillard, signe une innovation technique dans le cadre d\u2019un appel d\u2019offres pour la construction d\u2019un immeuble : une menuiserie \u00e0 41 dB RA,tr\" \/>\n<meta property=\"og:url\" content=\"https:\/\/batijournal.com\/index.php\/une-fenetre-pour-les-zones-de-bruit-critique\/103049\/\" \/>\n<meta property=\"og:site_name\" content=\"Batijournal\" \/>\n<meta property=\"article:published_time\" content=\"2019-09-26T06:34:32+00:00\" \/>\n<meta property=\"og:image\" content=\"https:\/\/batijournal.com\/wp-content\/uploads\/2019\/09\/fenetre-lorillard-performances-acoustiques-elevees.png\" \/>\n\t<meta property=\"og:image:width\" content=\"580\" \/>\n\t<meta property=\"og:image:height\" content=\"614\" \/>\n\t<meta property=\"og:image:type\" content=\"image\/png\" \/>\n<meta name=\"author\" content=\"St\u00e9phane Miget\" \/>\n<meta name=\"twitter:card\" content=\"summary_large_image\" \/>\n<meta name=\"twitter:creator\" content=\"@bati_journal\" \/>\n<meta name=\"twitter:site\" content=\"@bati_journal\" \/>\n<meta name=\"twitter:label1\" content=\"\u00c9crit par\" \/>\n\t<meta name=\"twitter:data1\" content=\"St\u00e9phane Miget\" \/>\n\t<meta name=\"twitter:label2\" content=\"Dur\u00e9e de lecture estim\u00e9e\" \/>\n\t<meta name=\"twitter:data2\" content=\"1 minute\" \/>\n<script type=\"application\/ld+json\" class=\"yoast-schema-graph\">{\"@context\":\"https:\\\/\\\/schema.org\",\"@graph\":[{\"@type\":\"Article\",\"@id\":\"https:\\\/\\\/batijournal.com\\\/index.php\\\/une-fenetre-pour-les-zones-de-bruit-critique\\\/103049\\\/#article\",\"isPartOf\":{\"@id\":\"https:\\\/\\\/batijournal.com\\\/index.php\\\/une-fenetre-pour-les-zones-de-bruit-critique\\\/103049\\\/\"},\"author\":{\"name\":\"St\u00e9phane Miget\",\"@id\":\"https:\\\/\\\/batijournal.com\\\/#\\\/schema\\\/person\\\/1dc96ec6957aa1ccb25ebe78bb19f100\"},\"headline\":\"Une fen\u00eatre pour les zones de bruit critique\",\"datePublished\":\"2019-09-26T06:34:32+00:00\",\"mainEntityOfPage\":{\"@id\":\"https:\\\/\\\/batijournal.com\\\/index.php\\\/une-fenetre-pour-les-zones-de-bruit-critique\\\/103049\\\/\"},\"wordCount\":114,\"image\":{\"@id\":\"https:\\\/\\\/batijournal.com\\\/index.php\\\/une-fenetre-pour-les-zones-de-bruit-critique\\\/103049\\\/#primaryimage\"},\"thumbnailUrl\":\"https:\\\/\\\/batijournal.com\\\/wp-content\\\/uploads\\\/2019\\\/09\\\/fenetre-lorillard-performances-acoustiques-elevees.png\",\"keywords\":[\"fen\u00eatres\"],\"articleSection\":[\"Produits &amp; Solutions techniques\",\"zz_5fa\u00e7ades\",\"zz_Nouveaut\u00e9s Produits - 5fa\u00e7ades\"],\"inLanguage\":\"fr-FR\"},{\"@type\":\"WebPage\",\"@id\":\"https:\\\/\\\/batijournal.com\\\/index.php\\\/une-fenetre-pour-les-zones-de-bruit-critique\\\/103049\\\/\",\"url\":\"https:\\\/\\\/batijournal.com\\\/index.php\\\/une-fenetre-pour-les-zones-de-bruit-critique\\\/103049\\\/\",\"name\":\"Une fen\u00eatre pour les zones de bruit critique\",\"isPartOf\":{\"@id\":\"https:\\\/\\\/batijournal.com\\\/#website\"},\"primaryImageOfPage\":{\"@id\":\"https:\\\/\\\/batijournal.com\\\/index.php\\\/une-fenetre-pour-les-zones-de-bruit-critique\\\/103049\\\/#primaryimage\"},\"image\":{\"@id\":\"https:\\\/\\\/batijournal.com\\\/index.php\\\/une-fenetre-pour-les-zones-de-bruit-critique\\\/103049\\\/#primaryimage\"},\"thumbnailUrl\":\"https:\\\/\\\/batijournal.com\\\/wp-content\\\/uploads\\\/2019\\\/09\\\/fenetre-lorillard-performances-acoustiques-elevees.png\",\"datePublished\":\"2019-09-26T06:34:32+00:00\",\"author\":{\"@id\":\"https:\\\/\\\/batijournal.com\\\/#\\\/schema\\\/person\\\/1dc96ec6957aa1ccb25ebe78bb19f100\"},\"description\":\"Le Groupe Lorillard, signe une innovation technique dans le cadre d\u2019un appel d\u2019offres pour la construction d\u2019un immeuble : une menuiserie \u00e0 41 dB RA,tr\",\"breadcrumb\":{\"@id\":\"https:\\\/\\\/batijournal.com\\\/index.php\\\/une-fenetre-pour-les-zones-de-bruit-critique\\\/103049\\\/#breadcrumb\"},\"inLanguage\":\"fr-FR\",\"potentialAction\":[{\"@type\":\"ReadAction\",\"target\":[\"https:\\\/\\\/batijournal.com\\\/index.php\\\/une-fenetre-pour-les-zones-de-bruit-critique\\\/103049\\\/\"]}]},{\"@type\":\"ImageObject\",\"inLanguage\":\"fr-FR\",\"@id\":\"https:\\\/\\\/batijournal.com\\\/index.php\\\/une-fenetre-pour-les-zones-de-bruit-critique\\\/103049\\\/#primaryimage\",\"url\":\"https:\\\/\\\/batijournal.com\\\/wp-content\\\/uploads\\\/2019\\\/09\\\/fenetre-lorillard-performances-acoustiques-elevees.png\",\"contentUrl\":\"https:\\\/\\\/batijournal.com\\\/wp-content\\\/uploads\\\/2019\\\/09\\\/fenetre-lorillard-performances-acoustiques-elevees.png\",\"width\":580,\"height\":614},{\"@type\":\"BreadcrumbList\",\"@id\":\"https:\\\/\\\/batijournal.com\\\/index.php\\\/une-fenetre-pour-les-zones-de-bruit-critique\\\/103049\\\/#breadcrumb\",\"itemListElement\":[{\"@type\":\"ListItem\",\"position\":1,\"name\":\"Accueil\",\"item\":\"https:\\\/\\\/batijournal.com\\\/\"},{\"@type\":\"ListItem\",\"position\":2,\"name\":\"Produits &amp; Solutions techniques\",\"item\":\"https:\\\/\\\/batijournal.com\\\/index.php\\\/category\\\/produits-solutions-techniques\\\/\"},{\"@type\":\"ListItem\",\"position\":3,\"name\":\"Une fen\u00eatre pour les zones de bruit critique\"}]},{\"@type\":\"WebSite\",\"@id\":\"https:\\\/\\\/batijournal.com\\\/#website\",\"url\":\"https:\\\/\\\/batijournal.com\\\/\",\"name\":\"Batijournal\",\"description\":\"L&#039;actualit\u00e9 du b\u00e2timent\",\"potentialAction\":[{\"@type\":\"SearchAction\",\"target\":{\"@type\":\"EntryPoint\",\"urlTemplate\":\"https:\\\/\\\/batijournal.com\\\/?s={search_term_string}\"},\"query-input\":{\"@type\":\"PropertyValueSpecification\",\"valueRequired\":true,\"valueName\":\"search_term_string\"}}],\"inLanguage\":\"fr-FR\"},{\"@type\":\"Person\",\"@id\":\"https:\\\/\\\/batijournal.com\\\/#\\\/schema\\\/person\\\/1dc96ec6957aa1ccb25ebe78bb19f100\",\"name\":\"St\u00e9phane Miget\",\"image\":{\"@type\":\"ImageObject\",\"inLanguage\":\"fr-FR\",\"@id\":\"https:\\\/\\\/secure.gravatar.com\\\/avatar\\\/89915563d925342126b8ef0281b93d9d7fc337043e8df017f780908eb9644451?s=96&d=mm&r=g\",\"url\":\"https:\\\/\\\/secure.gravatar.com\\\/avatar\\\/89915563d925342126b8ef0281b93d9d7fc337043e8df017f780908eb9644451?s=96&d=mm&r=g\",\"contentUrl\":\"https:\\\/\\\/secure.gravatar.com\\\/avatar\\\/89915563d925342126b8ef0281b93d9d7fc337043e8df017f780908eb9644451?s=96&d=mm&r=g\",\"caption\":\"St\u00e9phane Miget\"},\"url\":\"https:\\\/\\\/batijournal.com\\\/index.php\\\/author\\\/stephane\\\/\"}]}<\/script>\n<!-- \/ Yoast SEO plugin. -->","yoast_head_json":{"title":"Une fen\u00eatre pour les zones de bruit critique","description":"Le Groupe Lorillard, signe une innovation technique dans le cadre d\u2019un appel d\u2019offres pour la construction d\u2019un immeuble : une menuiserie \u00e0 41 dB RA,tr","robots":{"index":"index","follow":"follow","max-snippet":"max-snippet:-1","max-image-preview":"max-image-preview:large","max-video-preview":"max-video-preview:-1"},"canonical":"https:\/\/batijournal.com\/index.php\/une-fenetre-pour-les-zones-de-bruit-critique\/103049\/","og_locale":"fr_FR","og_type":"article","og_title":"Une fen\u00eatre pour les zones de bruit critique","og_description":"Le Groupe Lorillard, signe une innovation technique dans le cadre d\u2019un appel d\u2019offres pour la construction d\u2019un immeuble : une menuiserie \u00e0 41 dB RA,tr","og_url":"https:\/\/batijournal.com\/index.php\/une-fenetre-pour-les-zones-de-bruit-critique\/103049\/","og_site_name":"Batijournal","article_published_time":"2019-09-26T06:34:32+00:00","og_image":[{"width":580,"height":614,"url":"https:\/\/batijournal.com\/wp-content\/uploads\/2019\/09\/fenetre-lorillard-performances-acoustiques-elevees.png","type":"image\/png"}],"author":"St\u00e9phane Miget","twitter_card":"summary_large_image","twitter_creator":"@bati_journal","twitter_site":"@bati_journal","twitter_misc":{"\u00c9crit par":"St\u00e9phane Miget","Dur\u00e9e de lecture estim\u00e9e":"1 minute"},"schema":{"@context":"https:\/\/schema.org","@graph":[{"@type":"Article","@id":"https:\/\/batijournal.com\/index.php\/une-fenetre-pour-les-zones-de-bruit-critique\/103049\/#article","isPartOf":{"@id":"https:\/\/batijournal.com\/index.php\/une-fenetre-pour-les-zones-de-bruit-critique\/103049\/"},"author":{"name":"St\u00e9phane Miget","@id":"https:\/\/batijournal.com\/#\/schema\/person\/1dc96ec6957aa1ccb25ebe78bb19f100"},"headline":"Une fen\u00eatre pour les zones de bruit critique","datePublished":"2019-09-26T06:34:32+00:00","mainEntityOfPage":{"@id":"https:\/\/batijournal.com\/index.php\/une-fenetre-pour-les-zones-de-bruit-critique\/103049\/"},"wordCount":114,"image":{"@id":"https:\/\/batijournal.com\/index.php\/une-fenetre-pour-les-zones-de-bruit-critique\/103049\/#primaryimage"},"thumbnailUrl":"https:\/\/batijournal.com\/wp-content\/uploads\/2019\/09\/fenetre-lorillard-performances-acoustiques-elevees.png","keywords":["fen\u00eatres"],"articleSection":["Produits &amp; Solutions techniques","zz_5fa\u00e7ades","zz_Nouveaut\u00e9s Produits - 5fa\u00e7ades"],"inLanguage":"fr-FR"},{"@type":"WebPage","@id":"https:\/\/batijournal.com\/index.php\/une-fenetre-pour-les-zones-de-bruit-critique\/103049\/","url":"https:\/\/batijournal.com\/index.php\/une-fenetre-pour-les-zones-de-bruit-critique\/103049\/","name":"Une fen\u00eatre pour les zones de bruit critique","isPartOf":{"@id":"https:\/\/batijournal.com\/#website"},"primaryImageOfPage":{"@id":"https:\/\/batijournal.com\/index.php\/une-fenetre-pour-les-zones-de-bruit-critique\/103049\/#primaryimage"},"image":{"@id":"https:\/\/batijournal.com\/index.php\/une-fenetre-pour-les-zones-de-bruit-critique\/103049\/#primaryimage"},"thumbnailUrl":"https:\/\/batijournal.com\/wp-content\/uploads\/2019\/09\/fenetre-lorillard-performances-acoustiques-elevees.png","datePublished":"2019-09-26T06:34:32+00:00","author":{"@id":"https:\/\/batijournal.com\/#\/schema\/person\/1dc96ec6957aa1ccb25ebe78bb19f100"},"description":"Le Groupe Lorillard, signe une innovation technique dans le cadre d\u2019un appel d\u2019offres pour la construction d\u2019un immeuble : une menuiserie \u00e0 41 dB RA,tr","breadcrumb":{"@id":"https:\/\/batijournal.com\/index.php\/une-fenetre-pour-les-zones-de-bruit-critique\/103049\/#breadcrumb"},"inLanguage":"fr-FR","potentialAction":[{"@type":"ReadAction","target":["https:\/\/batijournal.com\/index.php\/une-fenetre-pour-les-zones-de-bruit-critique\/103049\/"]}]},{"@type":"ImageObject","inLanguage":"fr-FR","@id":"https:\/\/batijournal.com\/index.php\/une-fenetre-pour-les-zones-de-bruit-critique\/103049\/#primaryimage","url":"https:\/\/batijournal.com\/wp-content\/uploads\/2019\/09\/fenetre-lorillard-performances-acoustiques-elevees.png","contentUrl":"https:\/\/batijournal.com\/wp-content\/uploads\/2019\/09\/fenetre-lorillard-performances-acoustiques-elevees.png","width":580,"height":614},{"@type":"BreadcrumbList","@id":"https:\/\/batijournal.com\/index.php\/une-fenetre-pour-les-zones-de-bruit-critique\/103049\/#breadcrumb","itemListElement":[{"@type":"ListItem","position":1,"name":"Accueil","item":"https:\/\/batijournal.com\/"},{"@type":"ListItem","position":2,"name":"Produits &amp; Solutions techniques","item":"https:\/\/batijournal.com\/index.php\/category\/produits-solutions-techniques\/"},{"@type":"ListItem","position":3,"name":"Une fen\u00eatre pour les zones de bruit critique"}]},{"@type":"WebSite","@id":"https:\/\/batijournal.com\/#website","url":"https:\/\/batijournal.com\/","name":"Batijournal","description":"L&#039;actualit\u00e9 du b\u00e2timent","potentialAction":[{"@type":"SearchAction","target":{"@type":"EntryPoint","urlTemplate":"https:\/\/batijournal.com\/?s={search_term_string}"},"query-input":{"@type":"PropertyValueSpecification","valueRequired":true,"valueName":"search_term_string"}}],"inLanguage":"fr-FR"},{"@type":"Person","@id":"https:\/\/batijournal.com\/#\/schema\/person\/1dc96ec6957aa1ccb25ebe78bb19f100","name":"St\u00e9phane Miget","image":{"@type":"ImageObject","inLanguage":"fr-FR","@id":"https:\/\/secure.gravatar.com\/avatar\/89915563d925342126b8ef0281b93d9d7fc337043e8df017f780908eb9644451?s=96&d=mm&r=g","url":"https:\/\/secure.gravatar.com\/avatar\/89915563d925342126b8ef0281b93d9d7fc337043e8df017f780908eb9644451?s=96&d=mm&r=g","contentUrl":"https:\/\/secure.gravatar.com\/avatar\/89915563d925342126b8ef0281b93d9d7fc337043e8df017f780908eb9644451?s=96&d=mm&r=g","caption":"St\u00e9phane Miget"},"url":"https:\/\/batijournal.com\/index.php\/author\/stephane\/"}]}},"_links":{"self":[{"href":"https:\/\/batijournal.com\/index.php\/wp-json\/wp\/v2\/posts\/103049","targetHints":{"allow":["GET"]}}],"collection":[{"href":"https:\/\/batijournal.com\/index.php\/wp-json\/wp\/v2\/posts"}],"about":[{"href":"https:\/\/batijournal.com\/index.php\/wp-json\/wp\/v2\/types\/post"}],"author":[{"embeddable":true,"href":"https:\/\/batijournal.com\/index.php\/wp-json\/wp\/v2\/users\/17"}],"replies":[{"embeddable":true,"href":"https:\/\/batijournal.com\/index.php\/wp-json\/wp\/v2\/comments?post=103049"}],"version-history":[{"count":0,"href":"https:\/\/batijournal.com\/index.php\/wp-json\/wp\/v2\/posts\/103049\/revisions"}],"wp:featuredmedia":[{"embeddable":true,"href":"https:\/\/batijournal.com\/index.php\/wp-json\/wp\/v2\/media\/103050"}],"wp:attachment":[{"href":"https:\/\/batijournal.com\/index.php\/wp-json\/wp\/v2\/media?parent=103049"}],"wp:term":[{"taxonomy":"category","embeddable":true,"href":"https:\/\/batijournal.com\/index.php\/wp-json\/wp\/v2\/categories?post=103049"},{"taxonomy":"post_tag","embeddable":true,"href":"https:\/\/batijournal.com\/index.php\/wp-json\/wp\/v2\/tags?post=103049"}],"curies":[{"name":"wp","href":"https:\/\/api.w.org\/{rel}","templated":true}]}}