{"id":103053,"date":"2019-09-30T08:05:03","date_gmt":"2019-09-30T06:05:03","guid":{"rendered":"https:\/\/batijournal.com\/?p=103053"},"modified":"2019-09-30T08:05:03","modified_gmt":"2019-09-30T06:05:03","slug":"le-batiment-sestime-malmene-par-le-gouvernement","status":"publish","type":"post","link":"https:\/\/batijournal.com\/index.php\/le-batiment-sestime-malmene-par-le-gouvernement\/103053\/","title":{"rendered":"Le b\u00e2timent s&rsquo;estime malmen\u00e9 par le gouvernement"},"content":{"rendered":"<p><strong>Dans son projet de loi de finances, le gouvernement fait \u00e9voluer le cr\u00e9dit d\u2019imp\u00f4t pour la transition \u00e9nerg\u00e9tique en 2020. Il se transforme en une prime plus simple et \u00ab\u00a0plus juste\u00a0\u00bb. Elle permettra de financer l\u2019installation d\u2019une chaudi\u00e8re \u00e0 tr\u00e8s haute performance \u00e9nerg\u00e9tique, d\u2019\u00e9quipements de chauffage fonctionnant avec une source d\u2019\u00e9nergie renouvelable ou des travaux d\u2019isolation. Toutes aides confondues, 3,5 Md\u20ac (hors parc social) seront consacr\u00e9s \u00e0 l\u2019accompagnement des Fran\u00e7ais dans la r\u00e9novation \u00e9nerg\u00e9tique de leur logement. Par ailleurs, l\u2019adoption d\u00e9finitive du projet de loi \u00c9nergie-Climat confirme la volont\u00e9 d\u2019acc\u00e9l\u00e9ration du Gouvernement pour le d\u00e9ploiement des \u00e9nergies renouvelables et notamment des projets solaires et veut montrer qu&rsquo;il est d\u00e9termin\u00e9 \u00e0 en finir avec les passoires thermiques.<\/strong><\/p>\n<p>Une premi\u00e8re phase devrait \u00ab\u00a0tr\u00e8s incitative\u00a0\u00bb, elle ajoutera aux aides existantes, qui seront remises \u00e0 plat, un nouvel arsenal de mesures d\u2019information, d\u2019incitation voire de contraintes :<br \/>\n&#8211; L\u2019obligation, \u00e0 partir de 2022, de la r\u00e9alisation d\u2019un audit \u00e9nerg\u00e9tique en cas de mise en vente ou en location d\u2019une passoire thermique, qui contiendra des propositions de travaux adapt\u00e9s au logement, ainsi que leur co\u00fbt estim\u00e9 ;<br \/>\n&#8211; L\u2019obligation, \u00e0 partir de 2022, d\u2019informer un acqu\u00e9reur ou locataire sur ses futures d\u00e9penses d\u2019\u00e9nergie, lors de la vente ou location d\u2019un bien immobilier (dans l\u2019annonce immobili\u00e8re, et l\u2019acte de vente ou le bail locatif par exemple) ;<br \/>\n&#8211; L\u2019interdiction, \u00e0 partir de 2021, pour le propri\u00e9taire d\u2019une passoire thermique d\u2019augmenter librement le loyer entre deux locataires sans l\u2019avoir r\u00e9nov\u00e9e ;<br \/>\n&#8211; D\u00e8s 2023, les logements extr\u00eamement consommateurs d\u2019\u00e9nergies, avec un seuil \u00e0 d\u00e9terminer, seront qualifi\u00e9s de \u00ab logements ind\u00e9cents \u00bb, contraignant ainsi les propri\u00e9taires \u00e0 les r\u00e9nover ou ne plus les louer, au m\u00eame titre que les logements qui ne respectent pas des normes de s\u00e9curit\u00e9 ou de confort minimal ou ceux de trop petite surface.<br \/>\nUne seconde phase d\u2019obligation de travaux consistera \u00e0 introduire une obligation pour tous les propri\u00e9taires d\u2019une passoire thermique, d\u2019avoir r\u00e9alis\u00e9 en 2028 des travaux d\u2019am\u00e9lioration de la performance \u00e9nerg\u00e9tique de leur logement, permettant d\u2019atteindre une classe au moins E.\u00a0Le projet de loi cr\u00e9e une feuille de route quinquennale de la r\u00e9novation \u00e9nerg\u00e9tique des b\u00e2timents.<\/p>\n<p><strong>Les r\u00e9actions des professionnels \u00e0 ces textes n&rsquo;ont pas tard\u00e9 \u00e0 pleuvoir.<\/strong> <strong>L\u2019AIMCC<\/strong> (Association fran\u00e7aise des industries des produits de construction) regrette que le message des professionnels consult\u00e9s durant les derni\u00e8res semaines n\u2019ait pas \u00e9t\u00e9 entendu et alerte sur le manque de coh\u00e9rence entre la r\u00e9forme du CITE et les engagements fran\u00e7ais de la Strat\u00e9gie Nationale Bas-Carbone. La suppression du CITE pour les m\u00e9nages aux revenus les plus \u00e9lev\u00e9s (9\u00e8me et 10\u00e8me d\u00e9ciles) \u00e9carte ceux qui consomment environ 50 % de l\u2019enveloppe du dispositif actuel et revient \u00e0 les d\u00e9tourner du march\u00e9 de la r\u00e9novation \u00e9nerg\u00e9tique. Quant au signal envoy\u00e9 aux m\u00e9nages modestes et tr\u00e8s modestes, il apparait \u00e9galement n\u00e9gatif \u00e0 de nombreux \u00e9gards dans la mesure o\u00f9 le reste \u00e0 charge pour les m\u00e9nages devient d\u00e9sormais trop important pour de nombreux actes de r\u00e9novation : division par deux des aides pour les pompes \u00e0 chaleur air\/eau, forte baisse des aides d\u00e9di\u00e9es \u00e0 l\u2019isolation des parois opaques, nouvelle baisse de l\u2019aide pour les parois vitr\u00e9es pour les m\u00e9nages tr\u00e8s modestes, suppression de l\u2019aide pour l\u2019isolation des planchers bas et pour les dispositifs de r\u00e9gulation\/programmation.<\/p>\n<p><strong>Jacques Chanut, pr\u00e9sident de la FFB a r\u00e9agi vivement<\/strong> : \u00ab\u00a0apr\u00e8s la mise en place de l\u2019IFI, la suppression de l\u2019APL accession, le rabotage du PTZ neuf en zones B2 et C et l\u2019\u00e9lagage du Pinel en B2 intervenus en 2018, puis le tour de vis sur le CITE de 2019, c&rsquo;est le troisi\u00e8me budget cons\u00e9cutif \u00e0 la baisse.\u00a0\u00bb\u00a0Les artisans et entrepreneurs du b\u00e2timent vont subir une double peine dans leur cycle d\u2019exploitation, avec la suppression de l\u2019acc\u00e8s au gasoil non routier (GNR) et avec le rabotage de la d\u00e9duction forfaitaire sp\u00e9cifique (DFS), qui n\u2019a rien de social puisqu\u2019il va renforcer la concurrence du travail ill\u00e9gal en augmentant les charges sociales sur les salaires du secteur.<\/p>\n<p><strong>Parall\u00e8lement \u00e0 la publication de ces textes, la ministre de la transition \u00e9nerg\u00e9tique a accus\u00e9, lors d&rsquo;un entretien \u00e0 la radio, les artisans de proc\u00e9der \u00e0 des \u00ab v\u00e9ritables harc\u00e8lements t\u00e9l\u00e9phoniques \u00bb et puis ensuite de \u00ab mal faire le travail \u00bb aupr\u00e8s de clients cr\u00e9dules. Or appeler \u00ab 10 fois par jour \u00bb un prospect n\u2019est pas dans les capacit\u00e9s des artisans.<\/strong><\/p>\n<p>Face \u00e0 cette stigmatisation,<strong> la Capeb a \u00e9galement r\u00e9pondu<\/strong> : C\u2019est bien mal connaitre la vie des entreprises artisanales o\u00f9 tous les salari\u00e9s et le chef d\u2019entreprise sont \u00e0 la production. Les malfa\u00e7ons proviennent principalement des g\u00e9ants-du-1-euro qui, apr\u00e8s avoir brass\u00e9 largement, avec la neutralit\u00e9 bienveillante du gouvernement, sont oblig\u00e9s de faire appel \u00e0 de la main d\u2019\u0153uvre sous-traitante, plus ou moins qualifi\u00e9e, attir\u00e9e par ces march\u00e9s d\u2019opportunit\u00e9. Le Gouvernement, qui entend faire \u00ab de la politique de r\u00e9novation \u00e9nerg\u00e9tique des b\u00e2timents une priorit\u00e9 de l\u2019acte II du quinquennat \u00bb, ne devrait pas pratiquer un tel amalgame pr\u00e9judiciable accusant publiquement les entreprises d\u2019\u00eatre \u00ab \u00e9co-d\u00e9linquantes \u00bb.<\/p>\n","protected":false},"excerpt":{"rendered":"<p>Dans son projet de loi de finances, le gouvernement fait \u00e9voluer le cr\u00e9dit d\u2019imp\u00f4t pour la transition \u00e9nerg\u00e9tique en 2020. Il se transforme en une prime plus simple et \u00ab\u00a0plus juste\u00a0\u00bb. Elle permettra de financer l\u2019installation d\u2019une chaudi\u00e8re \u00e0 tr\u00e8s haute performance \u00e9nerg\u00e9tique, d\u2019\u00e9quipements de chauffage fonctionnant avec une source d\u2019\u00e9nergie renouvelable ou des travaux [&hellip;]<\/p>\n","protected":false},"author":17,"featured_media":98496,"comment_status":"closed","ping_status":"closed","sticky":false,"template":"","format":"standard","meta":{"_et_pb_use_builder":"","_et_pb_old_content":"","_et_gb_content_width":"","footnotes":""},"categories":[10736,10530,6351,10781,10778],"tags":[428,12119],"class_list":["post-103053","post","type-post","status-publish","format-standard","has-post-thumbnail","hentry","category-a-la-une","category-actualites","category-energie-environnement","category-publications-planete","category-planete","tag-credit-dimpot","tag-passoires-thermiques"],"yoast_head":"<!-- This site is optimized with the Yoast SEO plugin v27.4 - https:\/\/yoast.com\/product\/yoast-seo-wordpress\/ -->\n<title>Le b\u00e2timent s&#039;estime malmen\u00e9 par le gouvernement<\/title>\n<meta name=\"description\" content=\"Dans son projet de loi de finances, le gouvernement fait \u00e9voluer le cr\u00e9dit d\u2019imp\u00f4t pour la transition \u00e9nerg\u00e9tique en 2020. Il se transforme en une prime\" \/>\n<meta name=\"robots\" content=\"index, follow, max-snippet:-1, max-image-preview:large, max-video-preview:-1\" \/>\n<link rel=\"canonical\" href=\"https:\/\/batijournal.com\/index.php\/le-batiment-sestime-malmene-par-le-gouvernement\/103053\/\" \/>\n<meta property=\"og:locale\" content=\"fr_FR\" \/>\n<meta property=\"og:type\" content=\"article\" \/>\n<meta property=\"og:title\" content=\"Le b\u00e2timent s&#039;estime malmen\u00e9 par le gouvernement\" \/>\n<meta property=\"og:description\" content=\"Dans son projet de loi de finances, le gouvernement fait \u00e9voluer le cr\u00e9dit d\u2019imp\u00f4t pour la transition \u00e9nerg\u00e9tique en 2020. Il se transforme en une prime\" \/>\n<meta property=\"og:url\" content=\"https:\/\/batijournal.com\/index.php\/le-batiment-sestime-malmene-par-le-gouvernement\/103053\/\" \/>\n<meta property=\"og:site_name\" content=\"Batijournal\" \/>\n<meta property=\"article:published_time\" content=\"2019-09-30T06:05:03+00:00\" \/>\n<meta property=\"og:image\" content=\"https:\/\/batijournal.com\/wp-content\/uploads\/2018\/02\/ite.jpg\" \/>\n\t<meta property=\"og:image:width\" content=\"1200\" \/>\n\t<meta property=\"og:image:height\" content=\"779\" \/>\n\t<meta property=\"og:image:type\" content=\"image\/jpeg\" \/>\n<meta name=\"author\" content=\"St\u00e9phane Miget\" \/>\n<meta name=\"twitter:card\" content=\"summary_large_image\" \/>\n<meta name=\"twitter:creator\" content=\"@bati_journal\" \/>\n<meta name=\"twitter:site\" content=\"@bati_journal\" \/>\n<meta name=\"twitter:label1\" content=\"\u00c9crit par\" \/>\n\t<meta name=\"twitter:data1\" content=\"St\u00e9phane Miget\" \/>\n\t<meta name=\"twitter:label2\" content=\"Dur\u00e9e de lecture estim\u00e9e\" \/>\n\t<meta name=\"twitter:data2\" content=\"5 minutes\" \/>\n<script type=\"application\/ld+json\" class=\"yoast-schema-graph\">{\"@context\":\"https:\\\/\\\/schema.org\",\"@graph\":[{\"@type\":\"Article\",\"@id\":\"https:\\\/\\\/batijournal.com\\\/index.php\\\/le-batiment-sestime-malmene-par-le-gouvernement\\\/103053\\\/#article\",\"isPartOf\":{\"@id\":\"https:\\\/\\\/batijournal.com\\\/index.php\\\/le-batiment-sestime-malmene-par-le-gouvernement\\\/103053\\\/\"},\"author\":{\"name\":\"St\u00e9phane Miget\",\"@id\":\"https:\\\/\\\/batijournal.com\\\/#\\\/schema\\\/person\\\/1dc96ec6957aa1ccb25ebe78bb19f100\"},\"headline\":\"Le b\u00e2timent s&rsquo;estime malmen\u00e9 par le gouvernement\",\"datePublished\":\"2019-09-30T06:05:03+00:00\",\"mainEntityOfPage\":{\"@id\":\"https:\\\/\\\/batijournal.com\\\/index.php\\\/le-batiment-sestime-malmene-par-le-gouvernement\\\/103053\\\/\"},\"wordCount\":941,\"image\":{\"@id\":\"https:\\\/\\\/batijournal.com\\\/index.php\\\/le-batiment-sestime-malmene-par-le-gouvernement\\\/103053\\\/#primaryimage\"},\"thumbnailUrl\":\"https:\\\/\\\/batijournal.com\\\/wp-content\\\/uploads\\\/2018\\\/02\\\/ite.jpg\",\"keywords\":[\"cr\u00e9dit d'imp\u00f4t\",\"passoires thermiques\"],\"articleSection\":[\"A la Une\",\"Actualit\u00e9s\",\"\u00c9nergie &amp; Environnement\",\"zz_Actualit\u00e9s - Plan\u00e8te\",\"zz_Plan\u00e8te B\u00e2timent\"],\"inLanguage\":\"fr-FR\"},{\"@type\":\"WebPage\",\"@id\":\"https:\\\/\\\/batijournal.com\\\/index.php\\\/le-batiment-sestime-malmene-par-le-gouvernement\\\/103053\\\/\",\"url\":\"https:\\\/\\\/batijournal.com\\\/index.php\\\/le-batiment-sestime-malmene-par-le-gouvernement\\\/103053\\\/\",\"name\":\"Le b\u00e2timent s'estime malmen\u00e9 par le gouvernement\",\"isPartOf\":{\"@id\":\"https:\\\/\\\/batijournal.com\\\/#website\"},\"primaryImageOfPage\":{\"@id\":\"https:\\\/\\\/batijournal.com\\\/index.php\\\/le-batiment-sestime-malmene-par-le-gouvernement\\\/103053\\\/#primaryimage\"},\"image\":{\"@id\":\"https:\\\/\\\/batijournal.com\\\/index.php\\\/le-batiment-sestime-malmene-par-le-gouvernement\\\/103053\\\/#primaryimage\"},\"thumbnailUrl\":\"https:\\\/\\\/batijournal.com\\\/wp-content\\\/uploads\\\/2018\\\/02\\\/ite.jpg\",\"datePublished\":\"2019-09-30T06:05:03+00:00\",\"author\":{\"@id\":\"https:\\\/\\\/batijournal.com\\\/#\\\/schema\\\/person\\\/1dc96ec6957aa1ccb25ebe78bb19f100\"},\"description\":\"Dans son projet de loi de finances, le gouvernement fait \u00e9voluer le cr\u00e9dit d\u2019imp\u00f4t pour la transition \u00e9nerg\u00e9tique en 2020. Il se transforme en une prime\",\"breadcrumb\":{\"@id\":\"https:\\\/\\\/batijournal.com\\\/index.php\\\/le-batiment-sestime-malmene-par-le-gouvernement\\\/103053\\\/#breadcrumb\"},\"inLanguage\":\"fr-FR\",\"potentialAction\":[{\"@type\":\"ReadAction\",\"target\":[\"https:\\\/\\\/batijournal.com\\\/index.php\\\/le-batiment-sestime-malmene-par-le-gouvernement\\\/103053\\\/\"]}]},{\"@type\":\"ImageObject\",\"inLanguage\":\"fr-FR\",\"@id\":\"https:\\\/\\\/batijournal.com\\\/index.php\\\/le-batiment-sestime-malmene-par-le-gouvernement\\\/103053\\\/#primaryimage\",\"url\":\"https:\\\/\\\/batijournal.com\\\/wp-content\\\/uploads\\\/2018\\\/02\\\/ite.jpg\",\"contentUrl\":\"https:\\\/\\\/batijournal.com\\\/wp-content\\\/uploads\\\/2018\\\/02\\\/ite.jpg\",\"width\":1200,\"height\":779,\"caption\":\"Energie-Climat ADEME\"},{\"@type\":\"BreadcrumbList\",\"@id\":\"https:\\\/\\\/batijournal.com\\\/index.php\\\/le-batiment-sestime-malmene-par-le-gouvernement\\\/103053\\\/#breadcrumb\",\"itemListElement\":[{\"@type\":\"ListItem\",\"position\":1,\"name\":\"Accueil\",\"item\":\"https:\\\/\\\/batijournal.com\\\/\"},{\"@type\":\"ListItem\",\"position\":2,\"name\":\"A la Une\",\"item\":\"https:\\\/\\\/batijournal.com\\\/index.php\\\/category\\\/a-la-une\\\/\"},{\"@type\":\"ListItem\",\"position\":3,\"name\":\"Le b\u00e2timent s&rsquo;estime malmen\u00e9 par le gouvernement\"}]},{\"@type\":\"WebSite\",\"@id\":\"https:\\\/\\\/batijournal.com\\\/#website\",\"url\":\"https:\\\/\\\/batijournal.com\\\/\",\"name\":\"Batijournal\",\"description\":\"L&#039;actualit\u00e9 du b\u00e2timent\",\"potentialAction\":[{\"@type\":\"SearchAction\",\"target\":{\"@type\":\"EntryPoint\",\"urlTemplate\":\"https:\\\/\\\/batijournal.com\\\/?s={search_term_string}\"},\"query-input\":{\"@type\":\"PropertyValueSpecification\",\"valueRequired\":true,\"valueName\":\"search_term_string\"}}],\"inLanguage\":\"fr-FR\"},{\"@type\":\"Person\",\"@id\":\"https:\\\/\\\/batijournal.com\\\/#\\\/schema\\\/person\\\/1dc96ec6957aa1ccb25ebe78bb19f100\",\"name\":\"St\u00e9phane Miget\",\"image\":{\"@type\":\"ImageObject\",\"inLanguage\":\"fr-FR\",\"@id\":\"https:\\\/\\\/secure.gravatar.com\\\/avatar\\\/89915563d925342126b8ef0281b93d9d7fc337043e8df017f780908eb9644451?s=96&d=mm&r=g\",\"url\":\"https:\\\/\\\/secure.gravatar.com\\\/avatar\\\/89915563d925342126b8ef0281b93d9d7fc337043e8df017f780908eb9644451?s=96&d=mm&r=g\",\"contentUrl\":\"https:\\\/\\\/secure.gravatar.com\\\/avatar\\\/89915563d925342126b8ef0281b93d9d7fc337043e8df017f780908eb9644451?s=96&d=mm&r=g\",\"caption\":\"St\u00e9phane Miget\"},\"url\":\"https:\\\/\\\/batijournal.com\\\/index.php\\\/author\\\/stephane\\\/\"}]}<\/script>\n<!-- \/ Yoast SEO plugin. -->","yoast_head_json":{"title":"Le b\u00e2timent s'estime malmen\u00e9 par le gouvernement","description":"Dans son projet de loi de finances, le gouvernement fait \u00e9voluer le cr\u00e9dit d\u2019imp\u00f4t pour la transition \u00e9nerg\u00e9tique en 2020. Il se transforme en une prime","robots":{"index":"index","follow":"follow","max-snippet":"max-snippet:-1","max-image-preview":"max-image-preview:large","max-video-preview":"max-video-preview:-1"},"canonical":"https:\/\/batijournal.com\/index.php\/le-batiment-sestime-malmene-par-le-gouvernement\/103053\/","og_locale":"fr_FR","og_type":"article","og_title":"Le b\u00e2timent s'estime malmen\u00e9 par le gouvernement","og_description":"Dans son projet de loi de finances, le gouvernement fait \u00e9voluer le cr\u00e9dit d\u2019imp\u00f4t pour la transition \u00e9nerg\u00e9tique en 2020. Il se transforme en une prime","og_url":"https:\/\/batijournal.com\/index.php\/le-batiment-sestime-malmene-par-le-gouvernement\/103053\/","og_site_name":"Batijournal","article_published_time":"2019-09-30T06:05:03+00:00","og_image":[{"width":1200,"height":779,"url":"https:\/\/batijournal.com\/wp-content\/uploads\/2018\/02\/ite.jpg","type":"image\/jpeg"}],"author":"St\u00e9phane Miget","twitter_card":"summary_large_image","twitter_creator":"@bati_journal","twitter_site":"@bati_journal","twitter_misc":{"\u00c9crit par":"St\u00e9phane Miget","Dur\u00e9e de lecture estim\u00e9e":"5 minutes"},"schema":{"@context":"https:\/\/schema.org","@graph":[{"@type":"Article","@id":"https:\/\/batijournal.com\/index.php\/le-batiment-sestime-malmene-par-le-gouvernement\/103053\/#article","isPartOf":{"@id":"https:\/\/batijournal.com\/index.php\/le-batiment-sestime-malmene-par-le-gouvernement\/103053\/"},"author":{"name":"St\u00e9phane Miget","@id":"https:\/\/batijournal.com\/#\/schema\/person\/1dc96ec6957aa1ccb25ebe78bb19f100"},"headline":"Le b\u00e2timent s&rsquo;estime malmen\u00e9 par le gouvernement","datePublished":"2019-09-30T06:05:03+00:00","mainEntityOfPage":{"@id":"https:\/\/batijournal.com\/index.php\/le-batiment-sestime-malmene-par-le-gouvernement\/103053\/"},"wordCount":941,"image":{"@id":"https:\/\/batijournal.com\/index.php\/le-batiment-sestime-malmene-par-le-gouvernement\/103053\/#primaryimage"},"thumbnailUrl":"https:\/\/batijournal.com\/wp-content\/uploads\/2018\/02\/ite.jpg","keywords":["cr\u00e9dit d'imp\u00f4t","passoires thermiques"],"articleSection":["A la Une","Actualit\u00e9s","\u00c9nergie &amp; Environnement","zz_Actualit\u00e9s - Plan\u00e8te","zz_Plan\u00e8te B\u00e2timent"],"inLanguage":"fr-FR"},{"@type":"WebPage","@id":"https:\/\/batijournal.com\/index.php\/le-batiment-sestime-malmene-par-le-gouvernement\/103053\/","url":"https:\/\/batijournal.com\/index.php\/le-batiment-sestime-malmene-par-le-gouvernement\/103053\/","name":"Le b\u00e2timent s'estime malmen\u00e9 par le gouvernement","isPartOf":{"@id":"https:\/\/batijournal.com\/#website"},"primaryImageOfPage":{"@id":"https:\/\/batijournal.com\/index.php\/le-batiment-sestime-malmene-par-le-gouvernement\/103053\/#primaryimage"},"image":{"@id":"https:\/\/batijournal.com\/index.php\/le-batiment-sestime-malmene-par-le-gouvernement\/103053\/#primaryimage"},"thumbnailUrl":"https:\/\/batijournal.com\/wp-content\/uploads\/2018\/02\/ite.jpg","datePublished":"2019-09-30T06:05:03+00:00","author":{"@id":"https:\/\/batijournal.com\/#\/schema\/person\/1dc96ec6957aa1ccb25ebe78bb19f100"},"description":"Dans son projet de loi de finances, le gouvernement fait \u00e9voluer le cr\u00e9dit d\u2019imp\u00f4t pour la transition \u00e9nerg\u00e9tique en 2020. Il se transforme en une prime","breadcrumb":{"@id":"https:\/\/batijournal.com\/index.php\/le-batiment-sestime-malmene-par-le-gouvernement\/103053\/#breadcrumb"},"inLanguage":"fr-FR","potentialAction":[{"@type":"ReadAction","target":["https:\/\/batijournal.com\/index.php\/le-batiment-sestime-malmene-par-le-gouvernement\/103053\/"]}]},{"@type":"ImageObject","inLanguage":"fr-FR","@id":"https:\/\/batijournal.com\/index.php\/le-batiment-sestime-malmene-par-le-gouvernement\/103053\/#primaryimage","url":"https:\/\/batijournal.com\/wp-content\/uploads\/2018\/02\/ite.jpg","contentUrl":"https:\/\/batijournal.com\/wp-content\/uploads\/2018\/02\/ite.jpg","width":1200,"height":779,"caption":"Energie-Climat ADEME"},{"@type":"BreadcrumbList","@id":"https:\/\/batijournal.com\/index.php\/le-batiment-sestime-malmene-par-le-gouvernement\/103053\/#breadcrumb","itemListElement":[{"@type":"ListItem","position":1,"name":"Accueil","item":"https:\/\/batijournal.com\/"},{"@type":"ListItem","position":2,"name":"A la Une","item":"https:\/\/batijournal.com\/index.php\/category\/a-la-une\/"},{"@type":"ListItem","position":3,"name":"Le b\u00e2timent s&rsquo;estime malmen\u00e9 par le gouvernement"}]},{"@type":"WebSite","@id":"https:\/\/batijournal.com\/#website","url":"https:\/\/batijournal.com\/","name":"Batijournal","description":"L&#039;actualit\u00e9 du b\u00e2timent","potentialAction":[{"@type":"SearchAction","target":{"@type":"EntryPoint","urlTemplate":"https:\/\/batijournal.com\/?s={search_term_string}"},"query-input":{"@type":"PropertyValueSpecification","valueRequired":true,"valueName":"search_term_string"}}],"inLanguage":"fr-FR"},{"@type":"Person","@id":"https:\/\/batijournal.com\/#\/schema\/person\/1dc96ec6957aa1ccb25ebe78bb19f100","name":"St\u00e9phane Miget","image":{"@type":"ImageObject","inLanguage":"fr-FR","@id":"https:\/\/secure.gravatar.com\/avatar\/89915563d925342126b8ef0281b93d9d7fc337043e8df017f780908eb9644451?s=96&d=mm&r=g","url":"https:\/\/secure.gravatar.com\/avatar\/89915563d925342126b8ef0281b93d9d7fc337043e8df017f780908eb9644451?s=96&d=mm&r=g","contentUrl":"https:\/\/secure.gravatar.com\/avatar\/89915563d925342126b8ef0281b93d9d7fc337043e8df017f780908eb9644451?s=96&d=mm&r=g","caption":"St\u00e9phane Miget"},"url":"https:\/\/batijournal.com\/index.php\/author\/stephane\/"}]}},"_links":{"self":[{"href":"https:\/\/batijournal.com\/index.php\/wp-json\/wp\/v2\/posts\/103053","targetHints":{"allow":["GET"]}}],"collection":[{"href":"https:\/\/batijournal.com\/index.php\/wp-json\/wp\/v2\/posts"}],"about":[{"href":"https:\/\/batijournal.com\/index.php\/wp-json\/wp\/v2\/types\/post"}],"author":[{"embeddable":true,"href":"https:\/\/batijournal.com\/index.php\/wp-json\/wp\/v2\/users\/17"}],"replies":[{"embeddable":true,"href":"https:\/\/batijournal.com\/index.php\/wp-json\/wp\/v2\/comments?post=103053"}],"version-history":[{"count":0,"href":"https:\/\/batijournal.com\/index.php\/wp-json\/wp\/v2\/posts\/103053\/revisions"}],"wp:featuredmedia":[{"embeddable":true,"href":"https:\/\/batijournal.com\/index.php\/wp-json\/wp\/v2\/media\/98496"}],"wp:attachment":[{"href":"https:\/\/batijournal.com\/index.php\/wp-json\/wp\/v2\/media?parent=103053"}],"wp:term":[{"taxonomy":"category","embeddable":true,"href":"https:\/\/batijournal.com\/index.php\/wp-json\/wp\/v2\/categories?post=103053"},{"taxonomy":"post_tag","embeddable":true,"href":"https:\/\/batijournal.com\/index.php\/wp-json\/wp\/v2\/tags?post=103053"}],"curies":[{"name":"wp","href":"https:\/\/api.w.org\/{rel}","templated":true}]}}