{"id":103062,"date":"2019-09-30T17:21:33","date_gmt":"2019-09-30T15:21:33","guid":{"rendered":"https:\/\/batijournal.com\/?p=103062"},"modified":"2019-10-02T10:20:58","modified_gmt":"2019-10-02T08:20:58","slug":"notre-dame-de-paris-bernard-arnauld-et-la-famille-pinault-concretisent-leurs-promesses-de-don","status":"publish","type":"post","link":"https:\/\/batijournal.com\/index.php\/notre-dame-de-paris-bernard-arnauld-et-la-famille-pinault-concretisent-leurs-promesses-de-don\/103062\/","title":{"rendered":"Notre-Dame de Paris : Bernard Arnauld et la famille Pinault concr\u00e9tisent leurs promesses de don"},"content":{"rendered":"<p>Suite \u00e0 l&rsquo;incendie de la Cath\u00e9drale, Bernard Arnauld avait fait une promesse de 200 millions d&rsquo;euros pour la restauration de Notre-Dame de Paris. Promesse qui a \u00e9t\u00e9 officialis\u00e9e le mardi 24 septembre apr\u00e8s la signature d&rsquo;une convention avec la Fondation Notre-Dame. Et aujourd&rsquo;hui, le 30 septembre, MM. Fran\u00e7ois et Fran\u00e7ois-Henri Pinault, ont \u00e9galement sign\u00e9 une convention de 100 millions d&rsquo;\u20ac. Ce sont donc environ 380 millions d&rsquo;euros de dons ou de promesses \u00ab concr\u00e9tis\u00e9es \u00bb.<\/p>\n<p>Pour Mgr Aupetit, archev\u00eaque de Paris, <em>\u00ab ces contributions sont \u00e9videmment majeures pour ce chantier \u2013 peut-\u00eatre celui du si\u00e8cle \u2013 en tout cas qui n\u00e9cessite un soin tr\u00e8s grand et des moyens consid\u00e9rables. Au nom de la Fondation Notre Dame, j\u2019exprime notre vive et profonde reconnaissance \u00e0 ces grands entrepreneurs, tout comme \u00e0 la multitude des autres donateurs qui contribuent \u00e0 cette restauration. Je tiens \u00e0 les en remercier tous ensemble. \u00bb<\/em><\/p>\n<div class=\"width_full flex\">\n<div class=\"article-section margin_bottom_article\">\n<section class=\"content\">\n<p class=\"paragraph text_align_left\" data-original-fontsize=\"19px\" data-original-lineheight=\"30px\">Selon la loi de restauration de Notre-Dame vot\u00e9e cet \u00e9t\u00e9, les dons seront revers\u00e9s \u00e0 l&rsquo;\u00c9tat ou \u00e0 l&rsquo;\u00e9tablissement public charg\u00e9 de la conservation et de la restauration de la cath\u00e9drale.<\/p>\n<p data-original-fontsize=\"19px\" data-original-lineheight=\"30px\">\n<\/section>\n<\/div>\n<\/div>\n<blockquote class=\"twitter-tweet\">\n<p dir=\"ltr\" lang=\"fr\">Signature par Bernard Arnault et Mgr <a href=\"https:\/\/twitter.com\/MichelAupetit?ref_src=twsrc%5Etfw\">@MichelAupetit<\/a>, pr\u00e9sident de la <a href=\"https:\/\/twitter.com\/FondationND?ref_src=twsrc%5Etfw\">@FondationND<\/a>, de la convention de don pour la restauration de <a href=\"https:\/\/twitter.com\/hashtag\/NotreDame?src=hash&amp;ref_src=twsrc%5Etfw\">#NotreDame<\/a><br \/>\nEn savoir plus \u27a1\ufe0f <a href=\"https:\/\/t.co\/Bw59AYVy2D\">https:\/\/t.co\/Bw59AYVy2D<\/a> <a href=\"https:\/\/t.co\/0WJJqk1hTZ\">pic.twitter.com\/0WJJqk1hTZ<\/a><\/p>\n<p>\u2014 Fondation Notre Dame (@FondationND) <a href=\"https:\/\/twitter.com\/FondationND\/status\/1176766277026746368?ref_src=twsrc%5Etfw\">September 25, 2019<\/a><\/p><\/blockquote>\n<p><script async src=\"https:\/\/platform.twitter.com\/widgets.js\" charset=\"utf-8\"><\/script><\/p>\n<div class=\"wpb_text_column wpb_content_element \">\n<div class=\"wpb_wrapper\">\n<p>La fondation Notre-Dame stipule que <em>\u00ab\u00a0le montant total n\u00e9cessaire \u00e0 la restauration de la cath\u00e9drale demeure inconnu et devrait le rester jusqu\u2019\u00e0 la fin du printemps 2020. C\u2019est pourquoi la Fondation Notre Dame poursuit la collecte avec d\u00e9termination car chaque euro compte pour s\u2019assurer d\u2019un soutien et d\u2019un financement dans la dur\u00e9e, jusqu\u2019\u00e0 la fin du chantier.\u00a0\u00bb\u00a0<\/em><\/p>\n<\/div>\n<\/div>\n<div class=\"wpb_text_column wpb_content_element \">\n<div class=\"wpb_wrapper\"><em>\u00a9La Fondation Notre Dame<\/em><\/div>\n<\/div>\n","protected":false},"excerpt":{"rendered":"<p>Suite \u00e0 l&rsquo;incendie de la Cath\u00e9drale, Bernard Arnauld avait fait une promesse de 200 millions d&rsquo;euros pour la restauration de Notre-Dame de Paris. Promesse qui a \u00e9t\u00e9 officialis\u00e9e le mardi 24 septembre apr\u00e8s la signature d&rsquo;une convention avec la Fondation Notre-Dame. Et aujourd&rsquo;hui, le 30 septembre, MM. Fran\u00e7ois et Fran\u00e7ois-Henri Pinault, ont \u00e9galement sign\u00e9 une [&hellip;]<\/p>\n","protected":false},"author":1,"featured_media":103063,"comment_status":"closed","ping_status":"closed","sticky":false,"template":"","format":"standard","meta":{"_et_pb_use_builder":"","_et_pb_old_content":"","_et_gb_content_width":"","footnotes":""},"categories":[10530,6340,10789,10785],"tags":[6842],"class_list":["post-103062","post","type-post","status-publish","format-standard","has-post-thumbnail","hentry","category-actualites","category-architecture-conception","category-publications-atrium","category-atrium","tag-notre-dame-de-paris"],"yoast_head":"<!-- This site is optimized with the Yoast SEO plugin v27.4 - https:\/\/yoast.com\/product\/yoast-seo-wordpress\/ -->\n<title>Fondation Notre Dame : les promesses de don se concr\u00e9tisent<\/title>\n<meta name=\"description\" content=\"Suite \u00e0 l&#039;incendie de la Cath\u00e9drale, Bernard Arnauld avait fait une promesse de 200 millions d&#039;euros pour la restauration de Notre-Dame de Paris.\" \/>\n<meta name=\"robots\" content=\"index, follow, max-snippet:-1, max-image-preview:large, max-video-preview:-1\" \/>\n<link rel=\"canonical\" href=\"https:\/\/batijournal.com\/index.php\/notre-dame-de-paris-bernard-arnauld-et-la-famille-pinault-concretisent-leurs-promesses-de-don\/103062\/\" \/>\n<meta property=\"og:locale\" content=\"fr_FR\" \/>\n<meta property=\"og:type\" content=\"article\" \/>\n<meta property=\"og:title\" content=\"Fondation Notre Dame : les promesses de don se concr\u00e9tisent\" \/>\n<meta property=\"og:description\" content=\"Suite \u00e0 l&#039;incendie de la Cath\u00e9drale, Bernard Arnauld avait fait une promesse de 200 millions d&#039;euros pour la restauration de Notre-Dame de Paris.\" \/>\n<meta property=\"og:url\" content=\"https:\/\/batijournal.com\/index.php\/notre-dame-de-paris-bernard-arnauld-et-la-famille-pinault-concretisent-leurs-promesses-de-don\/103062\/\" \/>\n<meta property=\"og:site_name\" content=\"Batijournal\" \/>\n<meta property=\"article:published_time\" content=\"2019-09-30T15:21:33+00:00\" \/>\n<meta property=\"article:modified_time\" content=\"2019-10-02T08:20:58+00:00\" \/>\n<meta property=\"og:image\" content=\"https:\/\/batijournal.com\/wp-content\/uploads\/2019\/09\/convention-signature-notre-dame-de-paris-lafondationnotredame-e1569857227324.png\" \/>\n\t<meta property=\"og:image:width\" content=\"710\" \/>\n\t<meta property=\"og:image:height\" content=\"324\" \/>\n\t<meta property=\"og:image:type\" content=\"image\/png\" \/>\n<meta name=\"author\" content=\"Bati-journal\" \/>\n<meta name=\"twitter:card\" content=\"summary_large_image\" \/>\n<meta name=\"twitter:creator\" content=\"@bati_journal\" \/>\n<meta name=\"twitter:site\" content=\"@bati_journal\" \/>\n<meta name=\"twitter:label1\" content=\"\u00c9crit par\" \/>\n\t<meta name=\"twitter:data1\" content=\"Bati-journal\" \/>\n\t<meta name=\"twitter:label2\" content=\"Dur\u00e9e de lecture estim\u00e9e\" \/>\n\t<meta name=\"twitter:data2\" content=\"1 minute\" \/>\n<script type=\"application\/ld+json\" class=\"yoast-schema-graph\">{\"@context\":\"https:\\\/\\\/schema.org\",\"@graph\":[{\"@type\":\"Article\",\"@id\":\"https:\\\/\\\/batijournal.com\\\/index.php\\\/notre-dame-de-paris-bernard-arnauld-et-la-famille-pinault-concretisent-leurs-promesses-de-don\\\/103062\\\/#article\",\"isPartOf\":{\"@id\":\"https:\\\/\\\/batijournal.com\\\/index.php\\\/notre-dame-de-paris-bernard-arnauld-et-la-famille-pinault-concretisent-leurs-promesses-de-don\\\/103062\\\/\"},\"author\":{\"name\":\"Bati-journal\",\"@id\":\"https:\\\/\\\/batijournal.com\\\/#\\\/schema\\\/person\\\/6a657e8967569e1b299972574848aa76\"},\"headline\":\"Notre-Dame de Paris : Bernard Arnauld et la famille Pinault concr\u00e9tisent leurs promesses de don\",\"datePublished\":\"2019-09-30T15:21:33+00:00\",\"dateModified\":\"2019-10-02T08:20:58+00:00\",\"mainEntityOfPage\":{\"@id\":\"https:\\\/\\\/batijournal.com\\\/index.php\\\/notre-dame-de-paris-bernard-arnauld-et-la-famille-pinault-concretisent-leurs-promesses-de-don\\\/103062\\\/\"},\"wordCount\":308,\"image\":{\"@id\":\"https:\\\/\\\/batijournal.com\\\/index.php\\\/notre-dame-de-paris-bernard-arnauld-et-la-famille-pinault-concretisent-leurs-promesses-de-don\\\/103062\\\/#primaryimage\"},\"thumbnailUrl\":\"https:\\\/\\\/batijournal.com\\\/wp-content\\\/uploads\\\/2019\\\/09\\\/convention-signature-notre-dame-de-paris-lafondationnotredame-e1569857227324.png\",\"keywords\":[\"notre dame de paris\"],\"articleSection\":[\"Actualit\u00e9s\",\"Architecture &amp; Conception\",\"zz_Actualit\u00e9s - Atrium\",\"zz_Atrium Patrimoine\"],\"inLanguage\":\"fr-FR\"},{\"@type\":\"WebPage\",\"@id\":\"https:\\\/\\\/batijournal.com\\\/index.php\\\/notre-dame-de-paris-bernard-arnauld-et-la-famille-pinault-concretisent-leurs-promesses-de-don\\\/103062\\\/\",\"url\":\"https:\\\/\\\/batijournal.com\\\/index.php\\\/notre-dame-de-paris-bernard-arnauld-et-la-famille-pinault-concretisent-leurs-promesses-de-don\\\/103062\\\/\",\"name\":\"Fondation Notre Dame : les promesses de don se concr\u00e9tisent\",\"isPartOf\":{\"@id\":\"https:\\\/\\\/batijournal.com\\\/#website\"},\"primaryImageOfPage\":{\"@id\":\"https:\\\/\\\/batijournal.com\\\/index.php\\\/notre-dame-de-paris-bernard-arnauld-et-la-famille-pinault-concretisent-leurs-promesses-de-don\\\/103062\\\/#primaryimage\"},\"image\":{\"@id\":\"https:\\\/\\\/batijournal.com\\\/index.php\\\/notre-dame-de-paris-bernard-arnauld-et-la-famille-pinault-concretisent-leurs-promesses-de-don\\\/103062\\\/#primaryimage\"},\"thumbnailUrl\":\"https:\\\/\\\/batijournal.com\\\/wp-content\\\/uploads\\\/2019\\\/09\\\/convention-signature-notre-dame-de-paris-lafondationnotredame-e1569857227324.png\",\"datePublished\":\"2019-09-30T15:21:33+00:00\",\"dateModified\":\"2019-10-02T08:20:58+00:00\",\"author\":{\"@id\":\"https:\\\/\\\/batijournal.com\\\/#\\\/schema\\\/person\\\/6a657e8967569e1b299972574848aa76\"},\"description\":\"Suite \u00e0 l'incendie de la Cath\u00e9drale, Bernard Arnauld avait fait une promesse de 200 millions d'euros pour la restauration de Notre-Dame de Paris.\",\"breadcrumb\":{\"@id\":\"https:\\\/\\\/batijournal.com\\\/index.php\\\/notre-dame-de-paris-bernard-arnauld-et-la-famille-pinault-concretisent-leurs-promesses-de-don\\\/103062\\\/#breadcrumb\"},\"inLanguage\":\"fr-FR\",\"potentialAction\":[{\"@type\":\"ReadAction\",\"target\":[\"https:\\\/\\\/batijournal.com\\\/index.php\\\/notre-dame-de-paris-bernard-arnauld-et-la-famille-pinault-concretisent-leurs-promesses-de-don\\\/103062\\\/\"]}]},{\"@type\":\"ImageObject\",\"inLanguage\":\"fr-FR\",\"@id\":\"https:\\\/\\\/batijournal.com\\\/index.php\\\/notre-dame-de-paris-bernard-arnauld-et-la-famille-pinault-concretisent-leurs-promesses-de-don\\\/103062\\\/#primaryimage\",\"url\":\"https:\\\/\\\/batijournal.com\\\/wp-content\\\/uploads\\\/2019\\\/09\\\/convention-signature-notre-dame-de-paris-lafondationnotredame-e1569857227324.png\",\"contentUrl\":\"https:\\\/\\\/batijournal.com\\\/wp-content\\\/uploads\\\/2019\\\/09\\\/convention-signature-notre-dame-de-paris-lafondationnotredame-e1569857227324.png\",\"width\":710,\"height\":324},{\"@type\":\"BreadcrumbList\",\"@id\":\"https:\\\/\\\/batijournal.com\\\/index.php\\\/notre-dame-de-paris-bernard-arnauld-et-la-famille-pinault-concretisent-leurs-promesses-de-don\\\/103062\\\/#breadcrumb\",\"itemListElement\":[{\"@type\":\"ListItem\",\"position\":1,\"name\":\"Accueil\",\"item\":\"https:\\\/\\\/batijournal.com\\\/\"},{\"@type\":\"ListItem\",\"position\":2,\"name\":\"Actualit\u00e9s\",\"item\":\"https:\\\/\\\/batijournal.com\\\/index.php\\\/category\\\/actualites\\\/\"},{\"@type\":\"ListItem\",\"position\":3,\"name\":\"Notre-Dame de Paris : Bernard Arnauld et la famille Pinault concr\u00e9tisent leurs promesses de don\"}]},{\"@type\":\"WebSite\",\"@id\":\"https:\\\/\\\/batijournal.com\\\/#website\",\"url\":\"https:\\\/\\\/batijournal.com\\\/\",\"name\":\"Batijournal\",\"description\":\"L&#039;actualit\u00e9 du b\u00e2timent\",\"potentialAction\":[{\"@type\":\"SearchAction\",\"target\":{\"@type\":\"EntryPoint\",\"urlTemplate\":\"https:\\\/\\\/batijournal.com\\\/?s={search_term_string}\"},\"query-input\":{\"@type\":\"PropertyValueSpecification\",\"valueRequired\":true,\"valueName\":\"search_term_string\"}}],\"inLanguage\":\"fr-FR\"},{\"@type\":\"Person\",\"@id\":\"https:\\\/\\\/batijournal.com\\\/#\\\/schema\\\/person\\\/6a657e8967569e1b299972574848aa76\",\"name\":\"Bati-journal\",\"image\":{\"@type\":\"ImageObject\",\"inLanguage\":\"fr-FR\",\"@id\":\"https:\\\/\\\/secure.gravatar.com\\\/avatar\\\/a64364ea26392f9b4dd47e017ddaec74ff03aefc073b49e492e847201258f777?s=96&d=mm&r=g\",\"url\":\"https:\\\/\\\/secure.gravatar.com\\\/avatar\\\/a64364ea26392f9b4dd47e017ddaec74ff03aefc073b49e492e847201258f777?s=96&d=mm&r=g\",\"contentUrl\":\"https:\\\/\\\/secure.gravatar.com\\\/avatar\\\/a64364ea26392f9b4dd47e017ddaec74ff03aefc073b49e492e847201258f777?s=96&d=mm&r=g\",\"caption\":\"Bati-journal\"},\"url\":\"https:\\\/\\\/batijournal.com\\\/index.php\\\/author\\\/elodie\\\/\"}]}<\/script>\n<!-- \/ Yoast SEO plugin. -->","yoast_head_json":{"title":"Fondation Notre Dame : les promesses de don se concr\u00e9tisent","description":"Suite \u00e0 l'incendie de la Cath\u00e9drale, Bernard Arnauld avait fait une promesse de 200 millions d'euros pour la restauration de Notre-Dame de Paris.","robots":{"index":"index","follow":"follow","max-snippet":"max-snippet:-1","max-image-preview":"max-image-preview:large","max-video-preview":"max-video-preview:-1"},"canonical":"https:\/\/batijournal.com\/index.php\/notre-dame-de-paris-bernard-arnauld-et-la-famille-pinault-concretisent-leurs-promesses-de-don\/103062\/","og_locale":"fr_FR","og_type":"article","og_title":"Fondation Notre Dame : les promesses de don se concr\u00e9tisent","og_description":"Suite \u00e0 l'incendie de la Cath\u00e9drale, Bernard Arnauld avait fait une promesse de 200 millions d'euros pour la restauration de Notre-Dame de Paris.","og_url":"https:\/\/batijournal.com\/index.php\/notre-dame-de-paris-bernard-arnauld-et-la-famille-pinault-concretisent-leurs-promesses-de-don\/103062\/","og_site_name":"Batijournal","article_published_time":"2019-09-30T15:21:33+00:00","article_modified_time":"2019-10-02T08:20:58+00:00","og_image":[{"width":710,"height":324,"url":"https:\/\/batijournal.com\/wp-content\/uploads\/2019\/09\/convention-signature-notre-dame-de-paris-lafondationnotredame-e1569857227324.png","type":"image\/png"}],"author":"Bati-journal","twitter_card":"summary_large_image","twitter_creator":"@bati_journal","twitter_site":"@bati_journal","twitter_misc":{"\u00c9crit par":"Bati-journal","Dur\u00e9e de lecture estim\u00e9e":"1 minute"},"schema":{"@context":"https:\/\/schema.org","@graph":[{"@type":"Article","@id":"https:\/\/batijournal.com\/index.php\/notre-dame-de-paris-bernard-arnauld-et-la-famille-pinault-concretisent-leurs-promesses-de-don\/103062\/#article","isPartOf":{"@id":"https:\/\/batijournal.com\/index.php\/notre-dame-de-paris-bernard-arnauld-et-la-famille-pinault-concretisent-leurs-promesses-de-don\/103062\/"},"author":{"name":"Bati-journal","@id":"https:\/\/batijournal.com\/#\/schema\/person\/6a657e8967569e1b299972574848aa76"},"headline":"Notre-Dame de Paris : Bernard Arnauld et la famille Pinault concr\u00e9tisent leurs promesses de don","datePublished":"2019-09-30T15:21:33+00:00","dateModified":"2019-10-02T08:20:58+00:00","mainEntityOfPage":{"@id":"https:\/\/batijournal.com\/index.php\/notre-dame-de-paris-bernard-arnauld-et-la-famille-pinault-concretisent-leurs-promesses-de-don\/103062\/"},"wordCount":308,"image":{"@id":"https:\/\/batijournal.com\/index.php\/notre-dame-de-paris-bernard-arnauld-et-la-famille-pinault-concretisent-leurs-promesses-de-don\/103062\/#primaryimage"},"thumbnailUrl":"https:\/\/batijournal.com\/wp-content\/uploads\/2019\/09\/convention-signature-notre-dame-de-paris-lafondationnotredame-e1569857227324.png","keywords":["notre dame de paris"],"articleSection":["Actualit\u00e9s","Architecture &amp; Conception","zz_Actualit\u00e9s - Atrium","zz_Atrium Patrimoine"],"inLanguage":"fr-FR"},{"@type":"WebPage","@id":"https:\/\/batijournal.com\/index.php\/notre-dame-de-paris-bernard-arnauld-et-la-famille-pinault-concretisent-leurs-promesses-de-don\/103062\/","url":"https:\/\/batijournal.com\/index.php\/notre-dame-de-paris-bernard-arnauld-et-la-famille-pinault-concretisent-leurs-promesses-de-don\/103062\/","name":"Fondation Notre Dame : les promesses de don se concr\u00e9tisent","isPartOf":{"@id":"https:\/\/batijournal.com\/#website"},"primaryImageOfPage":{"@id":"https:\/\/batijournal.com\/index.php\/notre-dame-de-paris-bernard-arnauld-et-la-famille-pinault-concretisent-leurs-promesses-de-don\/103062\/#primaryimage"},"image":{"@id":"https:\/\/batijournal.com\/index.php\/notre-dame-de-paris-bernard-arnauld-et-la-famille-pinault-concretisent-leurs-promesses-de-don\/103062\/#primaryimage"},"thumbnailUrl":"https:\/\/batijournal.com\/wp-content\/uploads\/2019\/09\/convention-signature-notre-dame-de-paris-lafondationnotredame-e1569857227324.png","datePublished":"2019-09-30T15:21:33+00:00","dateModified":"2019-10-02T08:20:58+00:00","author":{"@id":"https:\/\/batijournal.com\/#\/schema\/person\/6a657e8967569e1b299972574848aa76"},"description":"Suite \u00e0 l'incendie de la Cath\u00e9drale, Bernard Arnauld avait fait une promesse de 200 millions d'euros pour la restauration de Notre-Dame de Paris.","breadcrumb":{"@id":"https:\/\/batijournal.com\/index.php\/notre-dame-de-paris-bernard-arnauld-et-la-famille-pinault-concretisent-leurs-promesses-de-don\/103062\/#breadcrumb"},"inLanguage":"fr-FR","potentialAction":[{"@type":"ReadAction","target":["https:\/\/batijournal.com\/index.php\/notre-dame-de-paris-bernard-arnauld-et-la-famille-pinault-concretisent-leurs-promesses-de-don\/103062\/"]}]},{"@type":"ImageObject","inLanguage":"fr-FR","@id":"https:\/\/batijournal.com\/index.php\/notre-dame-de-paris-bernard-arnauld-et-la-famille-pinault-concretisent-leurs-promesses-de-don\/103062\/#primaryimage","url":"https:\/\/batijournal.com\/wp-content\/uploads\/2019\/09\/convention-signature-notre-dame-de-paris-lafondationnotredame-e1569857227324.png","contentUrl":"https:\/\/batijournal.com\/wp-content\/uploads\/2019\/09\/convention-signature-notre-dame-de-paris-lafondationnotredame-e1569857227324.png","width":710,"height":324},{"@type":"BreadcrumbList","@id":"https:\/\/batijournal.com\/index.php\/notre-dame-de-paris-bernard-arnauld-et-la-famille-pinault-concretisent-leurs-promesses-de-don\/103062\/#breadcrumb","itemListElement":[{"@type":"ListItem","position":1,"name":"Accueil","item":"https:\/\/batijournal.com\/"},{"@type":"ListItem","position":2,"name":"Actualit\u00e9s","item":"https:\/\/batijournal.com\/index.php\/category\/actualites\/"},{"@type":"ListItem","position":3,"name":"Notre-Dame de Paris : Bernard Arnauld et la famille Pinault concr\u00e9tisent leurs promesses de don"}]},{"@type":"WebSite","@id":"https:\/\/batijournal.com\/#website","url":"https:\/\/batijournal.com\/","name":"Batijournal","description":"L&#039;actualit\u00e9 du b\u00e2timent","potentialAction":[{"@type":"SearchAction","target":{"@type":"EntryPoint","urlTemplate":"https:\/\/batijournal.com\/?s={search_term_string}"},"query-input":{"@type":"PropertyValueSpecification","valueRequired":true,"valueName":"search_term_string"}}],"inLanguage":"fr-FR"},{"@type":"Person","@id":"https:\/\/batijournal.com\/#\/schema\/person\/6a657e8967569e1b299972574848aa76","name":"Bati-journal","image":{"@type":"ImageObject","inLanguage":"fr-FR","@id":"https:\/\/secure.gravatar.com\/avatar\/a64364ea26392f9b4dd47e017ddaec74ff03aefc073b49e492e847201258f777?s=96&d=mm&r=g","url":"https:\/\/secure.gravatar.com\/avatar\/a64364ea26392f9b4dd47e017ddaec74ff03aefc073b49e492e847201258f777?s=96&d=mm&r=g","contentUrl":"https:\/\/secure.gravatar.com\/avatar\/a64364ea26392f9b4dd47e017ddaec74ff03aefc073b49e492e847201258f777?s=96&d=mm&r=g","caption":"Bati-journal"},"url":"https:\/\/batijournal.com\/index.php\/author\/elodie\/"}]}},"_links":{"self":[{"href":"https:\/\/batijournal.com\/index.php\/wp-json\/wp\/v2\/posts\/103062","targetHints":{"allow":["GET"]}}],"collection":[{"href":"https:\/\/batijournal.com\/index.php\/wp-json\/wp\/v2\/posts"}],"about":[{"href":"https:\/\/batijournal.com\/index.php\/wp-json\/wp\/v2\/types\/post"}],"author":[{"embeddable":true,"href":"https:\/\/batijournal.com\/index.php\/wp-json\/wp\/v2\/users\/1"}],"replies":[{"embeddable":true,"href":"https:\/\/batijournal.com\/index.php\/wp-json\/wp\/v2\/comments?post=103062"}],"version-history":[{"count":0,"href":"https:\/\/batijournal.com\/index.php\/wp-json\/wp\/v2\/posts\/103062\/revisions"}],"wp:featuredmedia":[{"embeddable":true,"href":"https:\/\/batijournal.com\/index.php\/wp-json\/wp\/v2\/media\/103063"}],"wp:attachment":[{"href":"https:\/\/batijournal.com\/index.php\/wp-json\/wp\/v2\/media?parent=103062"}],"wp:term":[{"taxonomy":"category","embeddable":true,"href":"https:\/\/batijournal.com\/index.php\/wp-json\/wp\/v2\/categories?post=103062"},{"taxonomy":"post_tag","embeddable":true,"href":"https:\/\/batijournal.com\/index.php\/wp-json\/wp\/v2\/tags?post=103062"}],"curies":[{"name":"wp","href":"https:\/\/api.w.org\/{rel}","templated":true}]}}