{"id":103065,"date":"2019-10-01T09:09:18","date_gmt":"2019-10-01T07:09:18","guid":{"rendered":"https:\/\/batijournal.com\/?p=103065"},"modified":"2019-10-01T09:09:18","modified_gmt":"2019-10-01T07:09:18","slug":"emplois-lies-aux-energies-renouvelables-dans-les-territoires-impactes-par-la-fermeture-dune-centrale-a-charbon","status":"publish","type":"post","link":"https:\/\/batijournal.com\/index.php\/emplois-lies-aux-energies-renouvelables-dans-les-territoires-impactes-par-la-fermeture-dune-centrale-a-charbon\/103065\/","title":{"rendered":"Emplois li\u00e9s aux \u00e9nergies renouvelables dans les territoires impact\u00e9s par la fermeture d\u2019une centrale \u00e0 charbon"},"content":{"rendered":"<p><strong>Une \u00e9tude de l&rsquo;Ademe montre que le d\u00e9veloppement des \u00e9nergies renouvelables et de r\u00e9cup\u00e9ration dans les territoires o\u00f9 une centrale \u00e0 charbon va prochainement arr\u00eater son activit\u00e9 permet de cr\u00e9er un nombre important d\u2019emplois. <\/strong><\/p>\n<p>On estime \u00e0 24 600 le nombre d\u2019emplois directs existants du fait de ces fili\u00e8res (hors \u00e9olien offshore) dans les d\u00e9partements de la Moselle (Grand-Est), Seine-Maritime (Normandie), Loire Atlantique (Pays-de-Loire) et Bouches du Rh\u00f4ne (PACA). En 2019, la France dispose de cinq centrales \u00e0 charbon en fonctionnement sur son territoire m\u00e9tropolitain, r\u00e9parties sur quatre sites distincts au Havre en Normandie, \u00e0 Meyreuil (\u00e0 c\u00f4t\u00e9 de Gardanne) en PACA, \u00e0 Saint-Avold dans le Grand Est et \u00e0 Cordemais en Pays-de-la-Loire. Ces centrales, principalement appel\u00e9es lors des pics de demande hivernaux, repr\u00e9sentent une puissance cumul\u00e9e de pr\u00e8s de 3 GW et ont produit 9,7 TWh, soit 1,8 % de la production d\u2019\u00e9lectricit\u00e9 en France m\u00e9tropolitaine. Cette production d\u2019\u00e9lectricit\u00e9 \u00e0 partir de charbon est tr\u00e8s \u00e9mettrice de gaz \u00e0 effet de serre : elle a \u00e9mis 7,1 Mt de CO2 en 2017, soit 31 % des \u00e9missions du secteur de la production d\u2019\u00e9lectricit\u00e9. Leur fermeture progressive d\u2019ici 2022 repr\u00e9sente un fort enjeu social et territorial : environ 670 emplois directs et 740 emplois indirects sont concern\u00e9s.<\/p>\n<p>Dans ce contexte, l\u2019\u00e9tude montre que les fili\u00e8res EnR&amp;R dans ces territoires constituent un gisement pour des cr\u00e9ations d\u2019emplois : \u00c9olien terrestre ; Solaire photovolta\u00efque ; Hydro\u00e9lectricit\u00e9 ; Biocarburants : biodiesel et bio\u00e9thanol ; Biogaz ; Chaleur renouvelable pour les particuliers : chauffage au bois, solaire thermique, pompes \u00e0 chaleur (PAC) et chauffe-eau thermiques (CET) ; Chaleur renouvelable collective (collectivit\u00e9s, industries et tertiaire) : chaufferies bois collectives, g\u00e9othermie, valorisation \u00e9nerg\u00e9tique de l\u2019incin\u00e9ration des d\u00e9chets, r\u00e9seaux de chaleur ; R\u00e9seaux \u00e9lectriques intelligents. Les march\u00e9s associ\u00e9s \u00e0 ces fili\u00e8res dans les 4 r\u00e9gions consid\u00e9r\u00e9es sont estim\u00e9s \u00e0 6 502 M\u20ac en 2017. Ils repr\u00e9sentent pr\u00e8s de 25 % des march\u00e9s g\u00e9n\u00e9r\u00e9s par ces fili\u00e8res au niveau national (26 548 M\u20ac). Les emplois directs associ\u00e9s \u00e0 ces fili\u00e8res dans les 4 r\u00e9gions consid\u00e9r\u00e9es sont estim\u00e9s \u00e0 24 610 en 2017. Ils se r\u00e9partissent comme suit : activit\u00e9s d\u2019investissement (46 %), exploitation-maintenance et vente d\u2019\u00e9nergie (49 %) et exportation (5%).<\/p>\n","protected":false},"excerpt":{"rendered":"<p>Une \u00e9tude de l&rsquo;Ademe montre que le d\u00e9veloppement des \u00e9nergies renouvelables et de r\u00e9cup\u00e9ration dans les territoires o\u00f9 une centrale \u00e0 charbon va prochainement arr\u00eater son activit\u00e9 permet de cr\u00e9er un nombre important d\u2019emplois. On estime \u00e0 24 600 le nombre d\u2019emplois directs existants du fait de ces fili\u00e8res (hors \u00e9olien offshore) dans les d\u00e9partements [&hellip;]<\/p>\n","protected":false},"author":17,"featured_media":103066,"comment_status":"closed","ping_status":"closed","sticky":false,"template":"","format":"standard","meta":{"_et_pb_use_builder":"","_et_pb_old_content":"","_et_gb_content_width":"","footnotes":""},"categories":[10736,10530,6351,10781,10778],"tags":[1628],"class_list":["post-103065","post","type-post","status-publish","format-standard","has-post-thumbnail","hentry","category-a-la-une","category-actualites","category-energie-environnement","category-publications-planete","category-planete","tag-energies-renouvelables"],"yoast_head":"<!-- This site is optimized with the Yoast SEO plugin v27.4 - https:\/\/yoast.com\/product\/yoast-seo-wordpress\/ -->\n<title>Emplois li\u00e9s aux \u00e9nergies renouvelables dans les territoires impact\u00e9s par la fermeture d\u2019une centrale \u00e0 charbon<\/title>\n<meta name=\"description\" content=\"Une \u00e9tude de l&#039;Ademe montre que le d\u00e9veloppement des \u00e9nergies renouvelables et de r\u00e9cup\u00e9ration dans les territoires o\u00f9 une centrale \u00e0 charbon va fermer\" \/>\n<meta name=\"robots\" content=\"index, follow, max-snippet:-1, max-image-preview:large, max-video-preview:-1\" \/>\n<link rel=\"canonical\" href=\"https:\/\/batijournal.com\/index.php\/emplois-lies-aux-energies-renouvelables-dans-les-territoires-impactes-par-la-fermeture-dune-centrale-a-charbon\/103065\/\" \/>\n<meta property=\"og:locale\" content=\"fr_FR\" \/>\n<meta property=\"og:type\" content=\"article\" \/>\n<meta property=\"og:title\" content=\"Emplois li\u00e9s aux \u00e9nergies renouvelables dans les territoires impact\u00e9s par la fermeture d\u2019une centrale \u00e0 charbon\" \/>\n<meta property=\"og:description\" content=\"Une \u00e9tude de l&#039;Ademe montre que le d\u00e9veloppement des \u00e9nergies renouvelables et de r\u00e9cup\u00e9ration dans les territoires o\u00f9 une centrale \u00e0 charbon va fermer\" \/>\n<meta property=\"og:url\" content=\"https:\/\/batijournal.com\/index.php\/emplois-lies-aux-energies-renouvelables-dans-les-territoires-impactes-par-la-fermeture-dune-centrale-a-charbon\/103065\/\" \/>\n<meta property=\"og:site_name\" content=\"Batijournal\" \/>\n<meta property=\"article:published_time\" content=\"2019-10-01T07:09:18+00:00\" \/>\n<meta property=\"og:image\" content=\"https:\/\/batijournal.com\/wp-content\/uploads\/2019\/10\/enr-fermeture-centrale-charbon-emplois.png\" \/>\n\t<meta property=\"og:image:width\" content=\"768\" \/>\n\t<meta property=\"og:image:height\" content=\"421\" \/>\n\t<meta property=\"og:image:type\" content=\"image\/png\" \/>\n<meta name=\"author\" content=\"St\u00e9phane Miget\" \/>\n<meta name=\"twitter:card\" content=\"summary_large_image\" \/>\n<meta name=\"twitter:creator\" content=\"@bati_journal\" \/>\n<meta name=\"twitter:site\" content=\"@bati_journal\" \/>\n<meta name=\"twitter:label1\" content=\"\u00c9crit par\" \/>\n\t<meta name=\"twitter:data1\" content=\"St\u00e9phane Miget\" \/>\n\t<meta name=\"twitter:label2\" content=\"Dur\u00e9e de lecture estim\u00e9e\" \/>\n\t<meta name=\"twitter:data2\" content=\"2 minutes\" \/>\n<script type=\"application\/ld+json\" class=\"yoast-schema-graph\">{\"@context\":\"https:\\\/\\\/schema.org\",\"@graph\":[{\"@type\":\"Article\",\"@id\":\"https:\\\/\\\/batijournal.com\\\/index.php\\\/emplois-lies-aux-energies-renouvelables-dans-les-territoires-impactes-par-la-fermeture-dune-centrale-a-charbon\\\/103065\\\/#article\",\"isPartOf\":{\"@id\":\"https:\\\/\\\/batijournal.com\\\/index.php\\\/emplois-lies-aux-energies-renouvelables-dans-les-territoires-impactes-par-la-fermeture-dune-centrale-a-charbon\\\/103065\\\/\"},\"author\":{\"name\":\"St\u00e9phane Miget\",\"@id\":\"https:\\\/\\\/batijournal.com\\\/#\\\/schema\\\/person\\\/1dc96ec6957aa1ccb25ebe78bb19f100\"},\"headline\":\"Emplois li\u00e9s aux \u00e9nergies renouvelables dans les territoires impact\u00e9s par la fermeture d\u2019une centrale \u00e0 charbon\",\"datePublished\":\"2019-10-01T07:09:18+00:00\",\"mainEntityOfPage\":{\"@id\":\"https:\\\/\\\/batijournal.com\\\/index.php\\\/emplois-lies-aux-energies-renouvelables-dans-les-territoires-impactes-par-la-fermeture-dune-centrale-a-charbon\\\/103065\\\/\"},\"wordCount\":389,\"image\":{\"@id\":\"https:\\\/\\\/batijournal.com\\\/index.php\\\/emplois-lies-aux-energies-renouvelables-dans-les-territoires-impactes-par-la-fermeture-dune-centrale-a-charbon\\\/103065\\\/#primaryimage\"},\"thumbnailUrl\":\"https:\\\/\\\/batijournal.com\\\/wp-content\\\/uploads\\\/2019\\\/10\\\/enr-fermeture-centrale-charbon-emplois.png\",\"keywords\":[\"\u00e9nergies renouvelables\"],\"articleSection\":[\"A la Une\",\"Actualit\u00e9s\",\"\u00c9nergie &amp; Environnement\",\"zz_Actualit\u00e9s - Plan\u00e8te\",\"zz_Plan\u00e8te B\u00e2timent\"],\"inLanguage\":\"fr-FR\"},{\"@type\":\"WebPage\",\"@id\":\"https:\\\/\\\/batijournal.com\\\/index.php\\\/emplois-lies-aux-energies-renouvelables-dans-les-territoires-impactes-par-la-fermeture-dune-centrale-a-charbon\\\/103065\\\/\",\"url\":\"https:\\\/\\\/batijournal.com\\\/index.php\\\/emplois-lies-aux-energies-renouvelables-dans-les-territoires-impactes-par-la-fermeture-dune-centrale-a-charbon\\\/103065\\\/\",\"name\":\"Emplois li\u00e9s aux \u00e9nergies renouvelables dans les territoires impact\u00e9s par la fermeture d\u2019une centrale \u00e0 charbon\",\"isPartOf\":{\"@id\":\"https:\\\/\\\/batijournal.com\\\/#website\"},\"primaryImageOfPage\":{\"@id\":\"https:\\\/\\\/batijournal.com\\\/index.php\\\/emplois-lies-aux-energies-renouvelables-dans-les-territoires-impactes-par-la-fermeture-dune-centrale-a-charbon\\\/103065\\\/#primaryimage\"},\"image\":{\"@id\":\"https:\\\/\\\/batijournal.com\\\/index.php\\\/emplois-lies-aux-energies-renouvelables-dans-les-territoires-impactes-par-la-fermeture-dune-centrale-a-charbon\\\/103065\\\/#primaryimage\"},\"thumbnailUrl\":\"https:\\\/\\\/batijournal.com\\\/wp-content\\\/uploads\\\/2019\\\/10\\\/enr-fermeture-centrale-charbon-emplois.png\",\"datePublished\":\"2019-10-01T07:09:18+00:00\",\"author\":{\"@id\":\"https:\\\/\\\/batijournal.com\\\/#\\\/schema\\\/person\\\/1dc96ec6957aa1ccb25ebe78bb19f100\"},\"description\":\"Une \u00e9tude de l'Ademe montre que le d\u00e9veloppement des \u00e9nergies renouvelables et de r\u00e9cup\u00e9ration dans les territoires o\u00f9 une centrale \u00e0 charbon va fermer\",\"breadcrumb\":{\"@id\":\"https:\\\/\\\/batijournal.com\\\/index.php\\\/emplois-lies-aux-energies-renouvelables-dans-les-territoires-impactes-par-la-fermeture-dune-centrale-a-charbon\\\/103065\\\/#breadcrumb\"},\"inLanguage\":\"fr-FR\",\"potentialAction\":[{\"@type\":\"ReadAction\",\"target\":[\"https:\\\/\\\/batijournal.com\\\/index.php\\\/emplois-lies-aux-energies-renouvelables-dans-les-territoires-impactes-par-la-fermeture-dune-centrale-a-charbon\\\/103065\\\/\"]}]},{\"@type\":\"ImageObject\",\"inLanguage\":\"fr-FR\",\"@id\":\"https:\\\/\\\/batijournal.com\\\/index.php\\\/emplois-lies-aux-energies-renouvelables-dans-les-territoires-impactes-par-la-fermeture-dune-centrale-a-charbon\\\/103065\\\/#primaryimage\",\"url\":\"https:\\\/\\\/batijournal.com\\\/wp-content\\\/uploads\\\/2019\\\/10\\\/enr-fermeture-centrale-charbon-emplois.png\",\"contentUrl\":\"https:\\\/\\\/batijournal.com\\\/wp-content\\\/uploads\\\/2019\\\/10\\\/enr-fermeture-centrale-charbon-emplois.png\",\"width\":768,\"height\":421},{\"@type\":\"BreadcrumbList\",\"@id\":\"https:\\\/\\\/batijournal.com\\\/index.php\\\/emplois-lies-aux-energies-renouvelables-dans-les-territoires-impactes-par-la-fermeture-dune-centrale-a-charbon\\\/103065\\\/#breadcrumb\",\"itemListElement\":[{\"@type\":\"ListItem\",\"position\":1,\"name\":\"Accueil\",\"item\":\"https:\\\/\\\/batijournal.com\\\/\"},{\"@type\":\"ListItem\",\"position\":2,\"name\":\"A la Une\",\"item\":\"https:\\\/\\\/batijournal.com\\\/index.php\\\/category\\\/a-la-une\\\/\"},{\"@type\":\"ListItem\",\"position\":3,\"name\":\"Emplois li\u00e9s aux \u00e9nergies renouvelables dans les territoires impact\u00e9s par la fermeture d\u2019une centrale \u00e0 charbon\"}]},{\"@type\":\"WebSite\",\"@id\":\"https:\\\/\\\/batijournal.com\\\/#website\",\"url\":\"https:\\\/\\\/batijournal.com\\\/\",\"name\":\"Batijournal\",\"description\":\"L&#039;actualit\u00e9 du b\u00e2timent\",\"potentialAction\":[{\"@type\":\"SearchAction\",\"target\":{\"@type\":\"EntryPoint\",\"urlTemplate\":\"https:\\\/\\\/batijournal.com\\\/?s={search_term_string}\"},\"query-input\":{\"@type\":\"PropertyValueSpecification\",\"valueRequired\":true,\"valueName\":\"search_term_string\"}}],\"inLanguage\":\"fr-FR\"},{\"@type\":\"Person\",\"@id\":\"https:\\\/\\\/batijournal.com\\\/#\\\/schema\\\/person\\\/1dc96ec6957aa1ccb25ebe78bb19f100\",\"name\":\"St\u00e9phane Miget\",\"image\":{\"@type\":\"ImageObject\",\"inLanguage\":\"fr-FR\",\"@id\":\"https:\\\/\\\/secure.gravatar.com\\\/avatar\\\/89915563d925342126b8ef0281b93d9d7fc337043e8df017f780908eb9644451?s=96&d=mm&r=g\",\"url\":\"https:\\\/\\\/secure.gravatar.com\\\/avatar\\\/89915563d925342126b8ef0281b93d9d7fc337043e8df017f780908eb9644451?s=96&d=mm&r=g\",\"contentUrl\":\"https:\\\/\\\/secure.gravatar.com\\\/avatar\\\/89915563d925342126b8ef0281b93d9d7fc337043e8df017f780908eb9644451?s=96&d=mm&r=g\",\"caption\":\"St\u00e9phane Miget\"},\"url\":\"https:\\\/\\\/batijournal.com\\\/index.php\\\/author\\\/stephane\\\/\"}]}<\/script>\n<!-- \/ Yoast SEO plugin. -->","yoast_head_json":{"title":"Emplois li\u00e9s aux \u00e9nergies renouvelables dans les territoires impact\u00e9s par la fermeture d\u2019une centrale \u00e0 charbon","description":"Une \u00e9tude de l'Ademe montre que le d\u00e9veloppement des \u00e9nergies renouvelables et de r\u00e9cup\u00e9ration dans les territoires o\u00f9 une centrale \u00e0 charbon va fermer","robots":{"index":"index","follow":"follow","max-snippet":"max-snippet:-1","max-image-preview":"max-image-preview:large","max-video-preview":"max-video-preview:-1"},"canonical":"https:\/\/batijournal.com\/index.php\/emplois-lies-aux-energies-renouvelables-dans-les-territoires-impactes-par-la-fermeture-dune-centrale-a-charbon\/103065\/","og_locale":"fr_FR","og_type":"article","og_title":"Emplois li\u00e9s aux \u00e9nergies renouvelables dans les territoires impact\u00e9s par la fermeture d\u2019une centrale \u00e0 charbon","og_description":"Une \u00e9tude de l'Ademe montre que le d\u00e9veloppement des \u00e9nergies renouvelables et de r\u00e9cup\u00e9ration dans les territoires o\u00f9 une centrale \u00e0 charbon va fermer","og_url":"https:\/\/batijournal.com\/index.php\/emplois-lies-aux-energies-renouvelables-dans-les-territoires-impactes-par-la-fermeture-dune-centrale-a-charbon\/103065\/","og_site_name":"Batijournal","article_published_time":"2019-10-01T07:09:18+00:00","og_image":[{"width":768,"height":421,"url":"https:\/\/batijournal.com\/wp-content\/uploads\/2019\/10\/enr-fermeture-centrale-charbon-emplois.png","type":"image\/png"}],"author":"St\u00e9phane Miget","twitter_card":"summary_large_image","twitter_creator":"@bati_journal","twitter_site":"@bati_journal","twitter_misc":{"\u00c9crit par":"St\u00e9phane Miget","Dur\u00e9e de lecture estim\u00e9e":"2 minutes"},"schema":{"@context":"https:\/\/schema.org","@graph":[{"@type":"Article","@id":"https:\/\/batijournal.com\/index.php\/emplois-lies-aux-energies-renouvelables-dans-les-territoires-impactes-par-la-fermeture-dune-centrale-a-charbon\/103065\/#article","isPartOf":{"@id":"https:\/\/batijournal.com\/index.php\/emplois-lies-aux-energies-renouvelables-dans-les-territoires-impactes-par-la-fermeture-dune-centrale-a-charbon\/103065\/"},"author":{"name":"St\u00e9phane Miget","@id":"https:\/\/batijournal.com\/#\/schema\/person\/1dc96ec6957aa1ccb25ebe78bb19f100"},"headline":"Emplois li\u00e9s aux \u00e9nergies renouvelables dans les territoires impact\u00e9s par la fermeture d\u2019une centrale \u00e0 charbon","datePublished":"2019-10-01T07:09:18+00:00","mainEntityOfPage":{"@id":"https:\/\/batijournal.com\/index.php\/emplois-lies-aux-energies-renouvelables-dans-les-territoires-impactes-par-la-fermeture-dune-centrale-a-charbon\/103065\/"},"wordCount":389,"image":{"@id":"https:\/\/batijournal.com\/index.php\/emplois-lies-aux-energies-renouvelables-dans-les-territoires-impactes-par-la-fermeture-dune-centrale-a-charbon\/103065\/#primaryimage"},"thumbnailUrl":"https:\/\/batijournal.com\/wp-content\/uploads\/2019\/10\/enr-fermeture-centrale-charbon-emplois.png","keywords":["\u00e9nergies renouvelables"],"articleSection":["A la Une","Actualit\u00e9s","\u00c9nergie &amp; Environnement","zz_Actualit\u00e9s - Plan\u00e8te","zz_Plan\u00e8te B\u00e2timent"],"inLanguage":"fr-FR"},{"@type":"WebPage","@id":"https:\/\/batijournal.com\/index.php\/emplois-lies-aux-energies-renouvelables-dans-les-territoires-impactes-par-la-fermeture-dune-centrale-a-charbon\/103065\/","url":"https:\/\/batijournal.com\/index.php\/emplois-lies-aux-energies-renouvelables-dans-les-territoires-impactes-par-la-fermeture-dune-centrale-a-charbon\/103065\/","name":"Emplois li\u00e9s aux \u00e9nergies renouvelables dans les territoires impact\u00e9s par la fermeture d\u2019une centrale \u00e0 charbon","isPartOf":{"@id":"https:\/\/batijournal.com\/#website"},"primaryImageOfPage":{"@id":"https:\/\/batijournal.com\/index.php\/emplois-lies-aux-energies-renouvelables-dans-les-territoires-impactes-par-la-fermeture-dune-centrale-a-charbon\/103065\/#primaryimage"},"image":{"@id":"https:\/\/batijournal.com\/index.php\/emplois-lies-aux-energies-renouvelables-dans-les-territoires-impactes-par-la-fermeture-dune-centrale-a-charbon\/103065\/#primaryimage"},"thumbnailUrl":"https:\/\/batijournal.com\/wp-content\/uploads\/2019\/10\/enr-fermeture-centrale-charbon-emplois.png","datePublished":"2019-10-01T07:09:18+00:00","author":{"@id":"https:\/\/batijournal.com\/#\/schema\/person\/1dc96ec6957aa1ccb25ebe78bb19f100"},"description":"Une \u00e9tude de l'Ademe montre que le d\u00e9veloppement des \u00e9nergies renouvelables et de r\u00e9cup\u00e9ration dans les territoires o\u00f9 une centrale \u00e0 charbon va fermer","breadcrumb":{"@id":"https:\/\/batijournal.com\/index.php\/emplois-lies-aux-energies-renouvelables-dans-les-territoires-impactes-par-la-fermeture-dune-centrale-a-charbon\/103065\/#breadcrumb"},"inLanguage":"fr-FR","potentialAction":[{"@type":"ReadAction","target":["https:\/\/batijournal.com\/index.php\/emplois-lies-aux-energies-renouvelables-dans-les-territoires-impactes-par-la-fermeture-dune-centrale-a-charbon\/103065\/"]}]},{"@type":"ImageObject","inLanguage":"fr-FR","@id":"https:\/\/batijournal.com\/index.php\/emplois-lies-aux-energies-renouvelables-dans-les-territoires-impactes-par-la-fermeture-dune-centrale-a-charbon\/103065\/#primaryimage","url":"https:\/\/batijournal.com\/wp-content\/uploads\/2019\/10\/enr-fermeture-centrale-charbon-emplois.png","contentUrl":"https:\/\/batijournal.com\/wp-content\/uploads\/2019\/10\/enr-fermeture-centrale-charbon-emplois.png","width":768,"height":421},{"@type":"BreadcrumbList","@id":"https:\/\/batijournal.com\/index.php\/emplois-lies-aux-energies-renouvelables-dans-les-territoires-impactes-par-la-fermeture-dune-centrale-a-charbon\/103065\/#breadcrumb","itemListElement":[{"@type":"ListItem","position":1,"name":"Accueil","item":"https:\/\/batijournal.com\/"},{"@type":"ListItem","position":2,"name":"A la Une","item":"https:\/\/batijournal.com\/index.php\/category\/a-la-une\/"},{"@type":"ListItem","position":3,"name":"Emplois li\u00e9s aux \u00e9nergies renouvelables dans les territoires impact\u00e9s par la fermeture d\u2019une centrale \u00e0 charbon"}]},{"@type":"WebSite","@id":"https:\/\/batijournal.com\/#website","url":"https:\/\/batijournal.com\/","name":"Batijournal","description":"L&#039;actualit\u00e9 du b\u00e2timent","potentialAction":[{"@type":"SearchAction","target":{"@type":"EntryPoint","urlTemplate":"https:\/\/batijournal.com\/?s={search_term_string}"},"query-input":{"@type":"PropertyValueSpecification","valueRequired":true,"valueName":"search_term_string"}}],"inLanguage":"fr-FR"},{"@type":"Person","@id":"https:\/\/batijournal.com\/#\/schema\/person\/1dc96ec6957aa1ccb25ebe78bb19f100","name":"St\u00e9phane Miget","image":{"@type":"ImageObject","inLanguage":"fr-FR","@id":"https:\/\/secure.gravatar.com\/avatar\/89915563d925342126b8ef0281b93d9d7fc337043e8df017f780908eb9644451?s=96&d=mm&r=g","url":"https:\/\/secure.gravatar.com\/avatar\/89915563d925342126b8ef0281b93d9d7fc337043e8df017f780908eb9644451?s=96&d=mm&r=g","contentUrl":"https:\/\/secure.gravatar.com\/avatar\/89915563d925342126b8ef0281b93d9d7fc337043e8df017f780908eb9644451?s=96&d=mm&r=g","caption":"St\u00e9phane Miget"},"url":"https:\/\/batijournal.com\/index.php\/author\/stephane\/"}]}},"_links":{"self":[{"href":"https:\/\/batijournal.com\/index.php\/wp-json\/wp\/v2\/posts\/103065","targetHints":{"allow":["GET"]}}],"collection":[{"href":"https:\/\/batijournal.com\/index.php\/wp-json\/wp\/v2\/posts"}],"about":[{"href":"https:\/\/batijournal.com\/index.php\/wp-json\/wp\/v2\/types\/post"}],"author":[{"embeddable":true,"href":"https:\/\/batijournal.com\/index.php\/wp-json\/wp\/v2\/users\/17"}],"replies":[{"embeddable":true,"href":"https:\/\/batijournal.com\/index.php\/wp-json\/wp\/v2\/comments?post=103065"}],"version-history":[{"count":0,"href":"https:\/\/batijournal.com\/index.php\/wp-json\/wp\/v2\/posts\/103065\/revisions"}],"wp:featuredmedia":[{"embeddable":true,"href":"https:\/\/batijournal.com\/index.php\/wp-json\/wp\/v2\/media\/103066"}],"wp:attachment":[{"href":"https:\/\/batijournal.com\/index.php\/wp-json\/wp\/v2\/media?parent=103065"}],"wp:term":[{"taxonomy":"category","embeddable":true,"href":"https:\/\/batijournal.com\/index.php\/wp-json\/wp\/v2\/categories?post=103065"},{"taxonomy":"post_tag","embeddable":true,"href":"https:\/\/batijournal.com\/index.php\/wp-json\/wp\/v2\/tags?post=103065"}],"curies":[{"name":"wp","href":"https:\/\/api.w.org\/{rel}","templated":true}]}}