{"id":103075,"date":"2019-10-02T08:01:03","date_gmt":"2019-10-02T06:01:03","guid":{"rendered":"https:\/\/batijournal.com\/?p=103075"},"modified":"2019-10-02T08:01:03","modified_gmt":"2019-10-02T06:01:03","slug":"un-prefigurateur-pour-debuter-la-restauration-de-notre-dame-de-paris","status":"publish","type":"post","link":"https:\/\/batijournal.com\/index.php\/un-prefigurateur-pour-debuter-la-restauration-de-notre-dame-de-paris\/103075\/","title":{"rendered":"Un pr\u00e9figurateur pour d\u00e9buter la restauration de Notre-Dame de Paris"},"content":{"rendered":"<p>Un d\u00e9cret paru fin septembre 2019 d\u00e9taille le contenu des missions attribu\u00e9es par la loi au pr\u00e9figurateur de l&rsquo;\u00e9tablissement charg\u00e9 de la conservation et de la restauration de la cath\u00e9drale Notre-Dame de Paris. Il est charg\u00e9 de pr\u00e9parer l&rsquo;organisation et le fonctionnement des services de l&rsquo;\u00e9tablissement public qui assurera la conduite, la coordination et la r\u00e9alisation des \u00e9tudes et des op\u00e9rations concourant \u00e0 la conservation et \u00e0 la restauration de la cath\u00e9drale Notre-Dame de Paris. Le pr\u00e9figurateur met en place le r\u00e8glement int\u00e9rieur de l&rsquo;\u00e9tablissement et celui de son conseil d&rsquo;administration, les projets de budgets pour les ann\u00e9es 2019 et 2020, les modalit\u00e9s d&rsquo;organisation du contr\u00f4le interne budg\u00e9taire et comptable ainsi que la composition et le fonctionnement du conseil scientifique et du comit\u00e9 des donateurs. Il pr\u00e9pare le transfert des contrats pass\u00e9s dans le cadre de la ma\u00eetrise d&rsquo;ouvrage des travaux sur la cath\u00e9drale Notre-Dame de Paris et conventions en relation avec sa mission pour lesquels l&rsquo;\u00e9tablissement se substitue dans les droits et obligations de l&rsquo;Etat ainsi que le transfert ou l&rsquo;adaptation des conventions concourant \u00e0 sa mission. Il peut en outre pr\u00e9parer des contrats ou conventions en vue d&rsquo;expertise ou d&rsquo;\u00e9tudes pr\u00e9alables au lancement des travaux de conservation et de restauration de la cath\u00e9drale Notre-Dame de Paris et de l&rsquo;am\u00e9nagement de son environnement imm\u00e9diat ; pr\u00e9parer le recrutement des personnels de l&rsquo;\u00e9tablissement ; pr\u00e9parer les conventions de m\u00e9c\u00e9nat financier ; pr\u00e9parer et signer les conventions de m\u00e9c\u00e9nat de comp\u00e9tences ; signer des conventions d&rsquo;occupation de locaux \u00e0 titre gratuit. Ce d\u00e9cret sera abrog\u00e9 \u00e0 compter de la nomination du pr\u00e9sident de l&rsquo;\u00e9tablissement.<\/p>\n","protected":false},"excerpt":{"rendered":"<p>Un d\u00e9cret paru fin septembre 2019 d\u00e9taille le contenu des missions attribu\u00e9es par la loi au pr\u00e9figurateur de l&rsquo;\u00e9tablissement charg\u00e9 de la conservation et de la restauration de la cath\u00e9drale Notre-Dame de Paris. Il est charg\u00e9 de pr\u00e9parer l&rsquo;organisation et le fonctionnement des services de l&rsquo;\u00e9tablissement public qui assurera la conduite, la coordination et la [&hellip;]<\/p>\n","protected":false},"author":17,"featured_media":103019,"comment_status":"closed","ping_status":"closed","sticky":false,"template":"","format":"standard","meta":{"_et_pb_use_builder":"","_et_pb_old_content":"","_et_gb_content_width":"","footnotes":""},"categories":[10530,6340,10789,10785],"tags":[6842],"class_list":["post-103075","post","type-post","status-publish","format-standard","has-post-thumbnail","hentry","category-actualites","category-architecture-conception","category-publications-atrium","category-atrium","tag-notre-dame-de-paris"],"yoast_head":"<!-- This site is optimized with the Yoast SEO plugin v27.4 - https:\/\/yoast.com\/product\/yoast-seo-wordpress\/ -->\n<title>Un pr\u00e9figurateur pour d\u00e9buter la restauration de Notre-Dame de Paris<\/title>\n<meta name=\"description\" content=\"Un d\u00e9cret paru fin septembre 2019 d\u00e9taille le contenu des missions attribu\u00e9es au pr\u00e9figurateur de l&#039;\u00e9tablissement charg\u00e9 de la restauration de la cath\u00e9drale\" \/>\n<meta name=\"robots\" content=\"index, follow, max-snippet:-1, max-image-preview:large, max-video-preview:-1\" \/>\n<link rel=\"canonical\" href=\"https:\/\/batijournal.com\/index.php\/un-prefigurateur-pour-debuter-la-restauration-de-notre-dame-de-paris\/103075\/\" \/>\n<meta property=\"og:locale\" content=\"fr_FR\" \/>\n<meta property=\"og:type\" content=\"article\" \/>\n<meta property=\"og:title\" content=\"Un pr\u00e9figurateur pour d\u00e9buter la restauration de Notre-Dame de Paris\" \/>\n<meta property=\"og:description\" content=\"Un d\u00e9cret paru fin septembre 2019 d\u00e9taille le contenu des missions attribu\u00e9es au pr\u00e9figurateur de l&#039;\u00e9tablissement charg\u00e9 de la restauration de la cath\u00e9drale\" \/>\n<meta property=\"og:url\" content=\"https:\/\/batijournal.com\/index.php\/un-prefigurateur-pour-debuter-la-restauration-de-notre-dame-de-paris\/103075\/\" \/>\n<meta property=\"og:site_name\" content=\"Batijournal\" \/>\n<meta property=\"article:published_time\" content=\"2019-10-02T06:01:03+00:00\" \/>\n<meta property=\"og:image\" content=\"https:\/\/batijournal.com\/wp-content\/uploads\/2019\/09\/notre-dame-de-paris-chantier-edouard-bierry-ministere-de-la-culture.jpg\" \/>\n\t<meta property=\"og:image:width\" content=\"767\" \/>\n\t<meta property=\"og:image:height\" content=\"433\" \/>\n\t<meta property=\"og:image:type\" content=\"image\/jpeg\" \/>\n<meta name=\"author\" content=\"St\u00e9phane Miget\" \/>\n<meta name=\"twitter:card\" content=\"summary_large_image\" \/>\n<meta name=\"twitter:creator\" content=\"@bati_journal\" \/>\n<meta name=\"twitter:site\" content=\"@bati_journal\" \/>\n<meta name=\"twitter:label1\" content=\"\u00c9crit par\" \/>\n\t<meta name=\"twitter:data1\" content=\"St\u00e9phane Miget\" \/>\n\t<meta name=\"twitter:label2\" content=\"Dur\u00e9e de lecture estim\u00e9e\" \/>\n\t<meta name=\"twitter:data2\" content=\"1 minute\" \/>\n<script type=\"application\/ld+json\" class=\"yoast-schema-graph\">{\"@context\":\"https:\\\/\\\/schema.org\",\"@graph\":[{\"@type\":\"Article\",\"@id\":\"https:\\\/\\\/batijournal.com\\\/index.php\\\/un-prefigurateur-pour-debuter-la-restauration-de-notre-dame-de-paris\\\/103075\\\/#article\",\"isPartOf\":{\"@id\":\"https:\\\/\\\/batijournal.com\\\/index.php\\\/un-prefigurateur-pour-debuter-la-restauration-de-notre-dame-de-paris\\\/103075\\\/\"},\"author\":{\"name\":\"St\u00e9phane Miget\",\"@id\":\"https:\\\/\\\/batijournal.com\\\/#\\\/schema\\\/person\\\/1dc96ec6957aa1ccb25ebe78bb19f100\"},\"headline\":\"Un pr\u00e9figurateur pour d\u00e9buter la restauration de Notre-Dame de Paris\",\"datePublished\":\"2019-10-02T06:01:03+00:00\",\"mainEntityOfPage\":{\"@id\":\"https:\\\/\\\/batijournal.com\\\/index.php\\\/un-prefigurateur-pour-debuter-la-restauration-de-notre-dame-de-paris\\\/103075\\\/\"},\"wordCount\":314,\"image\":{\"@id\":\"https:\\\/\\\/batijournal.com\\\/index.php\\\/un-prefigurateur-pour-debuter-la-restauration-de-notre-dame-de-paris\\\/103075\\\/#primaryimage\"},\"thumbnailUrl\":\"https:\\\/\\\/batijournal.com\\\/wp-content\\\/uploads\\\/2019\\\/09\\\/notre-dame-de-paris-chantier-edouard-bierry-ministere-de-la-culture.jpg\",\"keywords\":[\"notre dame de paris\"],\"articleSection\":[\"Actualit\u00e9s\",\"Architecture &amp; Conception\",\"zz_Actualit\u00e9s - Atrium\",\"zz_Atrium Patrimoine\"],\"inLanguage\":\"fr-FR\"},{\"@type\":\"WebPage\",\"@id\":\"https:\\\/\\\/batijournal.com\\\/index.php\\\/un-prefigurateur-pour-debuter-la-restauration-de-notre-dame-de-paris\\\/103075\\\/\",\"url\":\"https:\\\/\\\/batijournal.com\\\/index.php\\\/un-prefigurateur-pour-debuter-la-restauration-de-notre-dame-de-paris\\\/103075\\\/\",\"name\":\"Un pr\u00e9figurateur pour d\u00e9buter la restauration de Notre-Dame de Paris\",\"isPartOf\":{\"@id\":\"https:\\\/\\\/batijournal.com\\\/#website\"},\"primaryImageOfPage\":{\"@id\":\"https:\\\/\\\/batijournal.com\\\/index.php\\\/un-prefigurateur-pour-debuter-la-restauration-de-notre-dame-de-paris\\\/103075\\\/#primaryimage\"},\"image\":{\"@id\":\"https:\\\/\\\/batijournal.com\\\/index.php\\\/un-prefigurateur-pour-debuter-la-restauration-de-notre-dame-de-paris\\\/103075\\\/#primaryimage\"},\"thumbnailUrl\":\"https:\\\/\\\/batijournal.com\\\/wp-content\\\/uploads\\\/2019\\\/09\\\/notre-dame-de-paris-chantier-edouard-bierry-ministere-de-la-culture.jpg\",\"datePublished\":\"2019-10-02T06:01:03+00:00\",\"author\":{\"@id\":\"https:\\\/\\\/batijournal.com\\\/#\\\/schema\\\/person\\\/1dc96ec6957aa1ccb25ebe78bb19f100\"},\"description\":\"Un d\u00e9cret paru fin septembre 2019 d\u00e9taille le contenu des missions attribu\u00e9es au pr\u00e9figurateur de l'\u00e9tablissement charg\u00e9 de la restauration de la cath\u00e9drale\",\"breadcrumb\":{\"@id\":\"https:\\\/\\\/batijournal.com\\\/index.php\\\/un-prefigurateur-pour-debuter-la-restauration-de-notre-dame-de-paris\\\/103075\\\/#breadcrumb\"},\"inLanguage\":\"fr-FR\",\"potentialAction\":[{\"@type\":\"ReadAction\",\"target\":[\"https:\\\/\\\/batijournal.com\\\/index.php\\\/un-prefigurateur-pour-debuter-la-restauration-de-notre-dame-de-paris\\\/103075\\\/\"]}]},{\"@type\":\"ImageObject\",\"inLanguage\":\"fr-FR\",\"@id\":\"https:\\\/\\\/batijournal.com\\\/index.php\\\/un-prefigurateur-pour-debuter-la-restauration-de-notre-dame-de-paris\\\/103075\\\/#primaryimage\",\"url\":\"https:\\\/\\\/batijournal.com\\\/wp-content\\\/uploads\\\/2019\\\/09\\\/notre-dame-de-paris-chantier-edouard-bierry-ministere-de-la-culture.jpg\",\"contentUrl\":\"https:\\\/\\\/batijournal.com\\\/wp-content\\\/uploads\\\/2019\\\/09\\\/notre-dame-de-paris-chantier-edouard-bierry-ministere-de-la-culture.jpg\",\"width\":767,\"height\":433},{\"@type\":\"BreadcrumbList\",\"@id\":\"https:\\\/\\\/batijournal.com\\\/index.php\\\/un-prefigurateur-pour-debuter-la-restauration-de-notre-dame-de-paris\\\/103075\\\/#breadcrumb\",\"itemListElement\":[{\"@type\":\"ListItem\",\"position\":1,\"name\":\"Accueil\",\"item\":\"https:\\\/\\\/batijournal.com\\\/\"},{\"@type\":\"ListItem\",\"position\":2,\"name\":\"Actualit\u00e9s\",\"item\":\"https:\\\/\\\/batijournal.com\\\/index.php\\\/category\\\/actualites\\\/\"},{\"@type\":\"ListItem\",\"position\":3,\"name\":\"Un pr\u00e9figurateur pour d\u00e9buter la restauration de Notre-Dame de Paris\"}]},{\"@type\":\"WebSite\",\"@id\":\"https:\\\/\\\/batijournal.com\\\/#website\",\"url\":\"https:\\\/\\\/batijournal.com\\\/\",\"name\":\"Batijournal\",\"description\":\"L&#039;actualit\u00e9 du b\u00e2timent\",\"potentialAction\":[{\"@type\":\"SearchAction\",\"target\":{\"@type\":\"EntryPoint\",\"urlTemplate\":\"https:\\\/\\\/batijournal.com\\\/?s={search_term_string}\"},\"query-input\":{\"@type\":\"PropertyValueSpecification\",\"valueRequired\":true,\"valueName\":\"search_term_string\"}}],\"inLanguage\":\"fr-FR\"},{\"@type\":\"Person\",\"@id\":\"https:\\\/\\\/batijournal.com\\\/#\\\/schema\\\/person\\\/1dc96ec6957aa1ccb25ebe78bb19f100\",\"name\":\"St\u00e9phane Miget\",\"image\":{\"@type\":\"ImageObject\",\"inLanguage\":\"fr-FR\",\"@id\":\"https:\\\/\\\/secure.gravatar.com\\\/avatar\\\/89915563d925342126b8ef0281b93d9d7fc337043e8df017f780908eb9644451?s=96&d=mm&r=g\",\"url\":\"https:\\\/\\\/secure.gravatar.com\\\/avatar\\\/89915563d925342126b8ef0281b93d9d7fc337043e8df017f780908eb9644451?s=96&d=mm&r=g\",\"contentUrl\":\"https:\\\/\\\/secure.gravatar.com\\\/avatar\\\/89915563d925342126b8ef0281b93d9d7fc337043e8df017f780908eb9644451?s=96&d=mm&r=g\",\"caption\":\"St\u00e9phane Miget\"},\"url\":\"https:\\\/\\\/batijournal.com\\\/index.php\\\/author\\\/stephane\\\/\"}]}<\/script>\n<!-- \/ Yoast SEO plugin. -->","yoast_head_json":{"title":"Un pr\u00e9figurateur pour d\u00e9buter la restauration de Notre-Dame de Paris","description":"Un d\u00e9cret paru fin septembre 2019 d\u00e9taille le contenu des missions attribu\u00e9es au pr\u00e9figurateur de l'\u00e9tablissement charg\u00e9 de la restauration de la cath\u00e9drale","robots":{"index":"index","follow":"follow","max-snippet":"max-snippet:-1","max-image-preview":"max-image-preview:large","max-video-preview":"max-video-preview:-1"},"canonical":"https:\/\/batijournal.com\/index.php\/un-prefigurateur-pour-debuter-la-restauration-de-notre-dame-de-paris\/103075\/","og_locale":"fr_FR","og_type":"article","og_title":"Un pr\u00e9figurateur pour d\u00e9buter la restauration de Notre-Dame de Paris","og_description":"Un d\u00e9cret paru fin septembre 2019 d\u00e9taille le contenu des missions attribu\u00e9es au pr\u00e9figurateur de l'\u00e9tablissement charg\u00e9 de la restauration de la cath\u00e9drale","og_url":"https:\/\/batijournal.com\/index.php\/un-prefigurateur-pour-debuter-la-restauration-de-notre-dame-de-paris\/103075\/","og_site_name":"Batijournal","article_published_time":"2019-10-02T06:01:03+00:00","og_image":[{"width":767,"height":433,"url":"https:\/\/batijournal.com\/wp-content\/uploads\/2019\/09\/notre-dame-de-paris-chantier-edouard-bierry-ministere-de-la-culture.jpg","type":"image\/jpeg"}],"author":"St\u00e9phane Miget","twitter_card":"summary_large_image","twitter_creator":"@bati_journal","twitter_site":"@bati_journal","twitter_misc":{"\u00c9crit par":"St\u00e9phane Miget","Dur\u00e9e de lecture estim\u00e9e":"1 minute"},"schema":{"@context":"https:\/\/schema.org","@graph":[{"@type":"Article","@id":"https:\/\/batijournal.com\/index.php\/un-prefigurateur-pour-debuter-la-restauration-de-notre-dame-de-paris\/103075\/#article","isPartOf":{"@id":"https:\/\/batijournal.com\/index.php\/un-prefigurateur-pour-debuter-la-restauration-de-notre-dame-de-paris\/103075\/"},"author":{"name":"St\u00e9phane Miget","@id":"https:\/\/batijournal.com\/#\/schema\/person\/1dc96ec6957aa1ccb25ebe78bb19f100"},"headline":"Un pr\u00e9figurateur pour d\u00e9buter la restauration de Notre-Dame de Paris","datePublished":"2019-10-02T06:01:03+00:00","mainEntityOfPage":{"@id":"https:\/\/batijournal.com\/index.php\/un-prefigurateur-pour-debuter-la-restauration-de-notre-dame-de-paris\/103075\/"},"wordCount":314,"image":{"@id":"https:\/\/batijournal.com\/index.php\/un-prefigurateur-pour-debuter-la-restauration-de-notre-dame-de-paris\/103075\/#primaryimage"},"thumbnailUrl":"https:\/\/batijournal.com\/wp-content\/uploads\/2019\/09\/notre-dame-de-paris-chantier-edouard-bierry-ministere-de-la-culture.jpg","keywords":["notre dame de paris"],"articleSection":["Actualit\u00e9s","Architecture &amp; Conception","zz_Actualit\u00e9s - Atrium","zz_Atrium Patrimoine"],"inLanguage":"fr-FR"},{"@type":"WebPage","@id":"https:\/\/batijournal.com\/index.php\/un-prefigurateur-pour-debuter-la-restauration-de-notre-dame-de-paris\/103075\/","url":"https:\/\/batijournal.com\/index.php\/un-prefigurateur-pour-debuter-la-restauration-de-notre-dame-de-paris\/103075\/","name":"Un pr\u00e9figurateur pour d\u00e9buter la restauration de Notre-Dame de Paris","isPartOf":{"@id":"https:\/\/batijournal.com\/#website"},"primaryImageOfPage":{"@id":"https:\/\/batijournal.com\/index.php\/un-prefigurateur-pour-debuter-la-restauration-de-notre-dame-de-paris\/103075\/#primaryimage"},"image":{"@id":"https:\/\/batijournal.com\/index.php\/un-prefigurateur-pour-debuter-la-restauration-de-notre-dame-de-paris\/103075\/#primaryimage"},"thumbnailUrl":"https:\/\/batijournal.com\/wp-content\/uploads\/2019\/09\/notre-dame-de-paris-chantier-edouard-bierry-ministere-de-la-culture.jpg","datePublished":"2019-10-02T06:01:03+00:00","author":{"@id":"https:\/\/batijournal.com\/#\/schema\/person\/1dc96ec6957aa1ccb25ebe78bb19f100"},"description":"Un d\u00e9cret paru fin septembre 2019 d\u00e9taille le contenu des missions attribu\u00e9es au pr\u00e9figurateur de l'\u00e9tablissement charg\u00e9 de la restauration de la cath\u00e9drale","breadcrumb":{"@id":"https:\/\/batijournal.com\/index.php\/un-prefigurateur-pour-debuter-la-restauration-de-notre-dame-de-paris\/103075\/#breadcrumb"},"inLanguage":"fr-FR","potentialAction":[{"@type":"ReadAction","target":["https:\/\/batijournal.com\/index.php\/un-prefigurateur-pour-debuter-la-restauration-de-notre-dame-de-paris\/103075\/"]}]},{"@type":"ImageObject","inLanguage":"fr-FR","@id":"https:\/\/batijournal.com\/index.php\/un-prefigurateur-pour-debuter-la-restauration-de-notre-dame-de-paris\/103075\/#primaryimage","url":"https:\/\/batijournal.com\/wp-content\/uploads\/2019\/09\/notre-dame-de-paris-chantier-edouard-bierry-ministere-de-la-culture.jpg","contentUrl":"https:\/\/batijournal.com\/wp-content\/uploads\/2019\/09\/notre-dame-de-paris-chantier-edouard-bierry-ministere-de-la-culture.jpg","width":767,"height":433},{"@type":"BreadcrumbList","@id":"https:\/\/batijournal.com\/index.php\/un-prefigurateur-pour-debuter-la-restauration-de-notre-dame-de-paris\/103075\/#breadcrumb","itemListElement":[{"@type":"ListItem","position":1,"name":"Accueil","item":"https:\/\/batijournal.com\/"},{"@type":"ListItem","position":2,"name":"Actualit\u00e9s","item":"https:\/\/batijournal.com\/index.php\/category\/actualites\/"},{"@type":"ListItem","position":3,"name":"Un pr\u00e9figurateur pour d\u00e9buter la restauration de Notre-Dame de Paris"}]},{"@type":"WebSite","@id":"https:\/\/batijournal.com\/#website","url":"https:\/\/batijournal.com\/","name":"Batijournal","description":"L&#039;actualit\u00e9 du b\u00e2timent","potentialAction":[{"@type":"SearchAction","target":{"@type":"EntryPoint","urlTemplate":"https:\/\/batijournal.com\/?s={search_term_string}"},"query-input":{"@type":"PropertyValueSpecification","valueRequired":true,"valueName":"search_term_string"}}],"inLanguage":"fr-FR"},{"@type":"Person","@id":"https:\/\/batijournal.com\/#\/schema\/person\/1dc96ec6957aa1ccb25ebe78bb19f100","name":"St\u00e9phane Miget","image":{"@type":"ImageObject","inLanguage":"fr-FR","@id":"https:\/\/secure.gravatar.com\/avatar\/89915563d925342126b8ef0281b93d9d7fc337043e8df017f780908eb9644451?s=96&d=mm&r=g","url":"https:\/\/secure.gravatar.com\/avatar\/89915563d925342126b8ef0281b93d9d7fc337043e8df017f780908eb9644451?s=96&d=mm&r=g","contentUrl":"https:\/\/secure.gravatar.com\/avatar\/89915563d925342126b8ef0281b93d9d7fc337043e8df017f780908eb9644451?s=96&d=mm&r=g","caption":"St\u00e9phane Miget"},"url":"https:\/\/batijournal.com\/index.php\/author\/stephane\/"}]}},"_links":{"self":[{"href":"https:\/\/batijournal.com\/index.php\/wp-json\/wp\/v2\/posts\/103075","targetHints":{"allow":["GET"]}}],"collection":[{"href":"https:\/\/batijournal.com\/index.php\/wp-json\/wp\/v2\/posts"}],"about":[{"href":"https:\/\/batijournal.com\/index.php\/wp-json\/wp\/v2\/types\/post"}],"author":[{"embeddable":true,"href":"https:\/\/batijournal.com\/index.php\/wp-json\/wp\/v2\/users\/17"}],"replies":[{"embeddable":true,"href":"https:\/\/batijournal.com\/index.php\/wp-json\/wp\/v2\/comments?post=103075"}],"version-history":[{"count":0,"href":"https:\/\/batijournal.com\/index.php\/wp-json\/wp\/v2\/posts\/103075\/revisions"}],"wp:featuredmedia":[{"embeddable":true,"href":"https:\/\/batijournal.com\/index.php\/wp-json\/wp\/v2\/media\/103019"}],"wp:attachment":[{"href":"https:\/\/batijournal.com\/index.php\/wp-json\/wp\/v2\/media?parent=103075"}],"wp:term":[{"taxonomy":"category","embeddable":true,"href":"https:\/\/batijournal.com\/index.php\/wp-json\/wp\/v2\/categories?post=103075"},{"taxonomy":"post_tag","embeddable":true,"href":"https:\/\/batijournal.com\/index.php\/wp-json\/wp\/v2\/tags?post=103075"}],"curies":[{"name":"wp","href":"https:\/\/api.w.org\/{rel}","templated":true}]}}