{"id":103090,"date":"2019-10-03T08:35:52","date_gmt":"2019-10-03T06:35:52","guid":{"rendered":"https:\/\/batijournal.com\/?p=103090"},"modified":"2019-10-03T08:35:52","modified_gmt":"2019-10-03T06:35:52","slug":"les-fresques-de-la-cite-urbaine-tony-garnier-de-lyon-restaurees","status":"publish","type":"post","link":"https:\/\/batijournal.com\/index.php\/les-fresques-de-la-cite-urbaine-tony-garnier-de-lyon-restaurees\/103090\/","title":{"rendered":"Les fresques de la cit\u00e9 urbaine Tony Garnier de Lyon restaur\u00e9es"},"content":{"rendered":"<p>V\u00e9ritable mus\u00e9e en plein air et en pleine ville, la cit\u00e9 urbaine Tony Garnier de Lyon est connue mondialement pour ses 24 fresques artistiques r\u00e9alis\u00e9es sur les fa\u00e7ades des immeubles d\u2019habitation. Apr\u00e8s 30 ans d\u2019exposition, elles connaissent aujourd\u2019hui un vaste programme de r\u00e9novation lanc\u00e9 par Grand Lyon Habitat. D\u00e9j\u00e0 acteurs du premier programme de r\u00e9novation, Cit\u00e9Cr\u00e9ation et Zolpan unissent \u00e0 nouveau leurs savoir-faire hauts en couleurs. 20 ans apr\u00e8s la r\u00e9alisation de ces fresques, une expertise technique command\u00e9e par Grand Lyon Habitat, propri\u00e9taire de l\u2019ensemble immobilier, d\u00e9montre la n\u00e9cessit\u00e9 de remplacer les supports de la moiti\u00e9 des fresques murales. Au total, ce sont 24 fa\u00e7ades g\u00e9antes de b\u00e2timents r\u00e9alis\u00e9es avec des produits Zolpan, soit un total de 5 500 m2, qui doivent \u00eatre restaur\u00e9es pendant une dur\u00e9e de 8 \u00e0 10 ans. Sur les 24 projets, 8 fresques seront reproduites \u00e0 l\u2019identique, 8 seront am\u00e9lior\u00e9es et 8 autres seront refaites enti\u00e8rement.<\/p>\n<p>Photo : Michel Djaoui<\/p>\n","protected":false},"excerpt":{"rendered":"<p>V\u00e9ritable mus\u00e9e en plein air et en pleine ville, la cit\u00e9 urbaine Tony Garnier de Lyon est connue mondialement pour ses 24 fresques artistiques r\u00e9alis\u00e9es sur les fa\u00e7ades des immeubles d\u2019habitation. Apr\u00e8s 30 ans d\u2019exposition, elles connaissent aujourd\u2019hui un vaste programme de r\u00e9novation lanc\u00e9 par Grand Lyon Habitat. D\u00e9j\u00e0 acteurs du premier programme de r\u00e9novation, [&hellip;]<\/p>\n","protected":false},"author":17,"featured_media":103089,"comment_status":"closed","ping_status":"closed","sticky":false,"template":"","format":"standard","meta":{"_et_pb_use_builder":"","_et_pb_old_content":"","_et_gb_content_width":"","footnotes":""},"categories":[10530,6340,10771,10775],"tags":[12559],"class_list":["post-103090","post","type-post","status-publish","format-standard","has-post-thumbnail","hentry","category-actualites","category-architecture-conception","category-5facades","category-actualites-5facades","tag-fresque"],"yoast_head":"<!-- This site is optimized with the Yoast SEO plugin v27.4 - https:\/\/yoast.com\/product\/yoast-seo-wordpress\/ -->\n<title>Les fresques de la cit\u00e9 urbaine Tony Garnier de Lyon restaur\u00e9es<\/title>\n<meta name=\"description\" content=\"V\u00e9ritable mus\u00e9e en plein air et en pleine ville, la cit\u00e9 urbaine Tony Garnier de Lyon est connue mondialement pour ses 24 fresques artistiques\" \/>\n<meta name=\"robots\" content=\"index, follow, max-snippet:-1, max-image-preview:large, max-video-preview:-1\" \/>\n<link rel=\"canonical\" href=\"https:\/\/batijournal.com\/index.php\/les-fresques-de-la-cite-urbaine-tony-garnier-de-lyon-restaurees\/103090\/\" \/>\n<meta property=\"og:locale\" content=\"fr_FR\" \/>\n<meta property=\"og:type\" content=\"article\" \/>\n<meta property=\"og:title\" content=\"Les fresques de la cit\u00e9 urbaine Tony Garnier de Lyon restaur\u00e9es\" \/>\n<meta property=\"og:description\" content=\"V\u00e9ritable mus\u00e9e en plein air et en pleine ville, la cit\u00e9 urbaine Tony Garnier de Lyon est connue mondialement pour ses 24 fresques artistiques\" \/>\n<meta property=\"og:url\" content=\"https:\/\/batijournal.com\/index.php\/les-fresques-de-la-cite-urbaine-tony-garnier-de-lyon-restaurees\/103090\/\" \/>\n<meta property=\"og:site_name\" content=\"Batijournal\" \/>\n<meta property=\"article:published_time\" content=\"2019-10-03T06:35:52+00:00\" \/>\n<meta property=\"og:image\" content=\"https:\/\/batijournal.com\/wp-content\/uploads\/2019\/10\/ZOLPANMUTG_Les_Temps_de_la_Cite_jour.jpg\" \/>\n\t<meta property=\"og:image:width\" content=\"671\" \/>\n\t<meta property=\"og:image:height\" content=\"1000\" \/>\n\t<meta property=\"og:image:type\" content=\"image\/jpeg\" \/>\n<meta name=\"author\" content=\"St\u00e9phane Miget\" \/>\n<meta name=\"twitter:card\" content=\"summary_large_image\" \/>\n<meta name=\"twitter:creator\" content=\"@bati_journal\" \/>\n<meta name=\"twitter:site\" content=\"@bati_journal\" \/>\n<meta name=\"twitter:label1\" content=\"\u00c9crit par\" \/>\n\t<meta name=\"twitter:data1\" content=\"St\u00e9phane Miget\" \/>\n\t<meta name=\"twitter:label2\" content=\"Dur\u00e9e de lecture estim\u00e9e\" \/>\n\t<meta name=\"twitter:data2\" content=\"1 minute\" \/>\n<script type=\"application\/ld+json\" class=\"yoast-schema-graph\">{\"@context\":\"https:\\\/\\\/schema.org\",\"@graph\":[{\"@type\":\"Article\",\"@id\":\"https:\\\/\\\/batijournal.com\\\/index.php\\\/les-fresques-de-la-cite-urbaine-tony-garnier-de-lyon-restaurees\\\/103090\\\/#article\",\"isPartOf\":{\"@id\":\"https:\\\/\\\/batijournal.com\\\/index.php\\\/les-fresques-de-la-cite-urbaine-tony-garnier-de-lyon-restaurees\\\/103090\\\/\"},\"author\":{\"name\":\"St\u00e9phane Miget\",\"@id\":\"https:\\\/\\\/batijournal.com\\\/#\\\/schema\\\/person\\\/1dc96ec6957aa1ccb25ebe78bb19f100\"},\"headline\":\"Les fresques de la cit\u00e9 urbaine Tony Garnier de Lyon restaur\u00e9es\",\"datePublished\":\"2019-10-03T06:35:52+00:00\",\"mainEntityOfPage\":{\"@id\":\"https:\\\/\\\/batijournal.com\\\/index.php\\\/les-fresques-de-la-cite-urbaine-tony-garnier-de-lyon-restaurees\\\/103090\\\/\"},\"wordCount\":183,\"image\":{\"@id\":\"https:\\\/\\\/batijournal.com\\\/index.php\\\/les-fresques-de-la-cite-urbaine-tony-garnier-de-lyon-restaurees\\\/103090\\\/#primaryimage\"},\"thumbnailUrl\":\"https:\\\/\\\/batijournal.com\\\/wp-content\\\/uploads\\\/2019\\\/10\\\/ZOLPANMUTG_Les_Temps_de_la_Cite_jour.jpg\",\"keywords\":[\"fresque\"],\"articleSection\":[\"Actualit\u00e9s\",\"Architecture &amp; Conception\",\"zz_5fa\u00e7ades\",\"zz_Actualit\u00e9s - 5fa\u00e7ades\"],\"inLanguage\":\"fr-FR\"},{\"@type\":\"WebPage\",\"@id\":\"https:\\\/\\\/batijournal.com\\\/index.php\\\/les-fresques-de-la-cite-urbaine-tony-garnier-de-lyon-restaurees\\\/103090\\\/\",\"url\":\"https:\\\/\\\/batijournal.com\\\/index.php\\\/les-fresques-de-la-cite-urbaine-tony-garnier-de-lyon-restaurees\\\/103090\\\/\",\"name\":\"Les fresques de la cit\u00e9 urbaine Tony Garnier de Lyon restaur\u00e9es\",\"isPartOf\":{\"@id\":\"https:\\\/\\\/batijournal.com\\\/#website\"},\"primaryImageOfPage\":{\"@id\":\"https:\\\/\\\/batijournal.com\\\/index.php\\\/les-fresques-de-la-cite-urbaine-tony-garnier-de-lyon-restaurees\\\/103090\\\/#primaryimage\"},\"image\":{\"@id\":\"https:\\\/\\\/batijournal.com\\\/index.php\\\/les-fresques-de-la-cite-urbaine-tony-garnier-de-lyon-restaurees\\\/103090\\\/#primaryimage\"},\"thumbnailUrl\":\"https:\\\/\\\/batijournal.com\\\/wp-content\\\/uploads\\\/2019\\\/10\\\/ZOLPANMUTG_Les_Temps_de_la_Cite_jour.jpg\",\"datePublished\":\"2019-10-03T06:35:52+00:00\",\"author\":{\"@id\":\"https:\\\/\\\/batijournal.com\\\/#\\\/schema\\\/person\\\/1dc96ec6957aa1ccb25ebe78bb19f100\"},\"description\":\"V\u00e9ritable mus\u00e9e en plein air et en pleine ville, la cit\u00e9 urbaine Tony Garnier de Lyon est connue mondialement pour ses 24 fresques artistiques\",\"breadcrumb\":{\"@id\":\"https:\\\/\\\/batijournal.com\\\/index.php\\\/les-fresques-de-la-cite-urbaine-tony-garnier-de-lyon-restaurees\\\/103090\\\/#breadcrumb\"},\"inLanguage\":\"fr-FR\",\"potentialAction\":[{\"@type\":\"ReadAction\",\"target\":[\"https:\\\/\\\/batijournal.com\\\/index.php\\\/les-fresques-de-la-cite-urbaine-tony-garnier-de-lyon-restaurees\\\/103090\\\/\"]}]},{\"@type\":\"ImageObject\",\"inLanguage\":\"fr-FR\",\"@id\":\"https:\\\/\\\/batijournal.com\\\/index.php\\\/les-fresques-de-la-cite-urbaine-tony-garnier-de-lyon-restaurees\\\/103090\\\/#primaryimage\",\"url\":\"https:\\\/\\\/batijournal.com\\\/wp-content\\\/uploads\\\/2019\\\/10\\\/ZOLPANMUTG_Les_Temps_de_la_Cite_jour.jpg\",\"contentUrl\":\"https:\\\/\\\/batijournal.com\\\/wp-content\\\/uploads\\\/2019\\\/10\\\/ZOLPANMUTG_Les_Temps_de_la_Cite_jour.jpg\",\"width\":671,\"height\":1000},{\"@type\":\"BreadcrumbList\",\"@id\":\"https:\\\/\\\/batijournal.com\\\/index.php\\\/les-fresques-de-la-cite-urbaine-tony-garnier-de-lyon-restaurees\\\/103090\\\/#breadcrumb\",\"itemListElement\":[{\"@type\":\"ListItem\",\"position\":1,\"name\":\"Accueil\",\"item\":\"https:\\\/\\\/batijournal.com\\\/\"},{\"@type\":\"ListItem\",\"position\":2,\"name\":\"Actualit\u00e9s\",\"item\":\"https:\\\/\\\/batijournal.com\\\/index.php\\\/category\\\/actualites\\\/\"},{\"@type\":\"ListItem\",\"position\":3,\"name\":\"Les fresques de la cit\u00e9 urbaine Tony Garnier de Lyon restaur\u00e9es\"}]},{\"@type\":\"WebSite\",\"@id\":\"https:\\\/\\\/batijournal.com\\\/#website\",\"url\":\"https:\\\/\\\/batijournal.com\\\/\",\"name\":\"Batijournal\",\"description\":\"L&#039;actualit\u00e9 du b\u00e2timent\",\"potentialAction\":[{\"@type\":\"SearchAction\",\"target\":{\"@type\":\"EntryPoint\",\"urlTemplate\":\"https:\\\/\\\/batijournal.com\\\/?s={search_term_string}\"},\"query-input\":{\"@type\":\"PropertyValueSpecification\",\"valueRequired\":true,\"valueName\":\"search_term_string\"}}],\"inLanguage\":\"fr-FR\"},{\"@type\":\"Person\",\"@id\":\"https:\\\/\\\/batijournal.com\\\/#\\\/schema\\\/person\\\/1dc96ec6957aa1ccb25ebe78bb19f100\",\"name\":\"St\u00e9phane Miget\",\"image\":{\"@type\":\"ImageObject\",\"inLanguage\":\"fr-FR\",\"@id\":\"https:\\\/\\\/secure.gravatar.com\\\/avatar\\\/89915563d925342126b8ef0281b93d9d7fc337043e8df017f780908eb9644451?s=96&d=mm&r=g\",\"url\":\"https:\\\/\\\/secure.gravatar.com\\\/avatar\\\/89915563d925342126b8ef0281b93d9d7fc337043e8df017f780908eb9644451?s=96&d=mm&r=g\",\"contentUrl\":\"https:\\\/\\\/secure.gravatar.com\\\/avatar\\\/89915563d925342126b8ef0281b93d9d7fc337043e8df017f780908eb9644451?s=96&d=mm&r=g\",\"caption\":\"St\u00e9phane Miget\"},\"url\":\"https:\\\/\\\/batijournal.com\\\/index.php\\\/author\\\/stephane\\\/\"}]}<\/script>\n<!-- \/ Yoast SEO plugin. -->","yoast_head_json":{"title":"Les fresques de la cit\u00e9 urbaine Tony Garnier de Lyon restaur\u00e9es","description":"V\u00e9ritable mus\u00e9e en plein air et en pleine ville, la cit\u00e9 urbaine Tony Garnier de Lyon est connue mondialement pour ses 24 fresques artistiques","robots":{"index":"index","follow":"follow","max-snippet":"max-snippet:-1","max-image-preview":"max-image-preview:large","max-video-preview":"max-video-preview:-1"},"canonical":"https:\/\/batijournal.com\/index.php\/les-fresques-de-la-cite-urbaine-tony-garnier-de-lyon-restaurees\/103090\/","og_locale":"fr_FR","og_type":"article","og_title":"Les fresques de la cit\u00e9 urbaine Tony Garnier de Lyon restaur\u00e9es","og_description":"V\u00e9ritable mus\u00e9e en plein air et en pleine ville, la cit\u00e9 urbaine Tony Garnier de Lyon est connue mondialement pour ses 24 fresques artistiques","og_url":"https:\/\/batijournal.com\/index.php\/les-fresques-de-la-cite-urbaine-tony-garnier-de-lyon-restaurees\/103090\/","og_site_name":"Batijournal","article_published_time":"2019-10-03T06:35:52+00:00","og_image":[{"width":671,"height":1000,"url":"https:\/\/batijournal.com\/wp-content\/uploads\/2019\/10\/ZOLPANMUTG_Les_Temps_de_la_Cite_jour.jpg","type":"image\/jpeg"}],"author":"St\u00e9phane Miget","twitter_card":"summary_large_image","twitter_creator":"@bati_journal","twitter_site":"@bati_journal","twitter_misc":{"\u00c9crit par":"St\u00e9phane Miget","Dur\u00e9e de lecture estim\u00e9e":"1 minute"},"schema":{"@context":"https:\/\/schema.org","@graph":[{"@type":"Article","@id":"https:\/\/batijournal.com\/index.php\/les-fresques-de-la-cite-urbaine-tony-garnier-de-lyon-restaurees\/103090\/#article","isPartOf":{"@id":"https:\/\/batijournal.com\/index.php\/les-fresques-de-la-cite-urbaine-tony-garnier-de-lyon-restaurees\/103090\/"},"author":{"name":"St\u00e9phane Miget","@id":"https:\/\/batijournal.com\/#\/schema\/person\/1dc96ec6957aa1ccb25ebe78bb19f100"},"headline":"Les fresques de la cit\u00e9 urbaine Tony Garnier de Lyon restaur\u00e9es","datePublished":"2019-10-03T06:35:52+00:00","mainEntityOfPage":{"@id":"https:\/\/batijournal.com\/index.php\/les-fresques-de-la-cite-urbaine-tony-garnier-de-lyon-restaurees\/103090\/"},"wordCount":183,"image":{"@id":"https:\/\/batijournal.com\/index.php\/les-fresques-de-la-cite-urbaine-tony-garnier-de-lyon-restaurees\/103090\/#primaryimage"},"thumbnailUrl":"https:\/\/batijournal.com\/wp-content\/uploads\/2019\/10\/ZOLPANMUTG_Les_Temps_de_la_Cite_jour.jpg","keywords":["fresque"],"articleSection":["Actualit\u00e9s","Architecture &amp; Conception","zz_5fa\u00e7ades","zz_Actualit\u00e9s - 5fa\u00e7ades"],"inLanguage":"fr-FR"},{"@type":"WebPage","@id":"https:\/\/batijournal.com\/index.php\/les-fresques-de-la-cite-urbaine-tony-garnier-de-lyon-restaurees\/103090\/","url":"https:\/\/batijournal.com\/index.php\/les-fresques-de-la-cite-urbaine-tony-garnier-de-lyon-restaurees\/103090\/","name":"Les fresques de la cit\u00e9 urbaine Tony Garnier de Lyon restaur\u00e9es","isPartOf":{"@id":"https:\/\/batijournal.com\/#website"},"primaryImageOfPage":{"@id":"https:\/\/batijournal.com\/index.php\/les-fresques-de-la-cite-urbaine-tony-garnier-de-lyon-restaurees\/103090\/#primaryimage"},"image":{"@id":"https:\/\/batijournal.com\/index.php\/les-fresques-de-la-cite-urbaine-tony-garnier-de-lyon-restaurees\/103090\/#primaryimage"},"thumbnailUrl":"https:\/\/batijournal.com\/wp-content\/uploads\/2019\/10\/ZOLPANMUTG_Les_Temps_de_la_Cite_jour.jpg","datePublished":"2019-10-03T06:35:52+00:00","author":{"@id":"https:\/\/batijournal.com\/#\/schema\/person\/1dc96ec6957aa1ccb25ebe78bb19f100"},"description":"V\u00e9ritable mus\u00e9e en plein air et en pleine ville, la cit\u00e9 urbaine Tony Garnier de Lyon est connue mondialement pour ses 24 fresques artistiques","breadcrumb":{"@id":"https:\/\/batijournal.com\/index.php\/les-fresques-de-la-cite-urbaine-tony-garnier-de-lyon-restaurees\/103090\/#breadcrumb"},"inLanguage":"fr-FR","potentialAction":[{"@type":"ReadAction","target":["https:\/\/batijournal.com\/index.php\/les-fresques-de-la-cite-urbaine-tony-garnier-de-lyon-restaurees\/103090\/"]}]},{"@type":"ImageObject","inLanguage":"fr-FR","@id":"https:\/\/batijournal.com\/index.php\/les-fresques-de-la-cite-urbaine-tony-garnier-de-lyon-restaurees\/103090\/#primaryimage","url":"https:\/\/batijournal.com\/wp-content\/uploads\/2019\/10\/ZOLPANMUTG_Les_Temps_de_la_Cite_jour.jpg","contentUrl":"https:\/\/batijournal.com\/wp-content\/uploads\/2019\/10\/ZOLPANMUTG_Les_Temps_de_la_Cite_jour.jpg","width":671,"height":1000},{"@type":"BreadcrumbList","@id":"https:\/\/batijournal.com\/index.php\/les-fresques-de-la-cite-urbaine-tony-garnier-de-lyon-restaurees\/103090\/#breadcrumb","itemListElement":[{"@type":"ListItem","position":1,"name":"Accueil","item":"https:\/\/batijournal.com\/"},{"@type":"ListItem","position":2,"name":"Actualit\u00e9s","item":"https:\/\/batijournal.com\/index.php\/category\/actualites\/"},{"@type":"ListItem","position":3,"name":"Les fresques de la cit\u00e9 urbaine Tony Garnier de Lyon restaur\u00e9es"}]},{"@type":"WebSite","@id":"https:\/\/batijournal.com\/#website","url":"https:\/\/batijournal.com\/","name":"Batijournal","description":"L&#039;actualit\u00e9 du b\u00e2timent","potentialAction":[{"@type":"SearchAction","target":{"@type":"EntryPoint","urlTemplate":"https:\/\/batijournal.com\/?s={search_term_string}"},"query-input":{"@type":"PropertyValueSpecification","valueRequired":true,"valueName":"search_term_string"}}],"inLanguage":"fr-FR"},{"@type":"Person","@id":"https:\/\/batijournal.com\/#\/schema\/person\/1dc96ec6957aa1ccb25ebe78bb19f100","name":"St\u00e9phane Miget","image":{"@type":"ImageObject","inLanguage":"fr-FR","@id":"https:\/\/secure.gravatar.com\/avatar\/89915563d925342126b8ef0281b93d9d7fc337043e8df017f780908eb9644451?s=96&d=mm&r=g","url":"https:\/\/secure.gravatar.com\/avatar\/89915563d925342126b8ef0281b93d9d7fc337043e8df017f780908eb9644451?s=96&d=mm&r=g","contentUrl":"https:\/\/secure.gravatar.com\/avatar\/89915563d925342126b8ef0281b93d9d7fc337043e8df017f780908eb9644451?s=96&d=mm&r=g","caption":"St\u00e9phane Miget"},"url":"https:\/\/batijournal.com\/index.php\/author\/stephane\/"}]}},"_links":{"self":[{"href":"https:\/\/batijournal.com\/index.php\/wp-json\/wp\/v2\/posts\/103090","targetHints":{"allow":["GET"]}}],"collection":[{"href":"https:\/\/batijournal.com\/index.php\/wp-json\/wp\/v2\/posts"}],"about":[{"href":"https:\/\/batijournal.com\/index.php\/wp-json\/wp\/v2\/types\/post"}],"author":[{"embeddable":true,"href":"https:\/\/batijournal.com\/index.php\/wp-json\/wp\/v2\/users\/17"}],"replies":[{"embeddable":true,"href":"https:\/\/batijournal.com\/index.php\/wp-json\/wp\/v2\/comments?post=103090"}],"version-history":[{"count":0,"href":"https:\/\/batijournal.com\/index.php\/wp-json\/wp\/v2\/posts\/103090\/revisions"}],"wp:featuredmedia":[{"embeddable":true,"href":"https:\/\/batijournal.com\/index.php\/wp-json\/wp\/v2\/media\/103089"}],"wp:attachment":[{"href":"https:\/\/batijournal.com\/index.php\/wp-json\/wp\/v2\/media?parent=103090"}],"wp:term":[{"taxonomy":"category","embeddable":true,"href":"https:\/\/batijournal.com\/index.php\/wp-json\/wp\/v2\/categories?post=103090"},{"taxonomy":"post_tag","embeddable":true,"href":"https:\/\/batijournal.com\/index.php\/wp-json\/wp\/v2\/tags?post=103090"}],"curies":[{"name":"wp","href":"https:\/\/api.w.org\/{rel}","templated":true}]}}