{"id":103099,"date":"2019-10-03T18:38:13","date_gmt":"2019-10-03T16:38:13","guid":{"rendered":"https:\/\/batijournal.com\/?p=103099"},"modified":"2019-10-03T18:38:13","modified_gmt":"2019-10-03T16:38:13","slug":"facades-ventilees-solid-surface","status":"publish","type":"post","link":"https:\/\/batijournal.com\/index.php\/facades-ventilees-solid-surface\/103099\/","title":{"rendered":"Fa\u00e7ades ventil\u00e9es Solid Surface"},"content":{"rendered":"<p>Le Groupe PORCELANOSA s\u2019est impos\u00e9 comme l\u2019un des leaders du march\u00e9 des fa\u00e7ades ventil\u00e9es Solid Surface avec KRION pour l\u2019enveloppe des b\u00e2timents, actuellement, elle fournis 200 000 m2 annuels de fa\u00e7ades, et r\u00e9alise des projets dans plus de 60 pays. C&rsquo;est le seul syst\u00e8me sur le march\u00e9 \u00e0 \u00eatre sous avis technique pour les fa\u00e7ades cintr\u00e9es. Il est dot\u00e9 de de particularit\u00e9s exclusives de part sa composition : haute r\u00e9sistance, durabilit\u00e9, \u00e9cologique&#8230; Il se caract\u00e9rise par ses excellentes propri\u00e9t\u00e9s de thermoformage et de r\u00e9tro\u00e9clairage, permettant de cr\u00e9er une infinit\u00e9 de formes complexes et sans joint.<\/p>\n","protected":false},"excerpt":{"rendered":"<p>Le Groupe PORCELANOSA s\u2019est impos\u00e9 comme l\u2019un des leaders du march\u00e9 des fa\u00e7ades ventil\u00e9es Solid Surface avec KRION pour l\u2019enveloppe des b\u00e2timents, actuellement, elle fournis 200 000 m2 annuels de fa\u00e7ades, et r\u00e9alise des projets dans plus de 60 pays. C&rsquo;est le seul syst\u00e8me sur le march\u00e9 \u00e0 \u00eatre sous avis technique pour les fa\u00e7ades [&hellip;]<\/p>\n","protected":false},"author":17,"featured_media":103100,"comment_status":"closed","ping_status":"closed","sticky":false,"template":"","format":"standard","meta":{"_et_pb_use_builder":"","_et_pb_old_content":"","_et_gb_content_width":"","footnotes":""},"categories":[10530,6340,10771,10774],"tags":[126],"class_list":["post-103099","post","type-post","status-publish","format-standard","has-post-thumbnail","hentry","category-actualites","category-architecture-conception","category-5facades","category-produits-5facades","tag-facade"],"yoast_head":"<!-- This site is optimized with the Yoast SEO plugin v27.4 - https:\/\/yoast.com\/product\/yoast-seo-wordpress\/ -->\n<title>Fa\u00e7ades ventil\u00e9es Solid Surface<\/title>\n<meta name=\"robots\" content=\"index, follow, max-snippet:-1, max-image-preview:large, max-video-preview:-1\" \/>\n<link rel=\"canonical\" href=\"https:\/\/batijournal.com\/index.php\/facades-ventilees-solid-surface\/103099\/\" \/>\n<meta property=\"og:locale\" content=\"fr_FR\" \/>\n<meta property=\"og:type\" content=\"article\" \/>\n<meta property=\"og:title\" content=\"Fa\u00e7ades ventil\u00e9es Solid Surface\" \/>\n<meta property=\"og:description\" content=\"Le Groupe PORCELANOSA s\u2019est impos\u00e9 comme l\u2019un des leaders du march\u00e9 des fa\u00e7ades ventil\u00e9es Solid Surface avec KRION pour l\u2019enveloppe des b\u00e2timents, actuellement, elle fournis 200 000 m2 annuels de fa\u00e7ades, et r\u00e9alise des projets dans plus de 60 pays. C&rsquo;est le seul syst\u00e8me sur le march\u00e9 \u00e0 \u00eatre sous avis technique pour les fa\u00e7ades [&hellip;]\" \/>\n<meta property=\"og:url\" content=\"https:\/\/batijournal.com\/index.php\/facades-ventilees-solid-surface\/103099\/\" \/>\n<meta property=\"og:site_name\" content=\"Batijournal\" \/>\n<meta property=\"article:published_time\" content=\"2019-10-03T16:38:13+00:00\" \/>\n<meta property=\"og:image\" content=\"https:\/\/batijournal.com\/wp-content\/uploads\/2019\/10\/facade-krion.jpeg\" \/>\n\t<meta property=\"og:image:width\" content=\"1600\" \/>\n\t<meta property=\"og:image:height\" content=\"1200\" \/>\n\t<meta property=\"og:image:type\" content=\"image\/jpeg\" \/>\n<meta name=\"author\" content=\"St\u00e9phane Miget\" \/>\n<meta name=\"twitter:card\" content=\"summary_large_image\" \/>\n<meta name=\"twitter:creator\" content=\"@bati_journal\" \/>\n<meta name=\"twitter:site\" content=\"@bati_journal\" \/>\n<meta name=\"twitter:label1\" content=\"\u00c9crit par\" \/>\n\t<meta name=\"twitter:data1\" content=\"St\u00e9phane Miget\" \/>\n\t<meta name=\"twitter:label2\" content=\"Dur\u00e9e de lecture estim\u00e9e\" \/>\n\t<meta name=\"twitter:data2\" content=\"1 minute\" \/>\n<script type=\"application\/ld+json\" class=\"yoast-schema-graph\">{\"@context\":\"https:\\\/\\\/schema.org\",\"@graph\":[{\"@type\":\"Article\",\"@id\":\"https:\\\/\\\/batijournal.com\\\/index.php\\\/facades-ventilees-solid-surface\\\/103099\\\/#article\",\"isPartOf\":{\"@id\":\"https:\\\/\\\/batijournal.com\\\/index.php\\\/facades-ventilees-solid-surface\\\/103099\\\/\"},\"author\":{\"name\":\"St\u00e9phane Miget\",\"@id\":\"https:\\\/\\\/batijournal.com\\\/#\\\/schema\\\/person\\\/1dc96ec6957aa1ccb25ebe78bb19f100\"},\"headline\":\"Fa\u00e7ades ventil\u00e9es Solid Surface\",\"datePublished\":\"2019-10-03T16:38:13+00:00\",\"mainEntityOfPage\":{\"@id\":\"https:\\\/\\\/batijournal.com\\\/index.php\\\/facades-ventilees-solid-surface\\\/103099\\\/\"},\"wordCount\":116,\"image\":{\"@id\":\"https:\\\/\\\/batijournal.com\\\/index.php\\\/facades-ventilees-solid-surface\\\/103099\\\/#primaryimage\"},\"thumbnailUrl\":\"https:\\\/\\\/batijournal.com\\\/wp-content\\\/uploads\\\/2019\\\/10\\\/facade-krion.jpeg\",\"keywords\":[\"fa\u00e7ade\"],\"articleSection\":[\"Actualit\u00e9s\",\"Architecture &amp; Conception\",\"zz_5fa\u00e7ades\",\"zz_Nouveaut\u00e9s Produits - 5fa\u00e7ades\"],\"inLanguage\":\"fr-FR\"},{\"@type\":\"WebPage\",\"@id\":\"https:\\\/\\\/batijournal.com\\\/index.php\\\/facades-ventilees-solid-surface\\\/103099\\\/\",\"url\":\"https:\\\/\\\/batijournal.com\\\/index.php\\\/facades-ventilees-solid-surface\\\/103099\\\/\",\"name\":\"Fa\u00e7ades ventil\u00e9es Solid Surface\",\"isPartOf\":{\"@id\":\"https:\\\/\\\/batijournal.com\\\/#website\"},\"primaryImageOfPage\":{\"@id\":\"https:\\\/\\\/batijournal.com\\\/index.php\\\/facades-ventilees-solid-surface\\\/103099\\\/#primaryimage\"},\"image\":{\"@id\":\"https:\\\/\\\/batijournal.com\\\/index.php\\\/facades-ventilees-solid-surface\\\/103099\\\/#primaryimage\"},\"thumbnailUrl\":\"https:\\\/\\\/batijournal.com\\\/wp-content\\\/uploads\\\/2019\\\/10\\\/facade-krion.jpeg\",\"datePublished\":\"2019-10-03T16:38:13+00:00\",\"author\":{\"@id\":\"https:\\\/\\\/batijournal.com\\\/#\\\/schema\\\/person\\\/1dc96ec6957aa1ccb25ebe78bb19f100\"},\"breadcrumb\":{\"@id\":\"https:\\\/\\\/batijournal.com\\\/index.php\\\/facades-ventilees-solid-surface\\\/103099\\\/#breadcrumb\"},\"inLanguage\":\"fr-FR\",\"potentialAction\":[{\"@type\":\"ReadAction\",\"target\":[\"https:\\\/\\\/batijournal.com\\\/index.php\\\/facades-ventilees-solid-surface\\\/103099\\\/\"]}]},{\"@type\":\"ImageObject\",\"inLanguage\":\"fr-FR\",\"@id\":\"https:\\\/\\\/batijournal.com\\\/index.php\\\/facades-ventilees-solid-surface\\\/103099\\\/#primaryimage\",\"url\":\"https:\\\/\\\/batijournal.com\\\/wp-content\\\/uploads\\\/2019\\\/10\\\/facade-krion.jpeg\",\"contentUrl\":\"https:\\\/\\\/batijournal.com\\\/wp-content\\\/uploads\\\/2019\\\/10\\\/facade-krion.jpeg\",\"width\":1600,\"height\":1200},{\"@type\":\"BreadcrumbList\",\"@id\":\"https:\\\/\\\/batijournal.com\\\/index.php\\\/facades-ventilees-solid-surface\\\/103099\\\/#breadcrumb\",\"itemListElement\":[{\"@type\":\"ListItem\",\"position\":1,\"name\":\"Accueil\",\"item\":\"https:\\\/\\\/batijournal.com\\\/\"},{\"@type\":\"ListItem\",\"position\":2,\"name\":\"Actualit\u00e9s\",\"item\":\"https:\\\/\\\/batijournal.com\\\/index.php\\\/category\\\/actualites\\\/\"},{\"@type\":\"ListItem\",\"position\":3,\"name\":\"Fa\u00e7ades ventil\u00e9es Solid Surface\"}]},{\"@type\":\"WebSite\",\"@id\":\"https:\\\/\\\/batijournal.com\\\/#website\",\"url\":\"https:\\\/\\\/batijournal.com\\\/\",\"name\":\"Batijournal\",\"description\":\"L&#039;actualit\u00e9 du b\u00e2timent\",\"potentialAction\":[{\"@type\":\"SearchAction\",\"target\":{\"@type\":\"EntryPoint\",\"urlTemplate\":\"https:\\\/\\\/batijournal.com\\\/?s={search_term_string}\"},\"query-input\":{\"@type\":\"PropertyValueSpecification\",\"valueRequired\":true,\"valueName\":\"search_term_string\"}}],\"inLanguage\":\"fr-FR\"},{\"@type\":\"Person\",\"@id\":\"https:\\\/\\\/batijournal.com\\\/#\\\/schema\\\/person\\\/1dc96ec6957aa1ccb25ebe78bb19f100\",\"name\":\"St\u00e9phane Miget\",\"image\":{\"@type\":\"ImageObject\",\"inLanguage\":\"fr-FR\",\"@id\":\"https:\\\/\\\/secure.gravatar.com\\\/avatar\\\/89915563d925342126b8ef0281b93d9d7fc337043e8df017f780908eb9644451?s=96&d=mm&r=g\",\"url\":\"https:\\\/\\\/secure.gravatar.com\\\/avatar\\\/89915563d925342126b8ef0281b93d9d7fc337043e8df017f780908eb9644451?s=96&d=mm&r=g\",\"contentUrl\":\"https:\\\/\\\/secure.gravatar.com\\\/avatar\\\/89915563d925342126b8ef0281b93d9d7fc337043e8df017f780908eb9644451?s=96&d=mm&r=g\",\"caption\":\"St\u00e9phane Miget\"},\"url\":\"https:\\\/\\\/batijournal.com\\\/index.php\\\/author\\\/stephane\\\/\"}]}<\/script>\n<!-- \/ Yoast SEO plugin. -->","yoast_head_json":{"title":"Fa\u00e7ades ventil\u00e9es Solid Surface","robots":{"index":"index","follow":"follow","max-snippet":"max-snippet:-1","max-image-preview":"max-image-preview:large","max-video-preview":"max-video-preview:-1"},"canonical":"https:\/\/batijournal.com\/index.php\/facades-ventilees-solid-surface\/103099\/","og_locale":"fr_FR","og_type":"article","og_title":"Fa\u00e7ades ventil\u00e9es Solid Surface","og_description":"Le Groupe PORCELANOSA s\u2019est impos\u00e9 comme l\u2019un des leaders du march\u00e9 des fa\u00e7ades ventil\u00e9es Solid Surface avec KRION pour l\u2019enveloppe des b\u00e2timents, actuellement, elle fournis 200 000 m2 annuels de fa\u00e7ades, et r\u00e9alise des projets dans plus de 60 pays. C&rsquo;est le seul syst\u00e8me sur le march\u00e9 \u00e0 \u00eatre sous avis technique pour les fa\u00e7ades [&hellip;]","og_url":"https:\/\/batijournal.com\/index.php\/facades-ventilees-solid-surface\/103099\/","og_site_name":"Batijournal","article_published_time":"2019-10-03T16:38:13+00:00","og_image":[{"width":1600,"height":1200,"url":"https:\/\/batijournal.com\/wp-content\/uploads\/2019\/10\/facade-krion.jpeg","type":"image\/jpeg"}],"author":"St\u00e9phane Miget","twitter_card":"summary_large_image","twitter_creator":"@bati_journal","twitter_site":"@bati_journal","twitter_misc":{"\u00c9crit par":"St\u00e9phane Miget","Dur\u00e9e de lecture estim\u00e9e":"1 minute"},"schema":{"@context":"https:\/\/schema.org","@graph":[{"@type":"Article","@id":"https:\/\/batijournal.com\/index.php\/facades-ventilees-solid-surface\/103099\/#article","isPartOf":{"@id":"https:\/\/batijournal.com\/index.php\/facades-ventilees-solid-surface\/103099\/"},"author":{"name":"St\u00e9phane Miget","@id":"https:\/\/batijournal.com\/#\/schema\/person\/1dc96ec6957aa1ccb25ebe78bb19f100"},"headline":"Fa\u00e7ades ventil\u00e9es Solid Surface","datePublished":"2019-10-03T16:38:13+00:00","mainEntityOfPage":{"@id":"https:\/\/batijournal.com\/index.php\/facades-ventilees-solid-surface\/103099\/"},"wordCount":116,"image":{"@id":"https:\/\/batijournal.com\/index.php\/facades-ventilees-solid-surface\/103099\/#primaryimage"},"thumbnailUrl":"https:\/\/batijournal.com\/wp-content\/uploads\/2019\/10\/facade-krion.jpeg","keywords":["fa\u00e7ade"],"articleSection":["Actualit\u00e9s","Architecture &amp; Conception","zz_5fa\u00e7ades","zz_Nouveaut\u00e9s Produits - 5fa\u00e7ades"],"inLanguage":"fr-FR"},{"@type":"WebPage","@id":"https:\/\/batijournal.com\/index.php\/facades-ventilees-solid-surface\/103099\/","url":"https:\/\/batijournal.com\/index.php\/facades-ventilees-solid-surface\/103099\/","name":"Fa\u00e7ades ventil\u00e9es Solid Surface","isPartOf":{"@id":"https:\/\/batijournal.com\/#website"},"primaryImageOfPage":{"@id":"https:\/\/batijournal.com\/index.php\/facades-ventilees-solid-surface\/103099\/#primaryimage"},"image":{"@id":"https:\/\/batijournal.com\/index.php\/facades-ventilees-solid-surface\/103099\/#primaryimage"},"thumbnailUrl":"https:\/\/batijournal.com\/wp-content\/uploads\/2019\/10\/facade-krion.jpeg","datePublished":"2019-10-03T16:38:13+00:00","author":{"@id":"https:\/\/batijournal.com\/#\/schema\/person\/1dc96ec6957aa1ccb25ebe78bb19f100"},"breadcrumb":{"@id":"https:\/\/batijournal.com\/index.php\/facades-ventilees-solid-surface\/103099\/#breadcrumb"},"inLanguage":"fr-FR","potentialAction":[{"@type":"ReadAction","target":["https:\/\/batijournal.com\/index.php\/facades-ventilees-solid-surface\/103099\/"]}]},{"@type":"ImageObject","inLanguage":"fr-FR","@id":"https:\/\/batijournal.com\/index.php\/facades-ventilees-solid-surface\/103099\/#primaryimage","url":"https:\/\/batijournal.com\/wp-content\/uploads\/2019\/10\/facade-krion.jpeg","contentUrl":"https:\/\/batijournal.com\/wp-content\/uploads\/2019\/10\/facade-krion.jpeg","width":1600,"height":1200},{"@type":"BreadcrumbList","@id":"https:\/\/batijournal.com\/index.php\/facades-ventilees-solid-surface\/103099\/#breadcrumb","itemListElement":[{"@type":"ListItem","position":1,"name":"Accueil","item":"https:\/\/batijournal.com\/"},{"@type":"ListItem","position":2,"name":"Actualit\u00e9s","item":"https:\/\/batijournal.com\/index.php\/category\/actualites\/"},{"@type":"ListItem","position":3,"name":"Fa\u00e7ades ventil\u00e9es Solid Surface"}]},{"@type":"WebSite","@id":"https:\/\/batijournal.com\/#website","url":"https:\/\/batijournal.com\/","name":"Batijournal","description":"L&#039;actualit\u00e9 du b\u00e2timent","potentialAction":[{"@type":"SearchAction","target":{"@type":"EntryPoint","urlTemplate":"https:\/\/batijournal.com\/?s={search_term_string}"},"query-input":{"@type":"PropertyValueSpecification","valueRequired":true,"valueName":"search_term_string"}}],"inLanguage":"fr-FR"},{"@type":"Person","@id":"https:\/\/batijournal.com\/#\/schema\/person\/1dc96ec6957aa1ccb25ebe78bb19f100","name":"St\u00e9phane Miget","image":{"@type":"ImageObject","inLanguage":"fr-FR","@id":"https:\/\/secure.gravatar.com\/avatar\/89915563d925342126b8ef0281b93d9d7fc337043e8df017f780908eb9644451?s=96&d=mm&r=g","url":"https:\/\/secure.gravatar.com\/avatar\/89915563d925342126b8ef0281b93d9d7fc337043e8df017f780908eb9644451?s=96&d=mm&r=g","contentUrl":"https:\/\/secure.gravatar.com\/avatar\/89915563d925342126b8ef0281b93d9d7fc337043e8df017f780908eb9644451?s=96&d=mm&r=g","caption":"St\u00e9phane Miget"},"url":"https:\/\/batijournal.com\/index.php\/author\/stephane\/"}]}},"_links":{"self":[{"href":"https:\/\/batijournal.com\/index.php\/wp-json\/wp\/v2\/posts\/103099","targetHints":{"allow":["GET"]}}],"collection":[{"href":"https:\/\/batijournal.com\/index.php\/wp-json\/wp\/v2\/posts"}],"about":[{"href":"https:\/\/batijournal.com\/index.php\/wp-json\/wp\/v2\/types\/post"}],"author":[{"embeddable":true,"href":"https:\/\/batijournal.com\/index.php\/wp-json\/wp\/v2\/users\/17"}],"replies":[{"embeddable":true,"href":"https:\/\/batijournal.com\/index.php\/wp-json\/wp\/v2\/comments?post=103099"}],"version-history":[{"count":0,"href":"https:\/\/batijournal.com\/index.php\/wp-json\/wp\/v2\/posts\/103099\/revisions"}],"wp:featuredmedia":[{"embeddable":true,"href":"https:\/\/batijournal.com\/index.php\/wp-json\/wp\/v2\/media\/103100"}],"wp:attachment":[{"href":"https:\/\/batijournal.com\/index.php\/wp-json\/wp\/v2\/media?parent=103099"}],"wp:term":[{"taxonomy":"category","embeddable":true,"href":"https:\/\/batijournal.com\/index.php\/wp-json\/wp\/v2\/categories?post=103099"},{"taxonomy":"post_tag","embeddable":true,"href":"https:\/\/batijournal.com\/index.php\/wp-json\/wp\/v2\/tags?post=103099"}],"curies":[{"name":"wp","href":"https:\/\/api.w.org\/{rel}","templated":true}]}}