{"id":103129,"date":"2019-10-10T08:46:16","date_gmt":"2019-10-10T06:46:16","guid":{"rendered":"https:\/\/batijournal.com\/?p=103129"},"modified":"2019-10-10T08:46:16","modified_gmt":"2019-10-10T06:46:16","slug":"plus-on-habite-dans-une-petite-commune-plus-on-est-satisfait-de-la-qualite-de-son-logement","status":"publish","type":"post","link":"https:\/\/batijournal.com\/index.php\/plus-on-habite-dans-une-petite-commune-plus-on-est-satisfait-de-la-qualite-de-son-logement\/103129\/","title":{"rendered":"Plus on habite dans une petite commune, plus on est satisfait de la qualit\u00e9 de son logement"},"content":{"rendered":"<p><strong>L\u2019Association QUALITEL vient de publier la troisi\u00e8me \u00e9dition de son Barom\u00e8tre annuel consacr\u00e9 \u00e0 la Qualit\u00e9 du logement, en partenariat avec Ipsos. L\u2019\u00e9tude, d\u2019une ampleur in\u00e9dite, avec 80 questions et 4 850 personnes interrog\u00e9es, explore les perceptions des Fran\u00e7ais sur le logement, selon le type de territoire habit\u00e9 : communes rurales, villes moyennes, m\u00e9tropoles et agglom\u00e9ration parisienne.<\/strong><\/p>\n<p>Le Barom\u00e8tre QUALITEL 2019 confirme bien le d\u00e9ficit d\u2019infrastructures ou d\u2019acc\u00e8s aux services per\u00e7u par les Fran\u00e7ais r\u00e9sidant dans les communes moyennes ou rurales. En revanche, l\u2019\u00e9tude met aussi en lumi\u00e8re une autre r\u00e9alit\u00e9, peu connue ou pour le moins peu comment\u00e9e : en mati\u00e8re de qualit\u00e9 du logement, la fracture territoriale doit se lire \u00ab \u00e0 l\u2019envers \u00bb : plus on habite dans une petite commune, plus on est satisfait de la qualit\u00e9 de son logement.<\/p>\n<p>Le Qualiscore, indice synth\u00e9tique de 17 crit\u00e8res de satisfaction autour de la qualit\u00e9 du logement, d\u00e9cro\u00eet \u00e0 mesure que la taille de la commune grandit. Le Qualiscore s\u2019\u00e9l\u00e8ve ainsi \u00e0 7 dans les communes rurales, 6,9 dans les villes moyennes, 6,7 dans les m\u00e9tropoles de plus de cent mille habitants et 6,4 dans l\u2019agglom\u00e9ration parisienne.<\/p>\n<p>Ces chiffres r\u00e9sultent de la conjugaison de plusieurs facteurs, parmi lesquels :<br \/>\n&#8211; La surface du logement : dans les communes rurales, la surface jug\u00e9e id\u00e9ale pour un logement est de 134 m2, soit quasiment identique \u00e0 la surface r\u00e9elle, 135 m2. Dans une ville moyenne, elle est de 114 m2, l\u00e0 encore assez proche de la superficie r\u00e9elle, 107 m2. A contrario, les habitants des grandes villes sont frustr\u00e9s de vivre dans un espace moins important que celui r\u00eav\u00e9 : 94 m2 r\u00e9els contre 109 m2 souhait\u00e9s dans les m\u00e9tropoles, et 82 m2 r\u00e9els contre 105 m2 en agglom\u00e9ration parisienne.<br \/>\n&#8211; Les nuisances acoustiques, li\u00e9es \u00e0 la densit\u00e9 urbaine : les habitants de l\u2019agglom\u00e9ration parisienne sont par exemple trois fois plus susceptibles d\u2019\u00eatre d\u00e9rang\u00e9s par des bruits venant des logements voisins ou de la rue : 33 % sont \u00ab g\u00ean\u00e9s, de jour comme de nuit \u00bb, par des bruits venant du voisinage contre 11 % des habitants des communes rurales.<br \/>\n&#8211; La qualit\u00e9 intrins\u00e8que du logement : les logements des communes rurales et moyennes devancent syst\u00e9matiquement ceux des grandes villes (jusqu\u2019\u00e0 25 points d\u2019\u00e9cart observ\u00e9s) sur les 5 crit\u00e8res qui contribuent le plus \u00e0 la perception globale de la qualit\u00e9 : confort thermique, installations sanitaires, qualit\u00e9 des mat\u00e9riaux, isolation acoustique, a\u00e9ration.<\/p>\n","protected":false},"excerpt":{"rendered":"<p>L\u2019Association QUALITEL vient de publier la troisi\u00e8me \u00e9dition de son Barom\u00e8tre annuel consacr\u00e9 \u00e0 la Qualit\u00e9 du logement, en partenariat avec Ipsos. L\u2019\u00e9tude, d\u2019une ampleur in\u00e9dite, avec 80 questions et 4 850 personnes interrog\u00e9es, explore les perceptions des Fran\u00e7ais sur le logement, selon le type de territoire habit\u00e9 : communes rurales, villes moyennes, m\u00e9tropoles et [&hellip;]<\/p>\n","protected":false},"author":17,"featured_media":100842,"comment_status":"closed","ping_status":"closed","sticky":false,"template":"","format":"standard","meta":{"_et_pb_use_builder":"","_et_pb_old_content":"","_et_gb_content_width":"","footnotes":""},"categories":[10736,10530,6345],"tags":[878],"class_list":["post-103129","post","type-post","status-publish","format-standard","has-post-thumbnail","hentry","category-a-la-une","category-actualites","category-economie-marches","tag-qualitel"],"yoast_head":"<!-- This site is optimized with the Yoast SEO plugin v27.4 - https:\/\/yoast.com\/product\/yoast-seo-wordpress\/ -->\n<title>Plus on habite dans une petite commune, plus on est satisfait de la qualit\u00e9 de son logement<\/title>\n<meta name=\"description\" content=\"L\u2019Association QUALITEL vient de publier son Barom\u00e8tre annuel : plus on habite dans une petite commune, plus on est satisfait de la qualit\u00e9 de son logement\" \/>\n<meta name=\"robots\" content=\"index, follow, max-snippet:-1, max-image-preview:large, max-video-preview:-1\" \/>\n<link rel=\"canonical\" href=\"https:\/\/batijournal.com\/index.php\/plus-on-habite-dans-une-petite-commune-plus-on-est-satisfait-de-la-qualite-de-son-logement\/103129\/\" \/>\n<meta property=\"og:locale\" content=\"fr_FR\" \/>\n<meta property=\"og:type\" content=\"article\" \/>\n<meta property=\"og:title\" content=\"Plus on habite dans une petite commune, plus on est satisfait de la qualit\u00e9 de son logement\" \/>\n<meta property=\"og:description\" content=\"L\u2019Association QUALITEL vient de publier son Barom\u00e8tre annuel : plus on habite dans une petite commune, plus on est satisfait de la qualit\u00e9 de son logement\" \/>\n<meta property=\"og:url\" content=\"https:\/\/batijournal.com\/index.php\/plus-on-habite-dans-une-petite-commune-plus-on-est-satisfait-de-la-qualite-de-son-logement\/103129\/\" \/>\n<meta property=\"og:site_name\" content=\"Batijournal\" \/>\n<meta property=\"article:published_time\" content=\"2019-10-10T06:46:16+00:00\" \/>\n<meta property=\"og:image\" content=\"https:\/\/batijournal.com\/wp-content\/uploads\/2018\/11\/maison-centre-ville.jpg\" \/>\n\t<meta property=\"og:image:width\" content=\"1200\" \/>\n\t<meta property=\"og:image:height\" content=\"988\" \/>\n\t<meta property=\"og:image:type\" content=\"image\/jpeg\" \/>\n<meta name=\"author\" content=\"St\u00e9phane Miget\" \/>\n<meta name=\"twitter:card\" content=\"summary_large_image\" \/>\n<meta name=\"twitter:creator\" content=\"@bati_journal\" \/>\n<meta name=\"twitter:site\" content=\"@bati_journal\" \/>\n<meta name=\"twitter:label1\" content=\"\u00c9crit par\" \/>\n\t<meta name=\"twitter:data1\" content=\"St\u00e9phane Miget\" \/>\n\t<meta name=\"twitter:label2\" content=\"Dur\u00e9e de lecture estim\u00e9e\" \/>\n\t<meta name=\"twitter:data2\" content=\"2 minutes\" \/>\n<script type=\"application\/ld+json\" class=\"yoast-schema-graph\">{\"@context\":\"https:\\\/\\\/schema.org\",\"@graph\":[{\"@type\":\"Article\",\"@id\":\"https:\\\/\\\/batijournal.com\\\/index.php\\\/plus-on-habite-dans-une-petite-commune-plus-on-est-satisfait-de-la-qualite-de-son-logement\\\/103129\\\/#article\",\"isPartOf\":{\"@id\":\"https:\\\/\\\/batijournal.com\\\/index.php\\\/plus-on-habite-dans-une-petite-commune-plus-on-est-satisfait-de-la-qualite-de-son-logement\\\/103129\\\/\"},\"author\":{\"name\":\"St\u00e9phane Miget\",\"@id\":\"https:\\\/\\\/batijournal.com\\\/#\\\/schema\\\/person\\\/1dc96ec6957aa1ccb25ebe78bb19f100\"},\"headline\":\"Plus on habite dans une petite commune, plus on est satisfait de la qualit\u00e9 de son logement\",\"datePublished\":\"2019-10-10T06:46:16+00:00\",\"mainEntityOfPage\":{\"@id\":\"https:\\\/\\\/batijournal.com\\\/index.php\\\/plus-on-habite-dans-une-petite-commune-plus-on-est-satisfait-de-la-qualite-de-son-logement\\\/103129\\\/\"},\"wordCount\":435,\"image\":{\"@id\":\"https:\\\/\\\/batijournal.com\\\/index.php\\\/plus-on-habite-dans-une-petite-commune-plus-on-est-satisfait-de-la-qualite-de-son-logement\\\/103129\\\/#primaryimage\"},\"thumbnailUrl\":\"https:\\\/\\\/batijournal.com\\\/wp-content\\\/uploads\\\/2018\\\/11\\\/maison-centre-ville.jpg\",\"keywords\":[\"Qualitel\"],\"articleSection\":[\"A la Une\",\"Actualit\u00e9s\",\"\u00c9conomie &amp; March\u00e9s\"],\"inLanguage\":\"fr-FR\"},{\"@type\":\"WebPage\",\"@id\":\"https:\\\/\\\/batijournal.com\\\/index.php\\\/plus-on-habite-dans-une-petite-commune-plus-on-est-satisfait-de-la-qualite-de-son-logement\\\/103129\\\/\",\"url\":\"https:\\\/\\\/batijournal.com\\\/index.php\\\/plus-on-habite-dans-une-petite-commune-plus-on-est-satisfait-de-la-qualite-de-son-logement\\\/103129\\\/\",\"name\":\"Plus on habite dans une petite commune, plus on est satisfait de la qualit\u00e9 de son logement\",\"isPartOf\":{\"@id\":\"https:\\\/\\\/batijournal.com\\\/#website\"},\"primaryImageOfPage\":{\"@id\":\"https:\\\/\\\/batijournal.com\\\/index.php\\\/plus-on-habite-dans-une-petite-commune-plus-on-est-satisfait-de-la-qualite-de-son-logement\\\/103129\\\/#primaryimage\"},\"image\":{\"@id\":\"https:\\\/\\\/batijournal.com\\\/index.php\\\/plus-on-habite-dans-une-petite-commune-plus-on-est-satisfait-de-la-qualite-de-son-logement\\\/103129\\\/#primaryimage\"},\"thumbnailUrl\":\"https:\\\/\\\/batijournal.com\\\/wp-content\\\/uploads\\\/2018\\\/11\\\/maison-centre-ville.jpg\",\"datePublished\":\"2019-10-10T06:46:16+00:00\",\"author\":{\"@id\":\"https:\\\/\\\/batijournal.com\\\/#\\\/schema\\\/person\\\/1dc96ec6957aa1ccb25ebe78bb19f100\"},\"description\":\"L\u2019Association QUALITEL vient de publier son Barom\u00e8tre annuel : plus on habite dans une petite commune, plus on est satisfait de la qualit\u00e9 de son logement\",\"breadcrumb\":{\"@id\":\"https:\\\/\\\/batijournal.com\\\/index.php\\\/plus-on-habite-dans-une-petite-commune-plus-on-est-satisfait-de-la-qualite-de-son-logement\\\/103129\\\/#breadcrumb\"},\"inLanguage\":\"fr-FR\",\"potentialAction\":[{\"@type\":\"ReadAction\",\"target\":[\"https:\\\/\\\/batijournal.com\\\/index.php\\\/plus-on-habite-dans-une-petite-commune-plus-on-est-satisfait-de-la-qualite-de-son-logement\\\/103129\\\/\"]}]},{\"@type\":\"ImageObject\",\"inLanguage\":\"fr-FR\",\"@id\":\"https:\\\/\\\/batijournal.com\\\/index.php\\\/plus-on-habite-dans-une-petite-commune-plus-on-est-satisfait-de-la-qualite-de-son-logement\\\/103129\\\/#primaryimage\",\"url\":\"https:\\\/\\\/batijournal.com\\\/wp-content\\\/uploads\\\/2018\\\/11\\\/maison-centre-ville.jpg\",\"contentUrl\":\"https:\\\/\\\/batijournal.com\\\/wp-content\\\/uploads\\\/2018\\\/11\\\/maison-centre-ville.jpg\",\"width\":1200,\"height\":988},{\"@type\":\"BreadcrumbList\",\"@id\":\"https:\\\/\\\/batijournal.com\\\/index.php\\\/plus-on-habite-dans-une-petite-commune-plus-on-est-satisfait-de-la-qualite-de-son-logement\\\/103129\\\/#breadcrumb\",\"itemListElement\":[{\"@type\":\"ListItem\",\"position\":1,\"name\":\"Accueil\",\"item\":\"https:\\\/\\\/batijournal.com\\\/\"},{\"@type\":\"ListItem\",\"position\":2,\"name\":\"A la Une\",\"item\":\"https:\\\/\\\/batijournal.com\\\/index.php\\\/category\\\/a-la-une\\\/\"},{\"@type\":\"ListItem\",\"position\":3,\"name\":\"Plus on habite dans une petite commune, plus on est satisfait de la qualit\u00e9 de son logement\"}]},{\"@type\":\"WebSite\",\"@id\":\"https:\\\/\\\/batijournal.com\\\/#website\",\"url\":\"https:\\\/\\\/batijournal.com\\\/\",\"name\":\"Batijournal\",\"description\":\"L&#039;actualit\u00e9 du b\u00e2timent\",\"potentialAction\":[{\"@type\":\"SearchAction\",\"target\":{\"@type\":\"EntryPoint\",\"urlTemplate\":\"https:\\\/\\\/batijournal.com\\\/?s={search_term_string}\"},\"query-input\":{\"@type\":\"PropertyValueSpecification\",\"valueRequired\":true,\"valueName\":\"search_term_string\"}}],\"inLanguage\":\"fr-FR\"},{\"@type\":\"Person\",\"@id\":\"https:\\\/\\\/batijournal.com\\\/#\\\/schema\\\/person\\\/1dc96ec6957aa1ccb25ebe78bb19f100\",\"name\":\"St\u00e9phane Miget\",\"image\":{\"@type\":\"ImageObject\",\"inLanguage\":\"fr-FR\",\"@id\":\"https:\\\/\\\/secure.gravatar.com\\\/avatar\\\/89915563d925342126b8ef0281b93d9d7fc337043e8df017f780908eb9644451?s=96&d=mm&r=g\",\"url\":\"https:\\\/\\\/secure.gravatar.com\\\/avatar\\\/89915563d925342126b8ef0281b93d9d7fc337043e8df017f780908eb9644451?s=96&d=mm&r=g\",\"contentUrl\":\"https:\\\/\\\/secure.gravatar.com\\\/avatar\\\/89915563d925342126b8ef0281b93d9d7fc337043e8df017f780908eb9644451?s=96&d=mm&r=g\",\"caption\":\"St\u00e9phane Miget\"},\"url\":\"https:\\\/\\\/batijournal.com\\\/index.php\\\/author\\\/stephane\\\/\"}]}<\/script>\n<!-- \/ Yoast SEO plugin. -->","yoast_head_json":{"title":"Plus on habite dans une petite commune, plus on est satisfait de la qualit\u00e9 de son logement","description":"L\u2019Association QUALITEL vient de publier son Barom\u00e8tre annuel : plus on habite dans une petite commune, plus on est satisfait de la qualit\u00e9 de son logement","robots":{"index":"index","follow":"follow","max-snippet":"max-snippet:-1","max-image-preview":"max-image-preview:large","max-video-preview":"max-video-preview:-1"},"canonical":"https:\/\/batijournal.com\/index.php\/plus-on-habite-dans-une-petite-commune-plus-on-est-satisfait-de-la-qualite-de-son-logement\/103129\/","og_locale":"fr_FR","og_type":"article","og_title":"Plus on habite dans une petite commune, plus on est satisfait de la qualit\u00e9 de son logement","og_description":"L\u2019Association QUALITEL vient de publier son Barom\u00e8tre annuel : plus on habite dans une petite commune, plus on est satisfait de la qualit\u00e9 de son logement","og_url":"https:\/\/batijournal.com\/index.php\/plus-on-habite-dans-une-petite-commune-plus-on-est-satisfait-de-la-qualite-de-son-logement\/103129\/","og_site_name":"Batijournal","article_published_time":"2019-10-10T06:46:16+00:00","og_image":[{"width":1200,"height":988,"url":"https:\/\/batijournal.com\/wp-content\/uploads\/2018\/11\/maison-centre-ville.jpg","type":"image\/jpeg"}],"author":"St\u00e9phane Miget","twitter_card":"summary_large_image","twitter_creator":"@bati_journal","twitter_site":"@bati_journal","twitter_misc":{"\u00c9crit par":"St\u00e9phane Miget","Dur\u00e9e de lecture estim\u00e9e":"2 minutes"},"schema":{"@context":"https:\/\/schema.org","@graph":[{"@type":"Article","@id":"https:\/\/batijournal.com\/index.php\/plus-on-habite-dans-une-petite-commune-plus-on-est-satisfait-de-la-qualite-de-son-logement\/103129\/#article","isPartOf":{"@id":"https:\/\/batijournal.com\/index.php\/plus-on-habite-dans-une-petite-commune-plus-on-est-satisfait-de-la-qualite-de-son-logement\/103129\/"},"author":{"name":"St\u00e9phane Miget","@id":"https:\/\/batijournal.com\/#\/schema\/person\/1dc96ec6957aa1ccb25ebe78bb19f100"},"headline":"Plus on habite dans une petite commune, plus on est satisfait de la qualit\u00e9 de son logement","datePublished":"2019-10-10T06:46:16+00:00","mainEntityOfPage":{"@id":"https:\/\/batijournal.com\/index.php\/plus-on-habite-dans-une-petite-commune-plus-on-est-satisfait-de-la-qualite-de-son-logement\/103129\/"},"wordCount":435,"image":{"@id":"https:\/\/batijournal.com\/index.php\/plus-on-habite-dans-une-petite-commune-plus-on-est-satisfait-de-la-qualite-de-son-logement\/103129\/#primaryimage"},"thumbnailUrl":"https:\/\/batijournal.com\/wp-content\/uploads\/2018\/11\/maison-centre-ville.jpg","keywords":["Qualitel"],"articleSection":["A la Une","Actualit\u00e9s","\u00c9conomie &amp; March\u00e9s"],"inLanguage":"fr-FR"},{"@type":"WebPage","@id":"https:\/\/batijournal.com\/index.php\/plus-on-habite-dans-une-petite-commune-plus-on-est-satisfait-de-la-qualite-de-son-logement\/103129\/","url":"https:\/\/batijournal.com\/index.php\/plus-on-habite-dans-une-petite-commune-plus-on-est-satisfait-de-la-qualite-de-son-logement\/103129\/","name":"Plus on habite dans une petite commune, plus on est satisfait de la qualit\u00e9 de son logement","isPartOf":{"@id":"https:\/\/batijournal.com\/#website"},"primaryImageOfPage":{"@id":"https:\/\/batijournal.com\/index.php\/plus-on-habite-dans-une-petite-commune-plus-on-est-satisfait-de-la-qualite-de-son-logement\/103129\/#primaryimage"},"image":{"@id":"https:\/\/batijournal.com\/index.php\/plus-on-habite-dans-une-petite-commune-plus-on-est-satisfait-de-la-qualite-de-son-logement\/103129\/#primaryimage"},"thumbnailUrl":"https:\/\/batijournal.com\/wp-content\/uploads\/2018\/11\/maison-centre-ville.jpg","datePublished":"2019-10-10T06:46:16+00:00","author":{"@id":"https:\/\/batijournal.com\/#\/schema\/person\/1dc96ec6957aa1ccb25ebe78bb19f100"},"description":"L\u2019Association QUALITEL vient de publier son Barom\u00e8tre annuel : plus on habite dans une petite commune, plus on est satisfait de la qualit\u00e9 de son logement","breadcrumb":{"@id":"https:\/\/batijournal.com\/index.php\/plus-on-habite-dans-une-petite-commune-plus-on-est-satisfait-de-la-qualite-de-son-logement\/103129\/#breadcrumb"},"inLanguage":"fr-FR","potentialAction":[{"@type":"ReadAction","target":["https:\/\/batijournal.com\/index.php\/plus-on-habite-dans-une-petite-commune-plus-on-est-satisfait-de-la-qualite-de-son-logement\/103129\/"]}]},{"@type":"ImageObject","inLanguage":"fr-FR","@id":"https:\/\/batijournal.com\/index.php\/plus-on-habite-dans-une-petite-commune-plus-on-est-satisfait-de-la-qualite-de-son-logement\/103129\/#primaryimage","url":"https:\/\/batijournal.com\/wp-content\/uploads\/2018\/11\/maison-centre-ville.jpg","contentUrl":"https:\/\/batijournal.com\/wp-content\/uploads\/2018\/11\/maison-centre-ville.jpg","width":1200,"height":988},{"@type":"BreadcrumbList","@id":"https:\/\/batijournal.com\/index.php\/plus-on-habite-dans-une-petite-commune-plus-on-est-satisfait-de-la-qualite-de-son-logement\/103129\/#breadcrumb","itemListElement":[{"@type":"ListItem","position":1,"name":"Accueil","item":"https:\/\/batijournal.com\/"},{"@type":"ListItem","position":2,"name":"A la Une","item":"https:\/\/batijournal.com\/index.php\/category\/a-la-une\/"},{"@type":"ListItem","position":3,"name":"Plus on habite dans une petite commune, plus on est satisfait de la qualit\u00e9 de son logement"}]},{"@type":"WebSite","@id":"https:\/\/batijournal.com\/#website","url":"https:\/\/batijournal.com\/","name":"Batijournal","description":"L&#039;actualit\u00e9 du b\u00e2timent","potentialAction":[{"@type":"SearchAction","target":{"@type":"EntryPoint","urlTemplate":"https:\/\/batijournal.com\/?s={search_term_string}"},"query-input":{"@type":"PropertyValueSpecification","valueRequired":true,"valueName":"search_term_string"}}],"inLanguage":"fr-FR"},{"@type":"Person","@id":"https:\/\/batijournal.com\/#\/schema\/person\/1dc96ec6957aa1ccb25ebe78bb19f100","name":"St\u00e9phane Miget","image":{"@type":"ImageObject","inLanguage":"fr-FR","@id":"https:\/\/secure.gravatar.com\/avatar\/89915563d925342126b8ef0281b93d9d7fc337043e8df017f780908eb9644451?s=96&d=mm&r=g","url":"https:\/\/secure.gravatar.com\/avatar\/89915563d925342126b8ef0281b93d9d7fc337043e8df017f780908eb9644451?s=96&d=mm&r=g","contentUrl":"https:\/\/secure.gravatar.com\/avatar\/89915563d925342126b8ef0281b93d9d7fc337043e8df017f780908eb9644451?s=96&d=mm&r=g","caption":"St\u00e9phane Miget"},"url":"https:\/\/batijournal.com\/index.php\/author\/stephane\/"}]}},"_links":{"self":[{"href":"https:\/\/batijournal.com\/index.php\/wp-json\/wp\/v2\/posts\/103129","targetHints":{"allow":["GET"]}}],"collection":[{"href":"https:\/\/batijournal.com\/index.php\/wp-json\/wp\/v2\/posts"}],"about":[{"href":"https:\/\/batijournal.com\/index.php\/wp-json\/wp\/v2\/types\/post"}],"author":[{"embeddable":true,"href":"https:\/\/batijournal.com\/index.php\/wp-json\/wp\/v2\/users\/17"}],"replies":[{"embeddable":true,"href":"https:\/\/batijournal.com\/index.php\/wp-json\/wp\/v2\/comments?post=103129"}],"version-history":[{"count":0,"href":"https:\/\/batijournal.com\/index.php\/wp-json\/wp\/v2\/posts\/103129\/revisions"}],"wp:featuredmedia":[{"embeddable":true,"href":"https:\/\/batijournal.com\/index.php\/wp-json\/wp\/v2\/media\/100842"}],"wp:attachment":[{"href":"https:\/\/batijournal.com\/index.php\/wp-json\/wp\/v2\/media?parent=103129"}],"wp:term":[{"taxonomy":"category","embeddable":true,"href":"https:\/\/batijournal.com\/index.php\/wp-json\/wp\/v2\/categories?post=103129"},{"taxonomy":"post_tag","embeddable":true,"href":"https:\/\/batijournal.com\/index.php\/wp-json\/wp\/v2\/tags?post=103129"}],"curies":[{"name":"wp","href":"https:\/\/api.w.org\/{rel}","templated":true}]}}