{"id":103140,"date":"2019-10-14T06:14:29","date_gmt":"2019-10-14T04:14:29","guid":{"rendered":"https:\/\/batijournal.com\/?p=103140"},"modified":"2019-10-14T06:14:29","modified_gmt":"2019-10-14T04:14:29","slug":"strategie-nationale-pour-lartisanat-et-le-commerce-de-proximite","status":"publish","type":"post","link":"https:\/\/batijournal.com\/index.php\/strategie-nationale-pour-lartisanat-et-le-commerce-de-proximite\/103140\/","title":{"rendered":"Strat\u00e9gie nationale pour l\u2019Artisanat et le Commerce de proximit\u00e9"},"content":{"rendered":"<p>A l\u2019occasion de la 4\u00e8me \u00e9dition des Rendez-vous de l\u2019Artisanat, qui s\u2019est tenue ce jour dans le cadre des Artisanales de Chartres, Agn\u00e8s Pannier-Runacher, secr\u00e9taire d&rsquo;\u00c9tat aupr\u00e8s du ministre de l&rsquo;\u00c9conomie et des Finances, a d\u00e9voil\u00e9 la \u00ab Strat\u00e9gie nationale pour l\u2019Artisanat et le Commerce de proximit\u00e9 \u00bb. Elle est destin\u00e9e \u00e0 poser le cadre d\u2019un accompagnement novateur et durable de l\u2019Etat au b\u00e9n\u00e9fice des professionnels de l\u2019artisanat et du commerce de proximit\u00e9 afin de s\u2019adapter aux enjeux actuels. L\u2019objectif est \u00e9galement d\u2019acc\u00e9l\u00e9rer leur d\u00e9veloppement et de faire de l\u2019administration un partenaire \u00e0 leur service.<br \/>\nCinq objectifs ont \u00e9t\u00e9 d\u00e9finis :<br \/>\n&#8211; Am\u00e9liorer le financement des TPE et aider l\u2019entrepreneur \u00e0 choisir le statut le plus adapt\u00e9,<br \/>\n&#8211; Faciliter la transition num\u00e9rique,<br \/>\n&#8211; Simplifier les proc\u00e9dures,<br \/>\n&#8211; Accompagner la transition \u00e9nerg\u00e9tique et \u00e9cologique,<br \/>\n&#8211; Promouvoir le commerce de proximit\u00e9 et l\u2019artisanat dans les territoires.<br \/>\nLa mise en \u0153uvre de cette Strat\u00e9gie pour l\u2019Artisanat et le Commerce de proximit\u00e9 s\u2019inscrira dans la dur\u00e9e, dans le cadre d\u2019un dialogue constant avec les organisations professionnelles, les collectivit\u00e9s territoriales et les chambres consulaires. Ces derni\u00e8res, CMA France et CCI France, auront un r\u00f4le important \u00e0 jouer dans sa mise en \u0153uvre : chaque entreprise, o\u00f9 qu\u2019elle se trouve sur le territoire, doit avoir une r\u00e9ponse \u00e0 ses interrogations et \u00eatre accompagn\u00e9e en fonction de ses besoins, que ce soit pour se d\u00e9velopper ou faire face \u00e0 de nouveaux enjeux.<\/p>\n","protected":false},"excerpt":{"rendered":"<p>A l\u2019occasion de la 4\u00e8me \u00e9dition des Rendez-vous de l\u2019Artisanat, qui s\u2019est tenue ce jour dans le cadre des Artisanales de Chartres, Agn\u00e8s Pannier-Runacher, secr\u00e9taire d&rsquo;\u00c9tat aupr\u00e8s du ministre de l&rsquo;\u00c9conomie et des Finances, a d\u00e9voil\u00e9 la \u00ab Strat\u00e9gie nationale pour l\u2019Artisanat et le Commerce de proximit\u00e9 \u00bb. Elle est destin\u00e9e \u00e0 poser le cadre [&hellip;]<\/p>\n","protected":false},"author":17,"featured_media":98506,"comment_status":"closed","ping_status":"closed","sticky":false,"template":"","format":"standard","meta":{"_et_pb_use_builder":"","_et_pb_old_content":"","_et_gb_content_width":"","footnotes":""},"categories":[10530,6345],"tags":[],"class_list":["post-103140","post","type-post","status-publish","format-standard","has-post-thumbnail","hentry","category-actualites","category-economie-marches"],"yoast_head":"<!-- This site is optimized with the Yoast SEO plugin v27.4 - https:\/\/yoast.com\/product\/yoast-seo-wordpress\/ -->\n<title>Strat\u00e9gie nationale pour l\u2019Artisanat et le Commerce de proximit\u00e9<\/title>\n<meta name=\"description\" content=\"La secr\u00e9taire d&#039;\u00c9tat aupr\u00e8s du ministre de l&#039;\u00c9conomie et des Finances, a d\u00e9voil\u00e9 la \u00ab Strat\u00e9gie nationale pour l\u2019Artisanat et le Commerce de proximit\u00e9 \u00bb\" \/>\n<meta name=\"robots\" content=\"index, follow, max-snippet:-1, max-image-preview:large, max-video-preview:-1\" \/>\n<link rel=\"canonical\" href=\"https:\/\/batijournal.com\/index.php\/strategie-nationale-pour-lartisanat-et-le-commerce-de-proximite\/103140\/\" \/>\n<meta property=\"og:locale\" content=\"fr_FR\" \/>\n<meta property=\"og:type\" content=\"article\" \/>\n<meta property=\"og:title\" content=\"Strat\u00e9gie nationale pour l\u2019Artisanat et le Commerce de proximit\u00e9\" \/>\n<meta property=\"og:description\" content=\"La secr\u00e9taire d&#039;\u00c9tat aupr\u00e8s du ministre de l&#039;\u00c9conomie et des Finances, a d\u00e9voil\u00e9 la \u00ab Strat\u00e9gie nationale pour l\u2019Artisanat et le Commerce de proximit\u00e9 \u00bb\" \/>\n<meta property=\"og:url\" content=\"https:\/\/batijournal.com\/index.php\/strategie-nationale-pour-lartisanat-et-le-commerce-de-proximite\/103140\/\" \/>\n<meta property=\"og:site_name\" content=\"Batijournal\" \/>\n<meta property=\"article:published_time\" content=\"2019-10-14T04:14:29+00:00\" \/>\n<meta property=\"og:image\" content=\"https:\/\/batijournal.com\/wp-content\/uploads\/2018\/02\/chantier-centre-ville.jpg\" \/>\n\t<meta property=\"og:image:width\" content=\"1200\" \/>\n\t<meta property=\"og:image:height\" content=\"876\" \/>\n\t<meta property=\"og:image:type\" content=\"image\/jpeg\" \/>\n<meta name=\"author\" content=\"St\u00e9phane Miget\" \/>\n<meta name=\"twitter:card\" content=\"summary_large_image\" \/>\n<meta name=\"twitter:creator\" content=\"@bati_journal\" \/>\n<meta name=\"twitter:site\" content=\"@bati_journal\" \/>\n<meta name=\"twitter:label1\" content=\"\u00c9crit par\" \/>\n\t<meta name=\"twitter:data1\" content=\"St\u00e9phane Miget\" \/>\n\t<meta name=\"twitter:label2\" content=\"Dur\u00e9e de lecture estim\u00e9e\" \/>\n\t<meta name=\"twitter:data2\" content=\"1 minute\" \/>\n<script type=\"application\/ld+json\" class=\"yoast-schema-graph\">{\"@context\":\"https:\\\/\\\/schema.org\",\"@graph\":[{\"@type\":\"Article\",\"@id\":\"https:\\\/\\\/batijournal.com\\\/index.php\\\/strategie-nationale-pour-lartisanat-et-le-commerce-de-proximite\\\/103140\\\/#article\",\"isPartOf\":{\"@id\":\"https:\\\/\\\/batijournal.com\\\/index.php\\\/strategie-nationale-pour-lartisanat-et-le-commerce-de-proximite\\\/103140\\\/\"},\"author\":{\"name\":\"St\u00e9phane Miget\",\"@id\":\"https:\\\/\\\/batijournal.com\\\/#\\\/schema\\\/person\\\/1dc96ec6957aa1ccb25ebe78bb19f100\"},\"headline\":\"Strat\u00e9gie nationale pour l\u2019Artisanat et le Commerce de proximit\u00e9\",\"datePublished\":\"2019-10-14T04:14:29+00:00\",\"mainEntityOfPage\":{\"@id\":\"https:\\\/\\\/batijournal.com\\\/index.php\\\/strategie-nationale-pour-lartisanat-et-le-commerce-de-proximite\\\/103140\\\/\"},\"wordCount\":279,\"image\":{\"@id\":\"https:\\\/\\\/batijournal.com\\\/index.php\\\/strategie-nationale-pour-lartisanat-et-le-commerce-de-proximite\\\/103140\\\/#primaryimage\"},\"thumbnailUrl\":\"https:\\\/\\\/batijournal.com\\\/wp-content\\\/uploads\\\/2018\\\/02\\\/chantier-centre-ville.jpg\",\"articleSection\":[\"Actualit\u00e9s\",\"\u00c9conomie &amp; March\u00e9s\"],\"inLanguage\":\"fr-FR\"},{\"@type\":\"WebPage\",\"@id\":\"https:\\\/\\\/batijournal.com\\\/index.php\\\/strategie-nationale-pour-lartisanat-et-le-commerce-de-proximite\\\/103140\\\/\",\"url\":\"https:\\\/\\\/batijournal.com\\\/index.php\\\/strategie-nationale-pour-lartisanat-et-le-commerce-de-proximite\\\/103140\\\/\",\"name\":\"Strat\u00e9gie nationale pour l\u2019Artisanat et le Commerce de proximit\u00e9\",\"isPartOf\":{\"@id\":\"https:\\\/\\\/batijournal.com\\\/#website\"},\"primaryImageOfPage\":{\"@id\":\"https:\\\/\\\/batijournal.com\\\/index.php\\\/strategie-nationale-pour-lartisanat-et-le-commerce-de-proximite\\\/103140\\\/#primaryimage\"},\"image\":{\"@id\":\"https:\\\/\\\/batijournal.com\\\/index.php\\\/strategie-nationale-pour-lartisanat-et-le-commerce-de-proximite\\\/103140\\\/#primaryimage\"},\"thumbnailUrl\":\"https:\\\/\\\/batijournal.com\\\/wp-content\\\/uploads\\\/2018\\\/02\\\/chantier-centre-ville.jpg\",\"datePublished\":\"2019-10-14T04:14:29+00:00\",\"author\":{\"@id\":\"https:\\\/\\\/batijournal.com\\\/#\\\/schema\\\/person\\\/1dc96ec6957aa1ccb25ebe78bb19f100\"},\"description\":\"La secr\u00e9taire d'\u00c9tat aupr\u00e8s du ministre de l'\u00c9conomie et des Finances, a d\u00e9voil\u00e9 la \u00ab Strat\u00e9gie nationale pour l\u2019Artisanat et le Commerce de proximit\u00e9 \u00bb\",\"breadcrumb\":{\"@id\":\"https:\\\/\\\/batijournal.com\\\/index.php\\\/strategie-nationale-pour-lartisanat-et-le-commerce-de-proximite\\\/103140\\\/#breadcrumb\"},\"inLanguage\":\"fr-FR\",\"potentialAction\":[{\"@type\":\"ReadAction\",\"target\":[\"https:\\\/\\\/batijournal.com\\\/index.php\\\/strategie-nationale-pour-lartisanat-et-le-commerce-de-proximite\\\/103140\\\/\"]}]},{\"@type\":\"ImageObject\",\"inLanguage\":\"fr-FR\",\"@id\":\"https:\\\/\\\/batijournal.com\\\/index.php\\\/strategie-nationale-pour-lartisanat-et-le-commerce-de-proximite\\\/103140\\\/#primaryimage\",\"url\":\"https:\\\/\\\/batijournal.com\\\/wp-content\\\/uploads\\\/2018\\\/02\\\/chantier-centre-ville.jpg\",\"contentUrl\":\"https:\\\/\\\/batijournal.com\\\/wp-content\\\/uploads\\\/2018\\\/02\\\/chantier-centre-ville.jpg\",\"width\":1200,\"height\":876},{\"@type\":\"BreadcrumbList\",\"@id\":\"https:\\\/\\\/batijournal.com\\\/index.php\\\/strategie-nationale-pour-lartisanat-et-le-commerce-de-proximite\\\/103140\\\/#breadcrumb\",\"itemListElement\":[{\"@type\":\"ListItem\",\"position\":1,\"name\":\"Accueil\",\"item\":\"https:\\\/\\\/batijournal.com\\\/\"},{\"@type\":\"ListItem\",\"position\":2,\"name\":\"Actualit\u00e9s\",\"item\":\"https:\\\/\\\/batijournal.com\\\/index.php\\\/category\\\/actualites\\\/\"},{\"@type\":\"ListItem\",\"position\":3,\"name\":\"\u00c9conomie &amp; March\u00e9s\",\"item\":\"https:\\\/\\\/batijournal.com\\\/index.php\\\/category\\\/actualites\\\/economie-marches\\\/\"},{\"@type\":\"ListItem\",\"position\":4,\"name\":\"Strat\u00e9gie nationale pour l\u2019Artisanat et le Commerce de proximit\u00e9\"}]},{\"@type\":\"WebSite\",\"@id\":\"https:\\\/\\\/batijournal.com\\\/#website\",\"url\":\"https:\\\/\\\/batijournal.com\\\/\",\"name\":\"Batijournal\",\"description\":\"L&#039;actualit\u00e9 du b\u00e2timent\",\"potentialAction\":[{\"@type\":\"SearchAction\",\"target\":{\"@type\":\"EntryPoint\",\"urlTemplate\":\"https:\\\/\\\/batijournal.com\\\/?s={search_term_string}\"},\"query-input\":{\"@type\":\"PropertyValueSpecification\",\"valueRequired\":true,\"valueName\":\"search_term_string\"}}],\"inLanguage\":\"fr-FR\"},{\"@type\":\"Person\",\"@id\":\"https:\\\/\\\/batijournal.com\\\/#\\\/schema\\\/person\\\/1dc96ec6957aa1ccb25ebe78bb19f100\",\"name\":\"St\u00e9phane Miget\",\"image\":{\"@type\":\"ImageObject\",\"inLanguage\":\"fr-FR\",\"@id\":\"https:\\\/\\\/secure.gravatar.com\\\/avatar\\\/89915563d925342126b8ef0281b93d9d7fc337043e8df017f780908eb9644451?s=96&d=mm&r=g\",\"url\":\"https:\\\/\\\/secure.gravatar.com\\\/avatar\\\/89915563d925342126b8ef0281b93d9d7fc337043e8df017f780908eb9644451?s=96&d=mm&r=g\",\"contentUrl\":\"https:\\\/\\\/secure.gravatar.com\\\/avatar\\\/89915563d925342126b8ef0281b93d9d7fc337043e8df017f780908eb9644451?s=96&d=mm&r=g\",\"caption\":\"St\u00e9phane Miget\"},\"url\":\"https:\\\/\\\/batijournal.com\\\/index.php\\\/author\\\/stephane\\\/\"}]}<\/script>\n<!-- \/ Yoast SEO plugin. -->","yoast_head_json":{"title":"Strat\u00e9gie nationale pour l\u2019Artisanat et le Commerce de proximit\u00e9","description":"La secr\u00e9taire d'\u00c9tat aupr\u00e8s du ministre de l'\u00c9conomie et des Finances, a d\u00e9voil\u00e9 la \u00ab Strat\u00e9gie nationale pour l\u2019Artisanat et le Commerce de proximit\u00e9 \u00bb","robots":{"index":"index","follow":"follow","max-snippet":"max-snippet:-1","max-image-preview":"max-image-preview:large","max-video-preview":"max-video-preview:-1"},"canonical":"https:\/\/batijournal.com\/index.php\/strategie-nationale-pour-lartisanat-et-le-commerce-de-proximite\/103140\/","og_locale":"fr_FR","og_type":"article","og_title":"Strat\u00e9gie nationale pour l\u2019Artisanat et le Commerce de proximit\u00e9","og_description":"La secr\u00e9taire d'\u00c9tat aupr\u00e8s du ministre de l'\u00c9conomie et des Finances, a d\u00e9voil\u00e9 la \u00ab Strat\u00e9gie nationale pour l\u2019Artisanat et le Commerce de proximit\u00e9 \u00bb","og_url":"https:\/\/batijournal.com\/index.php\/strategie-nationale-pour-lartisanat-et-le-commerce-de-proximite\/103140\/","og_site_name":"Batijournal","article_published_time":"2019-10-14T04:14:29+00:00","og_image":[{"width":1200,"height":876,"url":"https:\/\/batijournal.com\/wp-content\/uploads\/2018\/02\/chantier-centre-ville.jpg","type":"image\/jpeg"}],"author":"St\u00e9phane Miget","twitter_card":"summary_large_image","twitter_creator":"@bati_journal","twitter_site":"@bati_journal","twitter_misc":{"\u00c9crit par":"St\u00e9phane Miget","Dur\u00e9e de lecture estim\u00e9e":"1 minute"},"schema":{"@context":"https:\/\/schema.org","@graph":[{"@type":"Article","@id":"https:\/\/batijournal.com\/index.php\/strategie-nationale-pour-lartisanat-et-le-commerce-de-proximite\/103140\/#article","isPartOf":{"@id":"https:\/\/batijournal.com\/index.php\/strategie-nationale-pour-lartisanat-et-le-commerce-de-proximite\/103140\/"},"author":{"name":"St\u00e9phane Miget","@id":"https:\/\/batijournal.com\/#\/schema\/person\/1dc96ec6957aa1ccb25ebe78bb19f100"},"headline":"Strat\u00e9gie nationale pour l\u2019Artisanat et le Commerce de proximit\u00e9","datePublished":"2019-10-14T04:14:29+00:00","mainEntityOfPage":{"@id":"https:\/\/batijournal.com\/index.php\/strategie-nationale-pour-lartisanat-et-le-commerce-de-proximite\/103140\/"},"wordCount":279,"image":{"@id":"https:\/\/batijournal.com\/index.php\/strategie-nationale-pour-lartisanat-et-le-commerce-de-proximite\/103140\/#primaryimage"},"thumbnailUrl":"https:\/\/batijournal.com\/wp-content\/uploads\/2018\/02\/chantier-centre-ville.jpg","articleSection":["Actualit\u00e9s","\u00c9conomie &amp; March\u00e9s"],"inLanguage":"fr-FR"},{"@type":"WebPage","@id":"https:\/\/batijournal.com\/index.php\/strategie-nationale-pour-lartisanat-et-le-commerce-de-proximite\/103140\/","url":"https:\/\/batijournal.com\/index.php\/strategie-nationale-pour-lartisanat-et-le-commerce-de-proximite\/103140\/","name":"Strat\u00e9gie nationale pour l\u2019Artisanat et le Commerce de proximit\u00e9","isPartOf":{"@id":"https:\/\/batijournal.com\/#website"},"primaryImageOfPage":{"@id":"https:\/\/batijournal.com\/index.php\/strategie-nationale-pour-lartisanat-et-le-commerce-de-proximite\/103140\/#primaryimage"},"image":{"@id":"https:\/\/batijournal.com\/index.php\/strategie-nationale-pour-lartisanat-et-le-commerce-de-proximite\/103140\/#primaryimage"},"thumbnailUrl":"https:\/\/batijournal.com\/wp-content\/uploads\/2018\/02\/chantier-centre-ville.jpg","datePublished":"2019-10-14T04:14:29+00:00","author":{"@id":"https:\/\/batijournal.com\/#\/schema\/person\/1dc96ec6957aa1ccb25ebe78bb19f100"},"description":"La secr\u00e9taire d'\u00c9tat aupr\u00e8s du ministre de l'\u00c9conomie et des Finances, a d\u00e9voil\u00e9 la \u00ab Strat\u00e9gie nationale pour l\u2019Artisanat et le Commerce de proximit\u00e9 \u00bb","breadcrumb":{"@id":"https:\/\/batijournal.com\/index.php\/strategie-nationale-pour-lartisanat-et-le-commerce-de-proximite\/103140\/#breadcrumb"},"inLanguage":"fr-FR","potentialAction":[{"@type":"ReadAction","target":["https:\/\/batijournal.com\/index.php\/strategie-nationale-pour-lartisanat-et-le-commerce-de-proximite\/103140\/"]}]},{"@type":"ImageObject","inLanguage":"fr-FR","@id":"https:\/\/batijournal.com\/index.php\/strategie-nationale-pour-lartisanat-et-le-commerce-de-proximite\/103140\/#primaryimage","url":"https:\/\/batijournal.com\/wp-content\/uploads\/2018\/02\/chantier-centre-ville.jpg","contentUrl":"https:\/\/batijournal.com\/wp-content\/uploads\/2018\/02\/chantier-centre-ville.jpg","width":1200,"height":876},{"@type":"BreadcrumbList","@id":"https:\/\/batijournal.com\/index.php\/strategie-nationale-pour-lartisanat-et-le-commerce-de-proximite\/103140\/#breadcrumb","itemListElement":[{"@type":"ListItem","position":1,"name":"Accueil","item":"https:\/\/batijournal.com\/"},{"@type":"ListItem","position":2,"name":"Actualit\u00e9s","item":"https:\/\/batijournal.com\/index.php\/category\/actualites\/"},{"@type":"ListItem","position":3,"name":"\u00c9conomie &amp; March\u00e9s","item":"https:\/\/batijournal.com\/index.php\/category\/actualites\/economie-marches\/"},{"@type":"ListItem","position":4,"name":"Strat\u00e9gie nationale pour l\u2019Artisanat et le Commerce de proximit\u00e9"}]},{"@type":"WebSite","@id":"https:\/\/batijournal.com\/#website","url":"https:\/\/batijournal.com\/","name":"Batijournal","description":"L&#039;actualit\u00e9 du b\u00e2timent","potentialAction":[{"@type":"SearchAction","target":{"@type":"EntryPoint","urlTemplate":"https:\/\/batijournal.com\/?s={search_term_string}"},"query-input":{"@type":"PropertyValueSpecification","valueRequired":true,"valueName":"search_term_string"}}],"inLanguage":"fr-FR"},{"@type":"Person","@id":"https:\/\/batijournal.com\/#\/schema\/person\/1dc96ec6957aa1ccb25ebe78bb19f100","name":"St\u00e9phane Miget","image":{"@type":"ImageObject","inLanguage":"fr-FR","@id":"https:\/\/secure.gravatar.com\/avatar\/89915563d925342126b8ef0281b93d9d7fc337043e8df017f780908eb9644451?s=96&d=mm&r=g","url":"https:\/\/secure.gravatar.com\/avatar\/89915563d925342126b8ef0281b93d9d7fc337043e8df017f780908eb9644451?s=96&d=mm&r=g","contentUrl":"https:\/\/secure.gravatar.com\/avatar\/89915563d925342126b8ef0281b93d9d7fc337043e8df017f780908eb9644451?s=96&d=mm&r=g","caption":"St\u00e9phane Miget"},"url":"https:\/\/batijournal.com\/index.php\/author\/stephane\/"}]}},"_links":{"self":[{"href":"https:\/\/batijournal.com\/index.php\/wp-json\/wp\/v2\/posts\/103140","targetHints":{"allow":["GET"]}}],"collection":[{"href":"https:\/\/batijournal.com\/index.php\/wp-json\/wp\/v2\/posts"}],"about":[{"href":"https:\/\/batijournal.com\/index.php\/wp-json\/wp\/v2\/types\/post"}],"author":[{"embeddable":true,"href":"https:\/\/batijournal.com\/index.php\/wp-json\/wp\/v2\/users\/17"}],"replies":[{"embeddable":true,"href":"https:\/\/batijournal.com\/index.php\/wp-json\/wp\/v2\/comments?post=103140"}],"version-history":[{"count":0,"href":"https:\/\/batijournal.com\/index.php\/wp-json\/wp\/v2\/posts\/103140\/revisions"}],"wp:featuredmedia":[{"embeddable":true,"href":"https:\/\/batijournal.com\/index.php\/wp-json\/wp\/v2\/media\/98506"}],"wp:attachment":[{"href":"https:\/\/batijournal.com\/index.php\/wp-json\/wp\/v2\/media?parent=103140"}],"wp:term":[{"taxonomy":"category","embeddable":true,"href":"https:\/\/batijournal.com\/index.php\/wp-json\/wp\/v2\/categories?post=103140"},{"taxonomy":"post_tag","embeddable":true,"href":"https:\/\/batijournal.com\/index.php\/wp-json\/wp\/v2\/tags?post=103140"}],"curies":[{"name":"wp","href":"https:\/\/api.w.org\/{rel}","templated":true}]}}