{"id":103144,"date":"2019-10-15T07:59:01","date_gmt":"2019-10-15T05:59:01","guid":{"rendered":"https:\/\/batijournal.com\/?p=103144"},"modified":"2019-10-15T07:59:01","modified_gmt":"2019-10-15T05:59:01","slug":"portee-par-son-dynamisme-lanah-est-prete-pour-la-reforme-du-cite","status":"publish","type":"post","link":"https:\/\/batijournal.com\/index.php\/portee-par-son-dynamisme-lanah-est-prete-pour-la-reforme-du-cite\/103144\/","title":{"rendered":"Port\u00e9e par son dynamisme, l\u2019Anah est pr\u00eate pour la r\u00e9forme du CITE"},"content":{"rendered":"<p>L\u2019Anah conna\u00eet un fort dynamisme de l&rsquo;ensemble de ses programmes et pr\u00e9sente des r\u00e9sultats positifs au plan national et dans tous les territoires avec pr\u00e8s de 95 000 logements subventionn\u00e9s \u00e0 ce jour, soit 83% de progression par rapport \u00e0 octobre 2018. La r\u00e9novation \u00e9nerg\u00e9tique, \u00e0 travers le programme Habiter Mieux, conna\u00eet une progression toute particuli\u00e8re depuis la fin du premier semestre 2019, dans le contexte du Plan Chaudi\u00e8re lanc\u00e9 par le gouvernement en d\u00e9but d&rsquo;ann\u00e9e et du programme Habiter Mieux s\u00e9r\u00e9nit\u00e9 qui permet aux m\u00e9nages modestes d\u2019\u00eatre accompagn\u00e9s et de r\u00e9aliser un programme de travaux complets dans leur logement.<\/p>\n<p>Afin d\u2019atteindre dans les temps les objectifs du Plan de r\u00e9novation \u00e9nerg\u00e9tique des b\u00e2timents, le gouvernement a souhait\u00e9 que les aides \u00e0 la r\u00e9novation \u00e9nerg\u00e9tique soient plus simples, plus justes et plus efficaces. Il a confi\u00e9 \u00e0 l&rsquo;Anah la transformation du Cr\u00e9dit d&rsquo;imp\u00f4t transition \u00e9nerg\u00e9tique en prime, d\u00e8s 2020, et l\u2019a dot\u00e9 des moyens financiers, humains et op\u00e9rationnels n\u00e9cessaires. Afin de permettre un lancement r\u00e9ussi et une transition sans heurt, le dispositif Habiter Mieux agilit\u00e9 est ajust\u00e9 \u00e0 compter du 10 octobre 2019, et ce jusqu&rsquo;au 31 d\u00e9cembre, date \u00e0 laquelle il sera fusionn\u00e9 avec le CITE pour former une seule prime, vers\u00e9e de fa\u00e7on contemporaine. Ainsi, le plafond maximal des travaux subventionnables est port\u00e9 \u00e0 8 000 \u20ac, et \u00e0 2 400 \u20ac pour les chaudi\u00e8res \u00e0 gaz.<br \/>\nPar ailleurs, les m\u00e9nages pourront continuer de b\u00e9n\u00e9ficier de l&rsquo;aide Habiter Mieux s\u00e9r\u00e9nit\u00e9 dans des conditions qui restent inchang\u00e9es.<\/p>\n<p>L\u2019Anah s\u2019appuie sur une d\u00e9marche partenariale pour d\u00e9ployer les programmes qu\u2019elle pilote. \u00c0 ce titre, l\u2019Agence a sign\u00e9 deux conventions. La premi\u00e8re avec CDC Habitat dans le cadre du plan Initiative Copropri\u00e9t\u00e9s, qui scelle un partenariat en faveur de l\u2019acquisition, la gestion et le portage logements et la r\u00e9alisation des travaux de r\u00e9novation dans des copropri\u00e9t\u00e9s en difficult\u00e9s, en lien avec les collectivit\u00e9s territoriales. La seconde, avec le r\u00e9seau Eco-Habitat, s\u2019inscrit dans le cadre d\u2019un contrat \u00e0 impact social.<\/p>\n","protected":false},"excerpt":{"rendered":"<p>L\u2019Anah conna\u00eet un fort dynamisme de l&rsquo;ensemble de ses programmes et pr\u00e9sente des r\u00e9sultats positifs au plan national et dans tous les territoires avec pr\u00e8s de 95 000 logements subventionn\u00e9s \u00e0 ce jour, soit 83% de progression par rapport \u00e0 octobre 2018. La r\u00e9novation \u00e9nerg\u00e9tique, \u00e0 travers le programme Habiter Mieux, conna\u00eet une progression toute [&hellip;]<\/p>\n","protected":false},"author":17,"featured_media":90053,"comment_status":"closed","ping_status":"closed","sticky":false,"template":"","format":"standard","meta":{"_et_pb_use_builder":"","_et_pb_old_content":"","_et_gb_content_width":"","footnotes":""},"categories":[10530,6345,10781,10778],"tags":[428],"class_list":["post-103144","post","type-post","status-publish","format-standard","has-post-thumbnail","hentry","category-actualites","category-economie-marches","category-publications-planete","category-planete","tag-credit-dimpot"],"yoast_head":"<!-- This site is optimized with the Yoast SEO plugin v27.4 - https:\/\/yoast.com\/product\/yoast-seo-wordpress\/ -->\n<title>Port\u00e9e par son dynamisme, l\u2019Anah est pr\u00eate pour la r\u00e9forme du CITE<\/title>\n<meta name=\"description\" content=\"L\u2019Anah conna\u00eet un fort dynamisme de l&#039;ensemble de ses programmes et pr\u00e9sente des r\u00e9sultats positifs avec pr\u00e8s de 95 000 logements subventionn\u00e9s\" \/>\n<meta name=\"robots\" content=\"index, follow, max-snippet:-1, max-image-preview:large, max-video-preview:-1\" \/>\n<link rel=\"canonical\" href=\"https:\/\/batijournal.com\/index.php\/portee-par-son-dynamisme-lanah-est-prete-pour-la-reforme-du-cite\/103144\/\" \/>\n<meta property=\"og:locale\" content=\"fr_FR\" \/>\n<meta property=\"og:type\" content=\"article\" \/>\n<meta property=\"og:title\" content=\"Port\u00e9e par son dynamisme, l\u2019Anah est pr\u00eate pour la r\u00e9forme du CITE\" \/>\n<meta property=\"og:description\" content=\"L\u2019Anah conna\u00eet un fort dynamisme de l&#039;ensemble de ses programmes et pr\u00e9sente des r\u00e9sultats positifs avec pr\u00e8s de 95 000 logements subventionn\u00e9s\" \/>\n<meta property=\"og:url\" content=\"https:\/\/batijournal.com\/index.php\/portee-par-son-dynamisme-lanah-est-prete-pour-la-reforme-du-cite\/103144\/\" \/>\n<meta property=\"og:site_name\" content=\"Batijournal\" \/>\n<meta property=\"article:published_time\" content=\"2019-10-15T05:59:01+00:00\" \/>\n<meta property=\"og:image\" content=\"https:\/\/batijournal.com\/wp-content\/uploads\/2015\/10\/coproprietes.jpg\" \/>\n\t<meta property=\"og:image:width\" content=\"1200\" \/>\n\t<meta property=\"og:image:height\" content=\"714\" \/>\n\t<meta property=\"og:image:type\" content=\"image\/jpeg\" \/>\n<meta name=\"author\" content=\"St\u00e9phane Miget\" \/>\n<meta name=\"twitter:card\" content=\"summary_large_image\" \/>\n<meta name=\"twitter:creator\" content=\"@bati_journal\" \/>\n<meta name=\"twitter:site\" content=\"@bati_journal\" \/>\n<meta name=\"twitter:label1\" content=\"\u00c9crit par\" \/>\n\t<meta name=\"twitter:data1\" content=\"St\u00e9phane Miget\" \/>\n\t<meta name=\"twitter:label2\" content=\"Dur\u00e9e de lecture estim\u00e9e\" \/>\n\t<meta name=\"twitter:data2\" content=\"2 minutes\" \/>\n<script type=\"application\/ld+json\" class=\"yoast-schema-graph\">{\"@context\":\"https:\\\/\\\/schema.org\",\"@graph\":[{\"@type\":\"Article\",\"@id\":\"https:\\\/\\\/batijournal.com\\\/index.php\\\/portee-par-son-dynamisme-lanah-est-prete-pour-la-reforme-du-cite\\\/103144\\\/#article\",\"isPartOf\":{\"@id\":\"https:\\\/\\\/batijournal.com\\\/index.php\\\/portee-par-son-dynamisme-lanah-est-prete-pour-la-reforme-du-cite\\\/103144\\\/\"},\"author\":{\"name\":\"St\u00e9phane Miget\",\"@id\":\"https:\\\/\\\/batijournal.com\\\/#\\\/schema\\\/person\\\/1dc96ec6957aa1ccb25ebe78bb19f100\"},\"headline\":\"Port\u00e9e par son dynamisme, l\u2019Anah est pr\u00eate pour la r\u00e9forme du CITE\",\"datePublished\":\"2019-10-15T05:59:01+00:00\",\"mainEntityOfPage\":{\"@id\":\"https:\\\/\\\/batijournal.com\\\/index.php\\\/portee-par-son-dynamisme-lanah-est-prete-pour-la-reforme-du-cite\\\/103144\\\/\"},\"wordCount\":384,\"image\":{\"@id\":\"https:\\\/\\\/batijournal.com\\\/index.php\\\/portee-par-son-dynamisme-lanah-est-prete-pour-la-reforme-du-cite\\\/103144\\\/#primaryimage\"},\"thumbnailUrl\":\"https:\\\/\\\/batijournal.com\\\/wp-content\\\/uploads\\\/2015\\\/10\\\/coproprietes.jpg\",\"keywords\":[\"cr\u00e9dit d'imp\u00f4t\"],\"articleSection\":[\"Actualit\u00e9s\",\"\u00c9conomie &amp; March\u00e9s\",\"zz_Actualit\u00e9s - Plan\u00e8te\",\"zz_Plan\u00e8te B\u00e2timent\"],\"inLanguage\":\"fr-FR\"},{\"@type\":\"WebPage\",\"@id\":\"https:\\\/\\\/batijournal.com\\\/index.php\\\/portee-par-son-dynamisme-lanah-est-prete-pour-la-reforme-du-cite\\\/103144\\\/\",\"url\":\"https:\\\/\\\/batijournal.com\\\/index.php\\\/portee-par-son-dynamisme-lanah-est-prete-pour-la-reforme-du-cite\\\/103144\\\/\",\"name\":\"Port\u00e9e par son dynamisme, l\u2019Anah est pr\u00eate pour la r\u00e9forme du CITE\",\"isPartOf\":{\"@id\":\"https:\\\/\\\/batijournal.com\\\/#website\"},\"primaryImageOfPage\":{\"@id\":\"https:\\\/\\\/batijournal.com\\\/index.php\\\/portee-par-son-dynamisme-lanah-est-prete-pour-la-reforme-du-cite\\\/103144\\\/#primaryimage\"},\"image\":{\"@id\":\"https:\\\/\\\/batijournal.com\\\/index.php\\\/portee-par-son-dynamisme-lanah-est-prete-pour-la-reforme-du-cite\\\/103144\\\/#primaryimage\"},\"thumbnailUrl\":\"https:\\\/\\\/batijournal.com\\\/wp-content\\\/uploads\\\/2015\\\/10\\\/coproprietes.jpg\",\"datePublished\":\"2019-10-15T05:59:01+00:00\",\"author\":{\"@id\":\"https:\\\/\\\/batijournal.com\\\/#\\\/schema\\\/person\\\/1dc96ec6957aa1ccb25ebe78bb19f100\"},\"description\":\"L\u2019Anah conna\u00eet un fort dynamisme de l'ensemble de ses programmes et pr\u00e9sente des r\u00e9sultats positifs avec pr\u00e8s de 95 000 logements subventionn\u00e9s\",\"breadcrumb\":{\"@id\":\"https:\\\/\\\/batijournal.com\\\/index.php\\\/portee-par-son-dynamisme-lanah-est-prete-pour-la-reforme-du-cite\\\/103144\\\/#breadcrumb\"},\"inLanguage\":\"fr-FR\",\"potentialAction\":[{\"@type\":\"ReadAction\",\"target\":[\"https:\\\/\\\/batijournal.com\\\/index.php\\\/portee-par-son-dynamisme-lanah-est-prete-pour-la-reforme-du-cite\\\/103144\\\/\"]}]},{\"@type\":\"ImageObject\",\"inLanguage\":\"fr-FR\",\"@id\":\"https:\\\/\\\/batijournal.com\\\/index.php\\\/portee-par-son-dynamisme-lanah-est-prete-pour-la-reforme-du-cite\\\/103144\\\/#primaryimage\",\"url\":\"https:\\\/\\\/batijournal.com\\\/wp-content\\\/uploads\\\/2015\\\/10\\\/coproprietes.jpg\",\"contentUrl\":\"https:\\\/\\\/batijournal.com\\\/wp-content\\\/uploads\\\/2015\\\/10\\\/coproprietes.jpg\",\"width\":1200,\"height\":714},{\"@type\":\"BreadcrumbList\",\"@id\":\"https:\\\/\\\/batijournal.com\\\/index.php\\\/portee-par-son-dynamisme-lanah-est-prete-pour-la-reforme-du-cite\\\/103144\\\/#breadcrumb\",\"itemListElement\":[{\"@type\":\"ListItem\",\"position\":1,\"name\":\"Accueil\",\"item\":\"https:\\\/\\\/batijournal.com\\\/\"},{\"@type\":\"ListItem\",\"position\":2,\"name\":\"Actualit\u00e9s\",\"item\":\"https:\\\/\\\/batijournal.com\\\/index.php\\\/category\\\/actualites\\\/\"},{\"@type\":\"ListItem\",\"position\":3,\"name\":\"Port\u00e9e par son dynamisme, l\u2019Anah est pr\u00eate pour la r\u00e9forme du CITE\"}]},{\"@type\":\"WebSite\",\"@id\":\"https:\\\/\\\/batijournal.com\\\/#website\",\"url\":\"https:\\\/\\\/batijournal.com\\\/\",\"name\":\"Batijournal\",\"description\":\"L&#039;actualit\u00e9 du b\u00e2timent\",\"potentialAction\":[{\"@type\":\"SearchAction\",\"target\":{\"@type\":\"EntryPoint\",\"urlTemplate\":\"https:\\\/\\\/batijournal.com\\\/?s={search_term_string}\"},\"query-input\":{\"@type\":\"PropertyValueSpecification\",\"valueRequired\":true,\"valueName\":\"search_term_string\"}}],\"inLanguage\":\"fr-FR\"},{\"@type\":\"Person\",\"@id\":\"https:\\\/\\\/batijournal.com\\\/#\\\/schema\\\/person\\\/1dc96ec6957aa1ccb25ebe78bb19f100\",\"name\":\"St\u00e9phane Miget\",\"image\":{\"@type\":\"ImageObject\",\"inLanguage\":\"fr-FR\",\"@id\":\"https:\\\/\\\/secure.gravatar.com\\\/avatar\\\/89915563d925342126b8ef0281b93d9d7fc337043e8df017f780908eb9644451?s=96&d=mm&r=g\",\"url\":\"https:\\\/\\\/secure.gravatar.com\\\/avatar\\\/89915563d925342126b8ef0281b93d9d7fc337043e8df017f780908eb9644451?s=96&d=mm&r=g\",\"contentUrl\":\"https:\\\/\\\/secure.gravatar.com\\\/avatar\\\/89915563d925342126b8ef0281b93d9d7fc337043e8df017f780908eb9644451?s=96&d=mm&r=g\",\"caption\":\"St\u00e9phane Miget\"},\"url\":\"https:\\\/\\\/batijournal.com\\\/index.php\\\/author\\\/stephane\\\/\"}]}<\/script>\n<!-- \/ Yoast SEO plugin. -->","yoast_head_json":{"title":"Port\u00e9e par son dynamisme, l\u2019Anah est pr\u00eate pour la r\u00e9forme du CITE","description":"L\u2019Anah conna\u00eet un fort dynamisme de l'ensemble de ses programmes et pr\u00e9sente des r\u00e9sultats positifs avec pr\u00e8s de 95 000 logements subventionn\u00e9s","robots":{"index":"index","follow":"follow","max-snippet":"max-snippet:-1","max-image-preview":"max-image-preview:large","max-video-preview":"max-video-preview:-1"},"canonical":"https:\/\/batijournal.com\/index.php\/portee-par-son-dynamisme-lanah-est-prete-pour-la-reforme-du-cite\/103144\/","og_locale":"fr_FR","og_type":"article","og_title":"Port\u00e9e par son dynamisme, l\u2019Anah est pr\u00eate pour la r\u00e9forme du CITE","og_description":"L\u2019Anah conna\u00eet un fort dynamisme de l'ensemble de ses programmes et pr\u00e9sente des r\u00e9sultats positifs avec pr\u00e8s de 95 000 logements subventionn\u00e9s","og_url":"https:\/\/batijournal.com\/index.php\/portee-par-son-dynamisme-lanah-est-prete-pour-la-reforme-du-cite\/103144\/","og_site_name":"Batijournal","article_published_time":"2019-10-15T05:59:01+00:00","og_image":[{"width":1200,"height":714,"url":"https:\/\/batijournal.com\/wp-content\/uploads\/2015\/10\/coproprietes.jpg","type":"image\/jpeg"}],"author":"St\u00e9phane Miget","twitter_card":"summary_large_image","twitter_creator":"@bati_journal","twitter_site":"@bati_journal","twitter_misc":{"\u00c9crit par":"St\u00e9phane Miget","Dur\u00e9e de lecture estim\u00e9e":"2 minutes"},"schema":{"@context":"https:\/\/schema.org","@graph":[{"@type":"Article","@id":"https:\/\/batijournal.com\/index.php\/portee-par-son-dynamisme-lanah-est-prete-pour-la-reforme-du-cite\/103144\/#article","isPartOf":{"@id":"https:\/\/batijournal.com\/index.php\/portee-par-son-dynamisme-lanah-est-prete-pour-la-reforme-du-cite\/103144\/"},"author":{"name":"St\u00e9phane Miget","@id":"https:\/\/batijournal.com\/#\/schema\/person\/1dc96ec6957aa1ccb25ebe78bb19f100"},"headline":"Port\u00e9e par son dynamisme, l\u2019Anah est pr\u00eate pour la r\u00e9forme du CITE","datePublished":"2019-10-15T05:59:01+00:00","mainEntityOfPage":{"@id":"https:\/\/batijournal.com\/index.php\/portee-par-son-dynamisme-lanah-est-prete-pour-la-reforme-du-cite\/103144\/"},"wordCount":384,"image":{"@id":"https:\/\/batijournal.com\/index.php\/portee-par-son-dynamisme-lanah-est-prete-pour-la-reforme-du-cite\/103144\/#primaryimage"},"thumbnailUrl":"https:\/\/batijournal.com\/wp-content\/uploads\/2015\/10\/coproprietes.jpg","keywords":["cr\u00e9dit d'imp\u00f4t"],"articleSection":["Actualit\u00e9s","\u00c9conomie &amp; March\u00e9s","zz_Actualit\u00e9s - Plan\u00e8te","zz_Plan\u00e8te B\u00e2timent"],"inLanguage":"fr-FR"},{"@type":"WebPage","@id":"https:\/\/batijournal.com\/index.php\/portee-par-son-dynamisme-lanah-est-prete-pour-la-reforme-du-cite\/103144\/","url":"https:\/\/batijournal.com\/index.php\/portee-par-son-dynamisme-lanah-est-prete-pour-la-reforme-du-cite\/103144\/","name":"Port\u00e9e par son dynamisme, l\u2019Anah est pr\u00eate pour la r\u00e9forme du CITE","isPartOf":{"@id":"https:\/\/batijournal.com\/#website"},"primaryImageOfPage":{"@id":"https:\/\/batijournal.com\/index.php\/portee-par-son-dynamisme-lanah-est-prete-pour-la-reforme-du-cite\/103144\/#primaryimage"},"image":{"@id":"https:\/\/batijournal.com\/index.php\/portee-par-son-dynamisme-lanah-est-prete-pour-la-reforme-du-cite\/103144\/#primaryimage"},"thumbnailUrl":"https:\/\/batijournal.com\/wp-content\/uploads\/2015\/10\/coproprietes.jpg","datePublished":"2019-10-15T05:59:01+00:00","author":{"@id":"https:\/\/batijournal.com\/#\/schema\/person\/1dc96ec6957aa1ccb25ebe78bb19f100"},"description":"L\u2019Anah conna\u00eet un fort dynamisme de l'ensemble de ses programmes et pr\u00e9sente des r\u00e9sultats positifs avec pr\u00e8s de 95 000 logements subventionn\u00e9s","breadcrumb":{"@id":"https:\/\/batijournal.com\/index.php\/portee-par-son-dynamisme-lanah-est-prete-pour-la-reforme-du-cite\/103144\/#breadcrumb"},"inLanguage":"fr-FR","potentialAction":[{"@type":"ReadAction","target":["https:\/\/batijournal.com\/index.php\/portee-par-son-dynamisme-lanah-est-prete-pour-la-reforme-du-cite\/103144\/"]}]},{"@type":"ImageObject","inLanguage":"fr-FR","@id":"https:\/\/batijournal.com\/index.php\/portee-par-son-dynamisme-lanah-est-prete-pour-la-reforme-du-cite\/103144\/#primaryimage","url":"https:\/\/batijournal.com\/wp-content\/uploads\/2015\/10\/coproprietes.jpg","contentUrl":"https:\/\/batijournal.com\/wp-content\/uploads\/2015\/10\/coproprietes.jpg","width":1200,"height":714},{"@type":"BreadcrumbList","@id":"https:\/\/batijournal.com\/index.php\/portee-par-son-dynamisme-lanah-est-prete-pour-la-reforme-du-cite\/103144\/#breadcrumb","itemListElement":[{"@type":"ListItem","position":1,"name":"Accueil","item":"https:\/\/batijournal.com\/"},{"@type":"ListItem","position":2,"name":"Actualit\u00e9s","item":"https:\/\/batijournal.com\/index.php\/category\/actualites\/"},{"@type":"ListItem","position":3,"name":"Port\u00e9e par son dynamisme, l\u2019Anah est pr\u00eate pour la r\u00e9forme du CITE"}]},{"@type":"WebSite","@id":"https:\/\/batijournal.com\/#website","url":"https:\/\/batijournal.com\/","name":"Batijournal","description":"L&#039;actualit\u00e9 du b\u00e2timent","potentialAction":[{"@type":"SearchAction","target":{"@type":"EntryPoint","urlTemplate":"https:\/\/batijournal.com\/?s={search_term_string}"},"query-input":{"@type":"PropertyValueSpecification","valueRequired":true,"valueName":"search_term_string"}}],"inLanguage":"fr-FR"},{"@type":"Person","@id":"https:\/\/batijournal.com\/#\/schema\/person\/1dc96ec6957aa1ccb25ebe78bb19f100","name":"St\u00e9phane Miget","image":{"@type":"ImageObject","inLanguage":"fr-FR","@id":"https:\/\/secure.gravatar.com\/avatar\/89915563d925342126b8ef0281b93d9d7fc337043e8df017f780908eb9644451?s=96&d=mm&r=g","url":"https:\/\/secure.gravatar.com\/avatar\/89915563d925342126b8ef0281b93d9d7fc337043e8df017f780908eb9644451?s=96&d=mm&r=g","contentUrl":"https:\/\/secure.gravatar.com\/avatar\/89915563d925342126b8ef0281b93d9d7fc337043e8df017f780908eb9644451?s=96&d=mm&r=g","caption":"St\u00e9phane Miget"},"url":"https:\/\/batijournal.com\/index.php\/author\/stephane\/"}]}},"_links":{"self":[{"href":"https:\/\/batijournal.com\/index.php\/wp-json\/wp\/v2\/posts\/103144","targetHints":{"allow":["GET"]}}],"collection":[{"href":"https:\/\/batijournal.com\/index.php\/wp-json\/wp\/v2\/posts"}],"about":[{"href":"https:\/\/batijournal.com\/index.php\/wp-json\/wp\/v2\/types\/post"}],"author":[{"embeddable":true,"href":"https:\/\/batijournal.com\/index.php\/wp-json\/wp\/v2\/users\/17"}],"replies":[{"embeddable":true,"href":"https:\/\/batijournal.com\/index.php\/wp-json\/wp\/v2\/comments?post=103144"}],"version-history":[{"count":0,"href":"https:\/\/batijournal.com\/index.php\/wp-json\/wp\/v2\/posts\/103144\/revisions"}],"wp:featuredmedia":[{"embeddable":true,"href":"https:\/\/batijournal.com\/index.php\/wp-json\/wp\/v2\/media\/90053"}],"wp:attachment":[{"href":"https:\/\/batijournal.com\/index.php\/wp-json\/wp\/v2\/media?parent=103144"}],"wp:term":[{"taxonomy":"category","embeddable":true,"href":"https:\/\/batijournal.com\/index.php\/wp-json\/wp\/v2\/categories?post=103144"},{"taxonomy":"post_tag","embeddable":true,"href":"https:\/\/batijournal.com\/index.php\/wp-json\/wp\/v2\/tags?post=103144"}],"curies":[{"name":"wp","href":"https:\/\/api.w.org\/{rel}","templated":true}]}}