{"id":103158,"date":"2019-10-17T08:20:14","date_gmt":"2019-10-17T06:20:14","guid":{"rendered":"https:\/\/batijournal.com\/?p=103158"},"modified":"2019-10-17T13:41:50","modified_gmt":"2019-10-17T11:41:50","slug":"lariviere-et-actis-sur-un-meme-stand-au-salon-international-du-patrimoine-culturel","status":"publish","type":"post","link":"https:\/\/batijournal.com\/index.php\/lariviere-et-actis-sur-un-meme-stand-au-salon-international-du-patrimoine-culturel\/103158\/","title":{"rendered":"Lariviere et Actis sur un m\u00eame stand au Salon international du Patrimoine Culturel"},"content":{"rendered":"<p>Lariviere filiale du Groupe SIG France, distributeur europ\u00e9en sp\u00e9cialiste des march\u00e9s de l\u2019enveloppe du b\u00e2timent et de l\u2019am\u00e9nagement int\u00e9rieur, sera pr\u00e9sent au Salon international du Patrimoine Culturel, du 24 au 27 octobre 2019 au Carrousel du Louvre, entour\u00e9 de plusieurs partenaires, dont ACTIS. Au sein de la salle Le N\u00f4tre, le groupe pr\u00e9sentera ses diverses expertises, par le biais de sa marque d\u2019ardoises naturelles GALIZA et sa filiale Maury-NZ, pour une conservation optimale du patrimoine, bas\u00e9e sur une logique d\u2019excellence de la toiture et de respect des toitures parisiennes. Une grande maquette regroupant plusieurs solutions, isolation, ardoises, zinc, cuivre, plomb, ch\u00e2ssis, sera pr\u00e9sent\u00e9e. Les isolants alv\u00e9olaires souples d&rsquo;Actis seront l\u00e0, ils permettent notamment de ne pas avoir \u00e0 effectuer d\u2019importante rehausse de toiture. Par cons\u00e9quent, ces solutions sont particuli\u00e8rement adapt\u00e9es \u00e0 la restauration d&rsquo;ouvrages architecturaux ayant des contraintes tr\u00e8s sp\u00e9cifiques.<\/p>\n","protected":false},"excerpt":{"rendered":"<p>Lariviere filiale du Groupe SIG France, distributeur europ\u00e9en sp\u00e9cialiste des march\u00e9s de l\u2019enveloppe du b\u00e2timent et de l\u2019am\u00e9nagement int\u00e9rieur, sera pr\u00e9sent au Salon international du Patrimoine Culturel, du 24 au 27 octobre 2019 au Carrousel du Louvre, entour\u00e9 de plusieurs partenaires, dont ACTIS. Au sein de la salle Le N\u00f4tre, le groupe pr\u00e9sentera ses diverses [&hellip;]<\/p>\n","protected":false},"author":17,"featured_media":103155,"comment_status":"closed","ping_status":"closed","sticky":false,"template":"","format":"standard","meta":{"_et_pb_use_builder":"","_et_pb_old_content":"","_et_gb_content_width":"","footnotes":""},"categories":[10530,6345,10771,10775,10789,10785],"tags":[114],"class_list":["post-103158","post","type-post","status-publish","format-standard","has-post-thumbnail","hentry","category-actualites","category-economie-marches","category-5facades","category-actualites-5facades","category-publications-atrium","category-atrium","tag-couverture-2"],"yoast_head":"<!-- This site is optimized with the Yoast SEO plugin v27.4 - https:\/\/yoast.com\/product\/yoast-seo-wordpress\/ -->\n<title>Lariviere et Actis sur un m\u00eame stand au Salon international du Patrimoine Culturel<\/title>\n<meta name=\"description\" content=\"Larivi\u00e8re filiale du Groupe SIG France, distributeur europ\u00e9en sp\u00e9cialiste des march\u00e9s de l\u2019enveloppe du b\u00e2timent sera pr\u00e9sent au Salon du Patrimoine\" \/>\n<meta name=\"robots\" content=\"index, follow, max-snippet:-1, max-image-preview:large, max-video-preview:-1\" \/>\n<link rel=\"canonical\" href=\"https:\/\/batijournal.com\/index.php\/lariviere-et-actis-sur-un-meme-stand-au-salon-international-du-patrimoine-culturel\/103158\/\" \/>\n<meta property=\"og:locale\" content=\"fr_FR\" \/>\n<meta property=\"og:type\" content=\"article\" \/>\n<meta property=\"og:title\" content=\"Lariviere et Actis sur un m\u00eame stand au Salon international du Patrimoine Culturel\" \/>\n<meta property=\"og:description\" content=\"Larivi\u00e8re filiale du Groupe SIG France, distributeur europ\u00e9en sp\u00e9cialiste des march\u00e9s de l\u2019enveloppe du b\u00e2timent sera pr\u00e9sent au Salon du Patrimoine\" \/>\n<meta property=\"og:url\" content=\"https:\/\/batijournal.com\/index.php\/lariviere-et-actis-sur-un-meme-stand-au-salon-international-du-patrimoine-culturel\/103158\/\" \/>\n<meta property=\"og:site_name\" content=\"Batijournal\" \/>\n<meta property=\"article:published_time\" content=\"2019-10-17T06:20:14+00:00\" \/>\n<meta property=\"article:modified_time\" content=\"2019-10-17T11:41:50+00:00\" \/>\n<meta property=\"og:image\" content=\"https:\/\/batijournal.com\/wp-content\/uploads\/2019\/10\/Triso-toiture-Actis-lariviere-salon-patrimoine.jpg\" \/>\n\t<meta property=\"og:image:width\" content=\"1200\" \/>\n\t<meta property=\"og:image:height\" content=\"801\" \/>\n\t<meta property=\"og:image:type\" content=\"image\/jpeg\" \/>\n<meta name=\"author\" content=\"St\u00e9phane Miget\" \/>\n<meta name=\"twitter:card\" content=\"summary_large_image\" \/>\n<meta name=\"twitter:creator\" content=\"@bati_journal\" \/>\n<meta name=\"twitter:site\" content=\"@bati_journal\" \/>\n<meta name=\"twitter:label1\" content=\"\u00c9crit par\" \/>\n\t<meta name=\"twitter:data1\" content=\"St\u00e9phane Miget\" \/>\n\t<meta name=\"twitter:label2\" content=\"Dur\u00e9e de lecture estim\u00e9e\" \/>\n\t<meta name=\"twitter:data2\" content=\"1 minute\" \/>\n<script type=\"application\/ld+json\" class=\"yoast-schema-graph\">{\"@context\":\"https:\\\/\\\/schema.org\",\"@graph\":[{\"@type\":\"Article\",\"@id\":\"https:\\\/\\\/batijournal.com\\\/index.php\\\/lariviere-et-actis-sur-un-meme-stand-au-salon-international-du-patrimoine-culturel\\\/103158\\\/#article\",\"isPartOf\":{\"@id\":\"https:\\\/\\\/batijournal.com\\\/index.php\\\/lariviere-et-actis-sur-un-meme-stand-au-salon-international-du-patrimoine-culturel\\\/103158\\\/\"},\"author\":{\"name\":\"St\u00e9phane Miget\",\"@id\":\"https:\\\/\\\/batijournal.com\\\/#\\\/schema\\\/person\\\/1dc96ec6957aa1ccb25ebe78bb19f100\"},\"headline\":\"Lariviere et Actis sur un m\u00eame stand au Salon international du Patrimoine Culturel\",\"datePublished\":\"2019-10-17T06:20:14+00:00\",\"dateModified\":\"2019-10-17T11:41:50+00:00\",\"mainEntityOfPage\":{\"@id\":\"https:\\\/\\\/batijournal.com\\\/index.php\\\/lariviere-et-actis-sur-un-meme-stand-au-salon-international-du-patrimoine-culturel\\\/103158\\\/\"},\"wordCount\":175,\"image\":{\"@id\":\"https:\\\/\\\/batijournal.com\\\/index.php\\\/lariviere-et-actis-sur-un-meme-stand-au-salon-international-du-patrimoine-culturel\\\/103158\\\/#primaryimage\"},\"thumbnailUrl\":\"https:\\\/\\\/batijournal.com\\\/wp-content\\\/uploads\\\/2019\\\/10\\\/Triso-toiture-Actis-lariviere-salon-patrimoine.jpg\",\"keywords\":[\"couverture\"],\"articleSection\":[\"Actualit\u00e9s\",\"\u00c9conomie &amp; March\u00e9s\",\"zz_5fa\u00e7ades\",\"zz_Actualit\u00e9s - 5fa\u00e7ades\",\"zz_Actualit\u00e9s - Atrium\",\"zz_Atrium Patrimoine\"],\"inLanguage\":\"fr-FR\"},{\"@type\":\"WebPage\",\"@id\":\"https:\\\/\\\/batijournal.com\\\/index.php\\\/lariviere-et-actis-sur-un-meme-stand-au-salon-international-du-patrimoine-culturel\\\/103158\\\/\",\"url\":\"https:\\\/\\\/batijournal.com\\\/index.php\\\/lariviere-et-actis-sur-un-meme-stand-au-salon-international-du-patrimoine-culturel\\\/103158\\\/\",\"name\":\"Lariviere et Actis sur un m\u00eame stand au Salon international du Patrimoine Culturel\",\"isPartOf\":{\"@id\":\"https:\\\/\\\/batijournal.com\\\/#website\"},\"primaryImageOfPage\":{\"@id\":\"https:\\\/\\\/batijournal.com\\\/index.php\\\/lariviere-et-actis-sur-un-meme-stand-au-salon-international-du-patrimoine-culturel\\\/103158\\\/#primaryimage\"},\"image\":{\"@id\":\"https:\\\/\\\/batijournal.com\\\/index.php\\\/lariviere-et-actis-sur-un-meme-stand-au-salon-international-du-patrimoine-culturel\\\/103158\\\/#primaryimage\"},\"thumbnailUrl\":\"https:\\\/\\\/batijournal.com\\\/wp-content\\\/uploads\\\/2019\\\/10\\\/Triso-toiture-Actis-lariviere-salon-patrimoine.jpg\",\"datePublished\":\"2019-10-17T06:20:14+00:00\",\"dateModified\":\"2019-10-17T11:41:50+00:00\",\"author\":{\"@id\":\"https:\\\/\\\/batijournal.com\\\/#\\\/schema\\\/person\\\/1dc96ec6957aa1ccb25ebe78bb19f100\"},\"description\":\"Larivi\u00e8re filiale du Groupe SIG France, distributeur europ\u00e9en sp\u00e9cialiste des march\u00e9s de l\u2019enveloppe du b\u00e2timent sera pr\u00e9sent au Salon du Patrimoine\",\"breadcrumb\":{\"@id\":\"https:\\\/\\\/batijournal.com\\\/index.php\\\/lariviere-et-actis-sur-un-meme-stand-au-salon-international-du-patrimoine-culturel\\\/103158\\\/#breadcrumb\"},\"inLanguage\":\"fr-FR\",\"potentialAction\":[{\"@type\":\"ReadAction\",\"target\":[\"https:\\\/\\\/batijournal.com\\\/index.php\\\/lariviere-et-actis-sur-un-meme-stand-au-salon-international-du-patrimoine-culturel\\\/103158\\\/\"]}]},{\"@type\":\"ImageObject\",\"inLanguage\":\"fr-FR\",\"@id\":\"https:\\\/\\\/batijournal.com\\\/index.php\\\/lariviere-et-actis-sur-un-meme-stand-au-salon-international-du-patrimoine-culturel\\\/103158\\\/#primaryimage\",\"url\":\"https:\\\/\\\/batijournal.com\\\/wp-content\\\/uploads\\\/2019\\\/10\\\/Triso-toiture-Actis-lariviere-salon-patrimoine.jpg\",\"contentUrl\":\"https:\\\/\\\/batijournal.com\\\/wp-content\\\/uploads\\\/2019\\\/10\\\/Triso-toiture-Actis-lariviere-salon-patrimoine.jpg\",\"width\":1200,\"height\":801},{\"@type\":\"BreadcrumbList\",\"@id\":\"https:\\\/\\\/batijournal.com\\\/index.php\\\/lariviere-et-actis-sur-un-meme-stand-au-salon-international-du-patrimoine-culturel\\\/103158\\\/#breadcrumb\",\"itemListElement\":[{\"@type\":\"ListItem\",\"position\":1,\"name\":\"Accueil\",\"item\":\"https:\\\/\\\/batijournal.com\\\/\"},{\"@type\":\"ListItem\",\"position\":2,\"name\":\"Actualit\u00e9s\",\"item\":\"https:\\\/\\\/batijournal.com\\\/index.php\\\/category\\\/actualites\\\/\"},{\"@type\":\"ListItem\",\"position\":3,\"name\":\"Lariviere et Actis sur un m\u00eame stand au Salon international du Patrimoine Culturel\"}]},{\"@type\":\"WebSite\",\"@id\":\"https:\\\/\\\/batijournal.com\\\/#website\",\"url\":\"https:\\\/\\\/batijournal.com\\\/\",\"name\":\"Batijournal\",\"description\":\"L&#039;actualit\u00e9 du b\u00e2timent\",\"potentialAction\":[{\"@type\":\"SearchAction\",\"target\":{\"@type\":\"EntryPoint\",\"urlTemplate\":\"https:\\\/\\\/batijournal.com\\\/?s={search_term_string}\"},\"query-input\":{\"@type\":\"PropertyValueSpecification\",\"valueRequired\":true,\"valueName\":\"search_term_string\"}}],\"inLanguage\":\"fr-FR\"},{\"@type\":\"Person\",\"@id\":\"https:\\\/\\\/batijournal.com\\\/#\\\/schema\\\/person\\\/1dc96ec6957aa1ccb25ebe78bb19f100\",\"name\":\"St\u00e9phane Miget\",\"image\":{\"@type\":\"ImageObject\",\"inLanguage\":\"fr-FR\",\"@id\":\"https:\\\/\\\/secure.gravatar.com\\\/avatar\\\/89915563d925342126b8ef0281b93d9d7fc337043e8df017f780908eb9644451?s=96&d=mm&r=g\",\"url\":\"https:\\\/\\\/secure.gravatar.com\\\/avatar\\\/89915563d925342126b8ef0281b93d9d7fc337043e8df017f780908eb9644451?s=96&d=mm&r=g\",\"contentUrl\":\"https:\\\/\\\/secure.gravatar.com\\\/avatar\\\/89915563d925342126b8ef0281b93d9d7fc337043e8df017f780908eb9644451?s=96&d=mm&r=g\",\"caption\":\"St\u00e9phane Miget\"},\"url\":\"https:\\\/\\\/batijournal.com\\\/index.php\\\/author\\\/stephane\\\/\"}]}<\/script>\n<!-- \/ Yoast SEO plugin. -->","yoast_head_json":{"title":"Lariviere et Actis sur un m\u00eame stand au Salon international du Patrimoine Culturel","description":"Larivi\u00e8re filiale du Groupe SIG France, distributeur europ\u00e9en sp\u00e9cialiste des march\u00e9s de l\u2019enveloppe du b\u00e2timent sera pr\u00e9sent au Salon du Patrimoine","robots":{"index":"index","follow":"follow","max-snippet":"max-snippet:-1","max-image-preview":"max-image-preview:large","max-video-preview":"max-video-preview:-1"},"canonical":"https:\/\/batijournal.com\/index.php\/lariviere-et-actis-sur-un-meme-stand-au-salon-international-du-patrimoine-culturel\/103158\/","og_locale":"fr_FR","og_type":"article","og_title":"Lariviere et Actis sur un m\u00eame stand au Salon international du Patrimoine Culturel","og_description":"Larivi\u00e8re filiale du Groupe SIG France, distributeur europ\u00e9en sp\u00e9cialiste des march\u00e9s de l\u2019enveloppe du b\u00e2timent sera pr\u00e9sent au Salon du Patrimoine","og_url":"https:\/\/batijournal.com\/index.php\/lariviere-et-actis-sur-un-meme-stand-au-salon-international-du-patrimoine-culturel\/103158\/","og_site_name":"Batijournal","article_published_time":"2019-10-17T06:20:14+00:00","article_modified_time":"2019-10-17T11:41:50+00:00","og_image":[{"width":1200,"height":801,"url":"https:\/\/batijournal.com\/wp-content\/uploads\/2019\/10\/Triso-toiture-Actis-lariviere-salon-patrimoine.jpg","type":"image\/jpeg"}],"author":"St\u00e9phane Miget","twitter_card":"summary_large_image","twitter_creator":"@bati_journal","twitter_site":"@bati_journal","twitter_misc":{"\u00c9crit par":"St\u00e9phane Miget","Dur\u00e9e de lecture estim\u00e9e":"1 minute"},"schema":{"@context":"https:\/\/schema.org","@graph":[{"@type":"Article","@id":"https:\/\/batijournal.com\/index.php\/lariviere-et-actis-sur-un-meme-stand-au-salon-international-du-patrimoine-culturel\/103158\/#article","isPartOf":{"@id":"https:\/\/batijournal.com\/index.php\/lariviere-et-actis-sur-un-meme-stand-au-salon-international-du-patrimoine-culturel\/103158\/"},"author":{"name":"St\u00e9phane Miget","@id":"https:\/\/batijournal.com\/#\/schema\/person\/1dc96ec6957aa1ccb25ebe78bb19f100"},"headline":"Lariviere et Actis sur un m\u00eame stand au Salon international du Patrimoine Culturel","datePublished":"2019-10-17T06:20:14+00:00","dateModified":"2019-10-17T11:41:50+00:00","mainEntityOfPage":{"@id":"https:\/\/batijournal.com\/index.php\/lariviere-et-actis-sur-un-meme-stand-au-salon-international-du-patrimoine-culturel\/103158\/"},"wordCount":175,"image":{"@id":"https:\/\/batijournal.com\/index.php\/lariviere-et-actis-sur-un-meme-stand-au-salon-international-du-patrimoine-culturel\/103158\/#primaryimage"},"thumbnailUrl":"https:\/\/batijournal.com\/wp-content\/uploads\/2019\/10\/Triso-toiture-Actis-lariviere-salon-patrimoine.jpg","keywords":["couverture"],"articleSection":["Actualit\u00e9s","\u00c9conomie &amp; March\u00e9s","zz_5fa\u00e7ades","zz_Actualit\u00e9s - 5fa\u00e7ades","zz_Actualit\u00e9s - Atrium","zz_Atrium Patrimoine"],"inLanguage":"fr-FR"},{"@type":"WebPage","@id":"https:\/\/batijournal.com\/index.php\/lariviere-et-actis-sur-un-meme-stand-au-salon-international-du-patrimoine-culturel\/103158\/","url":"https:\/\/batijournal.com\/index.php\/lariviere-et-actis-sur-un-meme-stand-au-salon-international-du-patrimoine-culturel\/103158\/","name":"Lariviere et Actis sur un m\u00eame stand au Salon international du Patrimoine Culturel","isPartOf":{"@id":"https:\/\/batijournal.com\/#website"},"primaryImageOfPage":{"@id":"https:\/\/batijournal.com\/index.php\/lariviere-et-actis-sur-un-meme-stand-au-salon-international-du-patrimoine-culturel\/103158\/#primaryimage"},"image":{"@id":"https:\/\/batijournal.com\/index.php\/lariviere-et-actis-sur-un-meme-stand-au-salon-international-du-patrimoine-culturel\/103158\/#primaryimage"},"thumbnailUrl":"https:\/\/batijournal.com\/wp-content\/uploads\/2019\/10\/Triso-toiture-Actis-lariviere-salon-patrimoine.jpg","datePublished":"2019-10-17T06:20:14+00:00","dateModified":"2019-10-17T11:41:50+00:00","author":{"@id":"https:\/\/batijournal.com\/#\/schema\/person\/1dc96ec6957aa1ccb25ebe78bb19f100"},"description":"Larivi\u00e8re filiale du Groupe SIG France, distributeur europ\u00e9en sp\u00e9cialiste des march\u00e9s de l\u2019enveloppe du b\u00e2timent sera pr\u00e9sent au Salon du Patrimoine","breadcrumb":{"@id":"https:\/\/batijournal.com\/index.php\/lariviere-et-actis-sur-un-meme-stand-au-salon-international-du-patrimoine-culturel\/103158\/#breadcrumb"},"inLanguage":"fr-FR","potentialAction":[{"@type":"ReadAction","target":["https:\/\/batijournal.com\/index.php\/lariviere-et-actis-sur-un-meme-stand-au-salon-international-du-patrimoine-culturel\/103158\/"]}]},{"@type":"ImageObject","inLanguage":"fr-FR","@id":"https:\/\/batijournal.com\/index.php\/lariviere-et-actis-sur-un-meme-stand-au-salon-international-du-patrimoine-culturel\/103158\/#primaryimage","url":"https:\/\/batijournal.com\/wp-content\/uploads\/2019\/10\/Triso-toiture-Actis-lariviere-salon-patrimoine.jpg","contentUrl":"https:\/\/batijournal.com\/wp-content\/uploads\/2019\/10\/Triso-toiture-Actis-lariviere-salon-patrimoine.jpg","width":1200,"height":801},{"@type":"BreadcrumbList","@id":"https:\/\/batijournal.com\/index.php\/lariviere-et-actis-sur-un-meme-stand-au-salon-international-du-patrimoine-culturel\/103158\/#breadcrumb","itemListElement":[{"@type":"ListItem","position":1,"name":"Accueil","item":"https:\/\/batijournal.com\/"},{"@type":"ListItem","position":2,"name":"Actualit\u00e9s","item":"https:\/\/batijournal.com\/index.php\/category\/actualites\/"},{"@type":"ListItem","position":3,"name":"Lariviere et Actis sur un m\u00eame stand au Salon international du Patrimoine Culturel"}]},{"@type":"WebSite","@id":"https:\/\/batijournal.com\/#website","url":"https:\/\/batijournal.com\/","name":"Batijournal","description":"L&#039;actualit\u00e9 du b\u00e2timent","potentialAction":[{"@type":"SearchAction","target":{"@type":"EntryPoint","urlTemplate":"https:\/\/batijournal.com\/?s={search_term_string}"},"query-input":{"@type":"PropertyValueSpecification","valueRequired":true,"valueName":"search_term_string"}}],"inLanguage":"fr-FR"},{"@type":"Person","@id":"https:\/\/batijournal.com\/#\/schema\/person\/1dc96ec6957aa1ccb25ebe78bb19f100","name":"St\u00e9phane Miget","image":{"@type":"ImageObject","inLanguage":"fr-FR","@id":"https:\/\/secure.gravatar.com\/avatar\/89915563d925342126b8ef0281b93d9d7fc337043e8df017f780908eb9644451?s=96&d=mm&r=g","url":"https:\/\/secure.gravatar.com\/avatar\/89915563d925342126b8ef0281b93d9d7fc337043e8df017f780908eb9644451?s=96&d=mm&r=g","contentUrl":"https:\/\/secure.gravatar.com\/avatar\/89915563d925342126b8ef0281b93d9d7fc337043e8df017f780908eb9644451?s=96&d=mm&r=g","caption":"St\u00e9phane Miget"},"url":"https:\/\/batijournal.com\/index.php\/author\/stephane\/"}]}},"_links":{"self":[{"href":"https:\/\/batijournal.com\/index.php\/wp-json\/wp\/v2\/posts\/103158","targetHints":{"allow":["GET"]}}],"collection":[{"href":"https:\/\/batijournal.com\/index.php\/wp-json\/wp\/v2\/posts"}],"about":[{"href":"https:\/\/batijournal.com\/index.php\/wp-json\/wp\/v2\/types\/post"}],"author":[{"embeddable":true,"href":"https:\/\/batijournal.com\/index.php\/wp-json\/wp\/v2\/users\/17"}],"replies":[{"embeddable":true,"href":"https:\/\/batijournal.com\/index.php\/wp-json\/wp\/v2\/comments?post=103158"}],"version-history":[{"count":0,"href":"https:\/\/batijournal.com\/index.php\/wp-json\/wp\/v2\/posts\/103158\/revisions"}],"wp:featuredmedia":[{"embeddable":true,"href":"https:\/\/batijournal.com\/index.php\/wp-json\/wp\/v2\/media\/103155"}],"wp:attachment":[{"href":"https:\/\/batijournal.com\/index.php\/wp-json\/wp\/v2\/media?parent=103158"}],"wp:term":[{"taxonomy":"category","embeddable":true,"href":"https:\/\/batijournal.com\/index.php\/wp-json\/wp\/v2\/categories?post=103158"},{"taxonomy":"post_tag","embeddable":true,"href":"https:\/\/batijournal.com\/index.php\/wp-json\/wp\/v2\/tags?post=103158"}],"curies":[{"name":"wp","href":"https:\/\/api.w.org\/{rel}","templated":true}]}}