{"id":103164,"date":"2019-10-21T07:31:11","date_gmt":"2019-10-21T05:31:11","guid":{"rendered":"https:\/\/batijournal.com\/?p=103164"},"modified":"2019-10-21T08:14:28","modified_gmt":"2019-10-21T06:14:28","slug":"creation-dun-groupe-de-reflexion-pour-la-qualite-dusage-et-la-qualite-architecturale-des-logements-sociaux","status":"publish","type":"post","link":"https:\/\/batijournal.com\/index.php\/creation-dun-groupe-de-reflexion-pour-la-qualite-dusage-et-la-qualite-architecturale-des-logements-sociaux\/103164\/","title":{"rendered":"Cr\u00e9ation d&rsquo;un groupe de r\u00e9flexion pour la qualit\u00e9 d\u2019usage et la qualit\u00e9 architecturale des logements sociaux"},"content":{"rendered":"<p>Vivre dans un logement de qualit\u00e9 pour tous les citoyens, est une priorit\u00e9 de l\u2019action gouvernementale. L\u2019architecture contribue de fa\u00e7on majeure \u00e0 la qualit\u00e9 du cadre de vie. Elle joue \u00e9galement un r\u00f4le essentiel dans l\u2019accompagnement des engagements pour la transition \u00e9cologique et \u00e9nerg\u00e9tique. Dans ce contexte, Elisabeth Borne, Julien Denormandie et Franck Riester ont annonc\u00e9 le lancement d\u2019une r\u00e9flexion commune sur l\u2019exercice de la ma\u00eetrise d\u2019ouvrage sociale et de la ma\u00eetrise d\u2019\u0153uvre. Cette r\u00e9flexion visera \u00e0 identifier et valoriser les bonnes pratiques, \u00e0 garantir la qualit\u00e9 architecturale, l\u2019innovation dans le logement pour la construction neuve comme pour la r\u00e9habilitation. L\u2019\u00e9quilibre dans les rapports entre l\u2019ensemble des acteurs techniques et \u00e9conomiques d\u2019un projet sera \u00e9galement au centre des r\u00e9flexions. Elle int\u00e9grera bien entendu pleinement les dimensions sociale et environnementale des b\u00e2timents. Du fait de son exp\u00e9rience, de ses comp\u00e9tences et de son engagement, les trois ministres ont souhait\u00e9 confier le pilotage de cette r\u00e9flexion \u00e0 Pierre-Ren\u00e9 Lemas, qui fut notamment directeur g\u00e9n\u00e9ral de la Caisse des d\u00e9p\u00f4ts et consignations. Il s\u2019appuiera pour cela sur un groupe de pilotage compos\u00e9 de repr\u00e9sentants de l\u2019Union sociale pour l\u2019habitat (USH), du Conseil national de l\u2019ordre des architectes (CNOA), de personnalit\u00e9s qualifi\u00e9es et d\u2019\u00e9lus locaux, ainsi que sur un comit\u00e9 des parties prenantes, qui seront install\u00e9s tr\u00e8s prochainement et associeront \u00e9troitement les territoires. Les propositions de mesures et d\u2019orientations issues de cette r\u00e9flexion seront communiqu\u00e9es aux trois ministres au printemps 2020.<\/p>\n<p>&nbsp;<\/p>\n<p>Visuel : Bessi\u00e8res (17e), Laur\u00e9at : \u00ab NOC 42 \u00bb r\u00e9inventer Paris<\/p>\n<p>&nbsp;<\/p>\n","protected":false},"excerpt":{"rendered":"<p>Vivre dans un logement de qualit\u00e9 pour tous les citoyens, est une priorit\u00e9 de l\u2019action gouvernementale. L\u2019architecture contribue de fa\u00e7on majeure \u00e0 la qualit\u00e9 du cadre de vie. Elle joue \u00e9galement un r\u00f4le essentiel dans l\u2019accompagnement des engagements pour la transition \u00e9cologique et \u00e9nerg\u00e9tique. Dans ce contexte, Elisabeth Borne, Julien Denormandie et Franck Riester ont [&hellip;]<\/p>\n","protected":false},"author":17,"featured_media":91302,"comment_status":"closed","ping_status":"closed","sticky":false,"template":"","format":"standard","meta":{"_et_pb_use_builder":"","_et_pb_old_content":"","_et_gb_content_width":"","footnotes":""},"categories":[10530,6340],"tags":[1601],"class_list":["post-103164","post","type-post","status-publish","format-standard","has-post-thumbnail","hentry","category-actualites","category-architecture-conception","tag-logement-social"],"yoast_head":"<!-- This site is optimized with the Yoast SEO plugin v27.4 - https:\/\/yoast.com\/product\/yoast-seo-wordpress\/ -->\n<title>Cr\u00e9ation d&#039;un groupe de r\u00e9flexion pour la qualit\u00e9 d\u2019usage et la qualit\u00e9 architecturale des logements sociaux<\/title>\n<meta name=\"description\" content=\"Vivre dans un logement de qualit\u00e9 pour les citoyens, est une priorit\u00e9 de l\u2019action du gouvernement l\u2019architecture contribue \u00e0 la qualit\u00e9 du cadre de vie.\" \/>\n<meta name=\"robots\" content=\"index, follow, max-snippet:-1, max-image-preview:large, max-video-preview:-1\" \/>\n<link rel=\"canonical\" href=\"https:\/\/batijournal.com\/index.php\/creation-dun-groupe-de-reflexion-pour-la-qualite-dusage-et-la-qualite-architecturale-des-logements-sociaux\/103164\/\" \/>\n<meta property=\"og:locale\" content=\"fr_FR\" \/>\n<meta property=\"og:type\" content=\"article\" \/>\n<meta property=\"og:title\" content=\"Cr\u00e9ation d&#039;un groupe de r\u00e9flexion pour la qualit\u00e9 d\u2019usage et la qualit\u00e9 architecturale des logements sociaux\" \/>\n<meta property=\"og:description\" content=\"Vivre dans un logement de qualit\u00e9 pour les citoyens, est une priorit\u00e9 de l\u2019action du gouvernement l\u2019architecture contribue \u00e0 la qualit\u00e9 du cadre de vie.\" \/>\n<meta property=\"og:url\" content=\"https:\/\/batijournal.com\/index.php\/creation-dun-groupe-de-reflexion-pour-la-qualite-dusage-et-la-qualite-architecturale-des-logements-sociaux\/103164\/\" \/>\n<meta property=\"og:site_name\" content=\"Batijournal\" \/>\n<meta property=\"article:published_time\" content=\"2019-10-21T05:31:11+00:00\" \/>\n<meta property=\"article:modified_time\" content=\"2019-10-21T06:14:28+00:00\" \/>\n<meta property=\"og:image\" content=\"https:\/\/batijournal.com\/wp-content\/uploads\/2016\/02\/Bessi\u00e8resReinventer-Paris-.jpg\" \/>\n\t<meta property=\"og:image:width\" content=\"1200\" \/>\n\t<meta property=\"og:image:height\" content=\"752\" \/>\n\t<meta property=\"og:image:type\" content=\"image\/jpeg\" \/>\n<meta name=\"author\" content=\"St\u00e9phane Miget\" \/>\n<meta name=\"twitter:card\" content=\"summary_large_image\" \/>\n<meta name=\"twitter:creator\" content=\"@bati_journal\" \/>\n<meta name=\"twitter:site\" content=\"@bati_journal\" \/>\n<meta name=\"twitter:label1\" content=\"\u00c9crit par\" \/>\n\t<meta name=\"twitter:data1\" content=\"St\u00e9phane Miget\" \/>\n\t<meta name=\"twitter:label2\" content=\"Dur\u00e9e de lecture estim\u00e9e\" \/>\n\t<meta name=\"twitter:data2\" content=\"1 minute\" \/>\n<script type=\"application\/ld+json\" class=\"yoast-schema-graph\">{\"@context\":\"https:\\\/\\\/schema.org\",\"@graph\":[{\"@type\":\"Article\",\"@id\":\"https:\\\/\\\/batijournal.com\\\/index.php\\\/creation-dun-groupe-de-reflexion-pour-la-qualite-dusage-et-la-qualite-architecturale-des-logements-sociaux\\\/103164\\\/#article\",\"isPartOf\":{\"@id\":\"https:\\\/\\\/batijournal.com\\\/index.php\\\/creation-dun-groupe-de-reflexion-pour-la-qualite-dusage-et-la-qualite-architecturale-des-logements-sociaux\\\/103164\\\/\"},\"author\":{\"name\":\"St\u00e9phane Miget\",\"@id\":\"https:\\\/\\\/batijournal.com\\\/#\\\/schema\\\/person\\\/1dc96ec6957aa1ccb25ebe78bb19f100\"},\"headline\":\"Cr\u00e9ation d&rsquo;un groupe de r\u00e9flexion pour la qualit\u00e9 d\u2019usage et la qualit\u00e9 architecturale des logements sociaux\",\"datePublished\":\"2019-10-21T05:31:11+00:00\",\"dateModified\":\"2019-10-21T06:14:28+00:00\",\"mainEntityOfPage\":{\"@id\":\"https:\\\/\\\/batijournal.com\\\/index.php\\\/creation-dun-groupe-de-reflexion-pour-la-qualite-dusage-et-la-qualite-architecturale-des-logements-sociaux\\\/103164\\\/\"},\"wordCount\":306,\"image\":{\"@id\":\"https:\\\/\\\/batijournal.com\\\/index.php\\\/creation-dun-groupe-de-reflexion-pour-la-qualite-dusage-et-la-qualite-architecturale-des-logements-sociaux\\\/103164\\\/#primaryimage\"},\"thumbnailUrl\":\"https:\\\/\\\/batijournal.com\\\/wp-content\\\/uploads\\\/2016\\\/02\\\/Bessi\u00e8resReinventer-Paris-.jpg\",\"keywords\":[\"logement social\"],\"articleSection\":[\"Actualit\u00e9s\",\"Architecture &amp; Conception\"],\"inLanguage\":\"fr-FR\"},{\"@type\":\"WebPage\",\"@id\":\"https:\\\/\\\/batijournal.com\\\/index.php\\\/creation-dun-groupe-de-reflexion-pour-la-qualite-dusage-et-la-qualite-architecturale-des-logements-sociaux\\\/103164\\\/\",\"url\":\"https:\\\/\\\/batijournal.com\\\/index.php\\\/creation-dun-groupe-de-reflexion-pour-la-qualite-dusage-et-la-qualite-architecturale-des-logements-sociaux\\\/103164\\\/\",\"name\":\"Cr\u00e9ation d'un groupe de r\u00e9flexion pour la qualit\u00e9 d\u2019usage et la qualit\u00e9 architecturale des logements sociaux\",\"isPartOf\":{\"@id\":\"https:\\\/\\\/batijournal.com\\\/#website\"},\"primaryImageOfPage\":{\"@id\":\"https:\\\/\\\/batijournal.com\\\/index.php\\\/creation-dun-groupe-de-reflexion-pour-la-qualite-dusage-et-la-qualite-architecturale-des-logements-sociaux\\\/103164\\\/#primaryimage\"},\"image\":{\"@id\":\"https:\\\/\\\/batijournal.com\\\/index.php\\\/creation-dun-groupe-de-reflexion-pour-la-qualite-dusage-et-la-qualite-architecturale-des-logements-sociaux\\\/103164\\\/#primaryimage\"},\"thumbnailUrl\":\"https:\\\/\\\/batijournal.com\\\/wp-content\\\/uploads\\\/2016\\\/02\\\/Bessi\u00e8resReinventer-Paris-.jpg\",\"datePublished\":\"2019-10-21T05:31:11+00:00\",\"dateModified\":\"2019-10-21T06:14:28+00:00\",\"author\":{\"@id\":\"https:\\\/\\\/batijournal.com\\\/#\\\/schema\\\/person\\\/1dc96ec6957aa1ccb25ebe78bb19f100\"},\"description\":\"Vivre dans un logement de qualit\u00e9 pour les citoyens, est une priorit\u00e9 de l\u2019action du gouvernement l\u2019architecture contribue \u00e0 la qualit\u00e9 du cadre de vie.\",\"breadcrumb\":{\"@id\":\"https:\\\/\\\/batijournal.com\\\/index.php\\\/creation-dun-groupe-de-reflexion-pour-la-qualite-dusage-et-la-qualite-architecturale-des-logements-sociaux\\\/103164\\\/#breadcrumb\"},\"inLanguage\":\"fr-FR\",\"potentialAction\":[{\"@type\":\"ReadAction\",\"target\":[\"https:\\\/\\\/batijournal.com\\\/index.php\\\/creation-dun-groupe-de-reflexion-pour-la-qualite-dusage-et-la-qualite-architecturale-des-logements-sociaux\\\/103164\\\/\"]}]},{\"@type\":\"ImageObject\",\"inLanguage\":\"fr-FR\",\"@id\":\"https:\\\/\\\/batijournal.com\\\/index.php\\\/creation-dun-groupe-de-reflexion-pour-la-qualite-dusage-et-la-qualite-architecturale-des-logements-sociaux\\\/103164\\\/#primaryimage\",\"url\":\"https:\\\/\\\/batijournal.com\\\/wp-content\\\/uploads\\\/2016\\\/02\\\/Bessi\u00e8resReinventer-Paris-.jpg\",\"contentUrl\":\"https:\\\/\\\/batijournal.com\\\/wp-content\\\/uploads\\\/2016\\\/02\\\/Bessi\u00e8resReinventer-Paris-.jpg\",\"width\":1200,\"height\":752,\"caption\":\"Bessi\u00e8res (17e), Laur\u00e9at : \u00ab NOC 42 \u00bb\"},{\"@type\":\"BreadcrumbList\",\"@id\":\"https:\\\/\\\/batijournal.com\\\/index.php\\\/creation-dun-groupe-de-reflexion-pour-la-qualite-dusage-et-la-qualite-architecturale-des-logements-sociaux\\\/103164\\\/#breadcrumb\",\"itemListElement\":[{\"@type\":\"ListItem\",\"position\":1,\"name\":\"Accueil\",\"item\":\"https:\\\/\\\/batijournal.com\\\/\"},{\"@type\":\"ListItem\",\"position\":2,\"name\":\"Actualit\u00e9s\",\"item\":\"https:\\\/\\\/batijournal.com\\\/index.php\\\/category\\\/actualites\\\/\"},{\"@type\":\"ListItem\",\"position\":3,\"name\":\"Cr\u00e9ation d&rsquo;un groupe de r\u00e9flexion pour la qualit\u00e9 d\u2019usage et la qualit\u00e9 architecturale des logements sociaux\"}]},{\"@type\":\"WebSite\",\"@id\":\"https:\\\/\\\/batijournal.com\\\/#website\",\"url\":\"https:\\\/\\\/batijournal.com\\\/\",\"name\":\"Batijournal\",\"description\":\"L&#039;actualit\u00e9 du b\u00e2timent\",\"potentialAction\":[{\"@type\":\"SearchAction\",\"target\":{\"@type\":\"EntryPoint\",\"urlTemplate\":\"https:\\\/\\\/batijournal.com\\\/?s={search_term_string}\"},\"query-input\":{\"@type\":\"PropertyValueSpecification\",\"valueRequired\":true,\"valueName\":\"search_term_string\"}}],\"inLanguage\":\"fr-FR\"},{\"@type\":\"Person\",\"@id\":\"https:\\\/\\\/batijournal.com\\\/#\\\/schema\\\/person\\\/1dc96ec6957aa1ccb25ebe78bb19f100\",\"name\":\"St\u00e9phane Miget\",\"image\":{\"@type\":\"ImageObject\",\"inLanguage\":\"fr-FR\",\"@id\":\"https:\\\/\\\/secure.gravatar.com\\\/avatar\\\/89915563d925342126b8ef0281b93d9d7fc337043e8df017f780908eb9644451?s=96&d=mm&r=g\",\"url\":\"https:\\\/\\\/secure.gravatar.com\\\/avatar\\\/89915563d925342126b8ef0281b93d9d7fc337043e8df017f780908eb9644451?s=96&d=mm&r=g\",\"contentUrl\":\"https:\\\/\\\/secure.gravatar.com\\\/avatar\\\/89915563d925342126b8ef0281b93d9d7fc337043e8df017f780908eb9644451?s=96&d=mm&r=g\",\"caption\":\"St\u00e9phane Miget\"},\"url\":\"https:\\\/\\\/batijournal.com\\\/index.php\\\/author\\\/stephane\\\/\"}]}<\/script>\n<!-- \/ Yoast SEO plugin. -->","yoast_head_json":{"title":"Cr\u00e9ation d'un groupe de r\u00e9flexion pour la qualit\u00e9 d\u2019usage et la qualit\u00e9 architecturale des logements sociaux","description":"Vivre dans un logement de qualit\u00e9 pour les citoyens, est une priorit\u00e9 de l\u2019action du gouvernement l\u2019architecture contribue \u00e0 la qualit\u00e9 du cadre de vie.","robots":{"index":"index","follow":"follow","max-snippet":"max-snippet:-1","max-image-preview":"max-image-preview:large","max-video-preview":"max-video-preview:-1"},"canonical":"https:\/\/batijournal.com\/index.php\/creation-dun-groupe-de-reflexion-pour-la-qualite-dusage-et-la-qualite-architecturale-des-logements-sociaux\/103164\/","og_locale":"fr_FR","og_type":"article","og_title":"Cr\u00e9ation d'un groupe de r\u00e9flexion pour la qualit\u00e9 d\u2019usage et la qualit\u00e9 architecturale des logements sociaux","og_description":"Vivre dans un logement de qualit\u00e9 pour les citoyens, est une priorit\u00e9 de l\u2019action du gouvernement l\u2019architecture contribue \u00e0 la qualit\u00e9 du cadre de vie.","og_url":"https:\/\/batijournal.com\/index.php\/creation-dun-groupe-de-reflexion-pour-la-qualite-dusage-et-la-qualite-architecturale-des-logements-sociaux\/103164\/","og_site_name":"Batijournal","article_published_time":"2019-10-21T05:31:11+00:00","article_modified_time":"2019-10-21T06:14:28+00:00","og_image":[{"width":1200,"height":752,"url":"https:\/\/batijournal.com\/wp-content\/uploads\/2016\/02\/Bessi\u00e8resReinventer-Paris-.jpg","type":"image\/jpeg"}],"author":"St\u00e9phane Miget","twitter_card":"summary_large_image","twitter_creator":"@bati_journal","twitter_site":"@bati_journal","twitter_misc":{"\u00c9crit par":"St\u00e9phane Miget","Dur\u00e9e de lecture estim\u00e9e":"1 minute"},"schema":{"@context":"https:\/\/schema.org","@graph":[{"@type":"Article","@id":"https:\/\/batijournal.com\/index.php\/creation-dun-groupe-de-reflexion-pour-la-qualite-dusage-et-la-qualite-architecturale-des-logements-sociaux\/103164\/#article","isPartOf":{"@id":"https:\/\/batijournal.com\/index.php\/creation-dun-groupe-de-reflexion-pour-la-qualite-dusage-et-la-qualite-architecturale-des-logements-sociaux\/103164\/"},"author":{"name":"St\u00e9phane Miget","@id":"https:\/\/batijournal.com\/#\/schema\/person\/1dc96ec6957aa1ccb25ebe78bb19f100"},"headline":"Cr\u00e9ation d&rsquo;un groupe de r\u00e9flexion pour la qualit\u00e9 d\u2019usage et la qualit\u00e9 architecturale des logements sociaux","datePublished":"2019-10-21T05:31:11+00:00","dateModified":"2019-10-21T06:14:28+00:00","mainEntityOfPage":{"@id":"https:\/\/batijournal.com\/index.php\/creation-dun-groupe-de-reflexion-pour-la-qualite-dusage-et-la-qualite-architecturale-des-logements-sociaux\/103164\/"},"wordCount":306,"image":{"@id":"https:\/\/batijournal.com\/index.php\/creation-dun-groupe-de-reflexion-pour-la-qualite-dusage-et-la-qualite-architecturale-des-logements-sociaux\/103164\/#primaryimage"},"thumbnailUrl":"https:\/\/batijournal.com\/wp-content\/uploads\/2016\/02\/Bessi\u00e8resReinventer-Paris-.jpg","keywords":["logement social"],"articleSection":["Actualit\u00e9s","Architecture &amp; Conception"],"inLanguage":"fr-FR"},{"@type":"WebPage","@id":"https:\/\/batijournal.com\/index.php\/creation-dun-groupe-de-reflexion-pour-la-qualite-dusage-et-la-qualite-architecturale-des-logements-sociaux\/103164\/","url":"https:\/\/batijournal.com\/index.php\/creation-dun-groupe-de-reflexion-pour-la-qualite-dusage-et-la-qualite-architecturale-des-logements-sociaux\/103164\/","name":"Cr\u00e9ation d'un groupe de r\u00e9flexion pour la qualit\u00e9 d\u2019usage et la qualit\u00e9 architecturale des logements sociaux","isPartOf":{"@id":"https:\/\/batijournal.com\/#website"},"primaryImageOfPage":{"@id":"https:\/\/batijournal.com\/index.php\/creation-dun-groupe-de-reflexion-pour-la-qualite-dusage-et-la-qualite-architecturale-des-logements-sociaux\/103164\/#primaryimage"},"image":{"@id":"https:\/\/batijournal.com\/index.php\/creation-dun-groupe-de-reflexion-pour-la-qualite-dusage-et-la-qualite-architecturale-des-logements-sociaux\/103164\/#primaryimage"},"thumbnailUrl":"https:\/\/batijournal.com\/wp-content\/uploads\/2016\/02\/Bessi\u00e8resReinventer-Paris-.jpg","datePublished":"2019-10-21T05:31:11+00:00","dateModified":"2019-10-21T06:14:28+00:00","author":{"@id":"https:\/\/batijournal.com\/#\/schema\/person\/1dc96ec6957aa1ccb25ebe78bb19f100"},"description":"Vivre dans un logement de qualit\u00e9 pour les citoyens, est une priorit\u00e9 de l\u2019action du gouvernement l\u2019architecture contribue \u00e0 la qualit\u00e9 du cadre de vie.","breadcrumb":{"@id":"https:\/\/batijournal.com\/index.php\/creation-dun-groupe-de-reflexion-pour-la-qualite-dusage-et-la-qualite-architecturale-des-logements-sociaux\/103164\/#breadcrumb"},"inLanguage":"fr-FR","potentialAction":[{"@type":"ReadAction","target":["https:\/\/batijournal.com\/index.php\/creation-dun-groupe-de-reflexion-pour-la-qualite-dusage-et-la-qualite-architecturale-des-logements-sociaux\/103164\/"]}]},{"@type":"ImageObject","inLanguage":"fr-FR","@id":"https:\/\/batijournal.com\/index.php\/creation-dun-groupe-de-reflexion-pour-la-qualite-dusage-et-la-qualite-architecturale-des-logements-sociaux\/103164\/#primaryimage","url":"https:\/\/batijournal.com\/wp-content\/uploads\/2016\/02\/Bessi\u00e8resReinventer-Paris-.jpg","contentUrl":"https:\/\/batijournal.com\/wp-content\/uploads\/2016\/02\/Bessi\u00e8resReinventer-Paris-.jpg","width":1200,"height":752,"caption":"Bessi\u00e8res (17e), Laur\u00e9at : \u00ab NOC 42 \u00bb"},{"@type":"BreadcrumbList","@id":"https:\/\/batijournal.com\/index.php\/creation-dun-groupe-de-reflexion-pour-la-qualite-dusage-et-la-qualite-architecturale-des-logements-sociaux\/103164\/#breadcrumb","itemListElement":[{"@type":"ListItem","position":1,"name":"Accueil","item":"https:\/\/batijournal.com\/"},{"@type":"ListItem","position":2,"name":"Actualit\u00e9s","item":"https:\/\/batijournal.com\/index.php\/category\/actualites\/"},{"@type":"ListItem","position":3,"name":"Cr\u00e9ation d&rsquo;un groupe de r\u00e9flexion pour la qualit\u00e9 d\u2019usage et la qualit\u00e9 architecturale des logements sociaux"}]},{"@type":"WebSite","@id":"https:\/\/batijournal.com\/#website","url":"https:\/\/batijournal.com\/","name":"Batijournal","description":"L&#039;actualit\u00e9 du b\u00e2timent","potentialAction":[{"@type":"SearchAction","target":{"@type":"EntryPoint","urlTemplate":"https:\/\/batijournal.com\/?s={search_term_string}"},"query-input":{"@type":"PropertyValueSpecification","valueRequired":true,"valueName":"search_term_string"}}],"inLanguage":"fr-FR"},{"@type":"Person","@id":"https:\/\/batijournal.com\/#\/schema\/person\/1dc96ec6957aa1ccb25ebe78bb19f100","name":"St\u00e9phane Miget","image":{"@type":"ImageObject","inLanguage":"fr-FR","@id":"https:\/\/secure.gravatar.com\/avatar\/89915563d925342126b8ef0281b93d9d7fc337043e8df017f780908eb9644451?s=96&d=mm&r=g","url":"https:\/\/secure.gravatar.com\/avatar\/89915563d925342126b8ef0281b93d9d7fc337043e8df017f780908eb9644451?s=96&d=mm&r=g","contentUrl":"https:\/\/secure.gravatar.com\/avatar\/89915563d925342126b8ef0281b93d9d7fc337043e8df017f780908eb9644451?s=96&d=mm&r=g","caption":"St\u00e9phane Miget"},"url":"https:\/\/batijournal.com\/index.php\/author\/stephane\/"}]}},"_links":{"self":[{"href":"https:\/\/batijournal.com\/index.php\/wp-json\/wp\/v2\/posts\/103164","targetHints":{"allow":["GET"]}}],"collection":[{"href":"https:\/\/batijournal.com\/index.php\/wp-json\/wp\/v2\/posts"}],"about":[{"href":"https:\/\/batijournal.com\/index.php\/wp-json\/wp\/v2\/types\/post"}],"author":[{"embeddable":true,"href":"https:\/\/batijournal.com\/index.php\/wp-json\/wp\/v2\/users\/17"}],"replies":[{"embeddable":true,"href":"https:\/\/batijournal.com\/index.php\/wp-json\/wp\/v2\/comments?post=103164"}],"version-history":[{"count":0,"href":"https:\/\/batijournal.com\/index.php\/wp-json\/wp\/v2\/posts\/103164\/revisions"}],"wp:featuredmedia":[{"embeddable":true,"href":"https:\/\/batijournal.com\/index.php\/wp-json\/wp\/v2\/media\/91302"}],"wp:attachment":[{"href":"https:\/\/batijournal.com\/index.php\/wp-json\/wp\/v2\/media?parent=103164"}],"wp:term":[{"taxonomy":"category","embeddable":true,"href":"https:\/\/batijournal.com\/index.php\/wp-json\/wp\/v2\/categories?post=103164"},{"taxonomy":"post_tag","embeddable":true,"href":"https:\/\/batijournal.com\/index.php\/wp-json\/wp\/v2\/tags?post=103164"}],"curies":[{"name":"wp","href":"https:\/\/api.w.org\/{rel}","templated":true}]}}