{"id":103183,"date":"2019-10-22T18:32:19","date_gmt":"2019-10-22T16:32:19","guid":{"rendered":"https:\/\/batijournal.com\/?p=103183"},"modified":"2019-10-22T18:32:19","modified_gmt":"2019-10-22T16:32:19","slug":"plan-daction-securite-cathedrales","status":"publish","type":"post","link":"https:\/\/batijournal.com\/index.php\/plan-daction-securite-cathedrales\/103183\/","title":{"rendered":"Plan d\u2019action \u00ab S\u00e9curit\u00e9 cath\u00e9drales \u00bb"},"content":{"rendered":"<p>Le minist\u00e8re de la Culture est propri\u00e9taire de 89 \u00e9difices de cultes, dont 87 cath\u00e9drales. Il vient de r\u00e9aliser un \u00e9tat des lieux des syst\u00e8mes de s\u00e9curit\u00e9 et a propos\u00e9 un plan \u00ab s\u00e9curit\u00e9 cath\u00e9drales \u00bb, dot\u00e9 de 2 millions d\u2019euros qui viennent en plus des cr\u00e9dits consacr\u00e9s l\u2019an prochain \u00e0 leur conservation et \u00e0 leur restauration.<\/p>\n<p>L\u2019objectif de ce plan d\u2019action, \u00e9labor\u00e9 par l\u2019inspection des patrimoines de la direction g\u00e9n\u00e9rale des patrimoines, en lien avec la Conf\u00e9rence des \u00e9v\u00eaques de France, est de pr\u00e9ciser les mesures \u00e0 mettre en \u0153uvre par les diff\u00e9rents acteurs du minist\u00e8re (DRAC, Architectes des B\u00e2timents de France, Conservateurs des monuments historiques, etc.). Cette d\u00e9marche d\u00e9passe les simples exigences r\u00e9glementaires. Elle compl\u00e9tera l\u2019action des commissions de s\u00e9curit\u00e9 qui s\u2019int\u00e9ressent principalement aux conditions d\u2019accueil du public et permettra d\u2019assurer un suivi de l\u2019ensemble des cath\u00e9drales.<\/p>\n<p>Ces dispositions porteront sur 8 axes :<br \/>\n&#8211; limiter les risques d\u2019\u00e9closion en portant une attention toute particuli\u00e8re aux installations \u00e9lectriques et aux proc\u00e9dures mises en \u0153uvre \u00e0 l\u2019occasion de travaux, en particulier par point chaud.<br \/>\n&#8211; r\u00e9duire les risques de d\u00e9veloppement et de propagation d\u2019un sinistre par la mise en place de dispositions constructives, techniques et organisationnelles adapt\u00e9es aux sp\u00e9cificit\u00e9s de chaque \u00e9difice ;<br \/>\n&#8211; faciliter l\u2019action des sapeurs-pompiers<br \/>\n&#8211; entretenir des relations privil\u00e9gi\u00e9es avec les services de secours ;<br \/>\n&#8211; encadrer les conditions d\u2019exploitation des diff\u00e9rentes activit\u00e9s notamment dans le cadre culturel de mani\u00e8re \u00e0 garantir la s\u00e9curit\u00e9 du public et \u00e0 clarifier les responsabilit\u00e9s de chacune des parties ;<br \/>\n&#8211; r\u00e9duire les cons\u00e9quences d\u2019un sinistre par la mise en place notamment d\u2019un plan de sauvegarde des biens culturels ;<br \/>\n&#8211; renforcer la formation des acteurs sur les enjeux de s\u00e9curit\u00e9 incendie ;<br \/>\n&#8211; mettre en place des outils de gestion et des mesures organisationnelles.<\/p>\n","protected":false},"excerpt":{"rendered":"<p>Le minist\u00e8re de la Culture est propri\u00e9taire de 89 \u00e9difices de cultes, dont 87 cath\u00e9drales. Il vient de r\u00e9aliser un \u00e9tat des lieux des syst\u00e8mes de s\u00e9curit\u00e9 et a propos\u00e9 un plan \u00ab s\u00e9curit\u00e9 cath\u00e9drales \u00bb, dot\u00e9 de 2 millions d\u2019euros qui viennent en plus des cr\u00e9dits consacr\u00e9s l\u2019an prochain \u00e0 leur conservation et \u00e0 [&hellip;]<\/p>\n","protected":false},"author":17,"featured_media":98584,"comment_status":"closed","ping_status":"closed","sticky":false,"template":"","format":"standard","meta":{"_et_pb_use_builder":"","_et_pb_old_content":"","_et_gb_content_width":"","footnotes":""},"categories":[10530,6340,10789,10785],"tags":[6758],"class_list":["post-103183","post","type-post","status-publish","format-standard","has-post-thumbnail","hentry","category-actualites","category-architecture-conception","category-publications-atrium","category-atrium","tag-cathedrale"],"yoast_head":"<!-- This site is optimized with the Yoast SEO plugin v27.4 - https:\/\/yoast.com\/product\/yoast-seo-wordpress\/ -->\n<title>Plan d\u2019action \u00ab S\u00e9curit\u00e9 cath\u00e9drales \u00bb<\/title>\n<meta name=\"description\" content=\"Le minist\u00e8re de la Culture est propri\u00e9taire de 89 \u00e9difices de cultes, dont 87 cath\u00e9drales. Il vient de r\u00e9aliser un \u00e9tat des lieux des syst\u00e8mes de s\u00e9curit\u00e9\" \/>\n<meta name=\"robots\" content=\"index, follow, max-snippet:-1, max-image-preview:large, max-video-preview:-1\" \/>\n<link rel=\"canonical\" href=\"https:\/\/batijournal.com\/index.php\/plan-daction-securite-cathedrales\/103183\/\" \/>\n<meta property=\"og:locale\" content=\"fr_FR\" \/>\n<meta property=\"og:type\" content=\"article\" \/>\n<meta property=\"og:title\" content=\"Plan d\u2019action \u00ab S\u00e9curit\u00e9 cath\u00e9drales \u00bb\" \/>\n<meta property=\"og:description\" content=\"Le minist\u00e8re de la Culture est propri\u00e9taire de 89 \u00e9difices de cultes, dont 87 cath\u00e9drales. Il vient de r\u00e9aliser un \u00e9tat des lieux des syst\u00e8mes de s\u00e9curit\u00e9\" \/>\n<meta property=\"og:url\" content=\"https:\/\/batijournal.com\/index.php\/plan-daction-securite-cathedrales\/103183\/\" \/>\n<meta property=\"og:site_name\" content=\"Batijournal\" \/>\n<meta property=\"article:published_time\" content=\"2019-10-22T16:32:19+00:00\" \/>\n<meta property=\"og:image\" content=\"https:\/\/batijournal.com\/wp-content\/uploads\/2018\/03\/Inauguration-des-travaux-de-la-cathedrale-Saint-Michel-de-Carcassonne.jpg\" \/>\n\t<meta property=\"og:image:width\" content=\"1598\" \/>\n\t<meta property=\"og:image:height\" content=\"899\" \/>\n\t<meta property=\"og:image:type\" content=\"image\/jpeg\" \/>\n<meta name=\"author\" content=\"St\u00e9phane Miget\" \/>\n<meta name=\"twitter:card\" content=\"summary_large_image\" \/>\n<meta name=\"twitter:creator\" content=\"@bati_journal\" \/>\n<meta name=\"twitter:site\" content=\"@bati_journal\" \/>\n<meta name=\"twitter:label1\" content=\"\u00c9crit par\" \/>\n\t<meta name=\"twitter:data1\" content=\"St\u00e9phane Miget\" \/>\n\t<meta name=\"twitter:label2\" content=\"Dur\u00e9e de lecture estim\u00e9e\" \/>\n\t<meta name=\"twitter:data2\" content=\"2 minutes\" \/>\n<script type=\"application\/ld+json\" class=\"yoast-schema-graph\">{\"@context\":\"https:\\\/\\\/schema.org\",\"@graph\":[{\"@type\":\"Article\",\"@id\":\"https:\\\/\\\/batijournal.com\\\/index.php\\\/plan-daction-securite-cathedrales\\\/103183\\\/#article\",\"isPartOf\":{\"@id\":\"https:\\\/\\\/batijournal.com\\\/index.php\\\/plan-daction-securite-cathedrales\\\/103183\\\/\"},\"author\":{\"name\":\"St\u00e9phane Miget\",\"@id\":\"https:\\\/\\\/batijournal.com\\\/#\\\/schema\\\/person\\\/1dc96ec6957aa1ccb25ebe78bb19f100\"},\"headline\":\"Plan d\u2019action \u00ab S\u00e9curit\u00e9 cath\u00e9drales \u00bb\",\"datePublished\":\"2019-10-22T16:32:19+00:00\",\"mainEntityOfPage\":{\"@id\":\"https:\\\/\\\/batijournal.com\\\/index.php\\\/plan-daction-securite-cathedrales\\\/103183\\\/\"},\"wordCount\":344,\"image\":{\"@id\":\"https:\\\/\\\/batijournal.com\\\/index.php\\\/plan-daction-securite-cathedrales\\\/103183\\\/#primaryimage\"},\"thumbnailUrl\":\"https:\\\/\\\/batijournal.com\\\/wp-content\\\/uploads\\\/2018\\\/03\\\/Inauguration-des-travaux-de-la-cathedrale-Saint-Michel-de-Carcassonne.jpg\",\"keywords\":[\"cathedrale\"],\"articleSection\":[\"Actualit\u00e9s\",\"Architecture &amp; Conception\",\"zz_Actualit\u00e9s - Atrium\",\"zz_Atrium Patrimoine\"],\"inLanguage\":\"fr-FR\"},{\"@type\":\"WebPage\",\"@id\":\"https:\\\/\\\/batijournal.com\\\/index.php\\\/plan-daction-securite-cathedrales\\\/103183\\\/\",\"url\":\"https:\\\/\\\/batijournal.com\\\/index.php\\\/plan-daction-securite-cathedrales\\\/103183\\\/\",\"name\":\"Plan d\u2019action \u00ab S\u00e9curit\u00e9 cath\u00e9drales \u00bb\",\"isPartOf\":{\"@id\":\"https:\\\/\\\/batijournal.com\\\/#website\"},\"primaryImageOfPage\":{\"@id\":\"https:\\\/\\\/batijournal.com\\\/index.php\\\/plan-daction-securite-cathedrales\\\/103183\\\/#primaryimage\"},\"image\":{\"@id\":\"https:\\\/\\\/batijournal.com\\\/index.php\\\/plan-daction-securite-cathedrales\\\/103183\\\/#primaryimage\"},\"thumbnailUrl\":\"https:\\\/\\\/batijournal.com\\\/wp-content\\\/uploads\\\/2018\\\/03\\\/Inauguration-des-travaux-de-la-cathedrale-Saint-Michel-de-Carcassonne.jpg\",\"datePublished\":\"2019-10-22T16:32:19+00:00\",\"author\":{\"@id\":\"https:\\\/\\\/batijournal.com\\\/#\\\/schema\\\/person\\\/1dc96ec6957aa1ccb25ebe78bb19f100\"},\"description\":\"Le minist\u00e8re de la Culture est propri\u00e9taire de 89 \u00e9difices de cultes, dont 87 cath\u00e9drales. Il vient de r\u00e9aliser un \u00e9tat des lieux des syst\u00e8mes de s\u00e9curit\u00e9\",\"breadcrumb\":{\"@id\":\"https:\\\/\\\/batijournal.com\\\/index.php\\\/plan-daction-securite-cathedrales\\\/103183\\\/#breadcrumb\"},\"inLanguage\":\"fr-FR\",\"potentialAction\":[{\"@type\":\"ReadAction\",\"target\":[\"https:\\\/\\\/batijournal.com\\\/index.php\\\/plan-daction-securite-cathedrales\\\/103183\\\/\"]}]},{\"@type\":\"ImageObject\",\"inLanguage\":\"fr-FR\",\"@id\":\"https:\\\/\\\/batijournal.com\\\/index.php\\\/plan-daction-securite-cathedrales\\\/103183\\\/#primaryimage\",\"url\":\"https:\\\/\\\/batijournal.com\\\/wp-content\\\/uploads\\\/2018\\\/03\\\/Inauguration-des-travaux-de-la-cathedrale-Saint-Michel-de-Carcassonne.jpg\",\"contentUrl\":\"https:\\\/\\\/batijournal.com\\\/wp-content\\\/uploads\\\/2018\\\/03\\\/Inauguration-des-travaux-de-la-cathedrale-Saint-Michel-de-Carcassonne.jpg\",\"width\":1598,\"height\":899},{\"@type\":\"BreadcrumbList\",\"@id\":\"https:\\\/\\\/batijournal.com\\\/index.php\\\/plan-daction-securite-cathedrales\\\/103183\\\/#breadcrumb\",\"itemListElement\":[{\"@type\":\"ListItem\",\"position\":1,\"name\":\"Accueil\",\"item\":\"https:\\\/\\\/batijournal.com\\\/\"},{\"@type\":\"ListItem\",\"position\":2,\"name\":\"Actualit\u00e9s\",\"item\":\"https:\\\/\\\/batijournal.com\\\/index.php\\\/category\\\/actualites\\\/\"},{\"@type\":\"ListItem\",\"position\":3,\"name\":\"Plan d\u2019action \u00ab S\u00e9curit\u00e9 cath\u00e9drales \u00bb\"}]},{\"@type\":\"WebSite\",\"@id\":\"https:\\\/\\\/batijournal.com\\\/#website\",\"url\":\"https:\\\/\\\/batijournal.com\\\/\",\"name\":\"Batijournal\",\"description\":\"L&#039;actualit\u00e9 du b\u00e2timent\",\"potentialAction\":[{\"@type\":\"SearchAction\",\"target\":{\"@type\":\"EntryPoint\",\"urlTemplate\":\"https:\\\/\\\/batijournal.com\\\/?s={search_term_string}\"},\"query-input\":{\"@type\":\"PropertyValueSpecification\",\"valueRequired\":true,\"valueName\":\"search_term_string\"}}],\"inLanguage\":\"fr-FR\"},{\"@type\":\"Person\",\"@id\":\"https:\\\/\\\/batijournal.com\\\/#\\\/schema\\\/person\\\/1dc96ec6957aa1ccb25ebe78bb19f100\",\"name\":\"St\u00e9phane Miget\",\"image\":{\"@type\":\"ImageObject\",\"inLanguage\":\"fr-FR\",\"@id\":\"https:\\\/\\\/secure.gravatar.com\\\/avatar\\\/89915563d925342126b8ef0281b93d9d7fc337043e8df017f780908eb9644451?s=96&d=mm&r=g\",\"url\":\"https:\\\/\\\/secure.gravatar.com\\\/avatar\\\/89915563d925342126b8ef0281b93d9d7fc337043e8df017f780908eb9644451?s=96&d=mm&r=g\",\"contentUrl\":\"https:\\\/\\\/secure.gravatar.com\\\/avatar\\\/89915563d925342126b8ef0281b93d9d7fc337043e8df017f780908eb9644451?s=96&d=mm&r=g\",\"caption\":\"St\u00e9phane Miget\"},\"url\":\"https:\\\/\\\/batijournal.com\\\/index.php\\\/author\\\/stephane\\\/\"}]}<\/script>\n<!-- \/ Yoast SEO plugin. -->","yoast_head_json":{"title":"Plan d\u2019action \u00ab S\u00e9curit\u00e9 cath\u00e9drales \u00bb","description":"Le minist\u00e8re de la Culture est propri\u00e9taire de 89 \u00e9difices de cultes, dont 87 cath\u00e9drales. Il vient de r\u00e9aliser un \u00e9tat des lieux des syst\u00e8mes de s\u00e9curit\u00e9","robots":{"index":"index","follow":"follow","max-snippet":"max-snippet:-1","max-image-preview":"max-image-preview:large","max-video-preview":"max-video-preview:-1"},"canonical":"https:\/\/batijournal.com\/index.php\/plan-daction-securite-cathedrales\/103183\/","og_locale":"fr_FR","og_type":"article","og_title":"Plan d\u2019action \u00ab S\u00e9curit\u00e9 cath\u00e9drales \u00bb","og_description":"Le minist\u00e8re de la Culture est propri\u00e9taire de 89 \u00e9difices de cultes, dont 87 cath\u00e9drales. Il vient de r\u00e9aliser un \u00e9tat des lieux des syst\u00e8mes de s\u00e9curit\u00e9","og_url":"https:\/\/batijournal.com\/index.php\/plan-daction-securite-cathedrales\/103183\/","og_site_name":"Batijournal","article_published_time":"2019-10-22T16:32:19+00:00","og_image":[{"width":1598,"height":899,"url":"https:\/\/batijournal.com\/wp-content\/uploads\/2018\/03\/Inauguration-des-travaux-de-la-cathedrale-Saint-Michel-de-Carcassonne.jpg","type":"image\/jpeg"}],"author":"St\u00e9phane Miget","twitter_card":"summary_large_image","twitter_creator":"@bati_journal","twitter_site":"@bati_journal","twitter_misc":{"\u00c9crit par":"St\u00e9phane Miget","Dur\u00e9e de lecture estim\u00e9e":"2 minutes"},"schema":{"@context":"https:\/\/schema.org","@graph":[{"@type":"Article","@id":"https:\/\/batijournal.com\/index.php\/plan-daction-securite-cathedrales\/103183\/#article","isPartOf":{"@id":"https:\/\/batijournal.com\/index.php\/plan-daction-securite-cathedrales\/103183\/"},"author":{"name":"St\u00e9phane Miget","@id":"https:\/\/batijournal.com\/#\/schema\/person\/1dc96ec6957aa1ccb25ebe78bb19f100"},"headline":"Plan d\u2019action \u00ab S\u00e9curit\u00e9 cath\u00e9drales \u00bb","datePublished":"2019-10-22T16:32:19+00:00","mainEntityOfPage":{"@id":"https:\/\/batijournal.com\/index.php\/plan-daction-securite-cathedrales\/103183\/"},"wordCount":344,"image":{"@id":"https:\/\/batijournal.com\/index.php\/plan-daction-securite-cathedrales\/103183\/#primaryimage"},"thumbnailUrl":"https:\/\/batijournal.com\/wp-content\/uploads\/2018\/03\/Inauguration-des-travaux-de-la-cathedrale-Saint-Michel-de-Carcassonne.jpg","keywords":["cathedrale"],"articleSection":["Actualit\u00e9s","Architecture &amp; Conception","zz_Actualit\u00e9s - Atrium","zz_Atrium Patrimoine"],"inLanguage":"fr-FR"},{"@type":"WebPage","@id":"https:\/\/batijournal.com\/index.php\/plan-daction-securite-cathedrales\/103183\/","url":"https:\/\/batijournal.com\/index.php\/plan-daction-securite-cathedrales\/103183\/","name":"Plan d\u2019action \u00ab S\u00e9curit\u00e9 cath\u00e9drales \u00bb","isPartOf":{"@id":"https:\/\/batijournal.com\/#website"},"primaryImageOfPage":{"@id":"https:\/\/batijournal.com\/index.php\/plan-daction-securite-cathedrales\/103183\/#primaryimage"},"image":{"@id":"https:\/\/batijournal.com\/index.php\/plan-daction-securite-cathedrales\/103183\/#primaryimage"},"thumbnailUrl":"https:\/\/batijournal.com\/wp-content\/uploads\/2018\/03\/Inauguration-des-travaux-de-la-cathedrale-Saint-Michel-de-Carcassonne.jpg","datePublished":"2019-10-22T16:32:19+00:00","author":{"@id":"https:\/\/batijournal.com\/#\/schema\/person\/1dc96ec6957aa1ccb25ebe78bb19f100"},"description":"Le minist\u00e8re de la Culture est propri\u00e9taire de 89 \u00e9difices de cultes, dont 87 cath\u00e9drales. Il vient de r\u00e9aliser un \u00e9tat des lieux des syst\u00e8mes de s\u00e9curit\u00e9","breadcrumb":{"@id":"https:\/\/batijournal.com\/index.php\/plan-daction-securite-cathedrales\/103183\/#breadcrumb"},"inLanguage":"fr-FR","potentialAction":[{"@type":"ReadAction","target":["https:\/\/batijournal.com\/index.php\/plan-daction-securite-cathedrales\/103183\/"]}]},{"@type":"ImageObject","inLanguage":"fr-FR","@id":"https:\/\/batijournal.com\/index.php\/plan-daction-securite-cathedrales\/103183\/#primaryimage","url":"https:\/\/batijournal.com\/wp-content\/uploads\/2018\/03\/Inauguration-des-travaux-de-la-cathedrale-Saint-Michel-de-Carcassonne.jpg","contentUrl":"https:\/\/batijournal.com\/wp-content\/uploads\/2018\/03\/Inauguration-des-travaux-de-la-cathedrale-Saint-Michel-de-Carcassonne.jpg","width":1598,"height":899},{"@type":"BreadcrumbList","@id":"https:\/\/batijournal.com\/index.php\/plan-daction-securite-cathedrales\/103183\/#breadcrumb","itemListElement":[{"@type":"ListItem","position":1,"name":"Accueil","item":"https:\/\/batijournal.com\/"},{"@type":"ListItem","position":2,"name":"Actualit\u00e9s","item":"https:\/\/batijournal.com\/index.php\/category\/actualites\/"},{"@type":"ListItem","position":3,"name":"Plan d\u2019action \u00ab S\u00e9curit\u00e9 cath\u00e9drales \u00bb"}]},{"@type":"WebSite","@id":"https:\/\/batijournal.com\/#website","url":"https:\/\/batijournal.com\/","name":"Batijournal","description":"L&#039;actualit\u00e9 du b\u00e2timent","potentialAction":[{"@type":"SearchAction","target":{"@type":"EntryPoint","urlTemplate":"https:\/\/batijournal.com\/?s={search_term_string}"},"query-input":{"@type":"PropertyValueSpecification","valueRequired":true,"valueName":"search_term_string"}}],"inLanguage":"fr-FR"},{"@type":"Person","@id":"https:\/\/batijournal.com\/#\/schema\/person\/1dc96ec6957aa1ccb25ebe78bb19f100","name":"St\u00e9phane Miget","image":{"@type":"ImageObject","inLanguage":"fr-FR","@id":"https:\/\/secure.gravatar.com\/avatar\/89915563d925342126b8ef0281b93d9d7fc337043e8df017f780908eb9644451?s=96&d=mm&r=g","url":"https:\/\/secure.gravatar.com\/avatar\/89915563d925342126b8ef0281b93d9d7fc337043e8df017f780908eb9644451?s=96&d=mm&r=g","contentUrl":"https:\/\/secure.gravatar.com\/avatar\/89915563d925342126b8ef0281b93d9d7fc337043e8df017f780908eb9644451?s=96&d=mm&r=g","caption":"St\u00e9phane Miget"},"url":"https:\/\/batijournal.com\/index.php\/author\/stephane\/"}]}},"_links":{"self":[{"href":"https:\/\/batijournal.com\/index.php\/wp-json\/wp\/v2\/posts\/103183","targetHints":{"allow":["GET"]}}],"collection":[{"href":"https:\/\/batijournal.com\/index.php\/wp-json\/wp\/v2\/posts"}],"about":[{"href":"https:\/\/batijournal.com\/index.php\/wp-json\/wp\/v2\/types\/post"}],"author":[{"embeddable":true,"href":"https:\/\/batijournal.com\/index.php\/wp-json\/wp\/v2\/users\/17"}],"replies":[{"embeddable":true,"href":"https:\/\/batijournal.com\/index.php\/wp-json\/wp\/v2\/comments?post=103183"}],"version-history":[{"count":0,"href":"https:\/\/batijournal.com\/index.php\/wp-json\/wp\/v2\/posts\/103183\/revisions"}],"wp:featuredmedia":[{"embeddable":true,"href":"https:\/\/batijournal.com\/index.php\/wp-json\/wp\/v2\/media\/98584"}],"wp:attachment":[{"href":"https:\/\/batijournal.com\/index.php\/wp-json\/wp\/v2\/media?parent=103183"}],"wp:term":[{"taxonomy":"category","embeddable":true,"href":"https:\/\/batijournal.com\/index.php\/wp-json\/wp\/v2\/categories?post=103183"},{"taxonomy":"post_tag","embeddable":true,"href":"https:\/\/batijournal.com\/index.php\/wp-json\/wp\/v2\/tags?post=103183"}],"curies":[{"name":"wp","href":"https:\/\/api.w.org\/{rel}","templated":true}]}}